{"id":32724,"date":"2021-08-26T17:08:13","date_gmt":"2021-08-26T21:08:13","guid":{"rendered":"http:\/\/blogdalucianaoliveira.com.br\/blog\/?p=32724"},"modified":"2021-08-26T17:08:19","modified_gmt":"2021-08-26T21:08:19","slug":"nota-de-repudio-para-vereadores-indigenas-de-rondonia","status":"publish","type":"post","link":"http:\/\/blogdalucianaoliveira.com.br\/blog\/2021\/08\/26\/nota-de-repudio-para-vereadores-indigenas-de-rondonia\/","title":{"rendered":"NOTA DE REP\u00daDIO PARA VEREADORES IND\u00cdGENAS DE ROND\u00d4NIA"},"content":{"rendered":"\n<figure class=\"wp-block-image size-large\"><img data-recalc-dims=\"1\" loading=\"lazy\" decoding=\"async\" width=\"600\" height=\"379\" data-attachment-id=\"32725\" data-permalink=\"http:\/\/blogdalucianaoliveira.com.br\/blog\/2021\/08\/26\/nota-de-repudio-para-vereadores-indigenas-de-rondonia\/ba37b598-7c38-4f17-8180-9e16094ebb50\/\" data-orig-file=\"https:\/\/i0.wp.com\/blogdalucianaoliveira.com.br\/blog\/wp-content\/uploads\/2021\/08\/BA37B598-7C38-4F17-8180-9E16094EBB50.jpeg?fit=825%2C521\" data-orig-size=\"825,521\" data-comments-opened=\"0\" data-image-meta=\"{&quot;aperture&quot;:&quot;0&quot;,&quot;credit&quot;:&quot;&quot;,&quot;camera&quot;:&quot;&quot;,&quot;caption&quot;:&quot;&quot;,&quot;created_timestamp&quot;:&quot;0&quot;,&quot;copyright&quot;:&quot;&quot;,&quot;focal_length&quot;:&quot;0&quot;,&quot;iso&quot;:&quot;0&quot;,&quot;shutter_speed&quot;:&quot;0&quot;,&quot;title&quot;:&quot;&quot;,&quot;orientation&quot;:&quot;1&quot;}\" data-image-title=\"BA37B598-7C38-4F17-8180-9E16094EBB50\" data-image-description=\"\" data-image-caption=\"\" data-medium-file=\"https:\/\/i0.wp.com\/blogdalucianaoliveira.com.br\/blog\/wp-content\/uploads\/2021\/08\/BA37B598-7C38-4F17-8180-9E16094EBB50.jpeg?fit=300%2C189\" data-large-file=\"https:\/\/i0.wp.com\/blogdalucianaoliveira.com.br\/blog\/wp-content\/uploads\/2021\/08\/BA37B598-7C38-4F17-8180-9E16094EBB50.jpeg?fit=600%2C379\" src=\"https:\/\/i0.wp.com\/blogdalucianaoliveira.com.br\/blog\/wp-content\/uploads\/2021\/08\/BA37B598-7C38-4F17-8180-9E16094EBB50.jpeg?resize=600%2C379\" alt=\"\" class=\"wp-image-32725\" srcset=\"https:\/\/i0.wp.com\/blogdalucianaoliveira.com.br\/blog\/wp-content\/uploads\/2021\/08\/BA37B598-7C38-4F17-8180-9E16094EBB50.jpeg?w=825 825w, https:\/\/i0.wp.com\/blogdalucianaoliveira.com.br\/blog\/wp-content\/uploads\/2021\/08\/BA37B598-7C38-4F17-8180-9E16094EBB50.jpeg?resize=300%2C189 300w, https:\/\/i0.wp.com\/blogdalucianaoliveira.com.br\/blog\/wp-content\/uploads\/2021\/08\/BA37B598-7C38-4F17-8180-9E16094EBB50.jpeg?resize=768%2C485 768w, https:\/\/i0.wp.com\/blogdalucianaoliveira.com.br\/blog\/wp-content\/uploads\/2021\/08\/BA37B598-7C38-4F17-8180-9E16094EBB50.jpeg?resize=475%2C300 475w\" sizes=\"auto, (max-width: 600px) 100vw, 600px\" \/><\/figure>\n\n\n\n<p><br>A Delega\u00e7\u00e3o de Rond\u00f4nia, Noroeste do Mato Grosso e Sul do Amazonas presente no movimento do acampamento LUTA PELA VIDA, atrav\u00e9s desta, vem \u00e0 p\u00fablico repudiar as irresponsabilidades, incompet\u00eancia e a falta de interesse dos vereadores ind\u00edgenas do estado de Rond\u00f4nia em somar na luta contra a PL490 e contra a tese do MARCO TEMPORAL.<\/p>\n\n\n\n<!--more-->\n\n\n\n<p><br>Reivindicamos que as lideran\u00e7as Wem Cacami Cao Orowaje (PSDB), Francisco Oro Waram (PSB), Agemiro Parintintin (PSD) e Dalto Tupari (PTB), Isac Zor\u00f3 (PSC) que est\u00e3o no poder legislativo dos munic\u00edpios de Guajar\u00e1-Mirim, Costa Marques e Alta Floresta tomem posturas representativas e pol\u00edticas no movimento ind\u00edgena, pois esses foram indicados e eleitos pelos povos ind\u00edgenas de suas regi\u00f5es e comunidades para estarem atuando por seus direitos, contra os grandes invasores, latifundi\u00e1rios, arrendamento, monocultura da soja, minera\u00e7\u00e3o ilegal dentro dos territ\u00f3rios ind\u00edgenas e, principalmente, os grandes madeireiros que vem ceifando a nossa AMAZ\u00d4NIA, citando ainda as Usinas Hidrel\u00e9tricas e Pequenas Centrais Hidrel\u00e9tricas, que geram impactos socioambientais. <br><br>N\u00f3s, representantes ind\u00edgenas presentes no acampamento LUTA PELA VIDA, que estamos reunidos e nos manifestando contra os PL\u2019s (projetos de leis), que atingem diretamente nossos territ\u00f3rios e culturas, exigimos a presen\u00e7a de todas a lideran\u00e7as pol\u00edticas para juntos somar na mobiliza\u00e7\u00e3o ind\u00edgena nacional que est\u00e1 acontecendo desde o dia 22 a 28 de Agosto de 2021.<\/p>\n\n\n\n<p><br> Bras\u00edlia, 26 de agosto de 2021.<br> Delega\u00e7\u00e3o do estado de Rond\u00f4nia e Sul do Amazonas e Noroeste de Matogrosso<\/p>\n","protected":false},"excerpt":{"rendered":"<p>A Delega\u00e7\u00e3o de Rond\u00f4nia, Noroeste do Mato Grosso e Sul do Amazonas presente no movimento do acampamento LUTA PELA VIDA, atrav\u00e9s desta, vem \u00e0 p\u00fablico repudiar as irresponsabilidades, incompet\u00eancia e a falta de interesse dos vereadores ind\u00edgenas do estado de Rond\u00f4nia em somar na luta contra a PL490 e contra a tese do MARCO TEMPORAL.<\/p>\n","protected":false},"author":1,"featured_media":0,"comment_status":"closed","ping_status":"open","sticky":false,"template":"","format":"standard","meta":{"_exactmetrics_skip_tracking":false,"_exactmetrics_sitenote_active":false,"_exactmetrics_sitenote_note":"","_exactmetrics_sitenote_category":0,"jetpack_post_was_ever_published":false,"_jetpack_newsletter_access":"","_jetpack_dont_email_post_to_subs":false,"_jetpack_newsletter_tier_id":0,"_jetpack_memberships_contains_paywalled_content":false,"_jetpack_memberships_contains_paid_content":false,"footnotes":"","jetpack_publicize_message":"","jetpack_publicize_feature_enabled":true,"jetpack_social_post_already_shared":true,"jetpack_social_options":{"image_generator_settings":{"template":"highway","enabled":false},"version":2}},"categories":[1],"tags":[],"class_list":["post-32724","post","type-post","status-publish","format-standard","hentry","category-notas"],"jetpack_publicize_connections":[],"jetpack_sharing_enabled":true,"jetpack_featured_media_url":"","jetpack_shortlink":"https:\/\/wp.me\/p7wKYW-8vO","jetpack-related-posts":[],"_links":{"self":[{"href":"http:\/\/blogdalucianaoliveira.com.br\/blog\/wp-json\/wp\/v2\/posts\/32724","targetHints":{"allow":["GET"]}}],"collection":[{"href":"http:\/\/blogdalucianaoliveira.com.br\/blog\/wp-json\/wp\/v2\/posts"}],"about":[{"href":"http:\/\/blogdalucianaoliveira.com.br\/blog\/wp-json\/wp\/v2\/types\/post"}],"author":[{"embeddable":true,"href":"http:\/\/blogdalucianaoliveira.com.br\/blog\/wp-json\/wp\/v2\/users\/1"}],"replies":[{"embeddable":true,"href":"http:\/\/blogdalucianaoliveira.com.br\/blog\/wp-json\/wp\/v2\/comments?post=32724"}],"version-history":[{"count":1,"href":"http:\/\/blogdalucianaoliveira.com.br\/blog\/wp-json\/wp\/v2\/posts\/32724\/revisions"}],"predecessor-version":[{"id":32726,"href":"http:\/\/blogdalucianaoliveira.com.br\/blog\/wp-json\/wp\/v2\/posts\/32724\/revisions\/32726"}],"wp:attachment":[{"href":"http:\/\/blogdalucianaoliveira.com.br\/blog\/wp-json\/wp\/v2\/media?parent=32724"}],"wp:term":[{"taxonomy":"category","embeddable":true,"href":"http:\/\/blogdalucianaoliveira.com.br\/blog\/wp-json\/wp\/v2\/categories?post=32724"},{"taxonomy":"post_tag","embeddable":true,"href":"http:\/\/blogdalucianaoliveira.com.br\/blog\/wp-json\/wp\/v2\/tags?post=32724"}],"curies":[{"name":"wp","href":"https:\/\/api.w.org\/{rel}","templated":true}]}}