{"id":32728,"date":"2021-08-27T13:22:44","date_gmt":"2021-08-27T17:22:44","guid":{"rendered":"http:\/\/blogdalucianaoliveira.com.br\/blog\/?p=32728"},"modified":"2021-08-27T13:27:00","modified_gmt":"2021-08-27T17:27:00","slug":"terras-indigenas-sao-as-areas-mais-preservadas-do-brasil-nos-ultimos-35-anos-mostra-levantamento","status":"publish","type":"post","link":"http:\/\/blogdalucianaoliveira.com.br\/blog\/2021\/08\/27\/terras-indigenas-sao-as-areas-mais-preservadas-do-brasil-nos-ultimos-35-anos-mostra-levantamento\/","title":{"rendered":"Terras ind\u00edgenas s\u00e3o as \u00e1reas mais preservadas do Brasil nos \u00faltimos 35 anos, mostra levantamento"},"content":{"rendered":"\n<figure class=\"wp-block-image size-large\"><img data-recalc-dims=\"1\" loading=\"lazy\" decoding=\"async\" width=\"600\" height=\"361\" data-attachment-id=\"32729\" data-permalink=\"http:\/\/blogdalucianaoliveira.com.br\/blog\/2021\/08\/27\/terras-indigenas-sao-as-areas-mais-preservadas-do-brasil-nos-ultimos-35-anos-mostra-levantamento\/47840227-d9dd-4f09-a535-acbc2ec4165c\/\" data-orig-file=\"https:\/\/i0.wp.com\/blogdalucianaoliveira.com.br\/blog\/wp-content\/uploads\/2021\/08\/47840227-D9DD-4F09-A535-ACBC2EC4165C.jpeg?fit=949%2C571\" data-orig-size=\"949,571\" data-comments-opened=\"0\" data-image-meta=\"{&quot;aperture&quot;:&quot;0&quot;,&quot;credit&quot;:&quot;&quot;,&quot;camera&quot;:&quot;&quot;,&quot;caption&quot;:&quot;&quot;,&quot;created_timestamp&quot;:&quot;0&quot;,&quot;copyright&quot;:&quot;&quot;,&quot;focal_length&quot;:&quot;0&quot;,&quot;iso&quot;:&quot;0&quot;,&quot;shutter_speed&quot;:&quot;0&quot;,&quot;title&quot;:&quot;&quot;,&quot;orientation&quot;:&quot;0&quot;}\" data-image-title=\"47840227-D9DD-4F09-A535-ACBC2EC4165C\" data-image-description=\"\" data-image-caption=\"\" data-medium-file=\"https:\/\/i0.wp.com\/blogdalucianaoliveira.com.br\/blog\/wp-content\/uploads\/2021\/08\/47840227-D9DD-4F09-A535-ACBC2EC4165C.jpeg?fit=300%2C181\" data-large-file=\"https:\/\/i0.wp.com\/blogdalucianaoliveira.com.br\/blog\/wp-content\/uploads\/2021\/08\/47840227-D9DD-4F09-A535-ACBC2EC4165C.jpeg?fit=600%2C361\" src=\"https:\/\/i0.wp.com\/blogdalucianaoliveira.com.br\/blog\/wp-content\/uploads\/2021\/08\/47840227-D9DD-4F09-A535-ACBC2EC4165C.jpeg?resize=600%2C361\" alt=\"\" class=\"wp-image-32729\" srcset=\"https:\/\/i0.wp.com\/blogdalucianaoliveira.com.br\/blog\/wp-content\/uploads\/2021\/08\/47840227-D9DD-4F09-A535-ACBC2EC4165C.jpeg?w=949 949w, https:\/\/i0.wp.com\/blogdalucianaoliveira.com.br\/blog\/wp-content\/uploads\/2021\/08\/47840227-D9DD-4F09-A535-ACBC2EC4165C.jpeg?resize=300%2C181 300w, https:\/\/i0.wp.com\/blogdalucianaoliveira.com.br\/blog\/wp-content\/uploads\/2021\/08\/47840227-D9DD-4F09-A535-ACBC2EC4165C.jpeg?resize=768%2C462 768w, https:\/\/i0.wp.com\/blogdalucianaoliveira.com.br\/blog\/wp-content\/uploads\/2021\/08\/47840227-D9DD-4F09-A535-ACBC2EC4165C.jpeg?resize=499%2C300 499w\" sizes=\"auto, (max-width: 600px) 100vw, 600px\" \/><\/figure>\n\n\n\n<h4 class=\"wp-block-heading\">Estudo do MapBiomas comprova a tese de que TIs s\u00e3o importantes contra o desmatamento no pa\u00eds. Na contram\u00e3o, o congresso discute aprovar PL que dificultar\u00e1 e at\u00e9 extinguir\u00e1 a demarca\u00e7\u00e3o desses territ\u00f3rios em alguns casos.<\/h4>\n\n\n\n<!--more-->\n\n\n\n<p>Por La\u00eds Modelli, G1<\/p>\n\n\n\n<p>Um levantamento feito por imagens de sat\u00e9lites e intelig\u00eancia artificial do MapBiomas mostra que, entre 1985 a 2020, as \u00e1reas mais preservadas do Brasil s\u00e3o as terras ind\u00edgenas, tanto as j\u00e1 demarcadas quanto as que ainda esperam por demarca\u00e7\u00e3o.&nbsp;<strong>Nesses territ\u00f3rios, o desmatamento e perda de floresta foi de apenas 1,6% em 35 anos.<\/strong><\/p>\n\n\n\n<blockquote class=\"wp-block-quote is-layout-flow wp-block-quote-is-layout-flow\"><p>&#8220;Se queremos ter chuva para abastecer os reservat\u00f3rios que prov\u00eam energia e \u00e1gua pot\u00e1vel para consumidores, ind\u00fastria e o agroneg\u00f3cio, precisamos preservar a floresta amaz\u00f4nica. E as imagens de sat\u00e9lite n\u00e3o deixam d\u00favidas: quem melhor faz isso s\u00e3o os ind\u00edgenas\u201d, explica Tasso Azevedo, Coordenador do MapBiomas.<\/p><\/blockquote>\n\n\n\n<p>Apesar de serem as mais preservadas,&nbsp;<strong>apenas 13.8% de todas as terras do Brasil s\u00e3o reservadas aos povos ind\u00edgenas, o equivalente a 722 terras ind\u00edgenas<\/strong>, segundo dados do Instituto Socioambiental (ISA). Dessas,&nbsp;<strong>somente 487 foram homologadas&nbsp;<\/strong>(quando o processo de demarca\u00e7\u00e3o foi conclu\u00eddo) desde 1988. O governo de Jair Bolsonaro \u00e9 o primeiro, desde a redemocratiza\u00e7\u00e3o do Brasil, a n\u00e3o demarcar nenhuma terra ind\u00edgena.&nbsp;<\/p>\n\n\n\n<p>O futuro dos povos tradicionais, ali\u00e1s, est\u00e1 sendo decidido e votado em Bras\u00edlia. Nesta semana, o Supremo Tribunal Federal (STF) retomou a an\u00e1lise de uma a\u00e7\u00e3o que servir\u00e1 de diretriz para as mais de 300 terras ind\u00edgenas ainda em processos de demarca\u00e7\u00e3o no pa\u00eds, que s\u00e3o hist\u00f3ricos e lentos.<\/p>\n\n\n\n<p>Al\u00e9m disso, pelo menos dois projetos de lei ganham for\u00e7a no Congresso desde o in\u00edcio do seu governo, em 2019:&nbsp;<\/p>\n\n\n\n<ul class=\"wp-block-list\"><li><strong>PL n\u00ba490\/2007:\u00a0<\/strong>institui o &#8216;marco temporal&#8217;, determinando que teriam direito \u00e0s suas terras ancestrais os povos que as estivessem ocupando no dia da promulga\u00e7\u00e3o da Constitui\u00e7\u00e3o Federal, em 5 de outubro de 1988; altera o Estatuto do \u00cdndio para permitir, segundo o texto, um &#8220;contrato de coopera\u00e7\u00e3o entre \u00edndios e n\u00e3o \u00edndios&#8221;, para que estes possam realizar atividades econ\u00f4micas em terras ind\u00edgenas; permite que n\u00e3o ind\u00edgenas tenham contato com povos isolados<\/li><li><strong>PL n\u00ba191\/2020:<\/strong>\u00a0libera a explora\u00e7\u00e3o das terras ind\u00edgenas por grandes projetos de infraestrutura e minera\u00e7\u00e3o, abrindo espa\u00e7o para realiza\u00e7\u00e3o de pesquisa e de lavra de recursos minerais, inclusive de petr\u00f3leo e g\u00e1s natural, e para o aproveitamento de recursos h\u00eddricos para gera\u00e7\u00e3o de energia el\u00e9trica em terras ind\u00edgenas.<\/li><\/ul>\n\n\n\n<p>O levantamento tamb\u00e9m olhou para a situa\u00e7\u00e3o do desmatamento em cada estado desde 1985 e aponta que,<strong>&nbsp;dos 27 estados da federa\u00e7\u00e3o, 24 perderam vegeta\u00e7\u00e3o nativa.<\/strong>Os campe\u00f5es s\u00e3o Rond\u00f4nia (-28%), Mato Grosso (-24%) e Maranh\u00e3o (-16%), todos parte da&nbsp;<a href=\"https:\/\/g1.globo.com\/natureza\/amazonia\/\">Amaz\u00f4nia Legal<\/a>.&nbsp;<\/p>\n\n\n\n<p>Apenas dois estados conseguiram manter as \u00e1reas de vegeta\u00e7\u00e3o nativa desde 1985, ambos na regi\u00e3o Sudeste, principalmente na Mata Atl\u00e2ntica:&nbsp;<strong>Rio de Janeiro e Esp\u00edrito Santo<\/strong>. No caso do Rio de Janeiro, houve um leve crescimento da vegeta\u00e7\u00e3o nativa (de 34% em 1985 para 35% em 2020).&nbsp;<\/p>\n\n\n\n<ul class=\"wp-block-list\"><li><strong>&#8216;Combo da morte&#8217;:&nbsp;<\/strong><a href=\"https:\/\/g1.globo.com\/natureza\/noticia\/2021\/08\/25\/combo-da-morte-entenda-por-que-5-projetos-de-lei-no-congresso-sao-apontados-como-ameacas-ao-meio-ambiente-quilombolas-e-indigenas.ghtml\">entenda por que 5 projetos de lei no Congresso s\u00e3o apontados como amea\u00e7as ao meio ambiente, quilombolas e ind\u00edgenas<\/a><\/li><li><a href=\"https:\/\/g1.globo.com\/politica\/noticia\/2019\/09\/08\/entenda-o-processo-de-demarcacao-de-terras-indigenas-criticado-por-bolsonaro.ghtml\">Entenda o processo de demarca\u00e7\u00e3o de terras ind\u00edgenas criticado por Bolsonaro<\/a><\/li><\/ul>\n\n\n\n<p>Ainda de acordo com o MapBiomas, as pastagens representam o principal uso da terra no Brasil, ocupando um quinto do territ\u00f3rio nacional.&nbsp;<\/p>\n\n\n\n<p>Por falar em cobertura e uso de terra no Brasil, as imagens de sat\u00e9lites mostram que o pa\u00eds tem 66,3% de vegeta\u00e7\u00e3o nativa. Por\u00e9m, o MapBiomas alerta que as imagens n\u00e3o correspondem, necessariamente, a \u00e1reas preservadas.&nbsp;<\/p>\n\n\n\n<p>\u201cUma parte significativa [da vegeta\u00e7\u00e3o nativa] passou por processo de degrada\u00e7\u00e3o ou est\u00e1 em regenera\u00e7\u00e3o depois de ter sido desmatada. Por isso, aprofundar o entendimento destes processos de degrada\u00e7\u00e3o \u00e9 um dos focos atuais do MapBiomas\u201d, afirma Azevedo.<\/p>\n\n\n\n<h2 class=\"wp-block-heading\">Cana ocupa o dobro da \u00e1rea urbanizada do pa\u00eds&nbsp;<\/h2>\n\n\n\n<p>Se os territ\u00f3rios ind\u00edgenas permaneceram quase intactos nas \u00faltimas d\u00e9cadas, o&nbsp;<strong>crescimento da \u00e1rea ocupada por atividades agropecu\u00e1rias entre 1985 e 2020 foi de 44,6%. Juntas, agricultura e pecu\u00e1ria ganharam 81,2 milh\u00f5es de hectares no per\u00edodo.<\/strong><\/p>\n\n\n\n<p>Essas atividades cresceram em cinco dos seis biomas brasileiros, com exce\u00e7\u00e3o da Mata Atl\u00e2ntica, segundo o MapBiomas. Por\u00e9m, mesmo sem crescimento nesses 35 anos, a \u00e1rea de agropecu\u00e1ria no bioma \u00e9 a maior do Brasil, ocupando dois ter\u00e7os, ou 64,3%, da Mata Atl\u00e2ntica.&nbsp;<\/p>\n\n\n\n<ul class=\"wp-block-list\"><li><a href=\"https:\/\/g1.globo.com\/jornal-da-globo\/noticia\/2021\/07\/01\/brasil-tem-apenas-124percent-da-vegetacao-original-da-mata-atlantica-intacta-aponta-relatorio.ghtml\">Brasil tem apenas 12,4% da vegeta\u00e7\u00e3o original da Mata Atl\u00e2ntica<\/a><\/li><\/ul>\n\n\n\n<p>Desde 1985, a \u00e1rea de plantio de soja e cana alcan\u00e7ou a mesma extens\u00e3o de toda a forma\u00e7\u00e3o campestre do Brasil. A<strong>\u00a0soja j\u00e1 equivale a um Maranh\u00e3o<\/strong>\u00a0e a\u00a0<strong>cana ocupa o dobro da \u00e1rea urbanizada do pa\u00eds.<\/strong><\/p>\n\n\n\n<figure class=\"wp-block-image size-large\"><img loading=\"lazy\" decoding=\"async\" width=\"984\" height=\"1914\" data-attachment-id=\"32731\" data-permalink=\"http:\/\/blogdalucianaoliveira.com.br\/blog\/2021\/08\/27\/terras-indigenas-sao-as-areas-mais-preservadas-do-brasil-nos-ultimos-35-anos-mostra-levantamento\/495c1254-aa5d-4716-aed1-548618436f6e\/\" data-orig-file=\"https:\/\/i0.wp.com\/blogdalucianaoliveira.com.br\/blog\/wp-content\/uploads\/2021\/08\/495C1254-AA5D-4716-AED1-548618436F6E.jpeg?fit=984%2C1914\" data-orig-size=\"984,1914\" data-comments-opened=\"0\" data-image-meta=\"{&quot;aperture&quot;:&quot;0&quot;,&quot;credit&quot;:&quot;&quot;,&quot;camera&quot;:&quot;&quot;,&quot;caption&quot;:&quot;&quot;,&quot;created_timestamp&quot;:&quot;0&quot;,&quot;copyright&quot;:&quot;&quot;,&quot;focal_length&quot;:&quot;0&quot;,&quot;iso&quot;:&quot;0&quot;,&quot;shutter_speed&quot;:&quot;0&quot;,&quot;title&quot;:&quot;&quot;,&quot;orientation&quot;:&quot;0&quot;}\" data-image-title=\"495C1254-AA5D-4716-AED1-548618436F6E\" data-image-description=\"\" data-image-caption=\"\" data-medium-file=\"https:\/\/i0.wp.com\/blogdalucianaoliveira.com.br\/blog\/wp-content\/uploads\/2021\/08\/495C1254-AA5D-4716-AED1-548618436F6E.jpeg?fit=154%2C300\" data-large-file=\"https:\/\/i0.wp.com\/blogdalucianaoliveira.com.br\/blog\/wp-content\/uploads\/2021\/08\/495C1254-AA5D-4716-AED1-548618436F6E.jpeg?fit=526%2C1024\" src=\"https:\/\/i1.wp.com\/blogdalucianaoliveira.com.br\/blog\/wp-content\/uploads\/2021\/08\/495C1254-AA5D-4716-AED1-548618436F6E.jpeg?fit=526%2C1024\" alt=\"\" class=\"wp-image-32731\" srcset=\"https:\/\/i0.wp.com\/blogdalucianaoliveira.com.br\/blog\/wp-content\/uploads\/2021\/08\/495C1254-AA5D-4716-AED1-548618436F6E.jpeg?w=984 984w, https:\/\/i0.wp.com\/blogdalucianaoliveira.com.br\/blog\/wp-content\/uploads\/2021\/08\/495C1254-AA5D-4716-AED1-548618436F6E.jpeg?resize=154%2C300 154w, https:\/\/i0.wp.com\/blogdalucianaoliveira.com.br\/blog\/wp-content\/uploads\/2021\/08\/495C1254-AA5D-4716-AED1-548618436F6E.jpeg?resize=526%2C1024 526w, https:\/\/i0.wp.com\/blogdalucianaoliveira.com.br\/blog\/wp-content\/uploads\/2021\/08\/495C1254-AA5D-4716-AED1-548618436F6E.jpeg?resize=768%2C1494 768w, https:\/\/i0.wp.com\/blogdalucianaoliveira.com.br\/blog\/wp-content\/uploads\/2021\/08\/495C1254-AA5D-4716-AED1-548618436F6E.jpeg?resize=790%2C1536 790w\" sizes=\"auto, (max-width: 600px) 100vw, 600px\" \/><\/figure>\n\n\n\n<p>O padr\u00e3o de expans\u00e3o da agropecu\u00e1ria nesse per\u00edodo \u00e9 o avan\u00e7o das pastagens sobre \u00e1reas de vegeta\u00e7\u00e3o nativa enquanto a agricultura se expande principalmente sobre \u00e1reas de pastagem. Com isso a \u00e1rea total de pastagem parou de crescer em meados dos anos 2000 e come\u00e7ou a encolher, registrando uma retra\u00e7\u00e3o de 4% de 2005 a 2020, depois de crescer 45% entre 1985 e 2005.<\/p>\n","protected":false},"excerpt":{"rendered":"<p>Estudo do MapBiomas comprova a tese de que TIs s\u00e3o importantes contra o desmatamento no pa\u00eds. Na contram\u00e3o, o congresso discute aprovar PL que dificultar\u00e1 e at\u00e9 extinguir\u00e1 a demarca\u00e7\u00e3o desses territ\u00f3rios em alguns casos.<\/p>\n","protected":false},"author":1,"featured_media":0,"comment_status":"closed","ping_status":"open","sticky":false,"template":"","format":"standard","meta":{"_exactmetrics_skip_tracking":false,"_exactmetrics_sitenote_active":false,"_exactmetrics_sitenote_note":"","_exactmetrics_sitenote_category":0,"jetpack_post_was_ever_published":false,"_jetpack_newsletter_access":"","_jetpack_dont_email_post_to_subs":false,"_jetpack_newsletter_tier_id":0,"_jetpack_memberships_contains_paywalled_content":false,"_jetpack_memberships_contains_paid_content":false,"footnotes":"","jetpack_publicize_message":"","jetpack_publicize_feature_enabled":true,"jetpack_social_post_already_shared":true,"jetpack_social_options":{"image_generator_settings":{"template":"highway","enabled":false},"version":2}},"categories":[1],"tags":[],"class_list":["post-32728","post","type-post","status-publish","format-standard","hentry","category-notas"],"jetpack_publicize_connections":[],"jetpack_sharing_enabled":true,"jetpack_featured_media_url":"","jetpack_shortlink":"https:\/\/wp.me\/p7wKYW-8vS","jetpack-related-posts":[],"_links":{"self":[{"href":"http:\/\/blogdalucianaoliveira.com.br\/blog\/wp-json\/wp\/v2\/posts\/32728","targetHints":{"allow":["GET"]}}],"collection":[{"href":"http:\/\/blogdalucianaoliveira.com.br\/blog\/wp-json\/wp\/v2\/posts"}],"about":[{"href":"http:\/\/blogdalucianaoliveira.com.br\/blog\/wp-json\/wp\/v2\/types\/post"}],"author":[{"embeddable":true,"href":"http:\/\/blogdalucianaoliveira.com.br\/blog\/wp-json\/wp\/v2\/users\/1"}],"replies":[{"embeddable":true,"href":"http:\/\/blogdalucianaoliveira.com.br\/blog\/wp-json\/wp\/v2\/comments?post=32728"}],"version-history":[{"count":2,"href":"http:\/\/blogdalucianaoliveira.com.br\/blog\/wp-json\/wp\/v2\/posts\/32728\/revisions"}],"predecessor-version":[{"id":32732,"href":"http:\/\/blogdalucianaoliveira.com.br\/blog\/wp-json\/wp\/v2\/posts\/32728\/revisions\/32732"}],"wp:attachment":[{"href":"http:\/\/blogdalucianaoliveira.com.br\/blog\/wp-json\/wp\/v2\/media?parent=32728"}],"wp:term":[{"taxonomy":"category","embeddable":true,"href":"http:\/\/blogdalucianaoliveira.com.br\/blog\/wp-json\/wp\/v2\/categories?post=32728"},{"taxonomy":"post_tag","embeddable":true,"href":"http:\/\/blogdalucianaoliveira.com.br\/blog\/wp-json\/wp\/v2\/tags?post=32728"}],"curies":[{"name":"wp","href":"https:\/\/api.w.org\/{rel}","templated":true}]}}