{"id":32738,"date":"2021-08-27T19:28:48","date_gmt":"2021-08-27T23:28:48","guid":{"rendered":"http:\/\/blogdalucianaoliveira.com.br\/blog\/?p=32738"},"modified":"2021-08-27T19:30:37","modified_gmt":"2021-08-27T23:30:37","slug":"desmatamento-por-mineracao-na-amazonia-bate-recorde-em-2021-area-devastada-ate-agosto-ja-supera-todo-o-ano-de-2020","status":"publish","type":"post","link":"http:\/\/blogdalucianaoliveira.com.br\/blog\/2021\/08\/27\/desmatamento-por-mineracao-na-amazonia-bate-recorde-em-2021-area-devastada-ate-agosto-ja-supera-todo-o-ano-de-2020\/","title":{"rendered":"Desmatamento por minera\u00e7\u00e3o na Amaz\u00f4nia bate recorde em 2021; \u00e1rea devastada at\u00e9 agosto j\u00e1 supera todo o ano de 2020"},"content":{"rendered":"\n<figure class=\"wp-block-image\"><img data-recalc-dims=\"1\" decoding=\"async\" src=\"https:\/\/i0.wp.com\/s2.glbimg.com\/oACx3qjyAywLFuBycxr_xpgmF8w%3D\/0x82%3A2293x1588\/1008x0\/smart\/filters%3Astrip_icc%28%29\/i.s3.glbimg.com\/v1\/AUTH_59edd422c0c84a879bd37670ae4f538a\/internal_photos\/bs\/2021\/B\/b\/U19nzwQ9icIb0lcPVXYg\/ti-munduruku.jpg?w=600&#038;ssl=1\" alt=\"TI Munduruku, PA, est\u00e1 quase toda contaminada pelo merc\u00fario usado nos garimpos ilegais. Atividade desmata floresta e deixa crateras nos rios. \u2014 Foto: Marcos Amend\/Greenpeace\"\/><\/figure>\n\n\n\n<h4 class=\"wp-block-heading\">Os mais de 102 mil km\u00b2 desmatados pela atividade \u00e9 o maior j\u00e1 registrado pelo Inpe comparado ao mesmo per\u00edodo em anos anteriores. Especialista alerta que a situa\u00e7\u00e3o dever\u00e1 piorar nos pr\u00f3ximos meses.<\/h4>\n\n\n\n<!--more-->\n\n\n\n<p>Por La\u00eds Modelli, G1<br><\/p>\n\n\n\n<p>A minera\u00e7\u00e3o desmatou<strong>&nbsp;102,42 km\u00b2&nbsp;<\/strong>na&nbsp;<a href=\"https:\/\/g1.globo.com\/natureza\/amazonia\/\">Amaz\u00f4nia<\/a>&nbsp;entre 1\u00ba de janeiro e 13 de agosto, o equivalente a mais de 10,2 mil campos de futebol, segundo dados do Sistema de Detec\u00e7\u00e3o de Desmatamento em Tempo Real (Deter), do Instituto de Pesquisas Espaciais (Inpe), reunidos pelo&nbsp;<strong>G1<\/strong>. A \u00e1rea j\u00e1 \u00e9 maior que o registrado nos 12 meses de 2020, quando a atividade devastou 100,26 km\u00b2.<\/p>\n\n\n\n<p>O desmatamento causado por minera\u00e7\u00e3o na floresta amaz\u00f4nica no per\u00edodo analisado tamb\u00e9m \u00e9 o maior em toda a s\u00e9rie hist\u00f3rica do Deter\/Inpe, iniciada em 2015:<\/p>\n\n\n\n<ul class=\"wp-block-list\"><li>2021: 102,42 km\u00b2<\/li><li>2020: 80,49 km\u00b2<\/li><li>2019: 86,51 km\u00b2<\/li><li>2018: 65,24 km\u00b2<\/li><li>2017: 39,6 km\u00b2<\/li><li>2016: 32,73 km\u00b2<\/li><\/ul>\n\n\n\n<p>Os dados do Inpe n\u00e3o fazem men\u00e7\u00e3o ao &#8220;garimpo&#8221; &#8211; extra\u00e7\u00e3o de min\u00e9rios predat\u00f3ria e ilegal, geralmente relacionada ao ouro e n\u00e3o \u00e0 ind\u00fastria &#8211; nem diferenciam a minera\u00e7\u00e3o legal (que tem autoriza\u00e7\u00e3o da Agencia Nacional de Minera\u00e7\u00e3o) da ilegal.<\/p>\n\n\n\n<p>Dados reunidos pelo Instituto Socioambiental (ISA) alertam para crescimento do garimpo na regi\u00e3o: os alertas de desmatamento causado por garimpo aumentaram 16% dentro de \u00e1reas protegidas da Amaz\u00f4nia entre agosto de 2020 e 2021. Fora dessas \u00e1reas, o aumento no per\u00edodo foi de 26%.<br><\/p>\n\n\n\n<p>Para Ant\u00f4nio Oviedo, cientista ambiental e pesquisador do ISA, os fatores que explicam o aumento do garimpo s\u00e3o uma combina\u00e7\u00e3o entre falta de fiscaliza\u00e7\u00e3o do governo e os projetos de lei em discuss\u00e3o no Congresso que visam<a href=\"https:\/\/g1.globo.com\/natureza\/noticia\/2021\/08\/25\/combo-da-morte-entenda-por-que-5-projetos-de-lei-no-congresso-sao-apontados-como-ameacas-ao-meio-ambiente-quilombolas-e-indigenas.ghtml\">&nbsp;acabar com demarca\u00e7\u00e3o de terra ind\u00edgena e liberar de minera\u00e7\u00e3o nesses territ\u00f3rio, como o PL 490 e o PL 191<\/a>.<\/p>\n\n\n\n<blockquote class=\"wp-block-quote is-layout-flow wp-block-quote-is-layout-flow\"><p>&#8220;A grande maioria dos alertas de garimpo est\u00e1 nas terras ind\u00edgenas (22%) e unidades de Conserva\u00e7\u00e3o (53%), e a fiscaliza\u00e7\u00e3o n\u00e3o est\u00e1 atuando ali. O aumento tamb\u00e9m \u00e9 decorrente da expectativa de que o projeto de lei que visa abrir as TIs para a minera\u00e7\u00e3o seja aprovado, e a\u00ed esses criminosos apostam na pol\u00edtica do fato consumado, ou seja, j\u00e1 est\u00e3o l\u00e1 explorando e acham que com a aprova\u00e7\u00e3o da lei eles ser\u00e3o legalizados&#8221;, diz Oviedo.<\/p><\/blockquote>\n\n\n\n<p>O cientista ambiental alerta que o desmatamento por minera\u00e7\u00e3o e garimpo nos pr\u00f3ximos meses dever\u00e3o aumentar at\u00e9 o final do ano, uma vez que entramos no principal per\u00edodo que ocorrem os desmatamentos e inc\u00eandios na Amaz\u00f4nia.<br><\/p>\n\n\n\n<p>&#8220;A partir de agosto, as chuvas diminuem e isso facilita as atividades de desmatamento e garimpo nas margens dos rios. a tend\u00eancia \u00e9 que esta degrada\u00e7\u00e3o aumente ao longo dos pr\u00f3ximos meses, entre (setembro a novembro&#8221;, alerta Oviedo.<\/p>\n\n\n\n<p>O G1 procurou o&nbsp;<a href=\"https:\/\/g1.globo.com\/tudo-sobre\/ministerio-do-meio-ambiente\/\">Minist\u00e9rio do Meio Ambiente<\/a>&nbsp;e o Instituto Brasileiro do Meio Ambiente e dos Recursos Naturais Renov\u00e1veis (<a href=\"https:\/\/g1.globo.com\/tudo-sobre\/ibama\/\">Ibama<\/a>) pedindo dados sobre fiscaliza\u00e7\u00e3o e aplica\u00e7\u00e3o de multas relacionadas ao garimpo e minera\u00e7\u00e3o legal e ilegal na Amaz\u00f4nia. Nenhum retornou o contato.<\/p>\n\n\n\n<figure class=\"wp-block-image\"><img data-recalc-dims=\"1\" decoding=\"async\" src=\"https:\/\/i0.wp.com\/s04.video.glbimg.com\/x240\/8827847.jpg?w=600&#038;ssl=1\" alt=\"L\u00edderes ind\u00edgenas denunciam avan\u00e7o do garimpo ilegal e amea\u00e7as\"\/><\/figure>\n\n\n\n<p>L\u00edderes ind\u00edgenas denunciam avan\u00e7o do garimpo ilegal e amea\u00e7as<\/p>\n\n\n\n<h2 class=\"wp-block-heading\">M\u00eas de maior devasta\u00e7\u00e3o foi marcado por viol\u00eancia<\/h2>\n\n\n\n<p>Maio de 2021 foi o m\u00eas em que a minera\u00e7\u00e3o mais desmatou a Amaz\u00f4nia em toda a s\u00e9rie hist\u00f3rica do Deter\/Inpe, com 37,94 km\u00b2 de desmatamento em um \u00fanico m\u00eas. Na sequ\u00eancia aparece maio de 2019, com 34,47 km\u00b2 devastados pela atividade.<\/p>\n\n\n\n<figure class=\"wp-block-image\"><img data-recalc-dims=\"1\" decoding=\"async\" src=\"https:\/\/i0.wp.com\/s2.glbimg.com\/4ytcILOarry3afEsaxNzoMxOnH4%3D\/0x0%3A898x576\/984x0\/smart\/filters%3Astrip_icc%28%29\/i.s3.glbimg.com\/v1\/AUTH_59edd422c0c84a879bd37670ae4f538a\/internal_photos\/bs\/2021\/C\/r\/8aPJSgTMinfaPYhrp2ZA\/munduruku.jpeg?w=600&#038;ssl=1\" alt=\"Garimpeiros invadiram aldeia na TI Munduruku e queimaram casas de ind\u00edgenas contra o garimpo no local, em 26 de maio. \u2014 Foto: Coletivo de audiovisual do povo Munduruku\"\/><\/figure>\n\n\n\n<p>Garimpeiros invadiram aldeia na TI Munduruku e queimaram casas de ind\u00edgenas contra o garimpo no local, em 26 de maio. \u2014 Foto: Coletivo de audiovisual do povo Munduruku<br><\/p>\n\n\n\n<p>Em maio,&nbsp;<a href=\"https:\/\/g1.globo.com\/pa\/para\/noticia\/2021\/05\/26\/conflito-entre-agentes-federais-e-garimpeiros-deixa-ao-menos-dez-feridos-no-para.ghtml\">garimpeiros entraram em confronto com a Pol\u00edcia Federal em Jacareacanga, no Par\u00e1, enquanto esta realizava a Opera\u00e7\u00e3o Munduruk\u00e2nia<\/a>&nbsp;para conter o garimpo na terra ind\u00edgena Munduruku. Os manifestantes pr\u00f3-garimpo tentaram invadir a base da PF e depredar patrim\u00f4nio da Uni\u00e3o, aeronaves e equipamentos policiais.<\/p>\n\n\n\n<p>As aldeias foram cercadas e uma estrada foi interditada, impedindo o andamento da opera\u00e7\u00e3o, que durou apenas dois dias. No mesmo dia em que os policiais federais interromperam a opera\u00e7\u00e3o, os garimpeiros invadiram e incendiaram uma aldeia.<\/p>\n\n\n\n<p>O munic\u00edpio de Jacareacanga, ali\u00e1s, \u00e9 o segundo mais desmatado por minera\u00e7\u00e3o no Brasil este ano, com 17,92 km\u00b2. Em primeiro lugar est\u00e1 Itaituba, com 44,26 km\u00b2. Ambos ficam no Par\u00e1 e est\u00e3o distantes cerca de 300 km.<br><\/p>\n","protected":false},"excerpt":{"rendered":"<p>Os mais de 102 mil km\u00b2 desmatados pela atividade \u00e9 o maior j\u00e1 registrado pelo Inpe comparado ao mesmo per\u00edodo em anos anteriores. Especialista alerta que a situa\u00e7\u00e3o dever\u00e1 piorar nos pr\u00f3ximos meses.<\/p>\n","protected":false},"author":1,"featured_media":0,"comment_status":"closed","ping_status":"open","sticky":false,"template":"","format":"standard","meta":{"_exactmetrics_skip_tracking":false,"_exactmetrics_sitenote_active":false,"_exactmetrics_sitenote_note":"","_exactmetrics_sitenote_category":0,"jetpack_post_was_ever_published":false,"_jetpack_newsletter_access":"","_jetpack_dont_email_post_to_subs":false,"_jetpack_newsletter_tier_id":0,"_jetpack_memberships_contains_paywalled_content":false,"_jetpack_memberships_contains_paid_content":false,"footnotes":"","jetpack_publicize_message":"","jetpack_publicize_feature_enabled":true,"jetpack_social_post_already_shared":true,"jetpack_social_options":{"image_generator_settings":{"template":"highway","enabled":false},"version":2}},"categories":[1],"tags":[],"class_list":["post-32738","post","type-post","status-publish","format-standard","hentry","category-notas"],"jetpack_publicize_connections":[],"jetpack_sharing_enabled":true,"jetpack_featured_media_url":"","jetpack_shortlink":"https:\/\/wp.me\/p7wKYW-8w2","jetpack-related-posts":[],"_links":{"self":[{"href":"http:\/\/blogdalucianaoliveira.com.br\/blog\/wp-json\/wp\/v2\/posts\/32738","targetHints":{"allow":["GET"]}}],"collection":[{"href":"http:\/\/blogdalucianaoliveira.com.br\/blog\/wp-json\/wp\/v2\/posts"}],"about":[{"href":"http:\/\/blogdalucianaoliveira.com.br\/blog\/wp-json\/wp\/v2\/types\/post"}],"author":[{"embeddable":true,"href":"http:\/\/blogdalucianaoliveira.com.br\/blog\/wp-json\/wp\/v2\/users\/1"}],"replies":[{"embeddable":true,"href":"http:\/\/blogdalucianaoliveira.com.br\/blog\/wp-json\/wp\/v2\/comments?post=32738"}],"version-history":[{"count":2,"href":"http:\/\/blogdalucianaoliveira.com.br\/blog\/wp-json\/wp\/v2\/posts\/32738\/revisions"}],"predecessor-version":[{"id":32740,"href":"http:\/\/blogdalucianaoliveira.com.br\/blog\/wp-json\/wp\/v2\/posts\/32738\/revisions\/32740"}],"wp:attachment":[{"href":"http:\/\/blogdalucianaoliveira.com.br\/blog\/wp-json\/wp\/v2\/media?parent=32738"}],"wp:term":[{"taxonomy":"category","embeddable":true,"href":"http:\/\/blogdalucianaoliveira.com.br\/blog\/wp-json\/wp\/v2\/categories?post=32738"},{"taxonomy":"post_tag","embeddable":true,"href":"http:\/\/blogdalucianaoliveira.com.br\/blog\/wp-json\/wp\/v2\/tags?post=32738"}],"curies":[{"name":"wp","href":"https:\/\/api.w.org\/{rel}","templated":true}]}}