{"id":32741,"date":"2021-08-30T21:42:19","date_gmt":"2021-08-31T01:42:19","guid":{"rendered":"http:\/\/blogdalucianaoliveira.com.br\/blog\/?p=32741"},"modified":"2021-08-30T21:42:26","modified_gmt":"2021-08-31T01:42:26","slug":"raramente-vi-um-pais-onde-a-elite-tem-tanto-desprezo-pelos-pobres-como-o-brasil-diz-noam-chomsky","status":"publish","type":"post","link":"http:\/\/blogdalucianaoliveira.com.br\/blog\/2021\/08\/30\/raramente-vi-um-pais-onde-a-elite-tem-tanto-desprezo-pelos-pobres-como-o-brasil-diz-noam-chomsky\/","title":{"rendered":"\u201cRaramente vi um pa\u00eds onde a elite tem tanto desprezo pelos pobres como o Brasil\u201d, diz Noam Chomsky"},"content":{"rendered":"\n<figure class=\"wp-block-image size-large\"><img loading=\"lazy\" decoding=\"async\" width=\"1250\" height=\"600\" data-attachment-id=\"32742\" data-permalink=\"http:\/\/blogdalucianaoliveira.com.br\/blog\/2021\/08\/30\/raramente-vi-um-pais-onde-a-elite-tem-tanto-desprezo-pelos-pobres-como-o-brasil-diz-noam-chomsky\/f31c9eaf-d8cd-4d71-89f6-7fe2121bba45\/\" data-orig-file=\"https:\/\/i0.wp.com\/blogdalucianaoliveira.com.br\/blog\/wp-content\/uploads\/2021\/08\/F31C9EAF-D8CD-4D71-89F6-7FE2121BBA45.jpeg?fit=1250%2C600\" data-orig-size=\"1250,600\" data-comments-opened=\"0\" data-image-meta=\"{&quot;aperture&quot;:&quot;0&quot;,&quot;credit&quot;:&quot;&quot;,&quot;camera&quot;:&quot;&quot;,&quot;caption&quot;:&quot;&quot;,&quot;created_timestamp&quot;:&quot;0&quot;,&quot;copyright&quot;:&quot;&quot;,&quot;focal_length&quot;:&quot;0&quot;,&quot;iso&quot;:&quot;0&quot;,&quot;shutter_speed&quot;:&quot;0&quot;,&quot;title&quot;:&quot;&quot;,&quot;orientation&quot;:&quot;0&quot;}\" data-image-title=\"F31C9EAF-D8CD-4D71-89F6-7FE2121BBA45\" data-image-description=\"\" data-image-caption=\"\" data-medium-file=\"https:\/\/i0.wp.com\/blogdalucianaoliveira.com.br\/blog\/wp-content\/uploads\/2021\/08\/F31C9EAF-D8CD-4D71-89F6-7FE2121BBA45.jpeg?fit=300%2C144\" data-large-file=\"https:\/\/i0.wp.com\/blogdalucianaoliveira.com.br\/blog\/wp-content\/uploads\/2021\/08\/F31C9EAF-D8CD-4D71-89F6-7FE2121BBA45.jpeg?fit=600%2C288\" src=\"https:\/\/i0.wp.com\/blogdalucianaoliveira.com.br\/blog\/wp-content\/uploads\/2021\/08\/F31C9EAF-D8CD-4D71-89F6-7FE2121BBA45.jpeg?fit=600%2C288\" alt=\"\" class=\"wp-image-32742\" srcset=\"https:\/\/i0.wp.com\/blogdalucianaoliveira.com.br\/blog\/wp-content\/uploads\/2021\/08\/F31C9EAF-D8CD-4D71-89F6-7FE2121BBA45.jpeg?w=1250 1250w, https:\/\/i0.wp.com\/blogdalucianaoliveira.com.br\/blog\/wp-content\/uploads\/2021\/08\/F31C9EAF-D8CD-4D71-89F6-7FE2121BBA45.jpeg?resize=300%2C144 300w, https:\/\/i0.wp.com\/blogdalucianaoliveira.com.br\/blog\/wp-content\/uploads\/2021\/08\/F31C9EAF-D8CD-4D71-89F6-7FE2121BBA45.jpeg?resize=1024%2C492 1024w, https:\/\/i0.wp.com\/blogdalucianaoliveira.com.br\/blog\/wp-content\/uploads\/2021\/08\/F31C9EAF-D8CD-4D71-89F6-7FE2121BBA45.jpeg?resize=768%2C369 768w, https:\/\/i0.wp.com\/blogdalucianaoliveira.com.br\/blog\/wp-content\/uploads\/2021\/08\/F31C9EAF-D8CD-4D71-89F6-7FE2121BBA45.jpeg?resize=625%2C300 625w, https:\/\/i0.wp.com\/blogdalucianaoliveira.com.br\/blog\/wp-content\/uploads\/2021\/08\/F31C9EAF-D8CD-4D71-89F6-7FE2121BBA45.jpeg?w=1200 1200w\" sizes=\"auto, (max-width: 600px) 100vw, 600px\" \/><\/figure>\n\n\n\n<p><strong>247 &#8211;&nbsp;<\/strong>O intelectual e ativista Noam Chomsky, um dos maiores pensadores da atualidade, afirmou, em entrevista exclusiva \u00e0 TV 247, que a elite brasileira possui um \u00f3dio \u201cenraizado\u201d contra os mais pobres e a classe trabalhadora. Chomsky v\u00ea no avan\u00e7o da pol\u00edtica econ\u00f4mica de Paulo Guedes a express\u00e3o m\u00e1xima do desprezo pelos pobres.<\/p>\n\n\n\n<!--more-->\n\n\n\n<p>\u201cO Brasil \u00e9 uma esp\u00e9cie de caso especial. Raramente vi um pa\u00eds onde elementos da elite t\u00eam tanto desprezo e \u00f3dio pelos pobres e pelo povo trabalhador. \u00c9 enraizado. N\u00e3o pretendo saber muito sobre isso, mas pela minha limitada experi\u00eancia, foi isso que vi\u201d, afirmou.<\/p>\n\n\n\n<p>Para ele, o avan\u00e7o das privatiza\u00e7\u00f5es significa uma \u201ctransfer\u00eancia de poder\u201d da esfera p\u00fablica para a esfera privada, que n\u00e3o possui a obriga\u00e7\u00e3o social de beneficiar a popula\u00e7\u00e3o.\u00a0<a href=\"https:\/\/www.brasil247.com\/brasil\/camara-conclui-votacao-e-aprova-projeto-de-privatizacao-dos-correios\">A privatiza\u00e7\u00e3o dos Correios<\/a>, por exemplo, \u00e9 mais um passo na \u201cdestrui\u00e7\u00e3o do pa\u00eds\u201d, explicou o professor.<\/p>\n\n\n\n<p>\u201cVoc\u00ea tem uma das pessoas que atualmente est\u00e1 empenhada em destruir o Brasil, Paulo Guedes \u00e9 um grande expoente disso. Ouvi da minha esposa, que \u00e9 brasileira e me mant\u00e9m informado sobre os assuntos brasileiros, que o \u00faltimo esfor\u00e7o \u00e9 privatizar os Correios, pelo menos as partes lucrativas dos Correios. O p\u00fablico pode pagar pelas partes que apenas servem o p\u00fablico e n\u00e3o fazem dinheiro, mas as partes que fazem dinheiro, entregue-as ao poder privado. Essa \u00e9 a f\u00f3rmula do Guedes, privatizar tudo. Se lembra disso? Essa era a f\u00f3rmula, ent\u00e3o, isso significa entregar tudo ao poder privado e ao capital internacional. Uma maneira de destruir um pa\u00eds. Ele tinha pr\u00e1tica nisso, tendo trabalhando sob a ditadura de Pinochet, que, na verdade, destruiu o pa\u00eds. Vemos o que est\u00e1 acontecendo agora no Chile como um esfor\u00e7o para resgatar algo dos destro\u00e7os, mas o neoliberalismo faz isso em escala internacional. Por isso danificou gravemente a democracia, em quase todos os lugares, e por raz\u00f5es perfeitamente \u00f3bvias. O problema com o governo \u00e9 que ele responde parcialmente \u00e0 opini\u00e3o popular, n\u00e3o totalmente \u00e9 claro, mas pelo menos responde de alguma forma. Portanto, isso \u00e9 ruim. \u2018Temos que mover o poder das concentra\u00e7\u00f5es privadas de poder, que n\u00e3o t\u00eam nenhuma responsabilidade, nenhuma presta\u00e7\u00e3o de contas\u2019\u201d, explicou.<\/p>\n\n\n\n<p>\u201cNa verdade, isso foi explicitado pelo guru do movimento neoliberal, a pessoa de quem o seu amigo Paulo Guedes aprendeu Economia. Ele escreveu um artigo famoso que diz que as corpora\u00e7\u00f5es t\u00eam uma \u00fanica responsabilidade, o lucro, gerar lucro para si mesmas. As corpora\u00e7\u00f5es s\u00e3o, na verdade, um presente do p\u00fablico. Incorporar \u00e9 um presente significativo ao contribuinte, voc\u00ea ganha muitos benef\u00edcios com isso. N\u00e3o quer aceitar, ou n\u00e3o gosta? Forme uma parceria, d\u00ea o presente. Mas deste presente, de acordo com as doutrinas do Friedman (Milton) e do Guedes, voc\u00ea n\u00e3o tem nenhuma responsabilidade. Somente se enrique\u00e7a, nenhuma responsabilidade com o p\u00fablico, com a for\u00e7a de trabalho, com nada\u201d, prosseguiu Chomsky.<\/p>\n\n\n\n<p>Ao empobrecer o povo, as elites compreendem profundamente o conceito de luta de classes. O rebaixamento dos mais pobres, atrav\u00e9s da pol\u00edtica de Guedes, favorece a manuten\u00e7\u00e3o das classes dominantes no poder, explicou o professor.&nbsp;<\/p>\n\n\n\n<p>\u201cAs classes de neg\u00f3cios s\u00e3o marxistas dedicados. Eles pensam que o mundo \u00e9 gerido pela guerra de classes e que eles v\u00e3o ganh\u00e1-la. Os valores est\u00e3o invertidos, mas \u00e9 basicamente a mesma ideia. E se eles tiverem a guerra de classes s\u00f3 para eles, \u00e9 muito f\u00e1cil prever o que vai acontecer\u201d.<\/p>\n\n\n\n<h2 class=\"wp-block-heading\"><strong>\u201cO Brasil pode n\u00e3o estar mais entre n\u00f3s\u201d<\/strong><\/h2>\n\n\n\n<p>Chomsky deu um forte alerta sobre a devasta\u00e7\u00e3o da Amaz\u00f4nia, que, no governo Bolsonaro,&nbsp;<a href=\"https:\/\/www.brasil247.com\/meioambiente\/amazonia-tem-a-segunda-pior-temporada-de-alertas-de-desmatamento-em-cinco-anos\">atingiu n\u00edveis hist\u00f3ricos<\/a>. De acordo com ele, o Brasil pode se tornar um completo \u201cdeserto\u201d caso medidas radicais para proteger o bioma n\u00e3o sejam tomadas.<\/p>\n\n\n\n<p>\u201cMais grave ainda \u00e9 que cientistas brasileiros descobriram recentemente que a parte sudeste da Amaz\u00f4nia j\u00e1 passou de um sequestrador de carbono para um emissor de carbono, muitas d\u00e9cadas antes do esperado, muito antes. Isso vai se estender pelo resto da Amaz\u00f4nia, especialmente se Bolsonaro for capaz de continuar sua pol\u00edtica de destruir a Amaz\u00f4nia, seguindo o interesse de mineradores e fazendeiros ricos. Ent\u00e3o, o que isso vai fazer ao Brasil? Bem, vai transform\u00e1-lo num deserto. A redu\u00e7\u00e3o dr\u00e1stica das chuvas e o aumento da j\u00e1 grave seca torna \u00e1reas agr\u00edcolas maiores basicamente inutiliz\u00e1veis. Tamb\u00e9m \u00e9 um grave preju\u00edzo para o mundo inteiro, mas particularmente para o Brasil. Esses s\u00e3o problemas que n\u00e3o podem ser adiados. A menos que o Brasil seja capaz de lidar com esses problemas, ele n\u00e3o estar\u00e1 mais entre n\u00f3s dentro de algumas d\u00e9cadas de qualquer forma vi\u00e1vel. Portanto, claro, tamb\u00e9m significa genoc\u00eddio para a popula\u00e7\u00e3o ind\u00edgena, que est\u00e1 lutando duro e tentando ser ouvida, suplicando por algum apoio. S\u00f3 que, da vista a\u00e9rea, a ironia \u00e9 indescrit\u00edvel. Estas s\u00e3o as pessoas que t\u00eam preservado os recursos nas florestas. Agora, s\u00e3o eles que est\u00e3o sendo dizimados pela nossa destrui\u00e7\u00e3o dos recursos. Quero dizer, se h\u00e1 alguma hist\u00f3ria &#8212; e n\u00e3o sei se haver\u00e1&#8211; e as pessoas olharem para tr\u00e1s, eles n\u00e3o saber\u00e3o como descrever\u201d, alertou.<\/p>\n","protected":false},"excerpt":{"rendered":"<p>247 &#8211;&nbsp;O intelectual e ativista Noam Chomsky, um dos maiores pensadores da atualidade, afirmou, em entrevista exclusiva \u00e0 TV 247, que a elite brasileira possui um \u00f3dio \u201cenraizado\u201d contra os mais pobres e a classe trabalhadora. Chomsky v\u00ea no avan\u00e7o da pol\u00edtica econ\u00f4mica de Paulo Guedes a express\u00e3o m\u00e1xima do desprezo pelos pobres.<\/p>\n","protected":false},"author":1,"featured_media":0,"comment_status":"closed","ping_status":"open","sticky":false,"template":"","format":"standard","meta":{"_exactmetrics_skip_tracking":false,"_exactmetrics_sitenote_active":false,"_exactmetrics_sitenote_note":"","_exactmetrics_sitenote_category":0,"jetpack_post_was_ever_published":false,"_jetpack_newsletter_access":"","_jetpack_dont_email_post_to_subs":false,"_jetpack_newsletter_tier_id":0,"_jetpack_memberships_contains_paywalled_content":false,"_jetpack_memberships_contains_paid_content":false,"footnotes":"","jetpack_publicize_message":"","jetpack_publicize_feature_enabled":true,"jetpack_social_post_already_shared":true,"jetpack_social_options":{"image_generator_settings":{"template":"highway","enabled":false},"version":2}},"categories":[1],"tags":[],"class_list":["post-32741","post","type-post","status-publish","format-standard","hentry","category-notas"],"jetpack_publicize_connections":[],"jetpack_sharing_enabled":true,"jetpack_featured_media_url":"","jetpack_shortlink":"https:\/\/wp.me\/p7wKYW-8w5","jetpack-related-posts":[],"_links":{"self":[{"href":"http:\/\/blogdalucianaoliveira.com.br\/blog\/wp-json\/wp\/v2\/posts\/32741","targetHints":{"allow":["GET"]}}],"collection":[{"href":"http:\/\/blogdalucianaoliveira.com.br\/blog\/wp-json\/wp\/v2\/posts"}],"about":[{"href":"http:\/\/blogdalucianaoliveira.com.br\/blog\/wp-json\/wp\/v2\/types\/post"}],"author":[{"embeddable":true,"href":"http:\/\/blogdalucianaoliveira.com.br\/blog\/wp-json\/wp\/v2\/users\/1"}],"replies":[{"embeddable":true,"href":"http:\/\/blogdalucianaoliveira.com.br\/blog\/wp-json\/wp\/v2\/comments?post=32741"}],"version-history":[{"count":1,"href":"http:\/\/blogdalucianaoliveira.com.br\/blog\/wp-json\/wp\/v2\/posts\/32741\/revisions"}],"predecessor-version":[{"id":32743,"href":"http:\/\/blogdalucianaoliveira.com.br\/blog\/wp-json\/wp\/v2\/posts\/32741\/revisions\/32743"}],"wp:attachment":[{"href":"http:\/\/blogdalucianaoliveira.com.br\/blog\/wp-json\/wp\/v2\/media?parent=32741"}],"wp:term":[{"taxonomy":"category","embeddable":true,"href":"http:\/\/blogdalucianaoliveira.com.br\/blog\/wp-json\/wp\/v2\/categories?post=32741"},{"taxonomy":"post_tag","embeddable":true,"href":"http:\/\/blogdalucianaoliveira.com.br\/blog\/wp-json\/wp\/v2\/tags?post=32741"}],"curies":[{"name":"wp","href":"https:\/\/api.w.org\/{rel}","templated":true}]}}