{"id":32769,"date":"2021-08-31T19:01:19","date_gmt":"2021-08-31T23:01:19","guid":{"rendered":"http:\/\/blogdalucianaoliveira.com.br\/blog\/?p=32769"},"modified":"2021-08-31T19:01:24","modified_gmt":"2021-08-31T23:01:24","slug":"a-grana-contra-os-indigenas","status":"publish","type":"post","link":"http:\/\/blogdalucianaoliveira.com.br\/blog\/2021\/08\/31\/a-grana-contra-os-indigenas\/","title":{"rendered":"A grana contra os ind\u00edgenas"},"content":{"rendered":"\n<figure class=\"wp-block-image size-large\"><img loading=\"lazy\" decoding=\"async\" width=\"1921\" height=\"1331\" data-attachment-id=\"32770\" data-permalink=\"http:\/\/blogdalucianaoliveira.com.br\/blog\/2021\/08\/31\/a-grana-contra-os-indigenas\/f5bf7a8b-767b-4f3f-96d8-e9018621658b\/\" data-orig-file=\"https:\/\/i0.wp.com\/blogdalucianaoliveira.com.br\/blog\/wp-content\/uploads\/2021\/08\/F5BF7A8B-767B-4F3F-96D8-E9018621658B.jpeg?fit=1921%2C1331\" data-orig-size=\"1921,1331\" data-comments-opened=\"0\" data-image-meta=\"{&quot;aperture&quot;:&quot;0&quot;,&quot;credit&quot;:&quot;&quot;,&quot;camera&quot;:&quot;&quot;,&quot;caption&quot;:&quot;&quot;,&quot;created_timestamp&quot;:&quot;0&quot;,&quot;copyright&quot;:&quot;&quot;,&quot;focal_length&quot;:&quot;0&quot;,&quot;iso&quot;:&quot;0&quot;,&quot;shutter_speed&quot;:&quot;0&quot;,&quot;title&quot;:&quot;&quot;,&quot;orientation&quot;:&quot;0&quot;}\" data-image-title=\"F5BF7A8B-767B-4F3F-96D8-E9018621658B\" data-image-description=\"\" data-image-caption=\"\" data-medium-file=\"https:\/\/i0.wp.com\/blogdalucianaoliveira.com.br\/blog\/wp-content\/uploads\/2021\/08\/F5BF7A8B-767B-4F3F-96D8-E9018621658B.jpeg?fit=300%2C208\" data-large-file=\"https:\/\/i0.wp.com\/blogdalucianaoliveira.com.br\/blog\/wp-content\/uploads\/2021\/08\/F5BF7A8B-767B-4F3F-96D8-E9018621658B.jpeg?fit=600%2C415\" src=\"https:\/\/i1.wp.com\/blogdalucianaoliveira.com.br\/blog\/wp-content\/uploads\/2021\/08\/F5BF7A8B-767B-4F3F-96D8-E9018621658B.jpeg?fit=600%2C415\" alt=\"\" class=\"wp-image-32770\" srcset=\"https:\/\/i0.wp.com\/blogdalucianaoliveira.com.br\/blog\/wp-content\/uploads\/2021\/08\/F5BF7A8B-767B-4F3F-96D8-E9018621658B.jpeg?w=1921 1921w, https:\/\/i0.wp.com\/blogdalucianaoliveira.com.br\/blog\/wp-content\/uploads\/2021\/08\/F5BF7A8B-767B-4F3F-96D8-E9018621658B.jpeg?resize=300%2C208 300w, https:\/\/i0.wp.com\/blogdalucianaoliveira.com.br\/blog\/wp-content\/uploads\/2021\/08\/F5BF7A8B-767B-4F3F-96D8-E9018621658B.jpeg?resize=1024%2C709 1024w, https:\/\/i0.wp.com\/blogdalucianaoliveira.com.br\/blog\/wp-content\/uploads\/2021\/08\/F5BF7A8B-767B-4F3F-96D8-E9018621658B.jpeg?resize=768%2C532 768w, https:\/\/i0.wp.com\/blogdalucianaoliveira.com.br\/blog\/wp-content\/uploads\/2021\/08\/F5BF7A8B-767B-4F3F-96D8-E9018621658B.jpeg?resize=1536%2C1064 1536w, https:\/\/i0.wp.com\/blogdalucianaoliveira.com.br\/blog\/wp-content\/uploads\/2021\/08\/F5BF7A8B-767B-4F3F-96D8-E9018621658B.jpeg?resize=433%2C300 433w, https:\/\/i0.wp.com\/blogdalucianaoliveira.com.br\/blog\/wp-content\/uploads\/2021\/08\/F5BF7A8B-767B-4F3F-96D8-E9018621658B.jpeg?w=1200 1200w, https:\/\/i0.wp.com\/blogdalucianaoliveira.com.br\/blog\/wp-content\/uploads\/2021\/08\/F5BF7A8B-767B-4F3F-96D8-E9018621658B.jpeg?w=1800 1800w\" sizes=\"auto, (max-width: 600px) 100vw, 600px\" \/><\/figure>\n\n\n\n<p><strong>The Intercept: <\/strong>Lobby pr\u00f3-agrot\u00f3xico bancou an\u00fancios pelo Marco Temporal.<\/p>\n\n\n\n<!--more-->\n\n\n\n<p><a href=\"https:\/\/theintercept.com\/equipe\/tatianadias\/\">Tatiana Dias<\/a><\/p>\n\n\n\n<p>VOC\u00ca CERTAMENTE VIU&nbsp;as imagens emocionantes. Neste momento, em Bras\u00edlia, milhares de ind\u00edgenas de 170 etnias est\u00e3o em vig\u00edlia esperando a vota\u00e7\u00e3o do Supremo Tribunal Federal que decidir\u00e1 sobre o futuro de suas terras. Em jogo est\u00e1 a tese do \u201cmarco temporal\u201d, que determina que etnias s\u00f3 podem reivindicar demarca\u00e7\u00e3o das terras em que j\u00e1 estivessem fisicamente na data da promulga\u00e7\u00e3o da Constitui\u00e7\u00e3o de 1988.<\/p>\n\n\n\n<p>Povos origin\u00e1rios se op\u00f5em \u00e0 tese por uma raz\u00e3o \u00f3bvia. Perseguidas, massacradas e expulsas, muitas etnias n\u00e3o estavam em seus territ\u00f3rios originais em 1988, porque foram arrancadas deles. Outra foram arrancadas inclusive depois, por grileiros e garimpeiros. Que sentido faz o marco temporal diante disso? Todo, mas s\u00f3 para os grileiros, garimpeiros e ruralistas.<\/p>\n\n\n\n<p>Os ruralistas, com um forte apoio dos deputados e senadores da Frente Parlamentar de Agricultura, defendem que, se o STF derrubar a tese pr\u00e9-88, haver\u00e1 um caos nas demarca\u00e7\u00f5es, e eles perder\u00e3o milh\u00f5es e milh\u00f5es de hectares de suas terras para os povos ind\u00edgenas. Jair&nbsp;<a href=\"https:\/\/revistagloborural.globo.com\/Noticias\/Politica\/noticia\/2021\/08\/agronegocio-acaba-se-stf-rejeitar-marco-temporal-para-terras-indigenas-diz-bolsonaro.html\" target=\"_blank\" rel=\"noreferrer noopener\">Bolsonaro concordou<\/a>: disse que, caso o marco temporal seja rejeitado, o agroneg\u00f3cio \u201cpode acabar\u201d e o Brasil pode ter que importar alimentos. Para o presidente, \u00e9 uma \u201cpol\u00edtica que vem de fora para inviabilizar o agroneg\u00f3cio\u201d.<\/p>\n\n\n\n<p>O mesmo discurso de caos e medo foi&nbsp;<a href=\"https:\/\/twitter.com\/jnascim\/status\/1429502341133242383\" target=\"_blank\" rel=\"noreferrer noopener\">replicado com destaque<\/a>&nbsp;nas p\u00e1ginas do Estad\u00e3o. \u201cJulgamento do STF pode afetar propriedades de todo o Brasil\u201d, estampou a manchete em uma p\u00e1gina dupla no primeiro caderno da edi\u00e7\u00e3o de domingo, 22 de agosto.<\/p>\n\n\n\n<p>Nas p\u00e1ginas, infogr\u00e1ficos mostravam os \u201cmilh\u00f5es de hectares\u201d que estavam em risco. Outro texto afirmava que as novas demarca\u00e7\u00f5es teriam impacto negativo de R$ 1,95 bilh\u00e3o s\u00f3 no Mato Grosso, e uma entrevista de Aldo Rebelo levava o leitor para uma suposta motiva\u00e7\u00e3o oculta por tr\u00e1s do julgamento. \u201cDemarca\u00e7\u00f5es de novas \u00e1reas atendem a interesses de ONGs e associados\u201d, diz a manchete. Na entrevista, Rebelo chega a sugerir que a rejei\u00e7\u00e3o ao marco temporal poderia fazer com que \u201cqualquer descendente do Cacique Tibiri\u00e7\u00e1 e da \u00cdndia Bartira\u201d reivindicasse a demarca\u00e7\u00e3o da \u00e1rea da cidade de S\u00e3o Paulo \u201csob muitos pretextos\u201d.<\/p>\n\n\n\n<p>Embora diagramada como uma p\u00e1gina de jornal, a p\u00e1gina dupla trazia o selo \u201cEstad\u00e3o Blue Studio\u201d \u2013 o que significa que \u00e9 um publieditorial, ou seja, publicidade disfar\u00e7ada de jornalismo. Os pre\u00e7os dos an\u00fancios do Estad\u00e3o Blue Studio n\u00e3o s\u00e3o p\u00fablicos, mas d\u00e1 para ter uma ideia do valor gasto: uma p\u00e1gina inteira no primeiro caderno do Estad\u00e3o, segundo a tabela de 2021, custa R$ 630 mil. Multiplique isso por dois. Some o valor da publicidade customizada. Como os artigos \u2013 ou melhor, propagandas \u2013 tamb\u00e9m est\u00e3o dispon\u00edveis na internet, esse valor pode ultrapassar facilmente R$ 1 milh\u00e3o.<\/p>\n\n\n\n<p>Quem assinou o an\u00fancio foi a Agrosaber, uma plataforma que afirma ter sido criada para \u201cdesmistificar fake news ligadas \u00e0 produ\u00e7\u00e3o e consumo de alimentos\u201d com base em ci\u00eancia. Mas n\u00e3o \u00e9 uma ag\u00eancia de checagem qualquer: foi uma campanha bancada por associa\u00e7\u00f5es de produtores de algod\u00e3o, soja e agrot\u00f3xicos para defender os interesses do agroneg\u00f3cio nos debates sobre o PL do Veneno,&nbsp;<a href=\"https:\/\/theintercept.com\/2018\/07\/08\/ciencia-fajuta-e-propaganda-enganosa-entenda-tudo-o-que-esta-errado-no-pl-do-veneno\/\" target=\"_blank\" rel=\"noreferrer noopener\">reivindica\u00e7\u00e3o antiga<\/a>&nbsp;da bancada ruralista para flexibilizar a venda de defensivos agr\u00edcolas.<\/p>\n\n\n\n<p>Uma&nbsp;<a href=\"https:\/\/deolhonosruralistas.com.br\/2019\/05\/21\/financiadores-da-bancada-ruralista-pilotam-tambem-campanha-pro-agrotoxicos\/\" target=\"_blank\" rel=\"noreferrer noopener\">reportagem do De Olho Nos Ruralistas<\/a>j\u00e1 mostrou que quem financia a Agrosaber s\u00e3o as mesmas associa\u00e7\u00f5es que bancam a Frente Parlamentar de Agropecu\u00e1ria. S\u00e3o entidades de produtores como a Abrapa, de algod\u00e3o, Aprosoja, de soja, e Abrass, de sementes. Elas custeiam o Instituto Pensar Agro, uma<a href=\"https:\/\/deolhonosruralistas.com.br\/2019\/05\/21\/multinacionais-sao-financiadoras-ocultas-da-frente-parlamentar-da-agropecuaria\/\" target=\"_blank\" rel=\"noreferrer noopener\">&nbsp;institui\u00e7\u00e3o discreta<\/a>&nbsp;que presta suporte t\u00e9cnico \u2013 e&nbsp;<a href=\"https:\/\/theintercept.com\/2018\/11\/15\/tereza-cristina-ruralistas\/\" target=\"_blank\" rel=\"noreferrer noopener\">envia recursos<\/a>&nbsp;\u2013 \u00e0 FPA. Quase todas essas entidades s\u00e3o ligadas a grandes empresas, inclusive multinacionais: Bayer, Basf, BRF, JBS, Bunge,&nbsp;<a href=\"https:\/\/theintercept.com\/2021\/04\/21\/syngenta-agrotoxico-mortal-paraquate\/\" target=\"_blank\" rel=\"noreferrer noopener\">Syngenta<\/a>&nbsp;e Cargill est\u00e3o na lista.<\/p>\n\n\n\n<p>(O relacionamento das megacorpora\u00e7\u00f5es com os ruralistas brasileiros \u00e9 not\u00f3rio:&nbsp;<a href=\"https:\/\/theintercept.com\/2018\/09\/11\/coca-cola-ruralistas-relatorio\/\" target=\"_blank\" rel=\"noreferrer noopener\">aqui, em 2018<\/a>, mostramos os neg\u00f3cios da Bunge e da Coca-cola com os parlamentares.)<\/p>\n\n\n\n<p>Por tr\u00e1s da Agrosaber, segundo seu site, ainda h\u00e1 a Companhia das Cooperativas Agr\u00edcolas do Brasil, que se autointitula \u201ca maior companhia de registro de defensivos agr\u00edcolas gen\u00e9ricos do pa\u00eds\u201d. Mas nada disso est\u00e1 claro no an\u00fancio do Estad\u00e3o: tudo o que aparece s\u00e3o as mensagens alarmistas e o inofensivo logotipo da Agrosaber. As mensagens alarmistas, ali\u00e1s, levam a um racioc\u00ednio falso.&nbsp;<a href=\"https:\/\/www.socioambiental.org\/pt-br\/blog\/blog-do-isa\/terras-indigenas-nao-comprometem-areas-disponiveis-e-producao-agropecuaria?utm_source=isa&amp;utm_medium=site&amp;utm_campaign=%23MarcoTemporalN%C3%A3o\" target=\"_blank\" rel=\"noreferrer noopener\">O Instituto Socioambiental p\u00f5e as coisas no devido lugar<\/a>: \u201cMais de 98% da extens\u00e3o das terras ind\u00edgenas fica na Amaz\u00f4nia Legal, muitas vezes em locais remotos e sem aptid\u00e3o para a agropecu\u00e1ria extensiva. E apenas 0,6% do resto do Brasil \u00e9 ocupado por ind\u00edgenas. A principal demanda por demarca\u00e7\u00f5es est\u00e1 fora da regi\u00e3o amaz\u00f4nica\u201d.<\/p>\n\n\n\n<p>J\u00e1 mostramos no<strong>&nbsp;Intercept<\/strong>&nbsp;como, \u00e0s v\u00e9speras de um outro julgamento no STF sobre quebra de patentes,&nbsp;<a href=\"https:\/\/theintercept.com\/2021\/04\/28\/lobby-contra-quebra-de-patentes-pagou-jornais\/\" target=\"_blank\" rel=\"noreferrer noopener\">lobistas tamb\u00e9m usaram a m\u00eddia<\/a>&nbsp;para convencer os leitores a tomarem partido em propagandas disfar\u00e7adas de jornalismo.<\/p>\n\n\n\n<p>O mecanismo foi parecido. S\u00e3o intermedi\u00e1rios \u2013 associa\u00e7\u00f5es, institutos e escrit\u00f3rios de advocacia \u2013 assinando as propagandas. Assim, disfar\u00e7am suas liga\u00e7\u00f5es diretas com as ind\u00fastrias interessadas nos resultados do julgamento. A linguagem tamb\u00e9m \u00e9 semelhante: o medo. As milion\u00e1rias manchetes alarmistas, em posi\u00e7\u00e3o de destaque em um jornal de credibilidade, ajudam a movimentar a opini\u00e3o p\u00fablica. \u00c9 amea\u00e7a \u00e0 economia, \u00e9 o fim da inova\u00e7\u00e3o, s\u00e3o as propriedades em risco.<\/p>\n\n\n\n<p>Na \u00e9poca do julgamento de patentes, o ministro Dias Toffoli se manifestou de forma dura contra os an\u00fancios disfar\u00e7ados de jornalismo. \u201cSe isso vira moda, daqui a pouco v\u00e3o colocar ataques a decis\u00f5es no jornal, no r\u00e1dio, na televis\u00e3o. Isso \u00e9 deslealdade com outros advogados e outras partes, pois manifesta\u00e7\u00f5es t\u00eam que ocorrer nos autos\u201d, ele&nbsp;<a href=\"https:\/\/www.conjur.com.br\/2021-abr-29\/toffoli-critica-materia-paga-escritorio-decisao-patentes\" target=\"_blank\" rel=\"noreferrer noopener\">afirmou<\/a>. \u201c\u00c9 m\u00e1-f\u00e9 processual, \u00e9 deslealdade processual\u201d.<\/p>\n\n\n\n<p>Parece que n\u00e3o adintou, virou moda. At\u00e9 agora, nenhum ministro se manifestou sobre os an\u00fancios pr\u00f3-agroneg\u00f3cio. O julgamento s\u00f3 deve ser retomado no dia 1\u00ba de setembro. Enquanto isso, ind\u00edgenas seguem em Bras\u00edlia, esperando. Vamos ver que an\u00fancios-surpresa nos trar\u00e3o os jornais neste domingo.<\/p>\n","protected":false},"excerpt":{"rendered":"<p>The Intercept: Lobby pr\u00f3-agrot\u00f3xico bancou an\u00fancios pelo Marco Temporal.<\/p>\n","protected":false},"author":1,"featured_media":0,"comment_status":"closed","ping_status":"open","sticky":false,"template":"","format":"standard","meta":{"_exactmetrics_skip_tracking":false,"_exactmetrics_sitenote_active":false,"_exactmetrics_sitenote_note":"","_exactmetrics_sitenote_category":0,"jetpack_post_was_ever_published":false,"_jetpack_newsletter_access":"","_jetpack_dont_email_post_to_subs":false,"_jetpack_newsletter_tier_id":0,"_jetpack_memberships_contains_paywalled_content":false,"_jetpack_memberships_contains_paid_content":false,"footnotes":"","jetpack_publicize_message":"","jetpack_publicize_feature_enabled":true,"jetpack_social_post_already_shared":true,"jetpack_social_options":{"image_generator_settings":{"template":"highway","enabled":false},"version":2}},"categories":[1],"tags":[],"class_list":["post-32769","post","type-post","status-publish","format-standard","hentry","category-notas"],"jetpack_publicize_connections":[],"jetpack_sharing_enabled":true,"jetpack_featured_media_url":"","jetpack_shortlink":"https:\/\/wp.me\/p7wKYW-8wx","jetpack-related-posts":[],"_links":{"self":[{"href":"http:\/\/blogdalucianaoliveira.com.br\/blog\/wp-json\/wp\/v2\/posts\/32769","targetHints":{"allow":["GET"]}}],"collection":[{"href":"http:\/\/blogdalucianaoliveira.com.br\/blog\/wp-json\/wp\/v2\/posts"}],"about":[{"href":"http:\/\/blogdalucianaoliveira.com.br\/blog\/wp-json\/wp\/v2\/types\/post"}],"author":[{"embeddable":true,"href":"http:\/\/blogdalucianaoliveira.com.br\/blog\/wp-json\/wp\/v2\/users\/1"}],"replies":[{"embeddable":true,"href":"http:\/\/blogdalucianaoliveira.com.br\/blog\/wp-json\/wp\/v2\/comments?post=32769"}],"version-history":[{"count":1,"href":"http:\/\/blogdalucianaoliveira.com.br\/blog\/wp-json\/wp\/v2\/posts\/32769\/revisions"}],"predecessor-version":[{"id":32771,"href":"http:\/\/blogdalucianaoliveira.com.br\/blog\/wp-json\/wp\/v2\/posts\/32769\/revisions\/32771"}],"wp:attachment":[{"href":"http:\/\/blogdalucianaoliveira.com.br\/blog\/wp-json\/wp\/v2\/media?parent=32769"}],"wp:term":[{"taxonomy":"category","embeddable":true,"href":"http:\/\/blogdalucianaoliveira.com.br\/blog\/wp-json\/wp\/v2\/categories?post=32769"},{"taxonomy":"post_tag","embeddable":true,"href":"http:\/\/blogdalucianaoliveira.com.br\/blog\/wp-json\/wp\/v2\/tags?post=32769"}],"curies":[{"name":"wp","href":"https:\/\/api.w.org\/{rel}","templated":true}]}}