{"id":32772,"date":"2021-09-01T11:51:59","date_gmt":"2021-09-01T15:51:59","guid":{"rendered":"http:\/\/blogdalucianaoliveira.com.br\/blog\/?p=32772"},"modified":"2021-09-01T11:52:02","modified_gmt":"2021-09-01T15:52:02","slug":"quem-e-o-homem-que-conecta-a-extrema-direita-alema-com-evangelicos-brasileiros","status":"publish","type":"post","link":"http:\/\/blogdalucianaoliveira.com.br\/blog\/2021\/09\/01\/quem-e-o-homem-que-conecta-a-extrema-direita-alema-com-evangelicos-brasileiros\/","title":{"rendered":"Quem \u00e9 o homem que conecta a extrema-direita alem\u00e3 com evang\u00e9licos brasileiros"},"content":{"rendered":"\n<figure class=\"wp-block-image\"><img data-recalc-dims=\"1\" decoding=\"async\" src=\"https:\/\/i0.wp.com\/images01.brasildefato.com.br\/858f86cbe8d1364208e059ae07822d8f.jpeg?w=600&#038;ssl=1\" alt=\"\"\/><\/figure>\n\n\n\n<h2 class=\"wp-block-heading\">Parlamentar da AfD Waldemar Herdt fala sobre alian\u00e7a entre ultraconservadores dos dois pa\u00edses<\/h2>\n\n\n\n<!--more-->\n\n\n\n<p>Niklas Franzen e Andrea Becker\u00a0<a rel=\"noreferrer noopener\" target=\"_blank\" href=\"https:\/\/apublica.org\/2021\/08\/quem-e-o-homem-que-conecta-a-extrema-direita-alema-com-evangelicos-brasileiros\/\">Ag\u00eancia P\u00fablica<\/a><br><\/p>\n\n\n\n<p>26 de mar\u00e7o de 2021. Um homem baixo e roli\u00e7o caminha pela pra\u00e7a margeada por palmeiras e colunas douradas, no jardim do Templo de Salom\u00e3o, em S\u00e3o Paulo. Ele \u00e9 acompanhado por seis pessoas vestidas elegantemente, entre elas o deputado federal Aroldo Martins (Republicanos-PR) e o bispo da Igreja Universal Eduardo Bravo. Um v\u00eddeo mostra o homem passeando por uma r\u00e9plica do Tabern\u00e1culo, admirando artefatos religiosos e falando ao microfone diante de um candelabro de sete bra\u00e7os. Segundo ele, nesse lugar \u00e9 poss\u00edvel ver que \u201ca palavra de Deus est\u00e1 viva\u201d. Ele fala de uma \u201cfrieza do evangelho\u201d na Alemanha e diz que o Brasil \u00e9 um exemplo para que a Europa reavive sua f\u00e9.<br><\/p>\n\n\n\n<p>O homem no v\u00eddeo \u00e9 Waldemar Herdt, 58 anos, membro do Parlamento Federal Alem\u00e3o representando a AfD (sigla em alem\u00e3o para \u201cAlternativa para a Alemanha\u201d), o maior partido de extrema direita do pa\u00eds. No fim de mar\u00e7o, ele viajou ao Brasil, onde se encontrou com pol\u00edticos e pastores, visitou empresas e igrejas. O que faz um deputado alem\u00e3o viajar ao Brasil em meio \u00e0 pandemia de coronav\u00edrus? A resposta para essa pergunta remete a um homem importante para o networking da direita crist\u00e3; a grupos de seguidores da B\u00edblia que fazem alian\u00e7as no mundo inteiro e tentam redefinir os direitos humanos; e a um partido alem\u00e3o que vem buscando intensamente o interc\u00e2mbio com for\u00e7as da extrema direita no Brasil.<br>&nbsp;<\/p>\n\n\n\n<figure><iframe allowfullscreen=\"\" src=\"https:\/\/www.youtube.com\/embed\/B6ewCDAYBSY?rel=0\"><\/iframe><\/figure>\n\n\n\n<p><br><br><strong>\u201cO Brasil foi especial\u201d<\/strong><\/p>\n\n\n\n<p>Neuenkirchen-V\u00f6rden, no noroeste da Alemanha. Uma estrada serpenteia atrav\u00e9s do buc\u00f3lico povoado. O gramado em frente \u00e0s casas est\u00e1 bem aparado, bandeiras da Alemanha tremulam ao vento, e d\u00e1 para ver algumas vacas no pasto. Um pouco afastado dali, encontra-se um terreno gigantesco protegido por \u00e1rvores e um muro. Um caminho de cascalhos conduz at\u00e9 a casa onde Waldemar Herdt vive com sua fam\u00edlia. \u00c9 final de julho. Depois de ter cancelado duas entrevistas em Berlim em cima da hora, o pol\u00edtico de extrema direita da AfD se disp\u00f4s a realizar um encontro em sua casa.&nbsp;<\/p>\n\n\n\n<p>A AfD foi fundada em 2013. Em 2017, ingressou no Parlamento alem\u00e3o com 12,6% dos votos. No momento de sua cria\u00e7\u00e3o, era sobretudo um partido nacionalista, ultraliberal, contra a Uni\u00e3o Europeia. No entanto, com a chegada de centenas de milhares de refugiados na Alemanha, as for\u00e7as de direita radical se afirmaram dentro do partido. Hoje a AfD \u00e9 um partido com conex\u00f5es em movimentos de extrema direita e grupos neonazistas. Seus pol\u00edticos costumam chamar a aten\u00e7\u00e3o por causa de coment\u00e1rios racistas e antissem\u00edticos. Bj\u00f6rn H\u00f6cke, integrante da AfD, por exemplo, chamou o Memorial do Holocausto (que lembra a morte de 6 milh\u00f5es de judeus pelo nazismo) em Berlim de \u201cmemorial da vergonha\u201d.<\/p>\n\n\n\n<p><strong><a href=\"https:\/\/www.brasildefato.com.br\/2021\/07\/26\/lider-de-ato-neonazista-pro-bolsonaro-em-2011-organiza-carreatas-em-apoio-ao-presidente-em-sp\" target=\"_blank\" rel=\"noreferrer noopener\">:: L\u00edder de ato neonazista pr\u00f3-Bolsonaro em 2011 organiza carreatas em apoio ao presidente em SP ::<\/a><\/strong><br><br>Na entrada da enorme casa de Waldemar Herdt, uma placa sa\u00fada os visitantes: \u201cDeus aben\u00e7oe esta casa\/ e todos que nela entram e dela saem\u201d. O rep\u00f3rter j\u00e1 almo\u00e7ou? A esposa de Herdt havia preparado algo. \u201cN\u00e3o mesmo? Tem certeza?\u201d Herdt conduz ent\u00e3o o rep\u00f3rter at\u00e9 uma sala espa\u00e7osa com ch\u00e3o de ladrilho. O filho adulto do pol\u00edtico est\u00e1 ocupado atr\u00e1s de cinco monitores de televis\u00e3o, atendendo liga\u00e7\u00f5es para a transportadora da fam\u00edlia. Uma grande vidra\u00e7a d\u00e1 vista para o imenso jardim. Trampolim, balan\u00e7o, uma tenda para eventos. Um cachorro faz algazarra na coleira.<\/p>\n\n\n\n<p>Antes de a entrevista come\u00e7ar, Herdt ainda precisa responder a algumas mensagens e liga\u00e7\u00f5es. Elas t\u00eam a ver com Arm\u00eania, Gr\u00e9cia, Uzbequist\u00e3o. N\u00e3o tem como n\u00e3o notar: tudo passa por Waldemar Herdt. \u201cO Brasil foi especial\u201d, diz Herdt entusiasmado, com sotaque russo. Ele \u00e9 origin\u00e1rio do Cazaquist\u00e3o. O maior pa\u00eds da Am\u00e9rica Latina vem assumindo um papel cada vez mais importante para a direita crist\u00e3 europeia.&nbsp;<\/p>\n\n\n\n<p><br><strong>\u201cInternacional conservadora\u201d<\/strong><\/p>\n\n\n\n<p>O plano de viajar ao Brasil surgiu em 2019, durante o National Prayer Breakfast na Casa Branca, em Washington. Uma vez por ano, pol\u00edticos e grupos religiosos do mundo todo re\u00fanem-se na capital dos Estados Unidos por iniciativa de uma organiza\u00e7\u00e3o crist\u00e3 conservadora. O encontro \u00e9 considerado um importante evento para fazer lobby de grupos de interesse crist\u00e3os nos EUA. Alguns desses grupos s\u00e3o cat\u00f3licos, muitos s\u00e3o evang\u00e9licos, e n\u00e3o s\u00e3o poucos os fundamentalistas. At\u00e9 mesmo Donald Trump, ent\u00e3o presidente dos EUA, falou por l\u00e1. \u201cN\u00e3o foi um discurso presidencial\u201d, diz Herdt: \u201cFoi uma prega\u00e7\u00e3o\u201d. No ano de 2019, 4.500 pessoas participaram do evento, sobretudo pol\u00edticos, mas tamb\u00e9m pastores e empres\u00e1rios. Dez parlamentares viajaram da Alemanha. Herdt tamb\u00e9m teve conversas com parlamentares brasileiros nesse evento. Com quem exatamente, ele n\u00e3o revela. Mas uma coisa ele quer falar: \u201cDurante o Prayer Breakfast, percebi que n\u00e3o apenas eu, mas toda a AfD n\u00e3o possui rela\u00e7\u00f5es com a Am\u00e9rica Latina\u201d. Isso iria mudar em breve.<br><br>Em julho deste ano, a famosa pol\u00edtica da AfD Beatrix von Storch tamb\u00e9m viajou ao Brasil e se encontrou com o presidente Jair Bolsonaro. Depois da visita, que foi amplamente divulgada pela imprensa brasileira, a deputada federal falou em uma entrevista para a BBC que pretende criar uma \u201cinternacional conservadora\u201d, uma alus\u00e3o a Internacional Comunista. Em um texto no jornal da direita alem\u00e3 Junge Freiheit, ela reclama que a esquerda opera hoje em n\u00edvel mundial. \u201cAs suas redes chegam desde as Na\u00e7\u00f5es Unidas e Uni\u00e3o Europeia at\u00e9 aos tribunais internacionais, desde os gigantes da internet at\u00e9 aos meios de comunica\u00e7\u00e3o social nacionais. Antifa, \u2018Fridays for Future\u2019 e \u2018Black Lives Matter\u2019 atuam como organiza\u00e7\u00f5es em n\u00edvel mundial. A menos que os conservadores tamb\u00e9m trabalhem em rede em n\u00edvel mundial, estar\u00e3o sempre em desvantagem e ficar\u00e3o para tr\u00e1s. O governo de Bolsonaro compreendeu isto e est\u00e1, portanto, aberto \u00e0 coopera\u00e7\u00e3o internacional com os conservadores de outros pa\u00edses\u201d, declarou.<\/p>\n\n\n\n<p><strong><a href=\"https:\/\/www.brasildefato.com.br\/2021\/07\/23\/deputada-da-ultradireita-alema-se-encontra-com-eduardo-bolsonaro-e-bia-kicis-em-brasilia\" target=\"_blank\" rel=\"noreferrer noopener\">:: Deputada da ultradireita alem\u00e3 se encontra com Eduardo Bolsonaro e Bia Kicis em Bras\u00edlia ::<\/a><\/strong><br><br>No Brasil, ela se encontrou ainda com outros pol\u00edticos influentes, entre eles o filho do presidente, o deputado Eduardo Bolsonaro. Steve Bannon, ex-estrategista-chefe de Donald Trump, anunciou Eduardo Bolsonaro como l\u00edder do \u201cThe Movement\u201d na Am\u00e9rica Latina, uma rede internacional de direita que se encontra em planejamento. Ao contr\u00e1rio da visita de Waldemar Herdt, o encontro com Beatrix von Storch, que \u00e9 neta do ministro de finan\u00e7as de Hitler, gerou uma grande indigna\u00e7\u00e3o, sobretudo por grupos judeus e organiza\u00e7\u00f5es de direitos humanos.<\/p>\n\n\n\n<figure class=\"wp-block-image\"><img data-recalc-dims=\"1\" decoding=\"async\" src=\"https:\/\/i0.wp.com\/images02.brasildefato.com.br\/504d8aa451cd06a5303f2077b76cd8b9.jpeg?w=600&#038;ssl=1\" alt=\"\"\/><\/figure>\n\n\n\n<p><br>Beatrix von Storch, l\u00edder de extrema direita, se reuniu com Bolsonaro no Pal\u00e1cio do Planalto \/ Reprodu\u00e7\u00e3o\/Beatrix von Storch<\/p>\n\n\n\n<p>Von Storch, assim como Herdt, integra a ala crist\u00e3-conservadora da&nbsp;AfD. Nessa corrente, uniram-se representantes de diferentes confiss\u00f5es crist\u00e3s: igrejas evang\u00e9licas livres, anglicanos, opositores do papa Francisco e cat\u00f3licos tradicionalistas. Seu posicionamento costuma estar em grande afinidade com as posi\u00e7\u00f5es oficiais das igrejas cat\u00f3lica e evang\u00e9lica. O lema dessa direita religiosa \u00e9 a defesa daquilo que consideram ser o \u201cOcidente crist\u00e3o\u201d: a luta contra o aborto e direitos LGBTQI, a promo\u00e7\u00e3o da fam\u00edlia tradicional como norma universal e a resist\u00eancia a uma suposta \u201cislamiza\u00e7\u00e3o\u201d.<\/p>\n\n\n\n<p>A visita de Beatrix, no entanto, teve poucos resultados concretos at\u00e9 agora \u2013 ao contr\u00e1rio da viagem do Waldemar Herdt. Ele continua sendo o pol\u00edtico mais importante da nova alian\u00e7a entre a AfD e o Brasil.<\/p>\n\n\n\n<p><strong>Algo podre<\/strong><\/p>\n\n\n\n<p>Uma pauta que une evang\u00e9licos e a nova direita ultraconservadora no mundo \u00e9, ao lado da criminaliza\u00e7\u00e3o do aborto, a luta contra a comunidade LGBTI. \u00c9 tamb\u00e9m por esse motivo que buscam intensamente contatos no exterior. \u201cEles querem transformar sua agenda em um tema global\u201d, diz Christina Vital, professora do Programa de P\u00f3s-Gradua\u00e7\u00e3o em Sociologia da Universidade Federal Fluminense \u2013 UFF e colaboradora do Instituto de Estudos da Religi\u00e3o \u2013 Iser. \u201cPara isso, est\u00e3o se unindo a in\u00fameras for\u00e7as, atuando em redes internacionais.\u201d Segundo Vital, evang\u00e9licos brasileiros t\u00eam conex\u00f5es diretas com a Casa Branca. Contatos na Europa, no entanto, s\u00e3o poucos at\u00e9 agora, e nenhum significativo na Alemanha. Ser\u00e1 que Waldemar Herdt quer mudar isso?<br>&nbsp;<\/p>\n\n\n\n<figure class=\"wp-block-image\"><img data-recalc-dims=\"1\" decoding=\"async\" src=\"https:\/\/i0.wp.com\/images03.brasildefato.com.br\/2073c20119436becc3a75c7aece7874d.jpeg?w=600&#038;ssl=1\" alt=\"\"\/><\/figure>\n\n\n\n<p><br>Herdt sobre Feliciano: \u201cSe procurar, todo mundo tem algo&nbsp;podre\u201d \/ Reprodu\u00e7\u00e3o\/Instagram Marcos Feliciano<br>&nbsp;<\/p>\n\n\n\n<p>O pol\u00edtico da AfD conta que ficou impressionado por haver uma coaliz\u00e3o entre deputados religiosos no Parlamento brasileiro e muitos deles serem pastores. \u201cNo Brasil, \u00e9 poss\u00edvel expressar a f\u00e9, sem que se sinta press\u00e3o contr\u00e1ria da sociedade.\u201d Herdt se encontrou com in\u00fameros pol\u00edticos evang\u00e9licos e pastores no Brasil. Um encontro com o tamb\u00e9m evang\u00e9lico Eduardo Bolsonaro (PSL-SP), filho do presidente, estava igualmente previsto, mas n\u00e3o p\u00f4de ocorrer devido a uma viagem de f\u00e9rias. Em compensa\u00e7\u00e3o, Herdt se encontrou com Marcelo Crivella (Republicanos), bispo licenciado da Universal e ex-prefeito do Rio de Janeiro. Tamb\u00e9m com a deputada Bia Kicis (PSL-DF), apoiadora radical de Bolsonaro.&nbsp;<\/p>\n\n\n\n<p>Mas um interlocutor em especial chama aten\u00e7\u00e3o: Marco Feliciano (PSC-SP). Deputado, vice-l\u00edder do governo e pastor. Trata-se provavelmente de um dos mais importantes elos entre as igrejas evang\u00e9licas e a pol\u00edtica e de algu\u00e9m altamente controverso. In\u00fameras vezes, fez manifesta\u00e7\u00f5es consideradas racistas e homof\u00f3bicas. Sobre isso, Herdt diz apenas: \u201cSe procurar, todo mundo tem algo podre [em tradu\u00e7\u00e3o livre]\u201d. Al\u00e9m do mais, ele alega n\u00e3o ter feito nenhuma pesquisa detalhada antes desse encontro.<\/p>\n\n\n\n<p><strong>AfD em busca de conex\u00f5es com o Brasil<\/strong><\/p>\n\n\n\n<p>Waldemar Herdt n\u00e3o \u00e9 o \u00fanico pol\u00edtico da AfD atr\u00e1s de conex\u00f5es com o Brasil. No dia 28 de outubro de 2018, dia em que Bolsonaro foi eleito presidente, Petr Bystron, l\u00edder da AfD no Comit\u00ea de Rela\u00e7\u00f5es Exteriores do Parlamento Alem\u00e3o, o descreveu como um \u201cverdadeiro conservador\u201d e comemorou: \u201cA revolu\u00e7\u00e3o conservadora agora chegou \u00e0 Am\u00e9rica do Sul\u201d.<\/p>\n\n\n\n<p>Outros pol\u00edticos tamb\u00e9m celebraram a vit\u00f3ria do homem que, durante a campanha, amea\u00e7ou fuzilar seus oponentes pol\u00edticos e pendurou em seu escrit\u00f3rio fotos de torturadores. Christian Blex, por exemplo. Conhecido por ser especialmente radical, o deputado da AfD no Parlamento do estado da Ren\u00e2nia do Norte-Vestef\u00e1lia tem rela\u00e7\u00f5es familiares no Brasil e est\u00e1 no pa\u00eds com frequ\u00eancia. \u201cPor motivos meramente pessoais\u201d, ele enfatiza. J\u00e1 que seu foco est\u00e1 na pol\u00edtica interna da Alemanha, ele diz n\u00e3o querer se envolver em quest\u00f5es internacionais. No entanto, ficou contente com a vit\u00f3ria de Bolsonaro, com quem simpatiza por negar a \u201cbesteira clim\u00e1tica\u201d e n\u00e3o compactuar com o \u201cp\u00e2nico com o corona\u201d. Para Blex, \u00e9 l\u00f3gico que suas posi\u00e7\u00f5es n\u00e3o agradam ao \u201cmainstream da esquerda\u201d. Ele teria proposto a cria\u00e7\u00e3o de um Grupo Parlamentar Brasil-Alemanha no Parlamento estadual, mas a tentativa n\u00e3o deu certo. \u201cQuem sabe no pr\u00f3ximo per\u00edodo de legislatura\u201d, diz.<br><br>Outro pol\u00edtico da AfD com liga\u00e7\u00f5es com o Brasil \u00e9 Torben Braga, 30 anos, deputado no Parlamento do estado da Tur\u00edngia. Ele foi assessor de imprensa da Associa\u00e7\u00e3o Alem\u00e3 de Fraternidades Estudantis, uma institui\u00e7\u00e3o notoriamente racista. \u00c9 considerado um afilhado pol\u00edtico de Bj\u00f6rn H\u00f6cke, figura mais radical da sigla. Braga nasceu e cresceu no Brasil, frequentou a escola no Rio de Janeiro. Suas chances de ingressar no Parlamento Federal Alem\u00e3o nas elei\u00e7\u00f5es de setembro s\u00e3o boas. Nas redes sociais, Braga tamb\u00e9m comemorou a vit\u00f3ria de Bolsonaro, mas, quando entrevistado, se comporta de maneira mais contida. Quanto \u00e0 dissemina\u00e7\u00e3o de \u00f3dio contra minorias? Afinal, Bolsonaro afirmou que prefere um filho morto a um filho gay, fez ofensas racistas \u00e0 popula\u00e7\u00e3o negra, disse a uma deputada que ela n\u00e3o merecia sequer ser estuprada. Braga alega que n\u00e3o conhece essas cita\u00e7\u00f5es e por isso n\u00e3o pode se manifestar sobre elas.<br>&nbsp;<\/p>\n\n\n\n<figure class=\"wp-block-image\"><img data-recalc-dims=\"1\" decoding=\"async\" src=\"https:\/\/i0.wp.com\/images02.brasildefato.com.br\/7bf6db5303cfb1c481e360ec247e7cdf.jpeg?w=600&#038;ssl=1\" alt=\"\"\/><\/figure>\n\n\n\n<p><br>Ligado \u00e0 pol\u00edticos radicais da AfD e ex-assessor de organiza\u00e7\u00e3o racista, Torben Braga \u00e9 um entusiasta de Jair&nbsp;Bolsonaro \/ Reprodu\u00e7\u00e3o\/Facebook AfD<\/p>\n\n\n\n<p>Al\u00e9m disso, a AfD apresentou ao Executivo diversos Kleine Anfragen, questionamentos oficiais sobre a ajuda externa ao Brasil. Com isso, os deputados dos parlamentos podem fazer perguntas que devem ser respondidas e publicadas pelo governo em tempo \u00fatil. \u201cTrata-se de um mero pretexto para atribuir um ar democr\u00e1tico ao governo de Bolsonaro\u201d, diz Yasmin Fahimi, pol\u00edtica da SPD que preside o Grupo Parlamentar Brasil-Alemanha no Parlamento alem\u00e3o. \u201cMuitas quest\u00f5es problem\u00e1ticas n\u00e3o s\u00e3o trazidas \u00e0 tona.\u201d<\/p>\n\n\n\n<p>Analistas entrevistados pela reportagem acreditam que, com a sa\u00edda de Donald Trump, o pa\u00eds pode vir a assumir um papel de lideran\u00e7a para a direita crist\u00e3. E h\u00e1 motivos para afirmar que o pol\u00edtico da AfD Waldemar Herdt exerce um papel central para o networking dessa alian\u00e7a conservadora-crist\u00e3 internacional.&nbsp;<\/p>\n\n\n\n<p><br><strong>\u201cValores da B\u00edblia que guiam meu caminho\u201d<\/strong><\/p>\n\n\n\n<p>Herdt migrou para a Alemanha em 1993. Cresceu no Cazaquist\u00e3o, formou-se engenheiro agr\u00edcola, foi diretor de uma cooperativa de produ\u00e7\u00e3o. Desde 2004, \u00e9 dono de uma construtora no estado alem\u00e3o da Baixa Sax\u00f4nia. Antes de ingressar na AfD, ele se engajou no pequeno Partido dos Crist\u00e3os Seguidores da B\u00edblia. At\u00e9 o in\u00edcio deste ano, Herdt era o porta-voz da Associa\u00e7\u00e3o Regional Norte dos \u201cCrist\u00e3os na AfD\u201d. \u201cS\u00e3o os valores da B\u00edblia que guiam meu caminho\u201d, escreve ele em sua homepage.<\/p>\n\n\n\n<p>Herdt \u00e9 um homem que fala bastante sobre \u201chumanismo\u201d, refor\u00e7a o tempo todo que a fam\u00edlia \u00e9 o mais importante, se diz pacifista. N\u00e3o \u00e9 daquele tipo cl\u00e1ssico da AfD que propaga o \u00f3dio \u00e0s minorias. Mesmo assim, ele fala em \u201chisteria do clima\u201d e diz que \u201co sentimento de culpa coletivo alem\u00e3o\u201d em rela\u00e7\u00e3o ao nazismo estaria tirando a dignidade dos alem\u00e3es. Volta e meia, ele alerta sobre um \u201cnovo modelo de sociedade\u201d e para uma suposta \u201cideologia de g\u00eanero\u201d. \u201cNa Alemanha, a legisla\u00e7\u00e3o vem mudando por press\u00e3o de descrentes \u2013 a ponto de que, em breve, iremos parar em Sodoma e Gomorra\u201d, afirma. \u201cUma rede de direita conservadora n\u00e3o faria mal, como contrapeso.\u201d explica. Essa virou sua miss\u00e3o mais importante.&nbsp;<br><br>A igreja que Herdt frequenta \u00e9 uma constru\u00e7\u00e3o de dois andares com vidros em tom azulado, localizada em uma rua bastante movimentada, n\u00e3o longe da esta\u00e7\u00e3o central de trem de Osnabr\u00fcck (cidade de 160.000 habitantes no estado da Baixa Sax\u00f4nia). Na entrada, um letreiro: \u201cIgreja Evang\u00e9lica Livre Fonte da Vida\u201d (Lebensquelle em alem\u00e3o). Acima, uma cruz. Tirando isso, o pr\u00e9dio n\u00e3o chama aten\u00e7\u00e3o. Herd se engaja ativamente nos compromissos da igreja evang\u00e9lica. A \u201cFonte da Vida\u201d faz parte das comunidades pentecostais que, via de regra, n\u00e3o fazem uma leitura b\u00edblica de forma cr\u00edtica. Estima-se que essa vertente confessional em espec\u00edfico tenha 60 mil adeptos na Alemanha.<br>&nbsp;<\/p>\n\n\n\n<figure class=\"wp-block-image\"><img data-recalc-dims=\"1\" decoding=\"async\" src=\"https:\/\/i0.wp.com\/images03.brasildefato.com.br\/3d59374b978b05b5a75e60882c45dfbd.jpeg?w=600&#038;ssl=1\" alt=\"\"\/><\/figure>\n\n\n\n<p><br>Igreja evang\u00e9lica alem\u00e3 \u201cFonte da Vida\u201d recebe cr\u00edticas por supostamente fazer terapia de convers\u00e3o para homossexuais \/ Niklas Franzen\/Ag\u00eancia P\u00fablica<\/p>\n\n\n\n<p>A \u201cFonte da Vida\u201d tem um canal pr\u00f3prio no YouTube, e nos cultos as bandas tocam m\u00fasica pop crist\u00e3. Os m\u00fasicos se parecem com jovens adultos quaisquer: barba de tr\u00eas dias, brincos, camisetas. Suas apresenta\u00e7\u00f5es s\u00e3o emotivas, melodram\u00e1ticas at\u00e9: \u201cVoc\u00ea venceu a morte por mim. Obrigado, Jesus\u201d. Na frente do palco, pessoas dan\u00e7am, batem palmas, estendem as m\u00e3os para o alto. \u201cObrigado, Jesus. Obrigado, Jesus.\u201d A \u201cFonte da Vida\u201d, no entanto, recebe cr\u00edticas por realizar \u201cterapias de convers\u00e3o\u201d para a \u201ccura da homossexualidade\u201d e tratamentos duvidosos contra depend\u00eancia qu\u00edmica.<br><br>De vez em quando, outros pregadores s\u00e3o convidados a Osnabr\u00fcck \u2013 essas visitas est\u00e3o documentadas no YouTube. Alexey Ledyaev, da Let\u00f4nia, \u00e9 um deles. Ledyaev comanda a \u201cNew Generation Church\u201d em Riga e \u00e9 conhecido por prega\u00e7\u00f5es homof\u00f3bicas agressivas. Waldemar Herdt diz que ele \u00e9 seu \u201camigo\u201d. Dentro desse contexto, tamb\u00e9m fez uma apari\u00e7\u00e3o na campanha eleitoral, em um evento que o pregador organizou em nome dos \u201cWatchmen on the Wall\u201d. Os Watchmen s\u00e3o um projeto conjunto de Ledyaev e do pregador estadunidense fundamentalista de extrema direita Scott Lively. Em uma prega\u00e7\u00e3o durante a funda\u00e7\u00e3o dos Watchmen, Ledyaev afirmou que os LGBTI tentaram erigir uma \u201cditadura da homossexualidade\u201d e que os Watchmen devem proteger a sociedade da \u201ccultura da morte\u201d, al\u00e9m de apoiar pol\u00edticos que compartilham dos seus valores. Lively \u00e9 coautor do livro Su\u00e1stica rosa, que responsabiliza homossexuais pelo Holocausto. Em um evento dos Watchmen em Riga em novembro de 2018, Waldemar Herdt apareceu junto de Lively, sendo apresentado como um aclamado convidado especial. Apesar disso, quando questionado, Herdt admite que pode at\u00e9 conhecer o pregador, mas s\u00f3 consegue se recordar dele vagamente.<\/p>\n\n\n\n<p><strong>A alian\u00e7a<\/strong><\/p>\n\n\n\n<p>No ver\u00e3o de 2019 Waldemar Herdt viajou a Moscou e apresentou uma ideia: a cria\u00e7\u00e3o de uma \u201ccomiss\u00e3o de direitos humanos alternativa\u201d. Ele a explica desta forma: \u201cCheguei \u00e0 conclus\u00e3o de que todas as organiza\u00e7\u00f5es de direitos humanos t\u00eam um toque de ideologia de g\u00eanero esquerdista. O lado conservador n\u00e3o tem nenhuma representa\u00e7\u00e3o. Precisamos de uma comiss\u00e3o interparlamentar baseada em valores crist\u00e3os, conservadores e patri\u00f3ticos\u201d.<\/p>\n\n\n\n<p>Alguns meses depois, em dezembro de 2019, a bancada da AfD no Parlamento Federal decide de fato fundar a \u201cComiss\u00e3o Interparlamentar de Direitos Humanos\u201d (IPMK, na sigla em alem\u00e3o) \u2013 presidida por Waldemar Herdt. Em um comunicado \u00e0 imprensa, a AfD escreve que a comiss\u00e3o vai se ocupar da \u201cideologia esquerdista ambientalista oculta na defini\u00e7\u00e3o cl\u00e1ssica de direitos humanos\u201d. At\u00e9 agora, segundo Herdt, a comiss\u00e3o conta com parlamentares e especialistas de 30 pa\u00edses, entre eles Estados Unidos, Portugal, S\u00e9rvia, R\u00fassia, Bielorr\u00fassia, Cazaquist\u00e3o, Mong\u00f3lia e, recentemente, o Brasil. Resolu\u00e7\u00f5es estariam sendo elaboradas para virar projetos de lei. A despeito da pandemia, a IPMK j\u00e1 realizou diversos eventos. Entre eles, uma confer\u00eancia on-line sobre o tema \u201cextremismo\u201d, onde se reuniram parlamentares e ativistas russos, pregadores estadunidenses e Sam Brownback, que havia sido nomeado por Trump como embaixador especial para a liberdade religiosa.<br><br>No mundo todo, o tema dos direitos humanos e a ocupa\u00e7\u00e3o de cargos pol\u00edticos em posi\u00e7\u00f5es relevantes nessa \u00e1rea t\u00eam se tornado uma esp\u00e9cie de porta de entrada para a direita crist\u00e3. Inclusive no Brasil, onde Marco Feliciano, interlocutor de Herdt, foi escolhido em 2013 presidente da Comiss\u00e3o de Direitos Humanos da C\u00e2mara dos Deputados. \u201cEle n\u00e3o chegou a esse posto por j\u00e1 ter trabalhado na \u00e1rea, mas por querer acabar com os temas LGBTQI\u201d, diz a antrop\u00f3loga Christina Vital. Tamb\u00e9m a ministra Damares Alves, evang\u00e9lica, vem tentando estabelecer uma nova defini\u00e7\u00e3o de direitos humanos. E o que pensa Herdt? Para ele, direitos humanos significam sobretudo tr\u00eas coisas: \u201cdireito \u00e0 vida, direito ao trabalho e direito \u00e0 cren\u00e7a religiosa\u201d, diz. Entretanto, essa \u00e9 apenas uma parcela do que consta na constitui\u00e7\u00e3o da Alemanha e na Declara\u00e7\u00e3o Universal dos Direitos Humanos. Em junho, o Instituto Alem\u00e3o para Direitos Humanos j\u00e1 soava o alarme em um estudo detalhado sobre a AfD. Esse estudo concluiu que, do ponto de vista da teoria dos direitos humanos, a AfD defende posi\u00e7\u00f5es que n\u00e3o encontram base na Constitui\u00e7\u00e3o.<\/p>\n\n\n\n<p>Este ano Waldemar Herdt n\u00e3o vai concorrer de novo ao Parlamento Federal Alem\u00e3o. At\u00e9 chegou a se candidatar durante a primeira pr\u00e9via do partido, por\u00e9m n\u00e3o foi escolhido. Apesar disso, o gr\u00eamio da IPMK vai continuar, como ele mesmo enfatiza na entrevista. E Herdt pretende seguir atuando como porta-voz da IPMK. Al\u00e9m disso, est\u00e1 prevista uma confer\u00eancia no Parlamento alem\u00e3o no ano que vem. Os principais convidados s\u00e3o os interlocutores de Herdt no Brasil: Bia Kicis, Kennedy Nunes, Aroldo Martins, Luiz Philippe de Orleans e Bragan\u00e7a. \u00c9 o come\u00e7o de uma nova alian\u00e7a.<a><\/a><a><\/a><a><\/a><a><\/a><\/p>\n","protected":false},"excerpt":{"rendered":"<p>Parlamentar da AfD Waldemar Herdt fala sobre alian\u00e7a entre ultraconservadores dos dois pa\u00edses<\/p>\n","protected":false},"author":1,"featured_media":0,"comment_status":"closed","ping_status":"open","sticky":false,"template":"","format":"standard","meta":{"_exactmetrics_skip_tracking":false,"_exactmetrics_sitenote_active":false,"_exactmetrics_sitenote_note":"","_exactmetrics_sitenote_category":0,"jetpack_post_was_ever_published":false,"_jetpack_newsletter_access":"","_jetpack_dont_email_post_to_subs":false,"_jetpack_newsletter_tier_id":0,"_jetpack_memberships_contains_paywalled_content":false,"_jetpack_memberships_contains_paid_content":false,"footnotes":"","jetpack_publicize_message":"","jetpack_publicize_feature_enabled":true,"jetpack_social_post_already_shared":true,"jetpack_social_options":{"image_generator_settings":{"template":"highway","enabled":false},"version":2}},"categories":[1],"tags":[],"class_list":["post-32772","post","type-post","status-publish","format-standard","hentry","category-notas"],"jetpack_publicize_connections":[],"jetpack_sharing_enabled":true,"jetpack_featured_media_url":"","jetpack_shortlink":"https:\/\/wp.me\/p7wKYW-8wA","jetpack-related-posts":[],"_links":{"self":[{"href":"http:\/\/blogdalucianaoliveira.com.br\/blog\/wp-json\/wp\/v2\/posts\/32772","targetHints":{"allow":["GET"]}}],"collection":[{"href":"http:\/\/blogdalucianaoliveira.com.br\/blog\/wp-json\/wp\/v2\/posts"}],"about":[{"href":"http:\/\/blogdalucianaoliveira.com.br\/blog\/wp-json\/wp\/v2\/types\/post"}],"author":[{"embeddable":true,"href":"http:\/\/blogdalucianaoliveira.com.br\/blog\/wp-json\/wp\/v2\/users\/1"}],"replies":[{"embeddable":true,"href":"http:\/\/blogdalucianaoliveira.com.br\/blog\/wp-json\/wp\/v2\/comments?post=32772"}],"version-history":[{"count":2,"href":"http:\/\/blogdalucianaoliveira.com.br\/blog\/wp-json\/wp\/v2\/posts\/32772\/revisions"}],"predecessor-version":[{"id":32774,"href":"http:\/\/blogdalucianaoliveira.com.br\/blog\/wp-json\/wp\/v2\/posts\/32772\/revisions\/32774"}],"wp:attachment":[{"href":"http:\/\/blogdalucianaoliveira.com.br\/blog\/wp-json\/wp\/v2\/media?parent=32772"}],"wp:term":[{"taxonomy":"category","embeddable":true,"href":"http:\/\/blogdalucianaoliveira.com.br\/blog\/wp-json\/wp\/v2\/categories?post=32772"},{"taxonomy":"post_tag","embeddable":true,"href":"http:\/\/blogdalucianaoliveira.com.br\/blog\/wp-json\/wp\/v2\/tags?post=32772"}],"curies":[{"name":"wp","href":"https:\/\/api.w.org\/{rel}","templated":true}]}}