{"id":32782,"date":"2021-09-06T11:47:50","date_gmt":"2021-09-06T15:47:50","guid":{"rendered":"http:\/\/blogdalucianaoliveira.com.br\/blog\/?p=32782"},"modified":"2021-09-06T11:47:55","modified_gmt":"2021-09-06T15:47:55","slug":"anonymous-convoca-populacao-para-ato-contra-bolsonaro-no-7-de-setembro","status":"publish","type":"post","link":"http:\/\/blogdalucianaoliveira.com.br\/blog\/2021\/09\/06\/anonymous-convoca-populacao-para-ato-contra-bolsonaro-no-7-de-setembro\/","title":{"rendered":"Anonymous convoca popula\u00e7\u00e3o para ato contra Bolsonaro no 7 de Setembro"},"content":{"rendered":"\n<figure class=\"wp-block-image size-large\"><img data-recalc-dims=\"1\" loading=\"lazy\" decoding=\"async\" width=\"600\" height=\"445\" data-attachment-id=\"32783\" data-permalink=\"http:\/\/blogdalucianaoliveira.com.br\/blog\/2021\/09\/06\/anonymous-convoca-populacao-para-ato-contra-bolsonaro-no-7-de-setembro\/d61bfec9-c3d4-44a0-8ede-40c2a06b33bc\/\" data-orig-file=\"https:\/\/i0.wp.com\/blogdalucianaoliveira.com.br\/blog\/wp-content\/uploads\/2021\/09\/D61BFEC9-C3D4-44A0-8EDE-40C2A06B33BC.png?fit=868%2C644\" data-orig-size=\"868,644\" data-comments-opened=\"0\" data-image-meta=\"{&quot;aperture&quot;:&quot;0&quot;,&quot;credit&quot;:&quot;&quot;,&quot;camera&quot;:&quot;&quot;,&quot;caption&quot;:&quot;&quot;,&quot;created_timestamp&quot;:&quot;0&quot;,&quot;copyright&quot;:&quot;&quot;,&quot;focal_length&quot;:&quot;0&quot;,&quot;iso&quot;:&quot;0&quot;,&quot;shutter_speed&quot;:&quot;0&quot;,&quot;title&quot;:&quot;&quot;,&quot;orientation&quot;:&quot;0&quot;}\" data-image-title=\"D61BFEC9-C3D4-44A0-8EDE-40C2A06B33BC\" data-image-description=\"\" data-image-caption=\"\" data-medium-file=\"https:\/\/i0.wp.com\/blogdalucianaoliveira.com.br\/blog\/wp-content\/uploads\/2021\/09\/D61BFEC9-C3D4-44A0-8EDE-40C2A06B33BC.png?fit=300%2C223\" data-large-file=\"https:\/\/i0.wp.com\/blogdalucianaoliveira.com.br\/blog\/wp-content\/uploads\/2021\/09\/D61BFEC9-C3D4-44A0-8EDE-40C2A06B33BC.png?fit=600%2C445\" src=\"https:\/\/i0.wp.com\/blogdalucianaoliveira.com.br\/blog\/wp-content\/uploads\/2021\/09\/D61BFEC9-C3D4-44A0-8EDE-40C2A06B33BC.png?resize=600%2C445\" alt=\"\" class=\"wp-image-32783\" srcset=\"https:\/\/i0.wp.com\/blogdalucianaoliveira.com.br\/blog\/wp-content\/uploads\/2021\/09\/D61BFEC9-C3D4-44A0-8EDE-40C2A06B33BC.png?w=868 868w, https:\/\/i0.wp.com\/blogdalucianaoliveira.com.br\/blog\/wp-content\/uploads\/2021\/09\/D61BFEC9-C3D4-44A0-8EDE-40C2A06B33BC.png?resize=300%2C223 300w, https:\/\/i0.wp.com\/blogdalucianaoliveira.com.br\/blog\/wp-content\/uploads\/2021\/09\/D61BFEC9-C3D4-44A0-8EDE-40C2A06B33BC.png?resize=768%2C570 768w, https:\/\/i0.wp.com\/blogdalucianaoliveira.com.br\/blog\/wp-content\/uploads\/2021\/09\/D61BFEC9-C3D4-44A0-8EDE-40C2A06B33BC.png?resize=404%2C300 404w\" sizes=\"auto, (max-width: 600px) 100vw, 600px\" \/><\/figure>\n\n\n\n<p>Poder 360 &#8211; O grupo de hackers Anonymous invadiu o\u00a0<a href=\"https:\/\/fib-bank.com\/\">site<\/a>\u00a0da empresa\u00a0<a href=\"https:\/\/www.poder360.com.br\/tag\/fib-bank\/\">FIB Bank<\/a>\u00a0na\u00a0<a href=\"https:\/\/twitter.com\/EterSec_\/status\/1433963579141763073\">noite<\/a>\u00a0de 6\u00aa feira (3.ago.2021). Em um v\u00eddeo colocado na p\u00e1gina principal do site, os hackers convocaram a popula\u00e7\u00e3o para atos contra o presidente\u00a0<a href=\"https:\/\/www.poder360.com.br\/tag\/jair-bolsonaro\/\">Jair Bolsonaro<\/a>\u00a0(sem partido) no feriado de 7 de Setembro.<\/p>\n\n\n\n<!--more-->\n\n\n\n<p>\u201c<em>Voc\u00eas t\u00eam que ir \u00e0s ruas e mostrar o quanto queremos ele fora do governo, derrotado<\/em>\u201c, afirmou o grupo. Atos contra e a favor do governo est\u00e3o programados para o feriado.<\/p>\n\n\n\n<p>Assista ao v\u00eddeo divulgado neste s\u00e1bado (2min31s):<\/p>\n\n\n\n<figure><iframe loading=\"lazy\" height=\"281\" src=\"https:\/\/www.youtube.com\/embed\/MJgCy15kBiM?feature=oembed\" width=\"500\"><\/iframe><\/figure>\n\n\n\n<p>\u201c<em>A guerra est\u00e1 declarada, e n\u00f3s vamos fazer voc\u00ea pagar por seus crimes<\/em>\u201c, dizem sobre Bolsonaro.<\/p>\n\n\n\n<p>Os invasores afirmam ser do grupo&nbsp;<a href=\"https:\/\/twitter.com\/ETERSEC_\">EterSec<\/a>. Leia&nbsp;<a href=\"https:\/\/static.poder360.com.br\/2021\/09\/anonymous-invasao-Fib-Bank-7-de-setembro.pdf\">aqui<\/a>&nbsp;(20 KB) o discurso divulgado pelo grupo.<\/p>\n\n\n\n<h2 class=\"wp-block-heading\">FIB BANK<\/h2>\n\n\n\n<p>A empresa que teve seu site invadido ofereceu uma garantia financeira de R$ 80,7 milh\u00f5es no contrato entre a Precisa Medicamentos e o Minist\u00e9rio da Sa\u00fade. Apesar do nome, o FIB Bank n\u00e3o \u00e9 uma institui\u00e7\u00e3o financeira e n\u00e3o possui autoriza\u00e7\u00e3o do Banco Central para atuar no ramo.<\/p>\n\n\n\n<p>O diretor do FIB Bank, Roberto Pereira Ramos J\u00fanior, prestou depoimento \u00e0 CPI (Comiss\u00e3o Parlamentar de Inqu\u00e9rito) da Covid no Senado em. 25 de agosto.<\/p>\n","protected":false},"excerpt":{"rendered":"<p>Poder 360 &#8211; O grupo de hackers Anonymous invadiu o\u00a0site\u00a0da empresa\u00a0FIB Bank\u00a0na\u00a0noite\u00a0de 6\u00aa feira (3.ago.2021). Em um v\u00eddeo colocado na p\u00e1gina principal do site, os hackers convocaram a popula\u00e7\u00e3o para atos contra o presidente\u00a0Jair Bolsonaro\u00a0(sem partido) no feriado de 7 de Setembro.<\/p>\n","protected":false},"author":1,"featured_media":0,"comment_status":"closed","ping_status":"open","sticky":false,"template":"","format":"standard","meta":{"_exactmetrics_skip_tracking":false,"_exactmetrics_sitenote_active":false,"_exactmetrics_sitenote_note":"","_exactmetrics_sitenote_category":0,"jetpack_post_was_ever_published":false,"_jetpack_newsletter_access":"","_jetpack_dont_email_post_to_subs":false,"_jetpack_newsletter_tier_id":0,"_jetpack_memberships_contains_paywalled_content":false,"_jetpack_memberships_contains_paid_content":false,"footnotes":"","jetpack_publicize_message":"","jetpack_publicize_feature_enabled":true,"jetpack_social_post_already_shared":true,"jetpack_social_options":{"image_generator_settings":{"template":"highway","enabled":false},"version":2}},"categories":[1],"tags":[],"class_list":["post-32782","post","type-post","status-publish","format-standard","hentry","category-notas"],"jetpack_publicize_connections":[],"jetpack_sharing_enabled":true,"jetpack_featured_media_url":"","jetpack_shortlink":"https:\/\/wp.me\/p7wKYW-8wK","jetpack-related-posts":[],"_links":{"self":[{"href":"http:\/\/blogdalucianaoliveira.com.br\/blog\/wp-json\/wp\/v2\/posts\/32782","targetHints":{"allow":["GET"]}}],"collection":[{"href":"http:\/\/blogdalucianaoliveira.com.br\/blog\/wp-json\/wp\/v2\/posts"}],"about":[{"href":"http:\/\/blogdalucianaoliveira.com.br\/blog\/wp-json\/wp\/v2\/types\/post"}],"author":[{"embeddable":true,"href":"http:\/\/blogdalucianaoliveira.com.br\/blog\/wp-json\/wp\/v2\/users\/1"}],"replies":[{"embeddable":true,"href":"http:\/\/blogdalucianaoliveira.com.br\/blog\/wp-json\/wp\/v2\/comments?post=32782"}],"version-history":[{"count":1,"href":"http:\/\/blogdalucianaoliveira.com.br\/blog\/wp-json\/wp\/v2\/posts\/32782\/revisions"}],"predecessor-version":[{"id":32784,"href":"http:\/\/blogdalucianaoliveira.com.br\/blog\/wp-json\/wp\/v2\/posts\/32782\/revisions\/32784"}],"wp:attachment":[{"href":"http:\/\/blogdalucianaoliveira.com.br\/blog\/wp-json\/wp\/v2\/media?parent=32782"}],"wp:term":[{"taxonomy":"category","embeddable":true,"href":"http:\/\/blogdalucianaoliveira.com.br\/blog\/wp-json\/wp\/v2\/categories?post=32782"},{"taxonomy":"post_tag","embeddable":true,"href":"http:\/\/blogdalucianaoliveira.com.br\/blog\/wp-json\/wp\/v2\/tags?post=32782"}],"curies":[{"name":"wp","href":"https:\/\/api.w.org\/{rel}","templated":true}]}}