{"id":32785,"date":"2021-09-06T17:57:03","date_gmt":"2021-09-06T21:57:03","guid":{"rendered":"http:\/\/blogdalucianaoliveira.com.br\/blog\/?p=32785"},"modified":"2021-09-06T17:57:06","modified_gmt":"2021-09-06T21:57:06","slug":"o-golpe-esta-ai-cai-quem-quer","status":"publish","type":"post","link":"http:\/\/blogdalucianaoliveira.com.br\/blog\/2021\/09\/06\/o-golpe-esta-ai-cai-quem-quer\/","title":{"rendered":"O golpe est\u00e1 a\u00ed, cai quem quer"},"content":{"rendered":"\n<figure class=\"wp-block-image size-large\"><img loading=\"lazy\" decoding=\"async\" width=\"2400\" height=\"1600\" data-attachment-id=\"32786\" data-permalink=\"http:\/\/blogdalucianaoliveira.com.br\/blog\/2021\/09\/06\/o-golpe-esta-ai-cai-quem-quer\/16309163296135cee934bf9_1630916329_3x2_rt\/\" data-orig-file=\"https:\/\/i0.wp.com\/blogdalucianaoliveira.com.br\/blog\/wp-content\/uploads\/2021\/09\/16309163296135cee934bf9_1630916329_3x2_rt.jpg?fit=2400%2C1600\" data-orig-size=\"2400,1600\" data-comments-opened=\"0\" data-image-meta=\"{&quot;aperture&quot;:&quot;0&quot;,&quot;credit&quot;:&quot;&quot;,&quot;camera&quot;:&quot;&quot;,&quot;caption&quot;:&quot;&quot;,&quot;created_timestamp&quot;:&quot;0&quot;,&quot;copyright&quot;:&quot;&quot;,&quot;focal_length&quot;:&quot;0&quot;,&quot;iso&quot;:&quot;0&quot;,&quot;shutter_speed&quot;:&quot;0&quot;,&quot;title&quot;:&quot;&quot;,&quot;orientation&quot;:&quot;0&quot;}\" data-image-title=\"16309163296135cee934bf9_1630916329_3x2_rt\" data-image-description=\"\" data-image-caption=\"\" data-medium-file=\"https:\/\/i0.wp.com\/blogdalucianaoliveira.com.br\/blog\/wp-content\/uploads\/2021\/09\/16309163296135cee934bf9_1630916329_3x2_rt.jpg?fit=300%2C200\" data-large-file=\"https:\/\/i0.wp.com\/blogdalucianaoliveira.com.br\/blog\/wp-content\/uploads\/2021\/09\/16309163296135cee934bf9_1630916329_3x2_rt.jpg?fit=600%2C400\" src=\"https:\/\/i1.wp.com\/blogdalucianaoliveira.com.br\/blog\/wp-content\/uploads\/2021\/09\/16309163296135cee934bf9_1630916329_3x2_rt.jpg?fit=600%2C400&amp;ssl=1\" alt=\"\" class=\"wp-image-32786\" srcset=\"https:\/\/i0.wp.com\/blogdalucianaoliveira.com.br\/blog\/wp-content\/uploads\/2021\/09\/16309163296135cee934bf9_1630916329_3x2_rt.jpg?w=2400 2400w, https:\/\/i0.wp.com\/blogdalucianaoliveira.com.br\/blog\/wp-content\/uploads\/2021\/09\/16309163296135cee934bf9_1630916329_3x2_rt.jpg?resize=300%2C200 300w, https:\/\/i0.wp.com\/blogdalucianaoliveira.com.br\/blog\/wp-content\/uploads\/2021\/09\/16309163296135cee934bf9_1630916329_3x2_rt.jpg?resize=1024%2C683 1024w, https:\/\/i0.wp.com\/blogdalucianaoliveira.com.br\/blog\/wp-content\/uploads\/2021\/09\/16309163296135cee934bf9_1630916329_3x2_rt.jpg?resize=768%2C512 768w, https:\/\/i0.wp.com\/blogdalucianaoliveira.com.br\/blog\/wp-content\/uploads\/2021\/09\/16309163296135cee934bf9_1630916329_3x2_rt.jpg?resize=1536%2C1024 1536w, https:\/\/i0.wp.com\/blogdalucianaoliveira.com.br\/blog\/wp-content\/uploads\/2021\/09\/16309163296135cee934bf9_1630916329_3x2_rt.jpg?resize=2048%2C1365 2048w, https:\/\/i0.wp.com\/blogdalucianaoliveira.com.br\/blog\/wp-content\/uploads\/2021\/09\/16309163296135cee934bf9_1630916329_3x2_rt.jpg?resize=450%2C300 450w, https:\/\/i0.wp.com\/blogdalucianaoliveira.com.br\/blog\/wp-content\/uploads\/2021\/09\/16309163296135cee934bf9_1630916329_3x2_rt.jpg?w=1200 1200w, https:\/\/i0.wp.com\/blogdalucianaoliveira.com.br\/blog\/wp-content\/uploads\/2021\/09\/16309163296135cee934bf9_1630916329_3x2_rt.jpg?w=1800 1800w\" sizes=\"auto, (max-width: 600px) 100vw, 600px\" \/><\/figure>\n\n\n\n<p><strong>Lenio Luiz Streck, na FSP<\/strong> &#8211; Amanh\u00e3 tem\u00a0<a href=\"https:\/\/www1.folha.uol.com.br\/colunas\/monicabergamo\/2021\/09\/ex-presidentes-e-parlamentares-de-26-paises-alertam-para-insurreicao-no-brasil-no-dia-7-de-setembro.shtml\">golpe<\/a>. Est\u00e1\u00a0<a href=\"https:\/\/www1.folha.uol.com.br\/poder\/2021\/09\/bolsonaro-repete-ameaca-golpista-e-diz-que-7-de-setembro-sera-ultimato-a-ministros-do-stf.shtml\">marcado na agenda<\/a>, no calend\u00e1rio oficial da Rep\u00fablica. Golpistas de todo o pa\u00eds j\u00e1 est\u00e3o credenciados e com a coreografia pronta para enfrentar o comunismo imagin\u00e1rio, invadir o Supremo e finalmente atingir seu sofisticado objetivo de destruir tudo isso que est\u00e1 a\u00ed.<\/p>\n\n\n\n<!--more-->\n\n\n\n<p>As imagens constrangedoras que ser\u00e3o produzidas\u00a0<a href=\"https:\/\/www1.folha.uol.com.br\/poder\/2021\/09\/sete-de-setembro-em-sp-tera-reforco-no-metro-e-revista-para-acessar-atos-a-favor-e-contra-bolsonaro.shtml\">neste 7 de setembro<\/a>\u00a0certamente entrar\u00e3o para a hist\u00f3ria, ser\u00e3o estudadas e causar\u00e3o vergonha a esse pa\u00eds por muitos anos.<\/p>\n\n\n\n<p>\u201cO golpe est\u00e1 a\u00ed, cai quem quer\u201d, diz o meme que virou m\u00fasica de&nbsp;<a href=\"https:\/\/www.youtube.com\/watch?v=hnpSQsN-j3o\">Matheusinho e Menor Nico<\/a>&nbsp;e que tem mais de 55 milh\u00f5es de views no Youtube. Ser\u00e1 que n\u00f3s vamos mesmo cair em um golpe concebido por esses malucos?<\/p>\n\n\n\n<p>Nossa sorte \u00e9 que, dessa vez, ao contr\u00e1rio de 1964, como na&nbsp;<a href=\"https:\/\/www1.folha.uol.com.br\/colunas\/ruycastro\/2021\/04\/sem-combinar-com-os-russos.shtml\">hist\u00f3ria atribu\u00edda a Garrincha<\/a>, eles esqueceram de combinar com os russos. Tudo indica que, mesmo se houver o apoio armado de PMs rebeldes, as institui\u00e7\u00f5es e a sociedade v\u00e3o estar preparadas para se defender e transformar essa data em apenas mais um momento pat\u00e9tico de um per\u00edodo sombrio da hist\u00f3ria. O presidente precisa aprender na marra que a Constitui\u00e7\u00e3o \u00e9 um texto que tem muito mais do que quatro linhas.<\/p>\n\n\n\n<p>O fato de resistirmos \u00e0 tosca tentativa de golpe de Bolsonaro n\u00e3o significa, por\u00e9m, que a democracia esteja fora de risco.&nbsp;<a href=\"https:\/\/www1.folha.uol.com.br\/mundo\/2021\/09\/tentativa-de-golpe-provoca-tiroteios-na-guine-e-paradeiro-do-presidente-e-desconhecido.shtml\">Exemplos no mundo todo&nbsp;<\/a>mostram que existem meios bem mais eficientes de tomar o poder do que o escolhido pelo presidente.<\/p>\n\n\n\n<p>A tentativa de golpe de amanh\u00e3 n\u00e3o emplaca apenas porque foi concebida por um sujeito despreparado e com um talento absurdo para fazer tudo errado. Se, em vez de Bolsonaro, o eleito fosse algu\u00e9m um pouco mais capacitado, estar\u00edamos realmente em apuros.<\/p>\n\n\n\n<p>Est\u00e1 claro que uma boa parcela da popula\u00e7\u00e3o brasileira, come\u00e7ando pelos mais ricos, embarcaria tranquilamente em uma aventura golpista se ela fosse embalada com um pouco mais de compet\u00eancia do que o bolsonarismo. Fica o alerta para que o cuidado seja redobrado daqui para a frente.<\/p>\n\n\n\n<figure class=\"wp-block-image\"><a href=\"https:\/\/fotografia.folha.uol.com.br\/galerias\/1709730678284560-o-que-bolsonaro-ja-disse-sobre-os-atos-de-7-de-setembro\"><img data-recalc-dims=\"1\" decoding=\"async\" src=\"https:\/\/i0.wp.com\/f.i.uol.com.br\/fotografia\/2021\/09\/01\/1630526543612fdc4f1ea6f_1630526543_3x2_md.jpg?w=600&#038;ssl=1\" alt=\"O que Bolsonaro j\u00e1 disse sobre os atos de 7 de setembro\"\/><\/a><figcaption><a href=\"https:\/\/fotografia.folha.uol.com.br\/galerias\/1709730678284560-o-que-bolsonaro-ja-disse-sobre-os-atos-de-7-de-setembro\">O que Bolsonaro j\u00e1 disse sobre os atos de 7 de setembro<\/a><\/figcaption><\/figure>\n\n\n\n<p>No progn\u00f3stico de que sua hist\u00f3ria tem apenas tr\u00eas desfechos poss\u00edveis, vit\u00f3ria, pris\u00e3o ou morte, Bolsonaro j\u00e1 sabe que a vit\u00f3ria \u00e9 a menos prov\u00e1vel. Ele est\u00e1 nas cordas,&nbsp;<a href=\"https:\/\/www1.folha.uol.com.br\/poder\/2021\/07\/datafolha-lula-amplia-vantagem-sobre-bolsonaro-para-2022-e-marca-58-a-31-no-2o-turno.shtml\">humilhado por seu maior inimigo<\/a>&nbsp;nas pesquisas, sendo&nbsp;<a href=\"https:\/\/www1.folha.uol.com.br\/poder\/2021\/09\/stf-e-centrao-avisam-planalto-que-7-de-setembro-golpista-ira-afetar-bolsonaro-para-2022.shtml\">extorquido pelo centr\u00e3o&nbsp;<\/a>no Congresso, pressionado pelo STF e exposto pela&nbsp;<a href=\"https:\/\/www1.folha.uol.com.br\/folha-topicos\/cpi-da-covid\/\">CPI da Covid<\/a>. A&nbsp;<a href=\"https:\/\/www1.folha.uol.com.br\/folha-topicos\/brasil-em-crise\/\">crise econ\u00f4mica<\/a>, consequ\u00eancia de sua incapacidade de governar, amea\u00e7a seu futuro no cargo e, para fechar a m\u00e1 fase, o presidente foi at\u00e9 acusado de ser corno por um ex-funcion\u00e1rio.<\/p>\n\n\n\n<p>Isso tudo para algu\u00e9m com uma personalidade t\u00f3xica como a dele forma uma equa\u00e7\u00e3o perigos\u00edssima. Uma das principais causas da viol\u00eancia \u00e9 a falta da linguagem, da conversa, do entendimento. Pessoas com intelig\u00eancia limitada, como \u00e9 o caso de Bolsonaro e parte significativa de seus seguidores, quando perdem a capacidade de argumentar, partem direto para a viol\u00eancia. Isso faz dos atos deste 7 de setembro na avenida Paulista e em Bras\u00edlia, al\u00e9m de imprevis\u00edveis, extremamente perigosos.<\/p>\n\n\n\n<p>A democracia vai sobreviver ao dia de amanh\u00e3. Resta agora saber a que custo.<br><\/p>\n","protected":false},"excerpt":{"rendered":"<p>Lenio Luiz Streck, na FSP &#8211; Amanh\u00e3 tem\u00a0golpe. Est\u00e1\u00a0marcado na agenda, no calend\u00e1rio oficial da Rep\u00fablica. Golpistas de todo o pa\u00eds j\u00e1 est\u00e3o credenciados e com a coreografia pronta para enfrentar o comunismo imagin\u00e1rio, invadir o Supremo e finalmente atingir seu sofisticado objetivo de destruir tudo isso que est\u00e1 a\u00ed.<\/p>\n","protected":false},"author":1,"featured_media":0,"comment_status":"closed","ping_status":"open","sticky":false,"template":"","format":"standard","meta":{"_exactmetrics_skip_tracking":false,"_exactmetrics_sitenote_active":false,"_exactmetrics_sitenote_note":"","_exactmetrics_sitenote_category":0,"jetpack_post_was_ever_published":false,"_jetpack_newsletter_access":"","_jetpack_dont_email_post_to_subs":false,"_jetpack_newsletter_tier_id":0,"_jetpack_memberships_contains_paywalled_content":false,"_jetpack_memberships_contains_paid_content":false,"footnotes":"","jetpack_publicize_message":"","jetpack_publicize_feature_enabled":true,"jetpack_social_post_already_shared":true,"jetpack_social_options":{"image_generator_settings":{"template":"highway","enabled":false},"version":2}},"categories":[1],"tags":[],"class_list":["post-32785","post","type-post","status-publish","format-standard","hentry","category-notas"],"jetpack_publicize_connections":[],"jetpack_sharing_enabled":true,"jetpack_featured_media_url":"","jetpack_shortlink":"https:\/\/wp.me\/p7wKYW-8wN","jetpack-related-posts":[],"_links":{"self":[{"href":"http:\/\/blogdalucianaoliveira.com.br\/blog\/wp-json\/wp\/v2\/posts\/32785","targetHints":{"allow":["GET"]}}],"collection":[{"href":"http:\/\/blogdalucianaoliveira.com.br\/blog\/wp-json\/wp\/v2\/posts"}],"about":[{"href":"http:\/\/blogdalucianaoliveira.com.br\/blog\/wp-json\/wp\/v2\/types\/post"}],"author":[{"embeddable":true,"href":"http:\/\/blogdalucianaoliveira.com.br\/blog\/wp-json\/wp\/v2\/users\/1"}],"replies":[{"embeddable":true,"href":"http:\/\/blogdalucianaoliveira.com.br\/blog\/wp-json\/wp\/v2\/comments?post=32785"}],"version-history":[{"count":1,"href":"http:\/\/blogdalucianaoliveira.com.br\/blog\/wp-json\/wp\/v2\/posts\/32785\/revisions"}],"predecessor-version":[{"id":32787,"href":"http:\/\/blogdalucianaoliveira.com.br\/blog\/wp-json\/wp\/v2\/posts\/32785\/revisions\/32787"}],"wp:attachment":[{"href":"http:\/\/blogdalucianaoliveira.com.br\/blog\/wp-json\/wp\/v2\/media?parent=32785"}],"wp:term":[{"taxonomy":"category","embeddable":true,"href":"http:\/\/blogdalucianaoliveira.com.br\/blog\/wp-json\/wp\/v2\/categories?post=32785"},{"taxonomy":"post_tag","embeddable":true,"href":"http:\/\/blogdalucianaoliveira.com.br\/blog\/wp-json\/wp\/v2\/tags?post=32785"}],"curies":[{"name":"wp","href":"https:\/\/api.w.org\/{rel}","templated":true}]}}