{"id":32788,"date":"2021-09-06T18:01:35","date_gmt":"2021-09-06T22:01:35","guid":{"rendered":"http:\/\/blogdalucianaoliveira.com.br\/blog\/?p=32788"},"modified":"2021-09-06T18:01:39","modified_gmt":"2021-09-06T22:01:39","slug":"desinformacao-em-verde-e-amarelo","status":"publish","type":"post","link":"http:\/\/blogdalucianaoliveira.com.br\/blog\/2021\/09\/06\/desinformacao-em-verde-e-amarelo\/","title":{"rendered":"DESINFORMA\u00c7\u00c3O EM VERDE E AMARELO"},"content":{"rendered":"\n<figure class=\"wp-block-image size-large\"><img loading=\"lazy\" decoding=\"async\" width=\"1200\" height=\"451\" data-attachment-id=\"32789\" data-permalink=\"http:\/\/blogdalucianaoliveira.com.br\/blog\/2021\/09\/06\/desinformacao-em-verde-e-amarelo\/enganoso_060921_interna\/\" data-orig-file=\"https:\/\/i0.wp.com\/blogdalucianaoliveira.com.br\/blog\/wp-content\/uploads\/2021\/09\/enganoso_060921_interna.jpg?fit=1200%2C451\" data-orig-size=\"1200,451\" data-comments-opened=\"0\" data-image-meta=\"{&quot;aperture&quot;:&quot;0&quot;,&quot;credit&quot;:&quot;&quot;,&quot;camera&quot;:&quot;&quot;,&quot;caption&quot;:&quot;&quot;,&quot;created_timestamp&quot;:&quot;0&quot;,&quot;copyright&quot;:&quot;&quot;,&quot;focal_length&quot;:&quot;0&quot;,&quot;iso&quot;:&quot;0&quot;,&quot;shutter_speed&quot;:&quot;0&quot;,&quot;title&quot;:&quot;&quot;,&quot;orientation&quot;:&quot;0&quot;}\" data-image-title=\"enganoso_060921_interna\" data-image-description=\"\" data-image-caption=\"\" data-medium-file=\"https:\/\/i0.wp.com\/blogdalucianaoliveira.com.br\/blog\/wp-content\/uploads\/2021\/09\/enganoso_060921_interna.jpg?fit=300%2C113\" data-large-file=\"https:\/\/i0.wp.com\/blogdalucianaoliveira.com.br\/blog\/wp-content\/uploads\/2021\/09\/enganoso_060921_interna.jpg?fit=600%2C226\" src=\"https:\/\/i2.wp.com\/blogdalucianaoliveira.com.br\/blog\/wp-content\/uploads\/2021\/09\/enganoso_060921_interna.jpg?fit=600%2C226&amp;ssl=1\" alt=\"\" class=\"wp-image-32789\" srcset=\"https:\/\/i0.wp.com\/blogdalucianaoliveira.com.br\/blog\/wp-content\/uploads\/2021\/09\/enganoso_060921_interna.jpg?w=1200 1200w, https:\/\/i0.wp.com\/blogdalucianaoliveira.com.br\/blog\/wp-content\/uploads\/2021\/09\/enganoso_060921_interna.jpg?resize=300%2C113 300w, https:\/\/i0.wp.com\/blogdalucianaoliveira.com.br\/blog\/wp-content\/uploads\/2021\/09\/enganoso_060921_interna.jpg?resize=1024%2C385 1024w, https:\/\/i0.wp.com\/blogdalucianaoliveira.com.br\/blog\/wp-content\/uploads\/2021\/09\/enganoso_060921_interna.jpg?resize=768%2C289 768w, https:\/\/i0.wp.com\/blogdalucianaoliveira.com.br\/blog\/wp-content\/uploads\/2021\/09\/enganoso_060921_interna.jpg?resize=798%2C300 798w\" sizes=\"auto, (max-width: 600px) 100vw, 600px\" \/><\/figure>\n\n\n\n<h3 class=\"wp-block-heading\">\u00c0s v\u00e9speras do Sete de Setembro, redes bolsonaristas investem em boatos para inflar protestos<\/h3>\n\n\n\n<!--more-->\n\n\n\n<p><strong>LET\u00cdCIA SIMIONATO<\/strong>, na Revista Piau\u00ed<\/p>\n\n\n\n<p>Isso a Globo n\u00e3o mostra! Come\u00e7ou cedo a invas\u00e3o do Planalto!\u201d O an\u00fancio \u00e9 feito por uma voz feminina e madura, com sotaque carioca. A mulher desconhecida, que n\u00e3o mostra o rosto, filma, de dentro de um ve\u00edculo em movimento, in\u00fameras barracas de acampamento espalhadas num espa\u00e7o aberto. \u00c9 poss\u00edvel observar pequenas movimenta\u00e7\u00f5es de pessoas e o pr\u00e9dio da emissora CNN ao fundo. Depois de uma pausa, em que s\u00f3 se ouve o barulho do vento, a dona da voz identifica o suposto lugar, \u201cPra\u00e7a dos Tr\u00eas Poderes\u201d, e finaliza a filmagem amadora. O v\u00eddeo de 36 segundos ainda ganhou, no Facebook, a legenda: \u201c7 de Setembro j\u00e1 come\u00e7ou e vai ser inesquec\u00edvel! #AvanteBrasil #7desetembro #aglomerabrasil #obrasil\u00e9nosso #jb2022 #brasil\u201d.\u00a0<br><br><\/p>\n\n\n\n<p>O respons\u00e1vel por compartilhar o conte\u00fado na rede social \u00e9 Jo\u00e3o Barros Brasil, que se define como \u201cadvogado, ex mec\u00e2nico de carros, ex remador profissional, faixa preta jiujitsu, Nacionalista, armamentista, defensor direito propriedade, um cidadao comum\u201d. Barros foi&nbsp;suplente de deputado federal pelo Partido Social Liberal da Bahia (PSL-BA). Em 2020,&nbsp;ele&nbsp;<a href=\"https:\/\/politica.estadao.com.br\/eleicoes\/2020\/candidatos\/ba\/ilheus\/prefeito\/joao-barros,28\">se candidatou a prefeito de Ilh\u00e9us pelo Partido Renovador Trabalhista Brasileiro (PRTB)<\/a>, mas n\u00e3o venceu a elei\u00e7\u00e3o. Conhecido como \u201cJo\u00e3o Bolsonaro\u201d, por ser um forte apoiador do presidente,&nbsp;<a href=\"https:\/\/www.joaobarros.com.br\/conheca-joao\">realizou sua campanha<\/a>&nbsp;como algu\u00e9m que \u201cluta contra bandeiras defendidas por partidos de esquerda, como o MST (Movimento dos Trabalhadores Rurais Sem Terra) e falsos \u00edndios\u201d.<\/p>\n\n\n\n<p>O v\u00eddeo, que alcan\u00e7ou 895 mil visualiza\u00e7\u00f5es e 38 mil compartilhamentos,&nbsp;<a href=\"https:\/\/projetocomprova.com.br\/publica%C3%A7%C3%B5es\/video-de-acampamento-em-brasilia-mostra-mobilizacao-indigena-nao-preparacao-para-7-de-setembro\/\">\u00e9 enganoso<\/a>. O&nbsp;<strong>Comprova<\/strong>&nbsp;\u2013 coaliz\u00e3o que re\u00fane 33 ve\u00edculos de comunica\u00e7\u00e3o, incluindo a&nbsp;<strong>piau\u00ed,&nbsp;<\/strong>para verifica\u00e7\u00e3o de boatos \u2013 descobriu que as barracas s\u00e3o do Acampamento Luta pela Vida, manifesta\u00e7\u00e3o ind\u00edgena que come\u00e7ou no dia 22 de agosto em Bras\u00edlia. Organizado pela Articula\u00e7\u00e3o dos Povos Ind\u00edgenas do Brasil (Apib), o protesto dos ind\u00edgenas&nbsp;<a href=\"https:\/\/www.poder360.com.br\/brasilia\/veja-fotos-do-acampamento-indigena-na-esplanada-dos-ministerios-2\/\">acontece durante o julgamento no Supremo Tribunal Federal<\/a>&nbsp;da tese do \u201cmarco temporal\u201d. Portanto, n\u00e3o tem rela\u00e7\u00e3o com o Sete de Setembro. Al\u00e9m disso, eles est\u00e3o acampados na Pra\u00e7a da Cidadania, n\u00e3o na dos Tr\u00eas Poderes. Procurado pelo<strong>&nbsp;Comprova<\/strong>, Barros disse que o material n\u00e3o \u00e9 de sua autoria e que compartilhou o que est\u00e1 circulando nas redes sociais.&nbsp;<\/p>\n\n\n\n<p>Dinamam Tux\u00e1, coordenador executivo da Apib, afirmou, em entrevista \u00e0&nbsp;<strong>piau\u00ed,&nbsp;<\/strong>que esse tipo de desinforma\u00e7\u00e3o atrapalha o movimento. \u201cAl\u00e9m desse v\u00eddeo, outros conte\u00fados tentaram tirar nossa credibilidade, inclusive com falas preconceituosas de que tinham ind\u00edgenas com celulares e roupas de determinadas marcas, por exemplo. \u00c9 mais um desafio para os nossos povos que j\u00e1 vivem num cen\u00e1rio de ataques.\u201d Tux\u00e1 esclareceu que o acampamento permanecer\u00e1 em Bras\u00edlia at\u00e9 o dia 11 de setembro, com cerca de 4 mil ind\u00edgenas, para acompanhar a pauta do marco temporal, mas n\u00e3o promover\u00e1 atos amanh\u00e3.&nbsp;<\/p>\n\n\n\n<p>Em nove dias, de 17 a 26 de agosto, o&nbsp;<strong>Comprova<\/strong>&nbsp;fez quatro checagens de boatos voltados para o Sete de Setembro. A circula\u00e7\u00e3o dessas mentiras, que juntas atingiram mais de 95 mil intera\u00e7\u00f5es e 975 mil visualiza\u00e7\u00f5es, coincide com a convoca\u00e7\u00e3o para os atos realizada pelo presidente e seus apoiadores. A empresa de an\u00e1lise de dados Novelo Data, que monitora o discurso pol\u00edtico no Brasil desde 2018, aponta que as primeiras convoca\u00e7\u00f5es aconteceram no come\u00e7o de agosto, principalmente pela deputada federal Carla Zambelli (PSL-SP). No entanto, a intensifica\u00e7\u00e3o desses chamamentos por bolsonaristas aconteceu entre a segunda e terceira semana do m\u00eas, no Facebook, Instagram e YouTube. Neste \u00faltimo, o principal agente \u00e9 a Jovem Pan. Na semana retrasada, por exemplo, o v\u00eddeo mais visto, com mais de 1 milh\u00e3o de visualiza\u00e7\u00f5es, foi o da carta que Roberto Jefferson escreveu ao&nbsp;<em>Pingos nos Is<\/em>&nbsp;convocando para as manifesta\u00e7\u00f5es. Outros canais tradicionalmente atrelados ao bolsonarismo tamb\u00e9m t\u00eam agido para inflar os protestos, como Folha Pol\u00edtica, Jornal da Cidade Online, Rodrigo Constantino e Gustavo Gayer.&nbsp;<\/p>\n\n\n\n<p>Guilherme Felitti, fundador da Novelo Data, diz que um dos principais argumentos da extrema direita \u00e9, ironicamente, a defesa da liberdade. \u201cTrata-se de um&nbsp;<em>dog whistle<\/em>&nbsp;dentro do bolsonarismo j\u00e1 visto em outras manifesta\u00e7\u00f5es. Para eles, \u2018liberdade\u2019 esconde a op\u00e7\u00e3o de n\u00e3o seguir decis\u00f5es da Justi\u00e7a, sendo assim, \u00e9 uma forma de se comunicar com os correligion\u00e1rios sem o risco da responsabiliza\u00e7\u00e3o jur\u00eddica. STF, TSE e Congresso estariam impactando a \u2018liberdade\u2019 dos brasileiros. A solu\u00e7\u00e3o seria um golpe de Estado. H\u00e1 uma forte expectativa de golpe amanh\u00e3\u201d, afirma Felitti. Al\u00e9m disso, ele pontua o tradicional \u201cculto de personalidade\u201d a Bolsonaro a partir de conte\u00fados enaltecendo o presidente. Para ele, \u00e9 poss\u00edvel notar que a movimenta\u00e7\u00e3o pelo Sete de Setembro n\u00e3o se distancia muito da forma como o bolsonarismo normalmente se articula para manter sua base engajada. No momento, eles est\u00e3o \u201cexplorando pilares para construir uma narrativa que passe a ideia de unidade e for\u00e7a. Nesse aspecto, n\u00e3o h\u00e1 novidades \u2013 o discurso hiperb\u00f3lico, de urg\u00eancia, e conte\u00fados com t\u00edtulos em letras mai\u00fasculas e cravejados de exclama\u00e7\u00f5es s\u00e3o o padr\u00e3o desde sempre. H\u00e1 tamb\u00e9m os tradicionais ataques \u00e0 CPI, ao senador Omar Aziz e a Lula\u201d, completa.&nbsp;<\/p>\n\n\n\n<p><strong>U<\/strong>m exemplo de como o ex-presidente \u00e9 alvo: um v\u00eddeo que viralizou, atingindo mais de 80 mil visualiza\u00e7\u00f5es e 6,5 mil curtidas,&nbsp;<a href=\"https:\/\/projetocomprova.com.br\/publica%C3%A7%C3%B5es\/e-falso-que-diretor-da-pf-tenha-denunciado-participacao-de-lula-e-stf-em-trama-para-matar-bolsonaro\/\">\u00e9 falso por dizer que o diretor-geral da Pol\u00edcia Federal (PF), Paulo Maiurino,<\/a>&nbsp;teria denunciado um conluio entre ministros do STF e Lula para assassinar Bolsonaro. Propagado em live pela jornalista Leda Nagle, o boato, que voltou a circular numa conta bolsonarista no TikTok, j\u00e1 foi desmentido pela PF, e a pr\u00f3pria jornalista admitiu o erro. Tamb\u00e9m envolvendo o STF, outra mentira identificada pelo&nbsp;<strong>Comprova<\/strong>&nbsp;\u00e9 a<a href=\"https:\/\/projetocomprova.com.br\/publica%C3%A7%C3%B5es\/video-engana-ao-dizer-que-stf-quer-barrar-cristaos-na-politica\/\">&nbsp;que sugere que o STF e o TSE querem impedir a elei\u00e7\u00e3o de candidatos crist\u00e3os<\/a>. O v\u00eddeo interpreta de maneira equivocada uma tese proposta pelo ministro Edson Fachin, que foi rejeitada pelo plen\u00e1rio do TSE h\u00e1 mais de um ano.&nbsp;<\/p>\n\n\n\n<p>Apesar de ainda estarem ocorrendo ataques contra o STF \u2013 em redes como&nbsp;<a href=\"https:\/\/nucleo.jor.br\/curtas\/2021-09-03-telegram-narrativa-anti-stf\">o Telegram<\/a>&nbsp;ou feitos pelo pr\u00f3prio presidente, que afirmou que&nbsp;<a href=\"https:\/\/www1.folha.uol.com.br\/poder\/2021\/09\/bolsonaro-repete-ameaca-golpista-e-diz-que-7-de-setembro-sera-ultimato-a-ministros-do-stf.shtml\">as manifesta\u00e7\u00f5es ser\u00e3o ultimato aos ministros&nbsp;<\/a>\u2013 a t\u00e1tica arrefeceu. De acordo com David Nemer, professor da Universidade da Virg\u00ednia e pesquisador da extrema direita no Brasil, o discurso dos apoiadores do governo baixou o tom nas \u00faltimas semanas. \u201cIsso tem a ver com os inqu\u00e9ritos abertos depois dos atos antidemocr\u00e1ticos. Al\u00e9m disso, eles viram o que aconteceu com S\u00e9rgio Reis. Ent\u00e3o, h\u00e1, sim, um receio.\u201d Nos dias seguintes \u00e0 pris\u00e3o de Roberto Jefferson, muitos v\u00eddeos que atacavam ministros foram deletados ou escondidos, exemplifica Felitti. \u201cClaro, ainda existem cr\u00edticas, mas a linguagem violenta refluiu\u201d, comenta.&nbsp;<\/p>\n\n\n\n<p>Nemer destaca a presen\u00e7a de grupos espec\u00edficos que se mobilizaram para o Sete de Setembro,<a href=\"https:\/\/noticias.uol.com.br\/colunas\/cristina-tardaguila\/2021\/09\/02\/dados-truncados-e-ameacas-claras-assim-esta-o-7-de-setembro-no-whatsapp.htm\">&nbsp;principalmente no WhatsApp<\/a>, como o pessoal do agroneg\u00f3cio, caminhoneiros, motoqueiros e evang\u00e9licos. O levantamento da Novelo identificou participa\u00e7\u00e3o de Silas Malafaia e de outros pastores populares como Claudio Duarte e Ant\u00f4nio J\u00fanior. Segundo ele, a agenda est\u00e1 mais dispersa, n\u00e3o tem uma pauta \u00fanica para ir \u00e0s ruas, e cada setor do bolsonarismo est\u00e1 indo por motivos particulares, mas o principal continua sendo mostrar apoio ao presidente. \u201cEsses grupos est\u00e3o trazendo um tom mais nacionalista e patriota. Eles querem mexer no afeto para motivar as pessoas a irem \u00e0s manifesta\u00e7\u00f5es.\u201d Nemer destaca memes que exaltam Bolsonaro e seu suposto poder, como os em que ele aparece como imperador, montado num cavalo alado.&nbsp;<\/p>\n\n\n\n<p>Outro exemplo de exalta\u00e7\u00e3o ao \u201cpoder\u201d de Bolsonaro \u00e9 o post enganoso, verificado pelo&nbsp;<strong>Comprova<\/strong>, que afirma que&nbsp;<a href=\"https:\/\/projetocomprova.com.br\/publica%C3%A7%C3%B5es\/generais-nao-foram-promovidos-a-marechais-mas-recebem-salarios-correspondentes-ao-cargo\/\">o presidente teria promovido cerca de cem generais aos postos de marechais<\/a>. No Facebook, o autor do conte\u00fado o compartilhou com a legenda \u201csabia que marechais s\u00e3o nomeados em tempos de guerra?\u201d, dando a entender que o presidente j\u00e1 estaria se preparando para um confronto com os \u201cinimigos\u201d. \u201cTenta-se fazer o maior barulho poss\u00edvel para convencer de que Bolsonaro \u00e9 alvo de uma campanha orquestrada pelo STF, TSE e Congresso. O bolsonarismo digital n\u00e3o molda sua mensagem para falar com grupos de fora. Eles adotam uma mesma abordagem tradicional n\u00e3o para convencer quem perdeu, mas para manter quem ainda tem\u201d, afirma Felitti.&nbsp;<\/p>\n\n\n\n<p><em>As verifica\u00e7\u00f5es citadas no texto foram feitas pela equipe do&nbsp;<\/em><strong>Comprova<\/strong><em>, com participa\u00e7\u00e3o de jornalistas dos seguintes ve\u00edculos: Estad\u00e3o; Jornal do Commercio; Correio Braziliense; Poder 360; O Povo; A Gazeta ES; Correio de Caraj\u00e1s; e revista<\/em><strong>&nbsp;piau\u00ed<\/strong><em>. Voc\u00ea pode acessar todas elas no site do Projeto Comprova:&nbsp;<\/em><a href=\"https:\/\/projetocomprova.com.br\/\"><em>https:\/\/projetocomprova.com.br\/<\/em><\/a><br><\/p>\n\n\n\n<p><\/p>\n","protected":false},"excerpt":{"rendered":"<p>\u00c0s v\u00e9speras do Sete de Setembro, redes bolsonaristas investem em boatos para inflar protestos<\/p>\n","protected":false},"author":1,"featured_media":0,"comment_status":"closed","ping_status":"open","sticky":false,"template":"","format":"standard","meta":{"_exactmetrics_skip_tracking":false,"_exactmetrics_sitenote_active":false,"_exactmetrics_sitenote_note":"","_exactmetrics_sitenote_category":0,"jetpack_post_was_ever_published":false,"_jetpack_newsletter_access":"","_jetpack_dont_email_post_to_subs":false,"_jetpack_newsletter_tier_id":0,"_jetpack_memberships_contains_paywalled_content":false,"_jetpack_memberships_contains_paid_content":false,"footnotes":"","jetpack_publicize_message":"","jetpack_publicize_feature_enabled":true,"jetpack_social_post_already_shared":true,"jetpack_social_options":{"image_generator_settings":{"template":"highway","enabled":false},"version":2}},"categories":[1],"tags":[],"class_list":["post-32788","post","type-post","status-publish","format-standard","hentry","category-notas"],"jetpack_publicize_connections":[],"jetpack_sharing_enabled":true,"jetpack_featured_media_url":"","jetpack_shortlink":"https:\/\/wp.me\/p7wKYW-8wQ","jetpack-related-posts":[],"_links":{"self":[{"href":"http:\/\/blogdalucianaoliveira.com.br\/blog\/wp-json\/wp\/v2\/posts\/32788","targetHints":{"allow":["GET"]}}],"collection":[{"href":"http:\/\/blogdalucianaoliveira.com.br\/blog\/wp-json\/wp\/v2\/posts"}],"about":[{"href":"http:\/\/blogdalucianaoliveira.com.br\/blog\/wp-json\/wp\/v2\/types\/post"}],"author":[{"embeddable":true,"href":"http:\/\/blogdalucianaoliveira.com.br\/blog\/wp-json\/wp\/v2\/users\/1"}],"replies":[{"embeddable":true,"href":"http:\/\/blogdalucianaoliveira.com.br\/blog\/wp-json\/wp\/v2\/comments?post=32788"}],"version-history":[{"count":1,"href":"http:\/\/blogdalucianaoliveira.com.br\/blog\/wp-json\/wp\/v2\/posts\/32788\/revisions"}],"predecessor-version":[{"id":32790,"href":"http:\/\/blogdalucianaoliveira.com.br\/blog\/wp-json\/wp\/v2\/posts\/32788\/revisions\/32790"}],"wp:attachment":[{"href":"http:\/\/blogdalucianaoliveira.com.br\/blog\/wp-json\/wp\/v2\/media?parent=32788"}],"wp:term":[{"taxonomy":"category","embeddable":true,"href":"http:\/\/blogdalucianaoliveira.com.br\/blog\/wp-json\/wp\/v2\/categories?post=32788"},{"taxonomy":"post_tag","embeddable":true,"href":"http:\/\/blogdalucianaoliveira.com.br\/blog\/wp-json\/wp\/v2\/tags?post=32788"}],"curies":[{"name":"wp","href":"https:\/\/api.w.org\/{rel}","templated":true}]}}