{"id":32791,"date":"2021-09-07T06:28:07","date_gmt":"2021-09-07T10:28:07","guid":{"rendered":"http:\/\/blogdalucianaoliveira.com.br\/blog\/?p=32791"},"modified":"2021-09-07T06:28:11","modified_gmt":"2021-09-07T10:28:11","slug":"bolsonaro-e-o-perdedor","status":"publish","type":"post","link":"http:\/\/blogdalucianaoliveira.com.br\/blog\/2021\/09\/07\/bolsonaro-e-o-perdedor\/","title":{"rendered":"Bolsonaro \u00e9 o perdedor"},"content":{"rendered":"\n<figure class=\"wp-block-image size-large\"><img data-recalc-dims=\"1\" loading=\"lazy\" decoding=\"async\" width=\"600\" height=\"400\" data-attachment-id=\"32792\" data-permalink=\"http:\/\/blogdalucianaoliveira.com.br\/blog\/2021\/09\/07\/bolsonaro-e-o-perdedor\/ea2c3d1b-2fe2-4d4d-9767-bc1c684a56ae\/\" data-orig-file=\"https:\/\/i0.wp.com\/blogdalucianaoliveira.com.br\/blog\/wp-content\/uploads\/2021\/09\/EA2C3D1B-2FE2-4D4D-9767-BC1C684A56AE.jpeg?fit=1024%2C683\" data-orig-size=\"1024,683\" data-comments-opened=\"0\" data-image-meta=\"{&quot;aperture&quot;:&quot;0&quot;,&quot;credit&quot;:&quot;&quot;,&quot;camera&quot;:&quot;&quot;,&quot;caption&quot;:&quot;&quot;,&quot;created_timestamp&quot;:&quot;0&quot;,&quot;copyright&quot;:&quot;&quot;,&quot;focal_length&quot;:&quot;0&quot;,&quot;iso&quot;:&quot;0&quot;,&quot;shutter_speed&quot;:&quot;0&quot;,&quot;title&quot;:&quot;&quot;,&quot;orientation&quot;:&quot;0&quot;}\" data-image-title=\"EA2C3D1B-2FE2-4D4D-9767-BC1C684A56AE\" data-image-description=\"\" data-image-caption=\"\" data-medium-file=\"https:\/\/i0.wp.com\/blogdalucianaoliveira.com.br\/blog\/wp-content\/uploads\/2021\/09\/EA2C3D1B-2FE2-4D4D-9767-BC1C684A56AE.jpeg?fit=300%2C200\" data-large-file=\"https:\/\/i0.wp.com\/blogdalucianaoliveira.com.br\/blog\/wp-content\/uploads\/2021\/09\/EA2C3D1B-2FE2-4D4D-9767-BC1C684A56AE.jpeg?fit=600%2C400\" src=\"https:\/\/i0.wp.com\/blogdalucianaoliveira.com.br\/blog\/wp-content\/uploads\/2021\/09\/EA2C3D1B-2FE2-4D4D-9767-BC1C684A56AE.jpeg?resize=600%2C400\" alt=\"\" class=\"wp-image-32792\" srcset=\"https:\/\/i0.wp.com\/blogdalucianaoliveira.com.br\/blog\/wp-content\/uploads\/2021\/09\/EA2C3D1B-2FE2-4D4D-9767-BC1C684A56AE.jpeg?w=1024 1024w, https:\/\/i0.wp.com\/blogdalucianaoliveira.com.br\/blog\/wp-content\/uploads\/2021\/09\/EA2C3D1B-2FE2-4D4D-9767-BC1C684A56AE.jpeg?resize=300%2C200 300w, https:\/\/i0.wp.com\/blogdalucianaoliveira.com.br\/blog\/wp-content\/uploads\/2021\/09\/EA2C3D1B-2FE2-4D4D-9767-BC1C684A56AE.jpeg?resize=768%2C512 768w, https:\/\/i0.wp.com\/blogdalucianaoliveira.com.br\/blog\/wp-content\/uploads\/2021\/09\/EA2C3D1B-2FE2-4D4D-9767-BC1C684A56AE.jpeg?resize=450%2C300 450w\" sizes=\"auto, (max-width: 600px) 100vw, 600px\" \/><\/figure>\n\n\n\n<p>Editorial da Folha &#8211; Paira no ar um frisson, de certa forma compartilhado por bolsonaristas e antibolsonaristas, sobre qual ser\u00e1 a imagem de maior impacto no per\u00edodo de 7 a 12 de setembro \u2014vale dizer, a foto com mais manifestantes, como se isso retratasse a maioria dos brasileiros.<\/p>\n\n\n\n<!--more-->\n\n\n\n<p>Trata-se de um equ\u00edvoco flagrante.<\/p>\n\n\n\n<p>A ci\u00eancia da pesquisa, como no levantamento conduzido pelo Datafolha em junho de 2020, mostra que a maioria esmagadora de 75% dos brasileiros \u00e9 favor\u00e1vel \u00e0 democracia \u2014e que para 78% o regime militar foi uma ditadura da qual n\u00e3o h\u00e1 saudades.<\/p>\n\n\n\n<p>N\u00e3o importa o qu\u00e3o fanaticamente os bolsonaristas apoiem seu chefe e o quanto os opositores estejam menos mobilizados ainda em respeito \u00e0 crise sanit\u00e1ria; nada muda o fato de que Jair Bolsonaro erra, mais uma vez, ao apoiar atos golpistas repudiados pela imensa maioria que n\u00e3o ir\u00e1 \u00e0s ruas.<\/p>\n\n\n\n<p>Repudiados tamb\u00e9m pelos setores organizados da sociedade que, a despeito de prefer\u00eancias e interesses heterog\u00eaneos, compreendem que s\u00f3 o ambiente de livre manifesta\u00e7\u00e3o do pensamento e respeito ao Estado de Direito permite a apresenta\u00e7\u00e3o de demandas e a busca por justi\u00e7a e prosperidade.<\/p>\n\n\n\n<p>Tal entendimento se espelha na representa\u00e7\u00e3o pol\u00edtica. Entre governadores, prefeitos e parlamentares inexiste massa cr\u00edtica a encorajar ensaios de ruptura. A sustenta\u00e7\u00e3o fisiol\u00f3gica ao governo no Congresso n\u00e3o faz mais do que levar adiante projetos econ\u00f4micos e evitar o impeachment.<\/p>\n\n\n\n<p>As institui\u00e7\u00f5es, ainda que imperfeitas, se encontram amadurecidas por mais de tr\u00eas d\u00e9cadas de democracia \u2014o per\u00edodo mais longo de normalidade na hist\u00f3ria republicana\u2014 e consolida\u00e7\u00e3o dos freios e contrapesos a serem respeitados por todos os Poderes.<\/p>\n\n\n\n<p>Est\u00e1 claro para todos que o alarido provocado por Bolsonaro deriva de sua incapacidade de governar e da perspectiva de ser mandado para casa pelos brasileiros em uma elei\u00e7\u00e3o livre e justa, como t\u00eam sido todos os pleitos realizados no pa\u00eds.<\/p>\n\n\n\n<p>O mandat\u00e1rio usa a data nacional para uma demonstra\u00e7\u00e3o de suposta for\u00e7a. Conta, n\u00e3o \u00e9 novidade, com o apoio de parcela minorit\u00e1ria, mas ainda expressiva, do eleitorado. Mas s\u00f3 aprofundar\u00e1 seu fracasso ao insistir na arrua\u00e7a e na trucul\u00eancia golpista.<\/p>\n","protected":false},"excerpt":{"rendered":"<p>Editorial da Folha &#8211; Paira no ar um frisson, de certa forma compartilhado por bolsonaristas e antibolsonaristas, sobre qual ser\u00e1 a imagem de maior impacto no per\u00edodo de 7 a 12 de setembro \u2014vale dizer, a foto com mais manifestantes, como se isso retratasse a maioria dos brasileiros.<\/p>\n","protected":false},"author":1,"featured_media":0,"comment_status":"closed","ping_status":"open","sticky":false,"template":"","format":"standard","meta":{"_exactmetrics_skip_tracking":false,"_exactmetrics_sitenote_active":false,"_exactmetrics_sitenote_note":"","_exactmetrics_sitenote_category":0,"jetpack_post_was_ever_published":false,"_jetpack_newsletter_access":"","_jetpack_dont_email_post_to_subs":false,"_jetpack_newsletter_tier_id":0,"_jetpack_memberships_contains_paywalled_content":false,"_jetpack_memberships_contains_paid_content":false,"footnotes":"","jetpack_publicize_message":"","jetpack_publicize_feature_enabled":true,"jetpack_social_post_already_shared":true,"jetpack_social_options":{"image_generator_settings":{"template":"highway","enabled":false},"version":2}},"categories":[1],"tags":[],"class_list":["post-32791","post","type-post","status-publish","format-standard","hentry","category-notas"],"jetpack_publicize_connections":[],"jetpack_sharing_enabled":true,"jetpack_featured_media_url":"","jetpack_shortlink":"https:\/\/wp.me\/p7wKYW-8wT","jetpack-related-posts":[],"_links":{"self":[{"href":"http:\/\/blogdalucianaoliveira.com.br\/blog\/wp-json\/wp\/v2\/posts\/32791","targetHints":{"allow":["GET"]}}],"collection":[{"href":"http:\/\/blogdalucianaoliveira.com.br\/blog\/wp-json\/wp\/v2\/posts"}],"about":[{"href":"http:\/\/blogdalucianaoliveira.com.br\/blog\/wp-json\/wp\/v2\/types\/post"}],"author":[{"embeddable":true,"href":"http:\/\/blogdalucianaoliveira.com.br\/blog\/wp-json\/wp\/v2\/users\/1"}],"replies":[{"embeddable":true,"href":"http:\/\/blogdalucianaoliveira.com.br\/blog\/wp-json\/wp\/v2\/comments?post=32791"}],"version-history":[{"count":1,"href":"http:\/\/blogdalucianaoliveira.com.br\/blog\/wp-json\/wp\/v2\/posts\/32791\/revisions"}],"predecessor-version":[{"id":32793,"href":"http:\/\/blogdalucianaoliveira.com.br\/blog\/wp-json\/wp\/v2\/posts\/32791\/revisions\/32793"}],"wp:attachment":[{"href":"http:\/\/blogdalucianaoliveira.com.br\/blog\/wp-json\/wp\/v2\/media?parent=32791"}],"wp:term":[{"taxonomy":"category","embeddable":true,"href":"http:\/\/blogdalucianaoliveira.com.br\/blog\/wp-json\/wp\/v2\/categories?post=32791"},{"taxonomy":"post_tag","embeddable":true,"href":"http:\/\/blogdalucianaoliveira.com.br\/blog\/wp-json\/wp\/v2\/tags?post=32791"}],"curies":[{"name":"wp","href":"https:\/\/api.w.org\/{rel}","templated":true}]}}