{"id":32795,"date":"2021-09-08T07:50:42","date_gmt":"2021-09-08T11:50:42","guid":{"rendered":"http:\/\/blogdalucianaoliveira.com.br\/blog\/?p=32795"},"modified":"2021-09-08T07:50:47","modified_gmt":"2021-09-08T11:50:47","slug":"com-fracasso-do-ato-golpista-bolsonaro-esta-maduro-para-cair","status":"publish","type":"post","link":"http:\/\/blogdalucianaoliveira.com.br\/blog\/2021\/09\/08\/com-fracasso-do-ato-golpista-bolsonaro-esta-maduro-para-cair\/","title":{"rendered":"Com fracasso do ato golpista, Bolsonaro est\u00e1 maduro para cair"},"content":{"rendered":"\n<figure class=\"wp-block-image size-large\"><img data-recalc-dims=\"1\" loading=\"lazy\" decoding=\"async\" width=\"480\" height=\"319\" data-attachment-id=\"32796\" data-permalink=\"http:\/\/blogdalucianaoliveira.com.br\/blog\/2021\/09\/08\/com-fracasso-do-ato-golpista-bolsonaro-esta-maduro-para-cair\/f073b421-06a3-4b3f-aa2a-bbf888bf9700\/\" data-orig-file=\"https:\/\/i0.wp.com\/blogdalucianaoliveira.com.br\/blog\/wp-content\/uploads\/2021\/09\/F073B421-06A3-4B3F-AA2A-BBF888BF9700.jpeg?fit=480%2C319\" data-orig-size=\"480,319\" data-comments-opened=\"0\" data-image-meta=\"{&quot;aperture&quot;:&quot;0&quot;,&quot;credit&quot;:&quot;&quot;,&quot;camera&quot;:&quot;&quot;,&quot;caption&quot;:&quot;&quot;,&quot;created_timestamp&quot;:&quot;0&quot;,&quot;copyright&quot;:&quot;&quot;,&quot;focal_length&quot;:&quot;0&quot;,&quot;iso&quot;:&quot;0&quot;,&quot;shutter_speed&quot;:&quot;0&quot;,&quot;title&quot;:&quot;&quot;,&quot;orientation&quot;:&quot;0&quot;}\" data-image-title=\"F073B421-06A3-4B3F-AA2A-BBF888BF9700\" data-image-description=\"\" data-image-caption=\"\" data-medium-file=\"https:\/\/i0.wp.com\/blogdalucianaoliveira.com.br\/blog\/wp-content\/uploads\/2021\/09\/F073B421-06A3-4B3F-AA2A-BBF888BF9700.jpeg?fit=300%2C199\" data-large-file=\"https:\/\/i0.wp.com\/blogdalucianaoliveira.com.br\/blog\/wp-content\/uploads\/2021\/09\/F073B421-06A3-4B3F-AA2A-BBF888BF9700.jpeg?fit=480%2C319\" src=\"https:\/\/i0.wp.com\/blogdalucianaoliveira.com.br\/blog\/wp-content\/uploads\/2021\/09\/F073B421-06A3-4B3F-AA2A-BBF888BF9700.jpeg?resize=480%2C319\" alt=\"\" class=\"wp-image-32796\" srcset=\"https:\/\/i0.wp.com\/blogdalucianaoliveira.com.br\/blog\/wp-content\/uploads\/2021\/09\/F073B421-06A3-4B3F-AA2A-BBF888BF9700.jpeg?w=480 480w, https:\/\/i0.wp.com\/blogdalucianaoliveira.com.br\/blog\/wp-content\/uploads\/2021\/09\/F073B421-06A3-4B3F-AA2A-BBF888BF9700.jpeg?resize=300%2C199 300w, https:\/\/i0.wp.com\/blogdalucianaoliveira.com.br\/blog\/wp-content\/uploads\/2021\/09\/F073B421-06A3-4B3F-AA2A-BBF888BF9700.jpeg?resize=451%2C300 451w\" sizes=\"auto, (max-width: 480px) 100vw, 480px\" \/><\/figure>\n\n\n\n<p><strong>Por Luis Felipe Miguel<\/strong>, no DCM &#8211; \u00c9 hora de balan\u00e7ar o galho.<\/p>\n\n\n\n<!--more-->\n\n\n\n<p>N\u00e3o tem por que permanecer neste estado de pr\u00e9-golpe at\u00e9 2022. As manifesta\u00e7\u00f5es de ontem marcam o enfraquecimento de Bolsonaro. Ele est\u00e1 maduro para cair.\u200c<\/p>\n\n\n\n<p>Ele reuniu muita gente? Sim. Mas muito menos do que esperava, tamanho o investimento na prepara\u00e7\u00e3o dos atos. E muito menos do que era necess\u00e1rio para dar g\u00e1s a um novo golpe.<\/p>\n\n\n\n<p>As estimativas mais confi\u00e1veis d\u00e3o conta de umas 100 mil pessoas em Bras\u00edlia e um pouco mais do que isso em S\u00e3o Paulo. Bolsonaro contava com dez vezes mais gente para se cacifar.<\/p>\n\n\n\n<p>Isto precipita o afastamento do Centr\u00e3o. Ningu\u00e9m quer ser s\u00f3cio de uma tentativa de golpe fadada ao fracasso.<\/p>\n\n\n\n<p>Mais ainda: Bolsonaro decepcionou sua base. Ele prometeu a\u00e7\u00e3o e s\u00f3 ofereceu mais palavras ao vento.\u200c<\/p>\n\n\n\n<p>A persona pol\u00edtica de Bolsonaro est\u00e1 se deslocando. O mach\u00e3o intr\u00e9pido que desafiava \u201co sistema\u201d \u00e9 agora a eterna v\u00edtima, se lamuriando das maldades que fazem com ele, incapaz de reagir.<\/p>\n\n\n\n<p>Bolsonaro xinga os outros e se apieda de si mesmo. Relatos das cloacas da extrema-direita d\u00e3o conta de que a decep\u00e7\u00e3o com ele \u00e9 crescente.<\/p>\n\n\n\n<p>Em suma, Bolsonaro n\u00e3o consegue azeitar sua mil\u00edcia pol\u00edtica. O bolsonarismo faz um barulho feio nas redes sociais, mezzo gado, mezzo robots, e passa vexame nas ruas, vestido com a bandeira e ostentando placas com impag\u00e1veis erros gramaticais \u2013 bil\u00edngues, em portugu\u00eas e em ingl\u00eas, que mico pouco \u00e9 bobagem.<\/p>\n\n\n\n<p>Mas causar convuls\u00e3o social? Dar bengaladas a esmo e quebrar tudo? S\u00f3 nos sonhos do genocida, e olhe l\u00e1.<\/p>\n\n\n\n<p>Isto est\u00e1 cada vez menos cr\u00edvel, mesmo para eles.<\/p>\n\n\n\n<p>Se as famosas \u201cinstitui\u00e7\u00f5es\u201d quiserem, \u00e9 a hora de balan\u00e7ar o galho. A hora de derrubar Bolsonaro e prend\u00ea-lo, junto com meia d\u00fazia de outros criminosos de sua entourage.<\/p>\n\n\n\n<p>N\u00e3o faltam motivos, nem caminhos para faz\u00ea-lo. Impeachment, afastamento por crime comum, cassa\u00e7\u00e3o da chapa, sem falar em solu\u00e7\u00f5es mais criativas (nem por isso ileg\u00edtimas).<\/p>\n\n\n\n<p>Sua inaptid\u00e3o para o cargo j\u00e1 est\u00e1 mais do que comprovada. Seu comportamento delinquente, tamb\u00e9m.<\/p>\n\n\n\n<p>Embora ciente de que a cartada de ontem n\u00e3o funcionou, Bolsonaro sabe que j\u00e1 ultrapassou o ponto de n\u00e3o retorno. Seu \u00fanico caminho \u00e9 aprofundar as amea\u00e7as e bravatas.<\/p>\n\n\n\n<p>Por isso, a hora de atingi-lo \u00e9 agora. Antes que, como o animal ferido da met\u00e1fora \u00f3bvia, ele busque uma sa\u00edda desesperada.<\/p>\n\n\n\n<h2 class=\"wp-block-heading\">Bolsonaro destitu\u00eddo e na cadeia, al\u00e9m de ser uma quest\u00e3o de justi\u00e7a, acalmaria o pa\u00eds<\/h2>\n\n\n\n<p>Porque este \u00e9 um ponto: a amea\u00e7a de que sua base radicalizada se rebele est\u00e1 cada vez menos cr\u00edvel.<\/p>\n\n\n\n<p>Os bolsonaristas colocariam o rabo entre as pernas e iriam chorar suas m\u00e1goas em casa. Claro que depois a gente teria que lidar com eles, mas o pa\u00eds n\u00e3o pegaria fogo.<\/p>\n\n\n\n<p>Assumiria um fascist\u00e3o que n\u00e3o \u00e9 burro e sabe que \u00e9 obrigado a se fazer de civilizado. O exemplo de Bolsonaro inibiria, ao menos por um tempo, outras intentonas.<\/p>\n\n\n\n<p>A direita teria uma chance de encontrar sua lend\u00e1ria \u201cterceira via\u201d, o que \u00e9 um bom est\u00edmulo para que ela embarque na ideia de derrubar Bolsonaro.<\/p>\n\n\n\n<p>As elei\u00e7\u00f5es ocorreriam em 2022, sem maiores sobressaltos, com a m\u00eddia e o poder econ\u00f4mico fazendo o poss\u00edvel para definir o resultado \u2013 como sempre.<\/p>\n\n\n\n<p>Tirar Bolsonaro do cargo n\u00e3o resolve nossos problemas. Mas permite que n\u00f3s os enfrentemos.<\/p>\n","protected":false},"excerpt":{"rendered":"<p>Por Luis Felipe Miguel, no DCM &#8211; \u00c9 hora de balan\u00e7ar o galho.<\/p>\n","protected":false},"author":1,"featured_media":0,"comment_status":"closed","ping_status":"open","sticky":false,"template":"","format":"standard","meta":{"_exactmetrics_skip_tracking":false,"_exactmetrics_sitenote_active":false,"_exactmetrics_sitenote_note":"","_exactmetrics_sitenote_category":0,"jetpack_post_was_ever_published":false,"_jetpack_newsletter_access":"","_jetpack_dont_email_post_to_subs":false,"_jetpack_newsletter_tier_id":0,"_jetpack_memberships_contains_paywalled_content":false,"_jetpack_memberships_contains_paid_content":false,"footnotes":"","jetpack_publicize_message":"","jetpack_publicize_feature_enabled":true,"jetpack_social_post_already_shared":true,"jetpack_social_options":{"image_generator_settings":{"template":"highway","enabled":false},"version":2}},"categories":[1],"tags":[],"class_list":["post-32795","post","type-post","status-publish","format-standard","hentry","category-notas"],"jetpack_publicize_connections":[],"jetpack_sharing_enabled":true,"jetpack_featured_media_url":"","jetpack_shortlink":"https:\/\/wp.me\/p7wKYW-8wX","jetpack-related-posts":[],"_links":{"self":[{"href":"http:\/\/blogdalucianaoliveira.com.br\/blog\/wp-json\/wp\/v2\/posts\/32795","targetHints":{"allow":["GET"]}}],"collection":[{"href":"http:\/\/blogdalucianaoliveira.com.br\/blog\/wp-json\/wp\/v2\/posts"}],"about":[{"href":"http:\/\/blogdalucianaoliveira.com.br\/blog\/wp-json\/wp\/v2\/types\/post"}],"author":[{"embeddable":true,"href":"http:\/\/blogdalucianaoliveira.com.br\/blog\/wp-json\/wp\/v2\/users\/1"}],"replies":[{"embeddable":true,"href":"http:\/\/blogdalucianaoliveira.com.br\/blog\/wp-json\/wp\/v2\/comments?post=32795"}],"version-history":[{"count":1,"href":"http:\/\/blogdalucianaoliveira.com.br\/blog\/wp-json\/wp\/v2\/posts\/32795\/revisions"}],"predecessor-version":[{"id":32797,"href":"http:\/\/blogdalucianaoliveira.com.br\/blog\/wp-json\/wp\/v2\/posts\/32795\/revisions\/32797"}],"wp:attachment":[{"href":"http:\/\/blogdalucianaoliveira.com.br\/blog\/wp-json\/wp\/v2\/media?parent=32795"}],"wp:term":[{"taxonomy":"category","embeddable":true,"href":"http:\/\/blogdalucianaoliveira.com.br\/blog\/wp-json\/wp\/v2\/categories?post=32795"},{"taxonomy":"post_tag","embeddable":true,"href":"http:\/\/blogdalucianaoliveira.com.br\/blog\/wp-json\/wp\/v2\/tags?post=32795"}],"curies":[{"name":"wp","href":"https:\/\/api.w.org\/{rel}","templated":true}]}}