{"id":32798,"date":"2021-09-08T09:49:02","date_gmt":"2021-09-08T13:49:02","guid":{"rendered":"http:\/\/blogdalucianaoliveira.com.br\/blog\/?p=32798"},"modified":"2021-09-08T09:49:05","modified_gmt":"2021-09-08T13:49:05","slug":"bolsonaro-descontrolado-e-manifestacao-de-forca-as-diferentes-visoes-da-imprensa-internacional-sobre-7-de-setembro","status":"publish","type":"post","link":"http:\/\/blogdalucianaoliveira.com.br\/blog\/2021\/09\/08\/bolsonaro-descontrolado-e-manifestacao-de-forca-as-diferentes-visoes-da-imprensa-internacional-sobre-7-de-setembro\/","title":{"rendered":"&#8216;Bolsonaro descontrolado&#8217; e &#8216;manifesta\u00e7\u00e3o de for\u00e7a&#8217;: as diferentes vis\u00f5es da imprensa internacional sobre 7 de setembro"},"content":{"rendered":"\n<figure class=\"wp-block-image\"><img data-recalc-dims=\"1\" decoding=\"async\" src=\"https:\/\/i0.wp.com\/ichef.bbci.co.uk\/news\/640\/cpsprodpb\/1739D\/production\/_120433159_2destituiostf.jpg?w=600&#038;ssl=1\" alt=\"Num cartaz em ingl\u00eas, manifestante pede a destitui\u00e7\u00e3o dos ministros do STF no protesto em S\u00e3o Paulo\"\/><\/figure>\n\n\n\n<p><strong>BBC <\/strong>&#8211; <strong>A imprensa internacional continuou repercutindo nesta quarta-feira (08\/09) a manifesta\u00e7\u00e3o convocada pelo presidente Jair Bolsonaro para o 7 de setembro.<\/strong><\/p>\n\n\n\n<!--more-->\n\n\n\n<p>Atos reuniram milhares de pessoas em Bras\u00edlia, S\u00e3o Paulo e outras cidades. Em dois discursos diante de seus apoiadores, Bolsonaro chamou as elei\u00e7\u00f5es de 2022 de &#8220;farsa&#8221;,&nbsp;<a href=\"https:\/\/www.bbc.com\/portuguese\/brasil-58479785\">disse que s\u00f3 sai da presid\u00eancia &#8220;preso ou morto&#8221; e exaltou a desobedi\u00eancia \u00e0 Justi\u00e7a<\/a>.<\/p>\n\n\n\n<p>O jornal argentino La Nacion disse que &#8220;a imagem do dia \u00e9 um presidente descontrolado, jogando tudo ou nada&#8221;.<\/p>\n\n\n\n<p>&#8220;Enquanto a economia desacelera, a infla\u00e7\u00e3o sobe e uma potencial crise energ\u00e9tica assusta a popula\u00e7\u00e3o brasileira, Bolsonaro opta por n\u00e3o governar e se dedicar a uma campanha eleitoral antecipada&#8221;, afirma a reportagem do peri\u00f3dico argentino.<\/p>\n\n\n\n<p>&#8220;Haver\u00e1 um antes e um depois das manifesta\u00e7\u00f5es convocadas nesta ter\u00e7a-feira pelo presidente do Brasil, Jair Bolsonaro, para defend\u00ea-lo e, ao mesmo tempo, atacar aqueles que ele elege como inimigos. H\u00e1 consenso entre acad\u00eamicos, intelectuais e no mundo pol\u00edtico n\u00e3o-alinhado com o chefe de Estado de que foram atos antidemocr\u00e1ticos, nos quais Bolsonaro fez &#8216;um discurso golpista&#8217;, com foco em sua luta acirrada com o Supremo Tribunal Federal.&#8221;<br><\/p>\n\n\n\n<p>Para dois jornais europeus, no entanto, os protestos foram uma demonstra\u00e7\u00e3o de for\u00e7a do presidente brasileiro.<\/p>\n\n\n\n<p>O espanhol El Pa\u00eds afirmou que Bolsonaro &#8220;conseguiu a demonstra\u00e7\u00e3o de for\u00e7a que procurava neste 7 de setembro, 199\u00ba anivers\u00e1rio da independ\u00eancia do Brasil de Portugal&#8221;.<\/p>\n\n\n\n<figure class=\"wp-block-image\"><img data-recalc-dims=\"1\" decoding=\"async\" src=\"https:\/\/i0.wp.com\/ichef.bbci.co.uk\/news\/640\/cpsprodpb\/21B9\/production\/_120433680_e4beb03e-a10a-400b-9194-c4c25363a5d5.jpg?w=600&#038;ssl=1\" alt=\"El Pa\u00eds: &quot;Bolsonaro endurece amea\u00e7a o Supremo Tribunal Federal em mobiliza\u00e7\u00e3o massiva&quot;\"\/><figcaption>Legenda da foto,El Pa\u00eds: &#8220;Bolsonaro endurece amea\u00e7a o Supremo Tribunal Federal em mobiliza\u00e7\u00e3o massiva&#8221;<\/figcaption><\/figure>\n\n\n\n<p>&#8220;Com o patriotismo e a liberdade como bandeiras, o ultradireitista trouxe grandes multid\u00f5es \u00e0s ruas em meio \u00e0 pandemia de Bras\u00edlia, S\u00e3o Paulo e outras cidades&#8221;, escreve o di\u00e1rio espanhol.<\/p>\n\n\n\n<p>&#8220;Seu discurso, em tom messi\u00e2nico e diante de uma multid\u00e3o,&nbsp;<a href=\"https:\/\/www.bbc.com\/portuguese\/brasil-58479785\">incluiu uma amea\u00e7a de golpe aos ju\u00edzes da Suprema Corte que o investigam por espalhar not\u00edcias falsas<\/a>.&#8221;<\/p>\n\n\n\n<figure class=\"wp-block-image\"><img data-recalc-dims=\"1\" decoding=\"async\" src=\"https:\/\/i0.wp.com\/ichef.bbci.co.uk\/news\/640\/cpsprodpb\/6BF1\/production\/_120433672_3992121e-5734-4247-9720-83103d597a9d.jpg?w=600&#038;ssl=1\" alt=\"Bolsonaro discursa em Brasilia\"\/><figcaption>Legenda da foto,Imprensa internacional voltou a destacar nesta quarta-feira os protestos de 7 de setembros convocados por Bolsonaro<\/figcaption><\/figure>\n\n\n\n<p>&#8220;Como bom populista, o presidente de extrema direita fala constantemente ao povo e se coloca acima do Congresso, como o m\u00e1ximo int\u00e9rprete dos desejos populares. Seus constantes ataques \u00e0 separa\u00e7\u00e3o de poderes e seus gestos autorit\u00e1rios alimentam periodicamente o temor de um autogolpe ou de algum tipo de quebra da ordem constitucional na terceira maior democracia do mundo.&#8221;<\/p>\n\n\n\n<p>O jornal espanhol tamb\u00e9m traz uma coluna de opini\u00e3o da jornalista brasileira Eliane Brum no qual ela escreve: &#8220;O que fazer quando um presidente se comporta como um terrorista e imp\u00f5e o terror de Estado a seus oponentes na data c\u00edvica mais simb\u00f3lica do pa\u00eds?&#8221;<\/p>\n\n\n\n<figure class=\"wp-block-image\"><img data-recalc-dims=\"1\" decoding=\"async\" src=\"https:\/\/i0.wp.com\/ichef.bbci.co.uk\/news\/640\/cpsprodpb\/15651\/production\/_120433678_f4ab47fe-c7b6-49e6-8ba3-c9c14a65881c.jpg?w=600&#038;ssl=1\" alt=\"Le Monde destacou: &quot;Para o dia nacional do Brasil, Bolsonaro consegue mobilizar ampla e amea\u00e7a um pouco mais a democracia&quot;\"\/><figcaption>Legenda da foto,Le Monde destacou: &#8216;Para o dia nacional do Brasil, Bolsonaro consegue mobilizar amplamente e amea\u00e7a um pouco mais a democracia&#8217;<\/figcaption><\/figure>\n\n\n\n<p>O jornal franc\u00eas Le Monde tamb\u00e9m destacou a ades\u00e3o aos protestos convocados por Bolsonaro.<\/p>\n\n\n\n<p>&#8220;Se dizia que ele est\u00e1 encurralado, cambaleando. \u00c0 beira do abismo, enfraquecido por uma impopularidade recorde, v\u00e1rios inqu\u00e9ritos judiciais e crises repetidas. Mas talvez o tenham enterrado um pouco cedo demais. Contra todas as probabilidades, Jair Bolsonaro conseguiu na ter\u00e7a-feira, 7 de setembro, mobilizar seus apoiadores em massa nas ruas do Brasil, por ocasi\u00e3o do Dia da Independ\u00eancial.&#8221;<\/p>\n\n\n\n<h2 class=\"wp-block-heading\" id=\"Brasil-no-limite\">Brasil &#8216;no limite&#8217;<\/h2>\n\n\n\n<p>Os jornais financeiros destacaram as incertezas do Brasil diante das manifesta\u00e7\u00f5es \u2014 e ressaltaram que pesquisas de opini\u00e3o mostram que o apoio a Bolsonaro est\u00e1 encolhendo no Brasil.<\/p>\n\n\n\n<p>A manifesta\u00e7\u00e3o convocada pelo presidente Jair Bolsonaro para o 7 de setembro &#8220;alimentou a tens\u00e3o que existe no Brasil&#8221; e colocou o pa\u00eds &#8220;no limite&#8221;, na avalia\u00e7\u00e3o do jornal brit\u00e2nico Financial Times publicada na edi\u00e7\u00e3o desta quarta-feira.<\/p>\n\n\n\n<p>Segundo o brit\u00e2nico Financial Times, &#8220;os protestos (convocados por Bolsonaro) geram medo de viol\u00eancia contra ju\u00edzes ap\u00f3s cr\u00edticas do presidente&#8221;.<\/p>\n\n\n\n<ul class=\"wp-block-list\"><li><a href=\"https:\/\/www.bbc.com\/portuguese\/brasil-58483401\">Amea\u00e7as ao STF elevam press\u00e3o por impeachment, mas Bolsonaro mant\u00e9m base para proteger mandato, dizem deputados<\/a><\/li><li><a href=\"https:\/\/www.bbc.com\/portuguese\/brasil-58483735\">De voto impresso a afastamento no STF: manifestantes pr\u00f3-Bolsonaro contam por que foram \u00e0s ruas<\/a><\/li><\/ul>\n\n\n\n<p>&#8220;Apesar das grandes multid\u00f5es esperadas ontem, um feriado nacional, a popularidade de Bolsonaro est\u00e1 diminuindo drasticamente, j\u00e1 que sua ret\u00f3rica antidemocr\u00e1tica assustou muitos antigos apoiadores, como a comunidade empresarial&#8221;, afirma o Financial Times.<\/p>\n\n\n\n<p>&#8220;Na avenida Faria Lima, em S\u00e3o Paulo, a vers\u00e3o brasileira de Wall Street, executivos admitem silenciosamente que a turbul\u00eancia pol\u00edtica est\u00e1 prejudicando os investimentos na maior economia da Am\u00e9rica Latina.&#8221;<\/p>\n\n\n\n<p>Outro jornal influente na comunidade financeira internacional, o Wall Street Journal, tamb\u00e9m publicou nesta quarta-feira reportagem sobre os protestos de 7 de setembro.<\/p>\n\n\n\n<figure class=\"wp-block-image\"><img data-recalc-dims=\"1\" decoding=\"async\" src=\"https:\/\/i0.wp.com\/ichef.bbci.co.uk\/news\/640\/cpsprodpb\/F779\/production\/_120435336_89579261-01f7-4bd6-89c3-44c29cc4f84e.jpg?w=600&#038;ssl=1\" alt=\"Wall Street Journal\"\/><figcaption>Legenda da foto,Wall Street Journal: &#8220;Presidente Bolsonaro re\u00fane apoiadores antes da campanha de reelei\u00e7\u00e3o&#8221;<\/figcaption><\/figure>\n\n\n\n<p>&#8220;Com seu \u00edndice de aprova\u00e7\u00e3o caindo em meio ao aumento da infla\u00e7\u00e3o e 584 mil mortes por covid-19, Bolsonaro convocou seus partid\u00e1rios para se manifestarem na ter\u00e7a-feira \u2014 o Dia da Independ\u00eancia do Brasil \u2014 contra as institui\u00e7\u00f5es que ele afirma que est\u00e3o prestes a derrub\u00e1-lo. Al\u00e9m do tribunal superior, Bolsonaro est\u00e1 lutando contra promotores, advers\u00e1rios no Congresso, a justi\u00e7a eleitoral e alguns governadores de Estado, incluindo o de S\u00e3o Paulo, Jo\u00e3o Doria. Ele tamb\u00e9m enfrenta o desafio de tentar vencer o ex-presidente Luiz In\u00e1cio Lula da Silva na elei\u00e7\u00e3o do pr\u00f3ximo ano&#8221;, destaca o jornal.<\/p>\n\n\n\n<ul class=\"wp-block-list\"><li><a href=\"https:\/\/www.bbc.com\/portuguese\/brasil-58483341\">Grupos bolsonaristas se dividem entre euforia e frustra\u00e7\u00e3o com manifesta\u00e7\u00f5es<\/a><\/li><li><a href=\"https:\/\/www.bbc.com\/portuguese\/brasil-58480923\">O que \u00e9 o Conselho da Rep\u00fablica, citado por Bolsonaro em discurso contra STF<\/a><\/li><\/ul>\n\n\n\n<p>O jornal americano tamb\u00e9m destacou os ataques de Bolsonaro contra a urna eletr\u00f4nica.<\/p>\n\n\n\n<p>&#8220;Observadores internacionais de democracia elogiam amplamente o sistema de vota\u00e7\u00e3o eletr\u00f4nica do Brasil, mas Bolsonaro disse que ele \u00e9 vulner\u00e1vel a fraudes&#8221;, escreve o Wall Street Journal.<\/p>\n\n\n\n<p>O jornal tamb\u00e9m cita entrevistas com cientistas pol\u00edticos que alertam que &#8220;o discurso inflamado de Bolsonaro na ter\u00e7a-feira corre o risco de minar ainda mais a confian\u00e7a dos brasileiros em suas institui\u00e7\u00f5es, que j\u00e1 era baixa antes de ele assumir o cargo no in\u00edcio de 2019&#8221;.<\/p>\n\n\n\n<p>O jornal americano Washington Post destacou<a href=\"https:\/\/www.bbc.com\/portuguese\/brasil-58482730\">&nbsp;a pris\u00e3o de Jason Miller, ex-conselheiro do ex-presidente americano Donald Trump e criador da rede social GETTR<\/a>, que pretende abrigar os principais representantes da direita global.<\/p>\n\n\n\n<p>Quando deixava o pa\u00eds, na manh\u00e3 de ter\u00e7a-feira, Jason Miller foi conduzido \u00e0 sala da Pol\u00edcia Federal no Aeroporto Internacional de Bras\u00edlia para ser ouvido no \u00e2mbito do inqu\u00e9rito das fake news, sob o comando do ministrodo STF Alexandre de Moraes.<\/p>\n\n\n\n<p>&#8220;Jason Miller, ex-conselheiro s\u00eanior de Donald Trump, disse na ter\u00e7a-feira que foi brevemente detido e interrogado pelas autoridades brasileiras em um dia em que o pa\u00eds sul-americano se aproximava ainda mais de uma crise constitucional completa&#8221;, escreveu o Washington Post.<\/p>\n\n\n\n<p>&#8220;A popularidade de Bolsonaro despencou nos \u00faltimos meses, \u00e0 medida que o coronav\u00edrus devastou o pa\u00eds, a economia eliminou milh\u00f5es de empregos e as investiga\u00e7\u00f5es sobre sua conduta se intensificaram. Seu desconforto com as investiga\u00e7\u00f5es tem alimentado coment\u00e1rios cada vez mais belicosos, tanto dele quanto de seus apoiadores, alguns dos quais o pediram repetidamente para liderar uma tomada militar do pa\u00eds e depor aqueles que procuraram restringir seu poder.&#8221;<\/p>\n\n\n\n<p>O jornal brit\u00e2nico The Guardian destacava na sua capa nesta quarta-feira uma reportagem intitulada: &#8220;Os obstinados apoiadores de Bolsonaro v\u00e3o \u00e0s ruas do Brasil para incitar pelot\u00f5es de fuzilamento e golpes&#8221;.<\/p>\n\n\n\n<p>Na ter\u00e7a-feira, outros ve\u00edculos como o The Guardian, o New York Times, a Der Spiegel e o El Clarin&nbsp;<a href=\"https:\/\/www.bbc.com\/portuguese\/brasil-58476535\">tamb\u00e9m haviam noticiado os protestos no Brasil<\/a>.<\/p>\n\n\n\n<figure class=\"wp-block-image\"><img data-recalc-dims=\"1\" decoding=\"async\" src=\"https:\/\/i0.wp.com\/ichef.bbci.co.uk\/news\/640\/cpsprodpb\/1683C\/production\/_104602229_line976.jpg?w=600&#038;ssl=1\" alt=\"L\u00ednea\"\/><\/figure>\n\n\n\n<p><br><\/p>\n","protected":false},"excerpt":{"rendered":"<p>BBC &#8211; A imprensa internacional continuou repercutindo nesta quarta-feira (08\/09) a manifesta\u00e7\u00e3o convocada pelo presidente Jair Bolsonaro para o 7 de setembro.<\/p>\n","protected":false},"author":1,"featured_media":0,"comment_status":"closed","ping_status":"open","sticky":false,"template":"","format":"standard","meta":{"_exactmetrics_skip_tracking":false,"_exactmetrics_sitenote_active":false,"_exactmetrics_sitenote_note":"","_exactmetrics_sitenote_category":0,"jetpack_post_was_ever_published":false,"_jetpack_newsletter_access":"","_jetpack_dont_email_post_to_subs":false,"_jetpack_newsletter_tier_id":0,"_jetpack_memberships_contains_paywalled_content":false,"_jetpack_memberships_contains_paid_content":false,"footnotes":"","jetpack_publicize_message":"","jetpack_publicize_feature_enabled":true,"jetpack_social_post_already_shared":true,"jetpack_social_options":{"image_generator_settings":{"template":"highway","enabled":false},"version":2}},"categories":[1],"tags":[],"class_list":["post-32798","post","type-post","status-publish","format-standard","hentry","category-notas"],"jetpack_publicize_connections":[],"jetpack_sharing_enabled":true,"jetpack_featured_media_url":"","jetpack_shortlink":"https:\/\/wp.me\/p7wKYW-8x0","jetpack-related-posts":[],"_links":{"self":[{"href":"http:\/\/blogdalucianaoliveira.com.br\/blog\/wp-json\/wp\/v2\/posts\/32798","targetHints":{"allow":["GET"]}}],"collection":[{"href":"http:\/\/blogdalucianaoliveira.com.br\/blog\/wp-json\/wp\/v2\/posts"}],"about":[{"href":"http:\/\/blogdalucianaoliveira.com.br\/blog\/wp-json\/wp\/v2\/types\/post"}],"author":[{"embeddable":true,"href":"http:\/\/blogdalucianaoliveira.com.br\/blog\/wp-json\/wp\/v2\/users\/1"}],"replies":[{"embeddable":true,"href":"http:\/\/blogdalucianaoliveira.com.br\/blog\/wp-json\/wp\/v2\/comments?post=32798"}],"version-history":[{"count":1,"href":"http:\/\/blogdalucianaoliveira.com.br\/blog\/wp-json\/wp\/v2\/posts\/32798\/revisions"}],"predecessor-version":[{"id":32799,"href":"http:\/\/blogdalucianaoliveira.com.br\/blog\/wp-json\/wp\/v2\/posts\/32798\/revisions\/32799"}],"wp:attachment":[{"href":"http:\/\/blogdalucianaoliveira.com.br\/blog\/wp-json\/wp\/v2\/media?parent=32798"}],"wp:term":[{"taxonomy":"category","embeddable":true,"href":"http:\/\/blogdalucianaoliveira.com.br\/blog\/wp-json\/wp\/v2\/categories?post=32798"},{"taxonomy":"post_tag","embeddable":true,"href":"http:\/\/blogdalucianaoliveira.com.br\/blog\/wp-json\/wp\/v2\/tags?post=32798"}],"curies":[{"name":"wp","href":"https:\/\/api.w.org\/{rel}","templated":true}]}}