{"id":32812,"date":"2021-09-10T09:42:50","date_gmt":"2021-09-10T13:42:50","guid":{"rendered":"http:\/\/blogdalucianaoliveira.com.br\/blog\/?p=32812"},"modified":"2021-09-10T09:42:55","modified_gmt":"2021-09-10T13:42:55","slug":"leonardo-sakamoto-bolsonaro-arrega-mas-democracia-nao-sobrevivera-a-tatica-de-ataque-e-recuo","status":"publish","type":"post","link":"http:\/\/blogdalucianaoliveira.com.br\/blog\/2021\/09\/10\/leonardo-sakamoto-bolsonaro-arrega-mas-democracia-nao-sobrevivera-a-tatica-de-ataque-e-recuo\/","title":{"rendered":"Leonardo Sakamoto: Bolsonaro arrega, mas democracia n\u00e3o sobreviver\u00e1 \u00e0 t\u00e1tica de ataque e recuo"},"content":{"rendered":"\n<figure class=\"wp-block-image\"><img data-recalc-dims=\"1\" decoding=\"async\" src=\"https:\/\/i0.wp.com\/images01.brasildefato.com.br\/b7456c0234d06d0b7fad2c4cad19d996.jpeg?w=600&#038;ssl=1\" alt=\"\"\/><\/figure>\n\n\n\n<h4 class=\"wp-block-heading\">Bolsonaro adota t\u00e1tica de ataque e recuo para erodir aos poucos as institui\u00e7\u00f5es democr\u00e1ticas<\/h4>\n\n\n\n<!--more-->\n\n\n\n<p>Leonardo Sakamoto\u00a0<a rel=\"noreferrer noopener\" target=\"_blank\" href=\"https:\/\/noticias.uol.com.br\/colunas\/leonardo-sakamoto\/2021\/09\/09\/bolsonaro-arrega-mas-democracia-nao-sobrevivera-a-tatica-de-ataque-e-recuo.htm\">Uol<\/a><\/p>\n\n\n\n<p>Ap\u00f3s as micaretas golpistas que protagonizou no dia 7 de setembro trazerem o impeachment de volta \u00e0 mesa,&nbsp;<a href=\"https:\/\/www.brasildefatopr.com.br\/2021\/09\/09\/organizacao-popular-para-tirar-bolsonaro-do-poder\" target=\"_blank\" rel=\"noreferrer noopener\">Jair Bolsonaro<\/a>&nbsp;divulgou, na tarde desta quinta (9), uma &#8220;declara\u00e7\u00e3o \u00e0 na\u00e7\u00e3o&#8221; em que tenta colocar panos quentes no caos que ele mesmo criou. Com o arrego, escreve mais um cap\u00edtulo em sua t\u00e1tica de aproxima\u00e7\u00f5es sucessivas: ataca e recua, ataca e recua, erodindo aos poucos as institui\u00e7\u00f5es democr\u00e1ticas. Corre o risco, contudo, de ser chamado por seus seguidores de &#8220;frouxo&#8221; &#8211; como caminhoneiros j\u00e1 v\u00eam fazendo.<\/p>\n\n\n\n<p>Cada novo ataque \u00e9 mais violento que o anterior e avan\u00e7a mais um pouco sobre a Constitui\u00e7\u00e3o Federal. Neste, por exemplo, prometeu que n\u00e3o iria mais cumprir ordens judiciais proferidas pelo ministro Alexandre de Moraes, do&nbsp;<a href=\"https:\/\/www.brasildefato.com.br\/2021\/09\/09\/artigo-como-fux-e-moraes-impediram-o-golpe-bolsonarista-na-vespera-do-7-de-setembro\" target=\"_blank\" rel=\"noreferrer noopener\">STF<\/a>&nbsp;&#8211; o que, na pr\u00e1tica, seria um golpe de Estado.<br><\/p>\n\n\n\n<p>A assessoria do Pal\u00e1cio do Planalto confirmou que, mediado por Michel Temer, Bolsonaro conversou com Moraes para tentar reduzir a temperatura. Na ter\u00e7a, o presidente o havia chamado de &#8220;canalha&#8221; para mais de 125 mil pessoas na avenida Paulista, em S\u00e3o Paulo, onde o ministro tem resid\u00eancia.<\/p>\n\n\n\n<p><a href=\"https:\/\/www.brasildefato.com.br\/2021\/09\/09\/em-declaracao-a-nacao-bolsonaro-recua-minhas-palavras-decorrem-do-calor-do-momento\" target=\"_blank\" rel=\"noreferrer noopener\">Na nota<\/a>, escrita com a ajuda de Temer, Bolsonaro diz que suas palavras &#8220;decorreram do calor do momento&#8221;. Mentira. O momento n\u00e3o se resume ao 7 de setembro, uma vez que ele vem atacando Alexandre de Moraes h\u00e1 semanas por conta dos inqu\u00e9ritos das&nbsp;<em>fake news&nbsp;<\/em>e das mil\u00edcias digitais atingirem ele, seus filhos e aliados.<\/p>\n\n\n\n<p>A narrativa oficial \u00e9 que Temer tamb\u00e9m veio ajudar a resolver os bloqueios causados por caminhoneiros empresas do agroneg\u00f3cio. Bobagem. Ao contr\u00e1rio da greve ocorrida sob o governo do ex-presidente, em maio de 2018, quando motoristas pararam o Brasil para reivindicar pautas da categoria, desta vez a motiva\u00e7\u00e3o foi pol\u00edtica, de apoio a Jair Bolsonaro e contra o Supremo Tribunal Federal.<\/p>\n\n\n\n<figure class=\"wp-block-image\"><img data-recalc-dims=\"1\" decoding=\"async\" src=\"https:\/\/i0.wp.com\/images02.brasildefato.com.br\/7de3b3793eea455917f0bc9d9f419115.jpeg?w=600&#038;ssl=1\" alt=\"\"\/><\/figure>\n\n\n\n<p><br>Atos antidemocr\u00e1ticos realizados em 7 de setembro reuniram milhares em apoio a Bolsonaro \/ Miguel Schincariol \/ AFP<\/p>\n\n\n\n<p>Basta, portanto, um sinal claro de Jair para eles pararem. Ironicamente, o presidente acabou emparedado pela pr\u00f3pria criatura, uma vez os bloqueios causaram p\u00e2nico sobre um poss\u00edvel desabastecimento, levando a aumentos nos j\u00e1 exorbitantes pre\u00e7os dos combust\u00edveis. Mas Temer emprestou sua imagem para amparar a ideia de um recuo pol\u00edtico.<\/p>\n\n\n\n<p>Bolsonaro tamb\u00e9m estava sendo cobrado a passar a impress\u00e3o que trabalha, mesmo que uma falsa impress\u00e3o. O IPCA (\u00cdndice Nacional de Pre\u00e7os ao Consumidor Amplo) ultrapassou 12% no acumulado dos \u00faltimos 12 meses. Ao mesmo tempo, o Dieese divulgou que o pre\u00e7o das cestas b\u00e1sicas aumentou em 13 das 17 capitais avaliadas mensalmente. Em Bras\u00edlia, ele subiu 34% entre agosto de 2020 e agosto de 2021. Pega mal que, enquanto o presidente brinca de guerra com o STF, o brasileiro v\u00ea o pa\u00eds naufragar.<\/p>\n\n\n\n<p><a href=\"https:\/\/www.brasildefato.com.br\/2021\/09\/09\/deus-patria-familia-bolsonaro-usa-lema-da-acao-integralista-brasileira-em-carta-a-nacao\" target=\"_blank\" rel=\"noreferrer noopener\">::&nbsp;\u201cDeus, P\u00e1tria, Fam\u00edlia\u201d: Bolsonaro usa lema da A\u00e7\u00e3o Integralista Brasileira em carta \u00e0 na\u00e7\u00e3o ::<\/a><\/p>\n\n\n\n<p>Agora, como sempre, vai entrar a turma do &#8220;pronto, tudo voltou ao normal&#8221;. Tamb\u00e9m haver\u00e1 aqueles que acreditar\u00e3o, felizes da vida, que as notas de rep\u00fadio, os recados de pol\u00edticos e as press\u00f5es sociais mudaram a forma de Bolsonaro pensar e agir. N\u00e3o, nada voltou ao normal. Daqui a pouco, ele ataca a Rep\u00fablica de novo. E de novo, e de novo.<\/p>\n\n\n\n<p>E, se as institui\u00e7\u00f5es baixarem a guarda e normalizarem o fato de que temos um presidente que brinca com o pa\u00eds, essa sequ\u00eancia de ensaios de golpe pode levar a um ponto de n\u00e3o retorno para as institui\u00e7\u00f5es e a pr\u00f3pria democracia.<\/p>\n\n\n\n<p>Ou \u00e9 isso ou temos algu\u00e9m com um transtorno de m\u00faltiplas personalidades que n\u00e3o foi devidamente medicado e que, portanto, n\u00e3o pode gerir uma na\u00e7\u00e3o, devendo ser removido do cargo imediatamente.<\/p>\n\n\n\n<p>Afinal, ao escrever que ele nunca teve &#8220;nenhuma inten\u00e7\u00e3o de agredir quaisquer dos Poderes&#8221; na tal nota p\u00fablica, ele chamou a todos n\u00f3s, brasileiros, de ot\u00e1rios.<\/p>\n\n\n\n<p>Vale assistir a sua live semanal na noite desta quinta. A carta foi voltada ao mundo pol\u00edtico e econ\u00f4mico. A live \u00e9 quando ele fala com seus apoiadores mais radicais. Se ele abandonar o discurso &#8220;bato e arrebento&#8221; e arregar l\u00e1 tamb\u00e9m, seu rebanho vai ficar bem chateado. E, chateados, n\u00e3o demonstrar\u00e3o o mesmo \u00e2nimo de defend\u00ea-lo nas ruas e nas redes sociais.<\/p>\n\n\n\n<p><em>*Leonardo Sakamoto \u00e9 jornalista e fundador da ONG Rep\u00f3rter Brasil. Escreve diariamente sobre pol\u00edtica e direitos humanos no portal Uol.<\/em><br><\/p>\n\n\n\n<p><br><\/p>\n","protected":false},"excerpt":{"rendered":"<p>Bolsonaro adota t\u00e1tica de ataque e recuo para erodir aos poucos as institui\u00e7\u00f5es democr\u00e1ticas<\/p>\n","protected":false},"author":1,"featured_media":0,"comment_status":"closed","ping_status":"open","sticky":false,"template":"","format":"standard","meta":{"_exactmetrics_skip_tracking":false,"_exactmetrics_sitenote_active":false,"_exactmetrics_sitenote_note":"","_exactmetrics_sitenote_category":0,"jetpack_post_was_ever_published":false,"_jetpack_newsletter_access":"","_jetpack_dont_email_post_to_subs":false,"_jetpack_newsletter_tier_id":0,"_jetpack_memberships_contains_paywalled_content":false,"_jetpack_memberships_contains_paid_content":false,"footnotes":"","jetpack_publicize_message":"","jetpack_publicize_feature_enabled":true,"jetpack_social_post_already_shared":true,"jetpack_social_options":{"image_generator_settings":{"template":"highway","enabled":false},"version":2}},"categories":[1],"tags":[],"class_list":["post-32812","post","type-post","status-publish","format-standard","hentry","category-notas"],"jetpack_publicize_connections":[],"jetpack_sharing_enabled":true,"jetpack_featured_media_url":"","jetpack_shortlink":"https:\/\/wp.me\/p7wKYW-8xe","jetpack-related-posts":[],"_links":{"self":[{"href":"http:\/\/blogdalucianaoliveira.com.br\/blog\/wp-json\/wp\/v2\/posts\/32812","targetHints":{"allow":["GET"]}}],"collection":[{"href":"http:\/\/blogdalucianaoliveira.com.br\/blog\/wp-json\/wp\/v2\/posts"}],"about":[{"href":"http:\/\/blogdalucianaoliveira.com.br\/blog\/wp-json\/wp\/v2\/types\/post"}],"author":[{"embeddable":true,"href":"http:\/\/blogdalucianaoliveira.com.br\/blog\/wp-json\/wp\/v2\/users\/1"}],"replies":[{"embeddable":true,"href":"http:\/\/blogdalucianaoliveira.com.br\/blog\/wp-json\/wp\/v2\/comments?post=32812"}],"version-history":[{"count":1,"href":"http:\/\/blogdalucianaoliveira.com.br\/blog\/wp-json\/wp\/v2\/posts\/32812\/revisions"}],"predecessor-version":[{"id":32813,"href":"http:\/\/blogdalucianaoliveira.com.br\/blog\/wp-json\/wp\/v2\/posts\/32812\/revisions\/32813"}],"wp:attachment":[{"href":"http:\/\/blogdalucianaoliveira.com.br\/blog\/wp-json\/wp\/v2\/media?parent=32812"}],"wp:term":[{"taxonomy":"category","embeddable":true,"href":"http:\/\/blogdalucianaoliveira.com.br\/blog\/wp-json\/wp\/v2\/categories?post=32812"},{"taxonomy":"post_tag","embeddable":true,"href":"http:\/\/blogdalucianaoliveira.com.br\/blog\/wp-json\/wp\/v2\/tags?post=32812"}],"curies":[{"name":"wp","href":"https:\/\/api.w.org\/{rel}","templated":true}]}}