{"id":32814,"date":"2021-09-10T09:50:00","date_gmt":"2021-09-10T13:50:00","guid":{"rendered":"http:\/\/blogdalucianaoliveira.com.br\/blog\/?p=32814"},"modified":"2021-09-10T09:50:04","modified_gmt":"2021-09-10T13:50:04","slug":"base-politica-de-extrema-direita-fica-desnorteada-com-recuo-de-bolsonaro","status":"publish","type":"post","link":"http:\/\/blogdalucianaoliveira.com.br\/blog\/2021\/09\/10\/base-politica-de-extrema-direita-fica-desnorteada-com-recuo-de-bolsonaro\/","title":{"rendered":"Base pol\u00edtica de extrema direita fica desnorteada com recuo de Bolsonaro"},"content":{"rendered":"\n<figure class=\"wp-block-image\"><img data-recalc-dims=\"1\" decoding=\"async\" src=\"https:\/\/i0.wp.com\/publisher-publish.s3.eu-central-1.amazonaws.com\/pb-brasil247\/swp\/jtjeq9\/media\/20210910090912_d363bc4259846362f560a2b656b077d963f55fc25b4ed429172ea34583a7e6f3.jpg?w=600&#038;ssl=1\" alt=\"Allan dos Santos, Z\u00e9 Trov\u00e3o, Rodrigo Constantino, Otoni de Paula e Carla Zambelli\"\/><\/figure>\n\n\n\n<p><strong>247 &#8211;<\/strong>\u00a0O recuo de Jair Bolsonaro nas cr\u00edticas que fez ao STF, intermediado por Michel Temer, deixou desnorteada sua base de apoio de extrema direita, sempre t\u00e3o estridente nas redes sociais. <\/p>\n\n\n\n<!--more-->\n\n\n\n<p>Os influenciadores bolsonaristas nas m\u00eddias agora falam em &#8220;fim de jogo&#8221;. &nbsp;&#8220;A nota do Temer foi para mostrar que o povo n\u00e3o deve exercer seu poder diretamente. N\u00e3o votei no Temer&#8221;, disse Allan dos Santos.<\/p>\n\n\n\n<p>J\u00e1 o comentarista Rodrigo Constantino escreveu: &#8220;Dia 7: multid\u00e3o nas ruas com pauta patri\u00f3tica condenando o arb\u00edtrio. Dia 9: Bolsonaro elogia China como essencial e pede desculpas ao STF. Game over&#8221;.<\/p>\n\n\n\n<p>Tamb\u00e9m houve rea\u00e7\u00f5es de sarcasmo. Um meme bastante compartilhado foi o que mostra a transmiss\u00e3o da faixa presidencial de Temer para Bolsonaro em modo reverso, como se o emedebista estivesse voltando ao cargo. &nbsp;<\/p>\n\n\n\n<p>&#8220;Impress\u00e3o inicial, ainda provis\u00f3ria: com o ato de hoje, Bolsonaro est\u00e1 abrindo m\u00e3o da candidatura \u00e0 reelei\u00e7\u00e3o&#8221;, disse o influenciador bolsonarista Leandro Ruschel.<br><\/p>\n\n\n\n<p>Bernardo Kuster, editor do jornal olavista Brasil Sem Medo, afirmou que &#8220;este \u00e9 o pa\u00eds do acord\u00e3o e da negocia\u00e7\u00e3o&#8221;, informa a coluna<a rel=\"noreferrer noopener\" target=\"_blank\" href=\"https:\/\/www1.folha.uol.com.br\/colunas\/painel\/2021\/09\/recuo-de-bolsonaro-sobre-stf-desnorteia-base-conservadora-que-fala-em-fim-de-jogo.shtml\">\u00a0<strong>Painel<\/strong><\/a>\u00a0da Folha de S.Paulo, que cita outras rea\u00e7\u00f5es negativas de bolsonaristas.\u00a0<br><br><\/p>\n","protected":false},"excerpt":{"rendered":"<p>247 &#8211;\u00a0O recuo de Jair Bolsonaro nas cr\u00edticas que fez ao STF, intermediado por Michel Temer, deixou desnorteada sua base de apoio de extrema direita, sempre t\u00e3o estridente nas redes sociais.<\/p>\n","protected":false},"author":1,"featured_media":0,"comment_status":"closed","ping_status":"open","sticky":false,"template":"","format":"standard","meta":{"_exactmetrics_skip_tracking":false,"_exactmetrics_sitenote_active":false,"_exactmetrics_sitenote_note":"","_exactmetrics_sitenote_category":0,"jetpack_post_was_ever_published":false,"_jetpack_newsletter_access":"","_jetpack_dont_email_post_to_subs":false,"_jetpack_newsletter_tier_id":0,"_jetpack_memberships_contains_paywalled_content":false,"_jetpack_memberships_contains_paid_content":false,"footnotes":"","jetpack_publicize_message":"","jetpack_publicize_feature_enabled":true,"jetpack_social_post_already_shared":true,"jetpack_social_options":{"image_generator_settings":{"template":"highway","enabled":false},"version":2}},"categories":[1],"tags":[],"class_list":["post-32814","post","type-post","status-publish","format-standard","hentry","category-notas"],"jetpack_publicize_connections":[],"jetpack_sharing_enabled":true,"jetpack_featured_media_url":"","jetpack_shortlink":"https:\/\/wp.me\/p7wKYW-8xg","jetpack-related-posts":[],"_links":{"self":[{"href":"http:\/\/blogdalucianaoliveira.com.br\/blog\/wp-json\/wp\/v2\/posts\/32814","targetHints":{"allow":["GET"]}}],"collection":[{"href":"http:\/\/blogdalucianaoliveira.com.br\/blog\/wp-json\/wp\/v2\/posts"}],"about":[{"href":"http:\/\/blogdalucianaoliveira.com.br\/blog\/wp-json\/wp\/v2\/types\/post"}],"author":[{"embeddable":true,"href":"http:\/\/blogdalucianaoliveira.com.br\/blog\/wp-json\/wp\/v2\/users\/1"}],"replies":[{"embeddable":true,"href":"http:\/\/blogdalucianaoliveira.com.br\/blog\/wp-json\/wp\/v2\/comments?post=32814"}],"version-history":[{"count":1,"href":"http:\/\/blogdalucianaoliveira.com.br\/blog\/wp-json\/wp\/v2\/posts\/32814\/revisions"}],"predecessor-version":[{"id":32815,"href":"http:\/\/blogdalucianaoliveira.com.br\/blog\/wp-json\/wp\/v2\/posts\/32814\/revisions\/32815"}],"wp:attachment":[{"href":"http:\/\/blogdalucianaoliveira.com.br\/blog\/wp-json\/wp\/v2\/media?parent=32814"}],"wp:term":[{"taxonomy":"category","embeddable":true,"href":"http:\/\/blogdalucianaoliveira.com.br\/blog\/wp-json\/wp\/v2\/categories?post=32814"},{"taxonomy":"post_tag","embeddable":true,"href":"http:\/\/blogdalucianaoliveira.com.br\/blog\/wp-json\/wp\/v2\/tags?post=32814"}],"curies":[{"name":"wp","href":"https:\/\/api.w.org\/{rel}","templated":true}]}}