{"id":32816,"date":"2021-09-10T09:53:57","date_gmt":"2021-09-10T13:53:57","guid":{"rendered":"http:\/\/blogdalucianaoliveira.com.br\/blog\/?p=32816"},"modified":"2021-09-10T09:54:03","modified_gmt":"2021-09-10T13:54:03","slug":"renato-freitas-nada-de-recuos-contra-o-bolsonarismo","status":"publish","type":"post","link":"http:\/\/blogdalucianaoliveira.com.br\/blog\/2021\/09\/10\/renato-freitas-nada-de-recuos-contra-o-bolsonarismo\/","title":{"rendered":"Renato Freitas: nada de recuos contra o bolsonarismo"},"content":{"rendered":"\n<figure class=\"wp-block-image\"><img data-recalc-dims=\"1\" decoding=\"async\" src=\"https:\/\/i0.wp.com\/publisher-publish.s3.eu-central-1.amazonaws.com\/pb-brasil247\/swp\/jtjeq9\/media\/20210910100932_d60fc472bf68a6756a6a30349393632994055c8c7280d7f264dcd0c68a8abb89.jpg?w=600&#038;ssl=1\" alt=\"Vereador Renato Freitas, do PT\"\/><\/figure>\n\n\n\n<p><strong>Por Camila Alvarenga, do\u00a0<\/strong><a rel=\"noreferrer noopener\" target=\"_blank\" href=\"https:\/\/operamundi.uol.com.br\/sub40\/71178\/renato-freitas-nada-de-recuos-contra-o-bolsonarismo\"><strong>Opera Mundi<\/strong><\/a><strong>\u00a0&#8211;\u00a0<\/strong>No programa<em>\u00a0SUB40<\/em>\u00a0desta quinta-feira (02\/09), o fundador de Opera Mundi, Breno Altman, entrevistou o vereador de Curitiba pelo Partido dos Trabalhadores, Renato Freitas.<br>Nascido em Sorocaba, o vereador cresceu na periferia de Curitiba e se uniu \u00e0 luta organizada apenas na faculdade, quando come\u00e7ou a cursar Ci\u00eancias Sociais na Universidade Federal do Paran\u00e1, curso que abandonou depois de um ano.<\/p>\n\n\n\n<!--more-->\n\n\n\n<p><br>Primeiramente filiado ao PT, depois ao PSOL, ele retornou ao PT j\u00e1 quando era estudante de Direito na UFPR. Mas Freitas afirmou que sempre foi politizado gra\u00e7as \u00e0 cena do rap e do hiphop, da qual ainda faz parte.<br><\/p>\n\n\n\n<p>At\u00e9 por conta dessa trajet\u00f3ria, o vereador defende a luta nas ruas e enfatizou que recuar nas manifesta\u00e7\u00f5es contra o bolsonarismo \u201c\u00e9 loucura\u201d.<\/p>\n\n\n\n<p>Ele destacou a import\u00e2ncia da luta de rua em Curitiba, que ele mesmo definiu como um \u201cpolo do bolsonarismo\u201d, mas que vem avan\u00e7ando, elegendo pela primeira vez dois vereadores e uma vereadora negros: \u201cRepresentamos outro rosto, uma possibilidade, mas a mudan\u00e7a de fato est\u00e1 por vir. Acho que ela vir\u00e1 da juventude, que vai ser determinante para virar a balan\u00e7a e eleger Lula\u201d.<\/p>\n\n\n\n<p>Freitas ainda se mostrou otimista com rela\u00e7\u00e3o \u00e0s elei\u00e7\u00f5es de deputados, inclusive se disponibilizando para ser candidato, mas confessou achar improv\u00e1vel que o PT eleja um governador no Paran\u00e1.<\/p>\n\n\n\n<p>Num balan\u00e7o sobre o trabalho do partido, o vereador afirmou que a legenda precisa voltar para a base, \u201cporque quando o fascismo ataca, ele come\u00e7a pela margem, pela periferia, asfixiando, controlando e matando, ent\u00e3o o partido tem que ter o p\u00e9 e o esp\u00edrito no povo\u201d.<\/p>\n\n\n\n<p>Mais do que isso, Freitas v\u00ea no trabalho de base a \u00fanica alternativa para evitar que o PT se associe aos opressores e \u00e9 isso que ele busca fazer como vereador.<\/p>\n\n\n\n<p>\u201cSe voc\u00ea oferece oposi\u00e7\u00e3o ao sistema a n\u00edvel institucional por muito tempo, voc\u00ea deixa de ser opositor, se associa ao sistema e a \u00fanica possibilidade para sair disso \u00e9 fazer a press\u00e3o de fora para dentro. Trazer as pessoas dos bairros para a C\u00e2mara dos Vereadores, n\u00e3o ficar nesse toma l\u00e1, d\u00e1 c\u00e1. E por isso j\u00e1 est\u00e3o pedindo a cassa\u00e7\u00e3o do meu mandato\u201d, exp\u00f4s.<br><\/p>\n\n\n\n<h2 class=\"wp-block-heading\">Esquerda no poder<\/h2>\n\n\n\n<p>Com rela\u00e7\u00e3o \u00e0 elei\u00e7\u00e3o presidencial em 2022, Freitas refor\u00e7ou que o PT \u00e9 o \u00fanico partido capaz de fazer um enfrentamento contra Bolsonaro, mas disse esperar que, desta vez, o partido n\u00e3o tenha ilus\u00f5es com rela\u00e7\u00e3o aos setores liberais e de que eles apoiariam uma candidatura de Lula contra o presidente.<\/p>\n\n\n\n<p>Fruto ele pr\u00f3prio de pol\u00edticas p\u00fablicas petistas, como o sistema de cotas raciais, o vereador disse que, diante de um novo governo de esquerda, ele gostaria de ver a retomada de pol\u00edticas como o Minha Casa, Minha Vida, \u201cporque quem paga aluguel \u00e9 submetido a todas as humilha\u00e7\u00f5es poss\u00edveis e n\u00e3o tem o que fazer\u201d.<\/p>\n\n\n\n<p>\u201cAcho que o PT [quando no governo] acertou em realizar a inclus\u00e3o pelo consumo, a minha fam\u00edlia p\u00f4de ter uma geladeira, mas isso, apesar de fundamental, se se d\u00e1 sem a inclus\u00e3o pelo conhecimento, pela cidadania e com conscientiza\u00e7\u00e3o, t\u00e3o logo voc\u00ea para de dar, as pessoas viram as costas para o governo ou n\u00e3o compreendem que aquilo que elas t\u00eam foi gra\u00e7as a pol\u00edticas sociais\u201d, refletiu.&nbsp;<\/p>\n\n\n\n<p>Nesse aspecto, ele espera que um novo presidente progressista aprenda com o passado e passe a dialogar e incluir o povo no governo: \u201cA gente quer um partido em que a gente caiba e acreditamos que o PT \u00e9 esse partido.\u201d<br><br><\/p>\n","protected":false},"excerpt":{"rendered":"<p>Por Camila Alvarenga, do\u00a0Opera Mundi\u00a0&#8211;\u00a0No programa\u00a0SUB40\u00a0desta quinta-feira (02\/09), o fundador de Opera Mundi, Breno Altman, entrevistou o vereador de Curitiba pelo Partido dos Trabalhadores, Renato Freitas.Nascido em Sorocaba, o vereador cresceu na periferia de Curitiba e se uniu \u00e0 luta organizada apenas na faculdade, quando come\u00e7ou a cursar Ci\u00eancias Sociais na Universidade Federal do Paran\u00e1,&#8230;<a class=\"more-link\" href=\"http:\/\/blogdalucianaoliveira.com.br\/blog\/2021\/09\/10\/renato-freitas-nada-de-recuos-contra-o-bolsonarismo\/\">Continue a leitura <span class=\"meta-nav\">&raquo;<\/span><\/a><\/p>\n","protected":false},"author":1,"featured_media":0,"comment_status":"closed","ping_status":"open","sticky":false,"template":"","format":"standard","meta":{"_exactmetrics_skip_tracking":false,"_exactmetrics_sitenote_active":false,"_exactmetrics_sitenote_note":"","_exactmetrics_sitenote_category":0,"jetpack_post_was_ever_published":false,"_jetpack_newsletter_access":"","_jetpack_dont_email_post_to_subs":false,"_jetpack_newsletter_tier_id":0,"_jetpack_memberships_contains_paywalled_content":false,"_jetpack_memberships_contains_paid_content":false,"footnotes":"","jetpack_publicize_message":"","jetpack_publicize_feature_enabled":true,"jetpack_social_post_already_shared":true,"jetpack_social_options":{"image_generator_settings":{"template":"highway","enabled":false},"version":2}},"categories":[1],"tags":[],"class_list":["post-32816","post","type-post","status-publish","format-standard","hentry","category-notas"],"jetpack_publicize_connections":[],"jetpack_sharing_enabled":true,"jetpack_featured_media_url":"","jetpack_shortlink":"https:\/\/wp.me\/p7wKYW-8xi","jetpack-related-posts":[],"_links":{"self":[{"href":"http:\/\/blogdalucianaoliveira.com.br\/blog\/wp-json\/wp\/v2\/posts\/32816","targetHints":{"allow":["GET"]}}],"collection":[{"href":"http:\/\/blogdalucianaoliveira.com.br\/blog\/wp-json\/wp\/v2\/posts"}],"about":[{"href":"http:\/\/blogdalucianaoliveira.com.br\/blog\/wp-json\/wp\/v2\/types\/post"}],"author":[{"embeddable":true,"href":"http:\/\/blogdalucianaoliveira.com.br\/blog\/wp-json\/wp\/v2\/users\/1"}],"replies":[{"embeddable":true,"href":"http:\/\/blogdalucianaoliveira.com.br\/blog\/wp-json\/wp\/v2\/comments?post=32816"}],"version-history":[{"count":1,"href":"http:\/\/blogdalucianaoliveira.com.br\/blog\/wp-json\/wp\/v2\/posts\/32816\/revisions"}],"predecessor-version":[{"id":32817,"href":"http:\/\/blogdalucianaoliveira.com.br\/blog\/wp-json\/wp\/v2\/posts\/32816\/revisions\/32817"}],"wp:attachment":[{"href":"http:\/\/blogdalucianaoliveira.com.br\/blog\/wp-json\/wp\/v2\/media?parent=32816"}],"wp:term":[{"taxonomy":"category","embeddable":true,"href":"http:\/\/blogdalucianaoliveira.com.br\/blog\/wp-json\/wp\/v2\/categories?post=32816"},{"taxonomy":"post_tag","embeddable":true,"href":"http:\/\/blogdalucianaoliveira.com.br\/blog\/wp-json\/wp\/v2\/tags?post=32816"}],"curies":[{"name":"wp","href":"https:\/\/api.w.org\/{rel}","templated":true}]}}