{"id":32818,"date":"2021-09-10T09:59:49","date_gmt":"2021-09-10T13:59:49","guid":{"rendered":"http:\/\/blogdalucianaoliveira.com.br\/blog\/?p=32818"},"modified":"2021-09-10T09:59:53","modified_gmt":"2021-09-10T13:59:53","slug":"compare-a-nota-de-recuo-de-bolsonaro-com-suas-falas-no-7-de-setembro-e-ao-longo-do-mandato","status":"publish","type":"post","link":"http:\/\/blogdalucianaoliveira.com.br\/blog\/2021\/09\/10\/compare-a-nota-de-recuo-de-bolsonaro-com-suas-falas-no-7-de-setembro-e-ao-longo-do-mandato\/","title":{"rendered":"Compare a nota de recuo de Bolsonaro com suas falas no 7 de Setembro e ao longo do mandato"},"content":{"rendered":"\n<figure class=\"wp-block-image\"><img data-recalc-dims=\"1\" decoding=\"async\" src=\"https:\/\/i0.wp.com\/f.i.uol.com.br\/fotografia\/2021\/09\/01\/1630526543612fdc4f1ea6f_1630526543_3x2_md.jpg?w=600&#038;ssl=1\" alt=\"Compare a nota de recuo de Bolsonaro com suas falas no 7 de Setembro e ao  longo do mandato - 10\/09\/2021 - Poder - Folha\"\/><\/figure>\n\n\n\n<h4 class=\"wp-block-heading\">Presidente recuou ap\u00f3s amea\u00e7as golpistas e disse que n\u00e3o teve inten\u00e7\u00e3o de agredir Poderes<\/h4>\n\n\n\n<!--more-->\n\n\n\n<p><strong>Na FSP <\/strong>&#8211; Dois dias ap\u00f3s\u00a0<a href=\"https:\/\/www1.folha.uol.com.br\/poder\/2021\/09\/na-paulista-bolsonaro-repete-ameacas-golpistas-ao-stf-e-diz-que-canalhas-nunca-irao-prende-lo.shtml\">atacar o STF (Supremo Tribunal Federal) com amea\u00e7as golpistas<\/a>, o presidente Jair Bolsonaro divulgou uma<a href=\"https:\/\/www1.folha.uol.com.br\/poder\/2021\/09\/na-paulista-bolsonaro-repete-ameacas-golpistas-ao-stf-e-diz-que-canalhas-nunca-irao-prende-lo.shtml\">\u00a0nota nesta quinta-feira (9) na qual recua<\/a>, afirma que n\u00e3o teve &#8220;nenhuma inten\u00e7\u00e3o de agredir quaisquer dos Poderes&#8221; e atribui palavras &#8220;contudentes&#8221; anteriores ao &#8220;calor do momento&#8221;.<\/p>\n\n\n\n<p>&#8220;Nunca tive nenhuma inten\u00e7\u00e3o de agredir quaisquer dos Poderes. A harmonia entre eles n\u00e3o \u00e9 vontade minha, mas determina\u00e7\u00e3o constitucional que todos, sem exce\u00e7\u00e3o, devem respeitar&#8221;, afirmou.<\/p>\n\n\n\n<p>A mudan\u00e7a de tom do presidente ap\u00f3s repetidos xingamentos a integrantes da corte desagradou grupos bolsonaristas, foi&nbsp;<a href=\"https:\/\/www1.folha.uol.com.br\/poder\/2021\/09\/pacheco-elogia-nota-de-bolsonaro-doria-chama-presidente-de-rato.shtml\">elogiada pelos presidentes do Senado e da C\u00e2mara<\/a>, mas vista com&nbsp;<a href=\"https:\/\/www1.folha.uol.com.br\/poder\/2021\/09\/ceticos-com-recuo-ministros-do-stf-veem-nota-de-bolsonaro-como-resposta-a-isolamento.shtml\">ceticismo pelos magistrados<\/a>.<\/p>\n\n\n\n<p>Confira abaixo a compara\u00e7\u00e3o de cada ponto da nota de recuo com o que foi dito por Bolsonaro nos atos de 7 de Setembro e ao longo de seus quase tr\u00eas anos de mandato.<\/p>\n\n\n\n<figure class=\"wp-block-image\"><a href=\"https:\/\/fotografia.folha.uol.com.br\/galerias\/1709730678284560-o-que-bolsonaro-ja-disse-sobre-os-atos-de-7-de-setembro\"><img data-recalc-dims=\"1\" decoding=\"async\" src=\"https:\/\/i0.wp.com\/f.i.uol.com.br\/fotografia\/2021\/09\/08\/16311389436139347fe2cc5_1631138943_3x2_md.jpg?w=600&#038;ssl=1\" alt=\"O que Bolsonaro disse antes e durante os atos de 7 de setembro\"\/><\/a><figcaption><a href=\"https:\/\/fotografia.folha.uol.com.br\/galerias\/1709730678284560-o-que-bolsonaro-ja-disse-sobre-os-atos-de-7-de-setembro\">O que Bolsonaro disse antes e durante os atos de 7 de setembro<\/a><\/figcaption><\/figure>\n\n\n\n<blockquote class=\"wp-block-quote is-layout-flow wp-block-quote-is-layout-flow\"><p><em>&#8220;No instante em que o pa\u00eds se encontra dividido entre institui\u00e7\u00f5es \u00e9 meu dever, como Presidente da Rep\u00fablica, vir a p\u00fablico para dizer:<\/em><\/p><p><em>1. Nunca tive nenhuma inten\u00e7\u00e3o de agredir quaisquer dos Poderes. A harmonia entre eles n\u00e3o \u00e9 vontade minha, mas determina\u00e7\u00e3o constitucional que todos, sem exce\u00e7\u00e3o, devem respeitar.<\/em><\/p><\/blockquote>\n\n\n\n<p>O presidente diz que n\u00e3o teve inten\u00e7\u00e3o de agredir, mas passou os&nbsp;<a href=\"https:\/\/www1.folha.uol.com.br\/poder\/2021\/08\/entenda-em-9-pontos-a-atual-crise-entre-os-poderes-patrocinada-por-bolsonaro.shtml\">\u00faltimos dois meses com seguidos ataques ao STF<\/a>&nbsp;e xingamentos a alguns de seus ministros como estrat\u00e9gia para convocar seus apoiadores para o 7 de Setembro.<\/p>\n\n\n\n<p>Nos atos, repetiu as agress\u00f5es e fez uma&nbsp;<a href=\"https:\/\/www1.folha.uol.com.br\/poder\/2021\/09\/na-paulista-bolsonaro-repete-ameacas-golpistas-ao-stf-e-diz-que-canalhas-nunca-irao-prende-lo.shtml\">s\u00e9rie de amea\u00e7as \u00e0 corte e a seus integrantes<\/a>. Os principais alvos de Bolsonaro sempre foram os ministros Alexandre de Moraes e&nbsp;<a href=\"https:\/\/www1.folha.uol.com.br\/poder\/2021\/09\/barroso-chama-bolsonaro-de-farsante-e-diz-que-populismo-busca-culpados-para-fiasco.shtml\">Lu\u00eds Roberto Barroso<\/a>. No 7 de Setembro, por\u00e9m, buscou tamb\u00e9m&nbsp;<a href=\"https:\/\/www1.folha.uol.com.br\/poder\/2021\/09\/bolsonaro-ameaca-stf-em-ato-com-pautas-golpistas-que-reuniu-milhares-em-brasilia.shtml\">emparedar o presidente do STF, ministro Luiz Fux<\/a>.<\/p>\n\n\n\n<blockquote class=\"wp-block-quote is-layout-flow wp-block-quote-is-layout-flow\"><p><em>2. Sei que boa parte dessas diverg\u00eancias decorrem de conflitos de entendimento acerca das decis\u00f5es adotadas pelo ministro Alexandre de Moraes no \u00e2mbito do inqu\u00e9rito das fake news.<\/em><\/p><\/blockquote>\n\n\n\n<p>Moraes foi o respons\u00e1vel por&nbsp;<a href=\"https:\/\/www1.folha.uol.com.br\/poder\/2021\/08\/moraes-aponta-indicios-de-mais-de-dez-crimes-em-ordem-de-prisao-de-jefferson.shtml\">decis\u00f5es recentes contra bolsonaristas que amea\u00e7am as institui\u00e7\u00f5es<\/a>. O ministro tem agido a partir de pedidos da PGR (Procuradoria-Geral da Rep\u00fablica), sob o comando de Augusto Aras, indicado por Bolsonaro, e da Pol\u00edcia Federal, \u00f3rg\u00e3o subordinado ao presidente.<\/p>\n\n\n\n<p>O STF analisa atualmente cinco inqu\u00e9ritos que miram o presidente&nbsp;<a href=\"https:\/\/www1.folha.uol.com.br\/folha-topicos\/jair-bolsonaro\/\">Bolsonaro<\/a>, seus filhos ou apoiadores na \u00e1rea criminal. J\u00e1 no TSE tramitam outras duas apura\u00e7\u00f5es que envolvem o chefe do Executivo.<\/p>\n\n\n\n<p>Apesar de a maioria estar em curso h\u00e1 mais de um ano, essas investiga\u00e7\u00f5es foram impulsionadas nas \u00faltimas semanas ap\u00f3s a&nbsp;<a href=\"https:\/\/www1.folha.uol.com.br\/poder\/2021\/08\/bolsonaro-critica-fux-e-promete-reduzir-pressao-sobre-voto-impresso.shtml\">escalada nos ataques golpistas do chefe do Executivo<\/a>&nbsp;a ministros das duas cortes e a uma s\u00e9rie de acusa\u00e7\u00f5es sem provas de fraude nas elei\u00e7\u00f5es.<\/p>\n\n\n\n<blockquote class=\"wp-block-quote is-layout-flow wp-block-quote-is-layout-flow\"><p><em>3. Mas na vida p\u00fablica as pessoas que exercem o poder, n\u00e3o t\u00eam o direito de \u201cesticar a corda\u201d, a ponto de prejudicar a vida dos brasileiros e sua economia.<\/em><\/p><\/blockquote>\n\n\n\n<p>Bolsonaro se mant\u00e9m em&nbsp;<a href=\"https:\/\/www1.folha.uol.com.br\/poder\/2020\/04\/ameacas-de-bolsonaro-a-governadores-e-prefeitos-mobilizam-supremo-e-congresso.shtml\">conflito<\/a>&nbsp;recorrente com o tribunal em rela\u00e7\u00e3o, por exemplo, \u00e0s medidas tomadas em meio \u00e0 pandemia do coronav\u00edrus. Desde o in\u00edcio da crise sanit\u00e1ria, o STF tem imposto derrotas ao presidente, que, em declara\u00e7\u00f5es, testa os limites da corte.<\/p>\n\n\n\n<p>No come\u00e7o de abril, por exemplo, o&nbsp;<a href=\"https:\/\/www1.folha.uol.com.br\/poder\/2021\/04\/barroso-do-stf-manda-presidente-do-senado-instalar-cpi-da-pandemia.shtml\">ministro Lu\u00eds Roberto Barroso mandou o presidente do Senado, Rodrigo Pacheco, instalar a CPI da&nbsp;<\/a><a href=\"https:\/\/www1.folha.uol.com.br\/poder\/2021\/04\/barroso-do-stf-manda-presidente-do-senado-instalar-cpi-da-pandemia.shtml\">Covid<\/a>. A decis\u00e3o foi uma&nbsp;<a href=\"https:\/\/www1.folha.uol.com.br\/poder\/2021\/03\/bolsonaro-faz-aceno-ao-congresso-para-evitar-cpi-mas-mantem-enfrentamento-e-fala-em-medidas-duras.shtml\">derrota para a base aliada de Bolsonaro&nbsp;<\/a>no Congresso, que vinha tentando barrar a comiss\u00e3o para investigar a condu\u00e7\u00e3o da pandemia.<\/p>\n\n\n\n<p>Contra as medidas de isolamento imposta por estados e munic\u00edpios com aval do Supremo, o presidente buscou formas de relaxar as regras da quarentena, como aumentar a lista de servi\u00e7os essenciais. A determina\u00e7\u00e3o de incluir igrejas e lot\u00e9ricas, por exemplo, foi vetada pela Justi\u00e7a.<\/p>\n\n\n\n<p>Em meio \u00e0 perdas, Bolsonaro&nbsp;<a href=\"https:\/\/www1.folha.uol.com.br\/poder\/2020\/03\/apos-ignorar-ministro-bolsonaro-diz-ter-vontade-de-baixar-decreto-para-populacao-poder-trabalhar.shtml\">amea\u00e7ou &#8220;baixar um decreto&#8221;<\/a>&nbsp;para que a popula\u00e7\u00e3o voltasse ao trabalho. Criou a&nbsp;<a href=\"https:\/\/www1.folha.uol.com.br\/poder\/2020\/03\/apos-proibicao-da-justica-governo-apaga-mensagens-de-campanha-anticonfinamento.shtml\">campanha &#8220;O Brasil n\u00e3o pode parar&#8221;<\/a>, que foi proibida pelo STF por colocar a popula\u00e7\u00e3o em risco.<\/p>\n\n\n\n<p>O presidente tamb\u00e9m tentou blindar dados da pandemia, mas o Supremo derrubou a&nbsp;<a href=\"https:\/\/www1.folha.uol.com.br\/poder\/2020\/03\/governo-muda-regras-de-atendimento-a-lei-de-acesso-a-informacao-durante-crise.shtml\">medida provis\u00f3ria<\/a>&nbsp;editada por ele, que restringia a&nbsp;<a href=\"https:\/\/www1.folha.uol.com.br\/poder\/2020\/03\/a-transparencia-piorou-no-governo-bolsonaro.shtml\">Lei de Acesso \u00e0 Informa\u00e7\u00e3o<\/a>&nbsp;(LAI). Ao mudar a forma de divulgar os n\u00fameros de mortes e de contaminados, o STF foi acionado novamente.<\/p>\n\n\n\n<figure class=\"wp-block-image\"><img data-recalc-dims=\"1\" decoding=\"async\" src=\"https:\/\/i0.wp.com\/f.i.uol.com.br\/fotografia\/2021\/09\/10\/1631278334613b54fe2910b_1631278334_3x2_rt.jpg?w=600&#038;ssl=1\" alt=\"Presidente do STF, Luiz Fux, e o presidente Jair Bolsonaro, em mar\u00e7o de 2021\n\"\/><figcaption>Presidente do STF, Luiz Fux, e o presidente Jair Bolsonaro, em mar\u00e7o de 2021 &#8211; Raul Spinass\u00e9\/Folhapress<\/figcaption><\/figure>\n\n\n\n<blockquote class=\"wp-block-quote is-layout-flow wp-block-quote-is-layout-flow\"><p><em>4. Por isso quero declarar que minhas palavras, por vezes contundentes, decorreram do calor do momento e dos embates que sempre visaram o bem comum.<\/em><\/p><\/blockquote>\n\n\n\n<p>Ao longo de sua gest\u00e3o, principalmente durante a pandemia, o presidente acumula atritos com a corte. E o&nbsp;<a href=\"https:\/\/www1.folha.uol.com.br\/poder\/2021\/08\/em-novo-ataque-a-barroso-bolsonaro-diz-que-ministro-coopta-tse-e-stf-e-que-nao-aceita-intimidacoes.shtml\">clima de crise&nbsp;<\/a>institucional escalou ap\u00f3s o presidente insistir nos ataques \u00e0s urnas eletr\u00f4nicas e na insinua\u00e7\u00e3o de que h\u00e1 um compl\u00f4 para fraudar as elei\u00e7\u00f5es de 2022.<\/p>\n\n\n\n<p>Nas \u00faltimas semanas, Bolsonaro reagiu com uma s\u00e9rie de ataques p\u00fablicos contra Barroso e Moraes.<\/p>\n\n\n\n<p>\u201cA hora dele [Moraes] vai chegar. Porque est\u00e1 jogando fora das quatro linhas da Constitui\u00e7\u00e3o h\u00e1 muito tempo\u201d, disse o presidente no dia 5, ap\u00f3s ser inclu\u00eddo como investigado no inqu\u00e9rito das fake news.<\/p>\n\n\n\n<p>Essas n\u00e3o foram as primeiras amea\u00e7as ou ataques de Bolsonaro ao Supremo e a seus integrantes. Em outros momentos de sua gest\u00e3o, ao reagir a decis\u00f5es contr\u00e1rias ao governo federal, o presidente j\u00e1 falou em&nbsp;<a href=\"https:\/\/www1.folha.uol.com.br\/poder\/2021\/04\/politicalha-acabou-porra-ligacao-com-pt-ativismo-e-militancia-veja-ataques-de-bolsonaro-a-ministros-do-stf.shtml\">ativismo, milit\u00e2ncia, liga\u00e7\u00e3o com o PT, politicalha e &#8216;acabou, porra&#8217;<\/a>.<\/p>\n\n\n\n<blockquote class=\"wp-block-quote is-layout-flow wp-block-quote-is-layout-flow\"><p><em>5. Em que pesem suas qualidades como jurista e professor, existem naturais diverg\u00eancias em algumas decis\u00f5es do Ministro Alexandre de Moraes.<\/em><\/p><\/blockquote>\n\n\n\n<p>Moraes foi o respons\u00e1vel por&nbsp;<a href=\"https:\/\/www1.folha.uol.com.br\/poder\/2021\/08\/moraes-aponta-indicios-de-mais-de-dez-crimes-em-ordem-de-prisao-de-jefferson.shtml\">decis\u00f5es recentes contra bolsonaristas que amea\u00e7am as institui\u00e7\u00f5es<\/a>. O ministro tem agido a partir de pedidos da PGR (Procuradoria-Geral da Rep\u00fablica), sob o comando de Augusto Aras, indicado por Bolsonaro, e da Pol\u00edcia Federal, \u00f3rg\u00e3o subordinado ao presidente.<\/p>\n\n\n\n<p>Em guerra com o Pal\u00e1cio do Planalto, o&nbsp;<a href=\"https:\/\/www1.folha.uol.com.br\/poder\/2021\/07\/supremo-atropela-pgr-e-adota-medidas-controversas-para-enfrentar-bolsonarismo.shtml\">STF tem nos \u00faltimos meses adotado medidas heterodoxas<\/a>&nbsp;e atropelado a PGR na tentativa de conter o avan\u00e7o bolsonarista contra as institui\u00e7\u00f5es.<\/p>\n\n\n\n<p>As decis\u00f5es da corte ajudaram a reduzir a dissemina\u00e7\u00e3o de fake news e de ataques \u00e0 democracia nas redes sociais e tamb\u00e9m culminaram, por exemplo, no&nbsp;<a href=\"https:\/\/www1.folha.uol.com.br\/podcasts\/2021\/06\/a-queda-do-ministro-que-conduziu-uma-agenda-antiambiental-do-meio-ambiente-ouca.shtml\">pedido de exonera\u00e7\u00e3o de Ricardo Salles<\/a>, que conduziu uma agenda antiambiental no Minist\u00e9rio do Meio Ambiente<\/p>\n\n\n\n<p>Por outro lado, especialistas temem que a atua\u00e7\u00e3o do Supremo com a\u00e7\u00f5es \u00e0 margem das regras habituais gere um precedente perigoso \u00e0 democracia. Um dos riscos apontado trata das consequ\u00eancias que podem provocar os embates com o procurador-geral, Augusto Aras.<\/p>\n\n\n\n<figure class=\"wp-block-image\"><a href=\"https:\/\/fotografia.folha.uol.com.br\/galerias\/nova\/49738-ministros-do-supremo\"><img data-recalc-dims=\"1\" decoding=\"async\" src=\"https:\/\/i0.wp.com\/f.i.uol.com.br\/fotografia\/2021\/01\/09\/16102193435ff9ff4feccc5_1610219343_3x2_md.jpg?w=600&#038;ssl=1\" alt=\"Ministros do STF\"\/><\/a><figcaption><a href=\"https:\/\/fotografia.folha.uol.com.br\/galerias\/nova\/49738-ministros-do-supremo\">Ministros do STF<\/a><\/figcaption><\/figure>\n\n\n\n<blockquote class=\"wp-block-quote is-layout-flow wp-block-quote-is-layout-flow\"><p><em>6. Sendo assim, essas quest\u00f5es devem ser resolvidas por medidas judiciais que ser\u00e3o tomadas de forma a assegurar a observ\u00e2ncia dos direitos e garantias fundamentais previsto no Art 5\u00ba da Constitui\u00e7\u00e3o Federal.<\/em><\/p><\/blockquote>\n\n\n\n<p>No 7 de Setembro, em que&nbsp;<a href=\"https:\/\/www1.folha.uol.com.br\/poder\/2021\/09\/na-paulista-bolsonaro-repete-ameacas-golpistas-ao-stf-e-diz-que-canalhas-nunca-irao-prende-lo.shtml\">amea\u00e7ou o STF e disse que n\u00e3o cumprir\u00e1 mais ordens judiciais<\/a>&nbsp;do ministro Alexandre de Moraes, Bolsonaro cometeu crimes de responsabilidade que podem levar \u00e0 abertura de processos de impeachment, segundo especialistas ouvidos pela&nbsp;<strong>Folha<\/strong>.<\/p>\n\n\n\n<p><a href=\"https:\/\/www1.folha.uol.com.br\/poder\/2021\/01\/veja-23-situacoes-em-que-bolsonaro-pode-ter-cometido-crime-de-responsabilidade.shtml\">Al\u00e9m dos crimes de responsabilidade<\/a>, que possuem car\u00e1ter pol\u00edtico e jur\u00eddico, o presidente pode ter cometido tamb\u00e9m crimes comuns, il\u00edcitos eleitorais e ato de improbidade administrativa, na avalia\u00e7\u00e3o de parte dos entrevistados.<\/p>\n\n\n\n<blockquote class=\"wp-block-quote is-layout-flow wp-block-quote-is-layout-flow\"><p><em>7. Reitero meu respeito pelas institui\u00e7\u00f5es da Rep\u00fablica, for\u00e7as motoras que ajudam a governar o pa\u00eds.<\/em><\/p><\/blockquote>\n\n\n\n<p>Bolsonaro n\u00e3o tem demonstrado respeito \u00e0s institui\u00e7\u00f5es ao longo de seu governo.<\/p>\n\n\n\n<p>A&nbsp;<a href=\"https:\/\/www1.folha.uol.com.br\/poder\/2021\/08\/entenda-em-9-pontos-a-atual-crise-entre-os-poderes-patrocinada-por-bolsonaro.shtml\">atual crise institucional, patrocinada por Bolsonaro<\/a>, teve in\u00edcio quando o presidente disse que as elei\u00e7\u00f5es de 2022 somente seriam realizadas com a implementa\u00e7\u00e3o do sistema do voto impresso \u2014<a href=\"https:\/\/www1.folha.uol.com.br\/poder\/2021\/08\/camara-barra-voto-impresso-esvazia-discurso-golpista-e-impoe-derrota-a-bolsonaro-em-dia-de-blindados.shtml\">essa proposta j\u00e1 foi derrubada pelo Congresso<\/a>.<\/p>\n\n\n\n<p>Em julho, em conversa com apoiadores,&nbsp;<a href=\"https:\/\/www1.folha.uol.com.br\/poder\/2021\/07\/de-novo-sem-provas-bolsonaro-repete-ameaca-e-diz-que-fraude-eleitoral-esta-no-tse.shtml\">Bolsonaro disse que &#8220;a fraude est\u00e1 no TSE&#8221;<\/a>&nbsp;e ainda atacou Barroso, a quem chamou de &#8220;idiota&#8221; e &#8220;imbecil&#8221;.<\/p>\n\n\n\n<p>&#8220;N\u00e3o tenho medo de elei\u00e7\u00f5es, entrego a faixa para quem ganhar, no voto audit\u00e1vel e confi\u00e1vel. Dessa forma [atual], corremos o risco de n\u00e3o termos elei\u00e7\u00e3o no ano que vem&#8221;, disse na ocasi\u00e3o.<\/p>\n\n\n\n<p>Um dia antes, tamb\u00e9m ao falar com apoiadores, Bolsonaro havia feito uma&nbsp;<a href=\"https:\/\/www1.folha.uol.com.br\/poder\/2021\/07\/ou-fazemos-eleicoes-limpas-no-brasil-ou-nao-temos-eleicoes-diz-bolsonaro-em-nova-ameaca.shtml\">amea\u00e7a semelhante<\/a>: &#8220;Ou fazemos elei\u00e7\u00f5es limpas no Brasil ou n\u00e3o temos elei\u00e7\u00f5es&#8221;.<\/p>\n\n\n\n<blockquote class=\"wp-block-quote is-layout-flow wp-block-quote-is-layout-flow\"><p><em>8. Democracia \u00e9 isso: Executivo, Legislativo e Judici\u00e1rio trabalhando juntos em favor do povo e todos respeitando a Constitui\u00e7\u00e3o.<\/em><\/p><\/blockquote>\n\n\n\n<p>No 7 de Setembro,&nbsp;<a href=\"https:\/\/www1.folha.uol.com.br\/poder\/2021\/09\/na-paulista-bolsonaro-repete-ameacas-golpistas-ao-stf-e-diz-que-canalhas-nunca-irao-prende-lo.shtml\">Bolsonaro fez uma amea\u00e7a direta ao presidente do Supremo, ministro Luiz Fux<\/a>. &#8220;Ou o chefe desse Poder [Fux] enquadra o seu [ministro] ou esse Poder pode sofrer aquilo que n\u00f3s n\u00e3o queremos&#8221;, disse, referindo-se \u00e0s recentes decis\u00f5es de Moraes contra bolsonaristas.<\/p>\n\n\n\n<p>&#8220;N\u00f3s todos aqui na Pra\u00e7a dos Tr\u00eas Poderes juramos respeitar a nossa Constitui\u00e7\u00e3o. Quem age fora dela se enquadra ou pede para sair&#8221;, disse o presidente, em um caminh\u00e3o de som no gramado em frente ao Congresso.<\/p>\n\n\n\n<p>&#8220;N\u00e3o podemos continuar aceitando que uma pessoa espec\u00edfica da regi\u00e3o dos Tr\u00eas Poderes continue barbarizando a nossa popula\u00e7\u00e3o. N\u00e3o podemos aceitar mais pris\u00f5es pol\u00edticas no nosso Brasil&#8221;, disse Bolsonaro em outra refer\u00eancia a Moraes.<\/p>\n\n\n\n<p>Depois, exortou desobedi\u00eancia a decis\u00f5es da Justi\u00e7a.<\/p>\n\n\n\n<p>&#8220;N\u00f3s devemos sim, porque eu falo em nome de voc\u00eas, determinar que todos os presos pol\u00edticos sejam postos em liberdade. Dizer a voc\u00eas, que qualquer decis\u00e3o do senhor \u200bAlexandre de Moraes, esse presidente n\u00e3o mais cumprir\u00e1. A paci\u00eancia do nosso povo j\u00e1 se esgotou&#8221;, afirmou Bolsonaro.<\/p>\n\n\n\n<p>&#8220;[Quero] dizer aos canalhas que eu nunca serei preso&#8221;, disse o presidente, que prosseguiu. &#8220;Ou esse ministro se enquadra ou ele pede para sair. N\u00e3o se pode admitir que uma pessoa apenas, um homem apenas turve a nossa liberdade.&#8221;<\/p>\n\n\n\n<blockquote class=\"wp-block-quote is-layout-flow wp-block-quote-is-layout-flow\"><p><em>9. Sempre estive disposto a manter di\u00e1logo permanente com os demais Poderes pela manuten\u00e7\u00e3o da harmonia e independ\u00eancia entre eles.<\/em><\/p><\/blockquote>\n\n\n\n<p>N\u00e3o \u00e9 verdade. Sua atitude tem sido sempre de confronto e de ataques.<\/p>\n\n\n\n<p>Em mar\u00e7o de 2020, por exemplo, diante do quartel-general do Ex\u00e9rcito e se dirigindo a uma aglomera\u00e7\u00e3o de apoiadores pr\u00f3-interven\u00e7\u00e3o militar no Brasil,&nbsp;<a href=\"https:\/\/www1.folha.uol.com.br\/poder\/2020\/04\/para-se-blindar-bolsonaro-comeca-a-mostrar-fatura-de-suas-projecoes-da-pandemia.shtml\">Bolsonaro<\/a>&nbsp;afirmou que havia &#8220;acabou a \u00e9poca da patifaria&#8221; e gritou palavras de ordem como &#8220;agora \u00e9 o povo no poder&#8221; e &#8220;n\u00e3o queremos negociar nada&#8221;.<\/p>\n\n\n\n<p>&#8220;N\u00f3s n\u00e3o queremos negociar nada. N\u00f3s queremos a\u00e7\u00e3o pelo Brasil&#8221;, declarou o presidente. &#8220;Chega da velha pol\u00edtica. Agora \u00e9 Brasil acima de tudo e Deus acima de todos.&#8221;<\/p>\n\n\n\n<blockquote class=\"wp-block-quote is-layout-flow wp-block-quote-is-layout-flow\"><p><em>10. Finalmente, quero registrar e agradecer o extraordin\u00e1rio apoio do povo brasileiro, com quem alinho meus princ\u00edpios e valores, e conduzo os destinos do nosso Brasil.&#8221;<\/em><\/p><\/blockquote>\n\n\n\n<p>Os atos de vi\u00e9s golpista em Bras\u00edlia e em S\u00e3o Paulo representam uma minoria no pa\u00eds.&nbsp;<a href=\"https:\/\/www1.folha.uol.com.br\/poder\/2020\/06\/apoio-a-democracia-chega-a-75-e-bate-recorde-em-meio-a-ameacas-de-bolsonaro.shtml\">Pesquisa Datafolha de junho<\/a>&nbsp;mostrou que 75% dos brasileiros consideram o regime democr\u00e1tico o mais adequado, enquanto 10% afirmam que a ditadura \u00e9 aceit\u00e1vel em algumas ocasi\u00f5es.<\/p>\n\n\n\n<p>Bolsonaro aparece distante do ex-presidente Luiz In\u00e1cio Lula da Silva (PT) em diferentes pesquisas de opini\u00e3o sobre as elei\u00e7\u00f5es de 2022. Pesquisa Datafolha de julho mostrou&nbsp;<a href=\"https:\/\/www1.folha.uol.com.br\/poder\/2021\/07\/datafolha-rejeicao-a-bolsonaro-sobe-a-51-novo-recorde-do-presidente.shtml\">recorde na reprova\u00e7\u00e3o do presidente, rejeitado por 51% dos brasileiros<\/a>. \u200b<\/p>\n\n\n\n<figure class=\"wp-block-image\"><a href=\"https:\/\/fotografia.folha.uol.com.br\/galerias\/1703299165218752-relembre-dias-de-furia-de-bolsonaro\"><img data-recalc-dims=\"1\" decoding=\"async\" src=\"https:\/\/i0.wp.com\/f.i.uol.com.br\/fotografia\/2021\/06\/22\/162439944460d25e544c072_1624399444_3x2_md.jpg?w=600&#038;ssl=1\" alt=\"Relembre dias de f\u00faria de Bolsonaro\"\/><\/a><figcaption><a href=\"https:\/\/fotografia.folha.uol.com.br\/galerias\/1703299165218752-relembre-dias-de-furia-de-bolsonaro\">Relembre dias de f\u00faria de Bolsonaro<\/a><\/figcaption><\/figure>\n","protected":false},"excerpt":{"rendered":"<p>Presidente recuou ap\u00f3s amea\u00e7as golpistas e disse que n\u00e3o teve inten\u00e7\u00e3o de agredir Poderes<\/p>\n","protected":false},"author":1,"featured_media":0,"comment_status":"closed","ping_status":"open","sticky":false,"template":"","format":"standard","meta":{"_exactmetrics_skip_tracking":false,"_exactmetrics_sitenote_active":false,"_exactmetrics_sitenote_note":"","_exactmetrics_sitenote_category":0,"jetpack_post_was_ever_published":false,"_jetpack_newsletter_access":"","_jetpack_dont_email_post_to_subs":false,"_jetpack_newsletter_tier_id":0,"_jetpack_memberships_contains_paywalled_content":false,"_jetpack_memberships_contains_paid_content":false,"footnotes":"","jetpack_publicize_message":"","jetpack_publicize_feature_enabled":true,"jetpack_social_post_already_shared":true,"jetpack_social_options":{"image_generator_settings":{"template":"highway","enabled":false},"version":2}},"categories":[1],"tags":[],"class_list":["post-32818","post","type-post","status-publish","format-standard","hentry","category-notas"],"jetpack_publicize_connections":[],"jetpack_sharing_enabled":true,"jetpack_featured_media_url":"","jetpack_shortlink":"https:\/\/wp.me\/p7wKYW-8xk","jetpack-related-posts":[],"_links":{"self":[{"href":"http:\/\/blogdalucianaoliveira.com.br\/blog\/wp-json\/wp\/v2\/posts\/32818","targetHints":{"allow":["GET"]}}],"collection":[{"href":"http:\/\/blogdalucianaoliveira.com.br\/blog\/wp-json\/wp\/v2\/posts"}],"about":[{"href":"http:\/\/blogdalucianaoliveira.com.br\/blog\/wp-json\/wp\/v2\/types\/post"}],"author":[{"embeddable":true,"href":"http:\/\/blogdalucianaoliveira.com.br\/blog\/wp-json\/wp\/v2\/users\/1"}],"replies":[{"embeddable":true,"href":"http:\/\/blogdalucianaoliveira.com.br\/blog\/wp-json\/wp\/v2\/comments?post=32818"}],"version-history":[{"count":1,"href":"http:\/\/blogdalucianaoliveira.com.br\/blog\/wp-json\/wp\/v2\/posts\/32818\/revisions"}],"predecessor-version":[{"id":32819,"href":"http:\/\/blogdalucianaoliveira.com.br\/blog\/wp-json\/wp\/v2\/posts\/32818\/revisions\/32819"}],"wp:attachment":[{"href":"http:\/\/blogdalucianaoliveira.com.br\/blog\/wp-json\/wp\/v2\/media?parent=32818"}],"wp:term":[{"taxonomy":"category","embeddable":true,"href":"http:\/\/blogdalucianaoliveira.com.br\/blog\/wp-json\/wp\/v2\/categories?post=32818"},{"taxonomy":"post_tag","embeddable":true,"href":"http:\/\/blogdalucianaoliveira.com.br\/blog\/wp-json\/wp\/v2\/tags?post=32818"}],"curies":[{"name":"wp","href":"https:\/\/api.w.org\/{rel}","templated":true}]}}