{"id":32820,"date":"2021-09-10T11:50:38","date_gmt":"2021-09-10T15:50:38","guid":{"rendered":"http:\/\/blogdalucianaoliveira.com.br\/blog\/?p=32820"},"modified":"2021-09-10T11:50:42","modified_gmt":"2021-09-10T15:50:42","slug":"paulo-coelho-detona-comicio-da-terceira-via-do-mbl-aecios-travestidos","status":"publish","type":"post","link":"http:\/\/blogdalucianaoliveira.com.br\/blog\/2021\/09\/10\/paulo-coelho-detona-comicio-da-terceira-via-do-mbl-aecios-travestidos\/","title":{"rendered":"Paulo Coelho detona com\u00edcio da Terceira Via do MBL: &#8220;A\u00e9cios travestidos&#8221;"},"content":{"rendered":"\n<figure class=\"wp-block-image size-large\"><img loading=\"lazy\" decoding=\"async\" width=\"1200\" height=\"719\" data-attachment-id=\"32821\" data-permalink=\"http:\/\/blogdalucianaoliveira.com.br\/blog\/2021\/09\/10\/paulo-coelho-detona-comicio-da-terceira-via-do-mbl-aecios-travestidos\/image-1170\/\" data-orig-file=\"https:\/\/i0.wp.com\/blogdalucianaoliveira.com.br\/blog\/wp-content\/uploads\/2021\/09\/image.png?fit=1200%2C719\" data-orig-size=\"1200,719\" data-comments-opened=\"0\" data-image-meta=\"{&quot;aperture&quot;:&quot;0&quot;,&quot;credit&quot;:&quot;&quot;,&quot;camera&quot;:&quot;&quot;,&quot;caption&quot;:&quot;&quot;,&quot;created_timestamp&quot;:&quot;0&quot;,&quot;copyright&quot;:&quot;&quot;,&quot;focal_length&quot;:&quot;0&quot;,&quot;iso&quot;:&quot;0&quot;,&quot;shutter_speed&quot;:&quot;0&quot;,&quot;title&quot;:&quot;&quot;,&quot;orientation&quot;:&quot;0&quot;}\" data-image-title=\"image\" data-image-description=\"\" data-image-caption=\"\" data-medium-file=\"https:\/\/i0.wp.com\/blogdalucianaoliveira.com.br\/blog\/wp-content\/uploads\/2021\/09\/image.png?fit=300%2C180\" data-large-file=\"https:\/\/i0.wp.com\/blogdalucianaoliveira.com.br\/blog\/wp-content\/uploads\/2021\/09\/image.png?fit=600%2C360\" src=\"https:\/\/i1.wp.com\/blogdalucianaoliveira.com.br\/blog\/wp-content\/uploads\/2021\/09\/image.png?fit=600%2C360&amp;ssl=1\" alt=\"\" class=\"wp-image-32821\" srcset=\"https:\/\/i0.wp.com\/blogdalucianaoliveira.com.br\/blog\/wp-content\/uploads\/2021\/09\/image.png?w=1200 1200w, https:\/\/i0.wp.com\/blogdalucianaoliveira.com.br\/blog\/wp-content\/uploads\/2021\/09\/image.png?resize=300%2C180 300w, https:\/\/i0.wp.com\/blogdalucianaoliveira.com.br\/blog\/wp-content\/uploads\/2021\/09\/image.png?resize=1024%2C614 1024w, https:\/\/i0.wp.com\/blogdalucianaoliveira.com.br\/blog\/wp-content\/uploads\/2021\/09\/image.png?resize=768%2C460 768w, https:\/\/i0.wp.com\/blogdalucianaoliveira.com.br\/blog\/wp-content\/uploads\/2021\/09\/image.png?resize=501%2C300 501w\" sizes=\"auto, (max-width: 600px) 100vw, 600px\" \/><\/figure>\n\n\n\n<p><strong>Uol, Balaio do Kotscho<\/strong> &#8211; Autor brasileiro mais vendido no mundo, o escritor Paulo Coelho saiu do seu conforto para atacar o com\u00edcio multicolorido da Terceira Via promovido pelo MBL (Movimento Brasil Livre) marcado para o pr\u00f3ximo domingo, na avenida Paulista:<\/p>\n\n\n\n<!--more-->\n\n\n\n<p>&#8220;Que n\u00e3o ocorra a nenhuma pessoa de bom senso juntar-se com esses idiotas do MBL na manifesta\u00e7\u00e3o que programam para domingo. Adoram posar de bons mo\u00e7os mas s\u00e3o A\u00e9cios travestidos. Fizeram um imenso mal ao pa\u00eds. N\u00e3o esque\u00e7am isso&#8221;, escreveu nas redes sociais.<\/p>\n\n\n\n<p>Bem lembrado, caro Paulo: sempre \u00e9 bom refrescar a mem\u00f3ria de quem entrou na onda de defender o vale tudo pol\u00edtico para tirar Bolsonaro do poder a qualquer pre\u00e7o.<\/p>\n\n\n\n<p>Vamos com calma. \u00c9 bom saber que esse MBL \u00e9 uma franquia da direita neoliberal que surgiu, apoiada por empres\u00e1rios e banqueiros, no embalo da Lava Jato de&nbsp;<a href=\"https:\/\/noticias.uol.com.br\/politica\/sergio-moro\/\">Sergio Moro<\/a>&nbsp;para derrubar Dilma, primeiro, e prender Lula, depois, abrindo caminho para&nbsp;<a href=\"https:\/\/noticias.uol.com.br\/politica\/governo-bolsonaro\/\">Jair Bolsonaro<\/a>, que apoiaram em 2018.<\/p>\n\n\n\n<p>Filiados a diferentes partidos, eles s\u00e3o poucos, mas fazem muito barulho e est\u00e3o sempre em busca de uma boa onda.<\/p>\n\n\n\n<p>Lan\u00e7aram h\u00e1 dois meses a ideia de uma manifesta\u00e7\u00e3o sob o lema &#8220;Nem Bolsonaro, nem Lula&#8221;, mas como a ades\u00e3o de tucanos arrependidos em busca de uma Terceira Via n\u00e3o bastava para encher a avenida, de repente resolveram pegar uma carona no &#8220;Fora Bolsonaro&#8221;, movimento de partidos de esquerda, centrais sindicais e sociais, que desde mar\u00e7o promove atos contra o presidente.<\/p>\n\n\n\n<p>De uma hora para outra, resolveram tirar o nome de Lula da convoca\u00e7\u00e3o, na tentativa de ampliar o leque de apoios. N\u00e3o foi f\u00e1cil a decis\u00e3o, pois uma ala do MBL e aliados ficou com receio de abrir espa\u00e7o para a &#8220;esquerda lulista&#8221; nos protestos.<\/p>\n\n\n\n<p>At\u00e9 lan\u00e7aram a hashtag #DomingoForaBolsonaro e anunciaram que querem reeditar a campanha das &#8220;Diretas J\u00e1&#8221;, a grande frente democr\u00e1tica que se uniu para derrubar a ditadura, em 1984. N\u00e3o tem nada a ver uma coisa com outra.<\/p>\n\n\n\n<p>Naquele movimento, l\u00edderes de esquerda e direita se aliaram contra a ditadura, mas eram todos, acima de tudo, democratas, com os mesmos ideais e projetos para construir uma na\u00e7\u00e3o livre e solid\u00e1ria. Entre eles, n\u00e3o havia nenhum Kim Kataguiri, um desconhecido estudante que surgiu do nada para liderar protestos pelo impeachment de Dilma Rousseff, e acabou se elegendo deputado do baixo clero.<\/p>\n\n\n\n<p>Em 1984, os l\u00edderes se chamavam doutor Ulysses, Lula, Brizola, FHC, Montoro, Tancredo _ \u00e9 muita pretens\u00e3o dessa meninada deslumbrada querer mostrar qualquer v\u00ednculo com as &#8220;Diretas J\u00e1&#8221;.<\/p>\n\n\n\n<p>Est\u00e3o querendo misturar jacar\u00e9 com lobisomem, uma uni\u00e3o de bolsonaristas arrependidos, ou que votaram em branco na \u00faltima elei\u00e7\u00e3o, com gente frustrada por n\u00e3o ter arrumado uma boquinha no governo, para ganhar espa\u00e7o na m\u00eddia e se apresentar como um grande movimento suprapartid\u00e1rio contra a barb\u00e1rie instalada com o decidido apoio deles.<\/p>\n\n\n\n<p>E ainda impuseram algumas regras para quem quiser participar dessa micareta de sapat\u00eanis e pulover de cashmere no ombro: n\u00e3o pode ir com bandeiras nem camisetas de partidos, todo mundo tem que usar roupas brancas.<\/p>\n\n\n\n<p>\u00c9 a turma da &#8220;dif\u00edcil escolha&#8221;, que deixou de votar em Fernando Haddad, homem honrado e preparado para governar o pa\u00eds, ex-ministro Ministro da Educa\u00e7\u00e3o e prefeito de S\u00e3o Paulo, para eleger um ex-militar, ignaro e lim\u00edtrofe, que est\u00e1 levando o pa\u00eds \u00e0 ru\u00edna.<\/p>\n\n\n\n<p>As atra\u00e7\u00f5es anunciadas para o palanque da Terceira Via s\u00e3o o ex-ministro da Sa\u00fade&nbsp;<a href=\"https:\/\/noticias.uol.com.br\/politica\/luiz-henrique-mandetta\/\">Luiz Henrique Mandetta<\/a>&nbsp;(DEM), Jo\u00e3o Amo\u00eado (Novo), a deputada federal T\u00e1bata Amaral (sem partido), o senador Alessandro Vieira Cidadania) e a senadora Simone Tebet (MDB), alguns deles pr\u00e9-candidatos a presidente da Rep\u00fablica.<\/p>\n\n\n\n<p>Tamb\u00e9m dever\u00e1 abrilhantar o ato o ex-ministro Ciro Gomes (PDT), que j\u00e1 chamou os militantes do MBL de &#8220;Z\u00e9 Bostinha&#8221;, e corre mais uma vez em via pr\u00f3pria, nem direita nem esquerda, o \u00fanico pr\u00e9-candidato competitivo da turma. Mas ele n\u00e3o sabe ainda se vai subir no caminh\u00e3o de som para falar ao povo ou apenas marcar presen\u00e7a. Tudo somado, nenhum deles passa de um d\u00edgito nas pesquisas e ficam a l\u00e9guas de dist\u00e2ncia de Bolsonaro e Lula.<\/p>\n\n\n\n<p>Como o PSDB agora tamb\u00e9m est\u00e1 oficialmente na oposi\u00e7\u00e3o, pode ser que seus pr\u00e9-candidatos&nbsp;<a href=\"https:\/\/noticias.uol.com.br\/politica\/joao-doria\/\">Jo\u00e3o Doria<\/a>&nbsp;e Eduardo Leite, compare\u00e7am ao ato. A\u00ed s\u00f3 ficar\u00e1 faltando Michel Temer, o ex-presidente que vem se insinuando como um bom nome para a Terceira Via.<\/p>\n\n\n\n<p>Para setores da m\u00eddia que est\u00e3o desesperados para encontrar um nome capaz de enfrentar Lula e Bolsonaro, \u00e9 o que temos para o momento.<br><\/p>\n","protected":false},"excerpt":{"rendered":"<p>Uol, Balaio do Kotscho &#8211; Autor brasileiro mais vendido no mundo, o escritor Paulo Coelho saiu do seu conforto para atacar o com\u00edcio multicolorido da Terceira Via promovido pelo MBL (Movimento Brasil Livre) marcado para o pr\u00f3ximo domingo, na avenida Paulista:<\/p>\n","protected":false},"author":1,"featured_media":0,"comment_status":"closed","ping_status":"open","sticky":false,"template":"","format":"standard","meta":{"_exactmetrics_skip_tracking":false,"_exactmetrics_sitenote_active":false,"_exactmetrics_sitenote_note":"","_exactmetrics_sitenote_category":0,"jetpack_post_was_ever_published":false,"_jetpack_newsletter_access":"","_jetpack_dont_email_post_to_subs":false,"_jetpack_newsletter_tier_id":0,"_jetpack_memberships_contains_paywalled_content":false,"_jetpack_memberships_contains_paid_content":false,"footnotes":"","jetpack_publicize_message":"","jetpack_publicize_feature_enabled":true,"jetpack_social_post_already_shared":true,"jetpack_social_options":{"image_generator_settings":{"template":"highway","enabled":false},"version":2}},"categories":[1],"tags":[],"class_list":["post-32820","post","type-post","status-publish","format-standard","hentry","category-notas"],"jetpack_publicize_connections":[],"jetpack_sharing_enabled":true,"jetpack_featured_media_url":"","jetpack_shortlink":"https:\/\/wp.me\/p7wKYW-8xm","jetpack-related-posts":[],"_links":{"self":[{"href":"http:\/\/blogdalucianaoliveira.com.br\/blog\/wp-json\/wp\/v2\/posts\/32820","targetHints":{"allow":["GET"]}}],"collection":[{"href":"http:\/\/blogdalucianaoliveira.com.br\/blog\/wp-json\/wp\/v2\/posts"}],"about":[{"href":"http:\/\/blogdalucianaoliveira.com.br\/blog\/wp-json\/wp\/v2\/types\/post"}],"author":[{"embeddable":true,"href":"http:\/\/blogdalucianaoliveira.com.br\/blog\/wp-json\/wp\/v2\/users\/1"}],"replies":[{"embeddable":true,"href":"http:\/\/blogdalucianaoliveira.com.br\/blog\/wp-json\/wp\/v2\/comments?post=32820"}],"version-history":[{"count":1,"href":"http:\/\/blogdalucianaoliveira.com.br\/blog\/wp-json\/wp\/v2\/posts\/32820\/revisions"}],"predecessor-version":[{"id":32822,"href":"http:\/\/blogdalucianaoliveira.com.br\/blog\/wp-json\/wp\/v2\/posts\/32820\/revisions\/32822"}],"wp:attachment":[{"href":"http:\/\/blogdalucianaoliveira.com.br\/blog\/wp-json\/wp\/v2\/media?parent=32820"}],"wp:term":[{"taxonomy":"category","embeddable":true,"href":"http:\/\/blogdalucianaoliveira.com.br\/blog\/wp-json\/wp\/v2\/categories?post=32820"},{"taxonomy":"post_tag","embeddable":true,"href":"http:\/\/blogdalucianaoliveira.com.br\/blog\/wp-json\/wp\/v2\/tags?post=32820"}],"curies":[{"name":"wp","href":"https:\/\/api.w.org\/{rel}","templated":true}]}}