{"id":32823,"date":"2021-09-11T10:23:39","date_gmt":"2021-09-11T14:23:39","guid":{"rendered":"http:\/\/blogdalucianaoliveira.com.br\/blog\/?p=32823"},"modified":"2021-09-11T10:23:44","modified_gmt":"2021-09-11T14:23:44","slug":"escalada-autoritaria-do-presidente-cresceu-por-falta-de-limites-de-atores-politicos-diz-antropologa","status":"publish","type":"post","link":"http:\/\/blogdalucianaoliveira.com.br\/blog\/2021\/09\/11\/escalada-autoritaria-do-presidente-cresceu-por-falta-de-limites-de-atores-politicos-diz-antropologa\/","title":{"rendered":"Escalada autorit\u00e1ria do presidente cresceu por falta de limites de atores pol\u00edticos, diz antrop\u00f3loga"},"content":{"rendered":"\n<figure class=\"wp-block-image size-large\"><img data-recalc-dims=\"1\" loading=\"lazy\" decoding=\"async\" width=\"600\" height=\"400\" data-attachment-id=\"32824\" data-permalink=\"http:\/\/blogdalucianaoliveira.com.br\/blog\/2021\/09\/11\/escalada-autoritaria-do-presidente-cresceu-por-falta-de-limites-de-atores-politicos-diz-antropologa\/78d9b6e7-3a71-4a21-b476-43f9c3396c9f\/\" data-orig-file=\"https:\/\/i0.wp.com\/blogdalucianaoliveira.com.br\/blog\/wp-content\/uploads\/2021\/09\/78D9B6E7-3A71-4A21-B476-43F9C3396C9F.jpeg?fit=980%2C653\" data-orig-size=\"980,653\" data-comments-opened=\"0\" data-image-meta=\"{&quot;aperture&quot;:&quot;0&quot;,&quot;credit&quot;:&quot;&quot;,&quot;camera&quot;:&quot;&quot;,&quot;caption&quot;:&quot;&quot;,&quot;created_timestamp&quot;:&quot;0&quot;,&quot;copyright&quot;:&quot;&quot;,&quot;focal_length&quot;:&quot;0&quot;,&quot;iso&quot;:&quot;0&quot;,&quot;shutter_speed&quot;:&quot;0&quot;,&quot;title&quot;:&quot;&quot;,&quot;orientation&quot;:&quot;0&quot;}\" data-image-title=\"78D9B6E7-3A71-4A21-B476-43F9C3396C9F\" data-image-description=\"\" data-image-caption=\"\" data-medium-file=\"https:\/\/i0.wp.com\/blogdalucianaoliveira.com.br\/blog\/wp-content\/uploads\/2021\/09\/78D9B6E7-3A71-4A21-B476-43F9C3396C9F.jpeg?fit=300%2C200\" data-large-file=\"https:\/\/i0.wp.com\/blogdalucianaoliveira.com.br\/blog\/wp-content\/uploads\/2021\/09\/78D9B6E7-3A71-4A21-B476-43F9C3396C9F.jpeg?fit=600%2C400\" src=\"https:\/\/i0.wp.com\/blogdalucianaoliveira.com.br\/blog\/wp-content\/uploads\/2021\/09\/78D9B6E7-3A71-4A21-B476-43F9C3396C9F.jpeg?resize=600%2C400\" alt=\"\" class=\"wp-image-32824\" srcset=\"https:\/\/i0.wp.com\/blogdalucianaoliveira.com.br\/blog\/wp-content\/uploads\/2021\/09\/78D9B6E7-3A71-4A21-B476-43F9C3396C9F.jpeg?w=980 980w, https:\/\/i0.wp.com\/blogdalucianaoliveira.com.br\/blog\/wp-content\/uploads\/2021\/09\/78D9B6E7-3A71-4A21-B476-43F9C3396C9F.jpeg?resize=300%2C200 300w, https:\/\/i0.wp.com\/blogdalucianaoliveira.com.br\/blog\/wp-content\/uploads\/2021\/09\/78D9B6E7-3A71-4A21-B476-43F9C3396C9F.jpeg?resize=768%2C512 768w, https:\/\/i0.wp.com\/blogdalucianaoliveira.com.br\/blog\/wp-content\/uploads\/2021\/09\/78D9B6E7-3A71-4A21-B476-43F9C3396C9F.jpeg?resize=450%2C300 450w\" sizes=\"auto, (max-width: 600px) 100vw, 600px\" \/><\/figure>\n\n\n\n<p>Para Isabela Kalil, popula\u00e7\u00e3o sempre imp\u00f4s resist\u00eancia e boa parte discorda do projeto bolsonarista, abra\u00e7ado por uma minoria. D\u00favida \u00e9 se a democracia sobrevive at\u00e9 2022, diz soci\u00f3loga Angela Alonso.<\/p>\n\n\n\n<!--more-->\n\n\n\n<p>El Pa\u00eds <\/p>\n\n\n\n<p>A hist\u00f3ria se repete. Depois de radicalizar ainda mais e fazer amea\u00e7as expl\u00edcitas de golpe de Estado e ao Supremo Tribunal Federal diante de milhares de apoiadores no dia 7 de setembro, o presidente\u00a0<a rel=\"noreferrer noopener\" href=\"https:\/\/brasil.elpais.com\/noticias\/jair-messias-bolsonaro\/\" target=\"_blank\">Jair Bolsonaro<\/a>\u00a0recuou e\u00a0<a rel=\"noreferrer noopener\" href=\"https:\/\/brasil.elpais.com\/brasil\/2021-09-10\/bolsonaro-da-um-passo-atras-para-debelar-crise-que-ele-mesmo-criou-enquanto-o-pais-aguarda-a-proxima.html\" target=\"_blank\">abriu uma via de di\u00e1logo com a corte<\/a>. N\u00e3o significa que se moderou. Seu modo de agir, explica a antrop\u00f3loga Isabela Kalil, professora da Funda\u00e7\u00e3o Escola de Sociologia e Pol\u00edtica de S\u00e3o Paulo (FESPSP) e estudiosa do bolsonarismo, \u201cdependedos constrangimentos legais e pol\u00edticos que ele sofrer\u201d. Assim, esse recente recuo \u201csinaliza que ele sentiu esse constrangimento<a rel=\"noreferrer noopener\" href=\"https:\/\/brasil.elpais.com\/brasil\/2021-09-08\/stf-fala-em-crime-de-responsabilidade-de-bolsonaro-e-joga-a-bomba-do-impeachment-para-lira.html\" target=\"_blank\">\u00a0seja pela amea\u00e7a de impeachment seja por seus crimes de responsabilidade<\/a>, ou mesmo pela possibilidade de se tornar ineleg\u00edvel\u201d. Mas, depois de\u00a0<a rel=\"noreferrer noopener\" href=\"https:\/\/brasil.elpais.com\/brasil\/2021-09-07\/bolsonaro-faz-discurso-messianico-diante-de-esplanada-lotada-e-ameaca-enquadrar-o-supremo.html?rel=listapoyo\" target=\"_blank\">arrastar milhares de pessoas para seu projeto golpista<\/a>, com caminhoneiros bloqueando\u00a0estradas no dia seguinte ao 7 de setembro, \u201cesse recuo pode custar caro entre os mais radicalizados\u201d, aponta a antrop\u00f3loga.<\/p>\n\n\n\n<p>Bolsonaro, o presidente que chegou ao poder para combater o sistema, apelou para o ex-presidente Michel Temer \u2014\u201dque representa o que o mandat\u00e1rio chama de \u2018velha pol\u00edtica\u201d, lembra Kalil \u2014quando a situa\u00e7\u00e3o parecia estar saindo do controle, com&nbsp;<a href=\"https:\/\/brasil.elpais.com\/brasil\/2021-09-09\/caminhoneiros-bloqueiam-rodovias-em-mais-da-metade-dos-estados-e-fazem-pairar-ameaca-de-greve-pro-bolsonaro.html?rel=listapoyo\" target=\"_blank\" rel=\"noreferrer noopener\">o fantasma de uma nova greve de caminhoneiros<\/a>&nbsp;ao mesmo tempo que o mundo pol\u00edtico voltava a debater a abertura de um processo de impeachment. Ela lembra que v\u00e1rios de seus apoiadores embarcaram na performance golpista do presidente com a promessa de que contariam com seu respaldo institucional e jur\u00eddico. Enquanto \u201calguns patriotas se jogaram na piscina do golpismo, Bolsonaro prometeu ficou na borda\u201d. Agora, esses apoiadores, muitos deles alvos do inqu\u00e9rito no Supremo que apura as fake news, pedem um colete salva-vidas.<\/p>\n\n\n\n<p>\u201cO que acontece com bastante frequ\u00eancia \u00e9 que toda vez que ele tem problemas, como na \u00e1rea econ\u00f4mica ou na sa\u00fade p\u00fablica, Bolsonaro desloca a crise para a sua pessoa\u201d, argumenta Angela Alonso, professora de sociologia da USP, pesquisadora do Centro Brasileiro de An\u00e1lise e Planejamento (Cebrap) e estudiosa de manifesta\u00e7\u00f5es. Mas, para entender a dimens\u00e3o do que est\u00e1 em jogo agora, a soci\u00f3loga explica que a manifesta\u00e7\u00e3o do Sete de Setembro \u201cfoi muito bem orquestrada\u201d, com um \u201cforte esfor\u00e7o de comunica\u00e7\u00e3o nas redes bolsonaristas nos dois meses anteriores e um importante planejamento de log\u00edstica no deslocamento de pessoas, \u00f4nibus, caminh\u00f5es\u201d. Em suma, essa escalada autorit\u00e1ria de Bolsonaro&nbsp;<a href=\"https:\/\/brasil.elpais.com\/brasil\/2021-09-08\/o-golpe-comecou.html?rel=listapoyo\" target=\"_blank\" rel=\"noreferrer noopener\">chegou a um \u00e1pice no \u00faltimo feriado<\/a>.<\/p>\n\n\n\n<p>Ela afirma que \u00e9 dif\u00edcil prever\u00a0<a rel=\"noreferrer noopener\" href=\"https:\/\/brasil.elpais.com\/brasil\/2021-09-09\/afinal-bolsonaro-pode-ser-preso.html\" target=\"_blank\">o que vai acontecer a partir de agora<\/a>, mas afirma que \u00e9 preciso estar atento aos pr\u00f3ximos movimentos de partidos como o PSDB, que abriu a discuss\u00e3o interna sobre a destitui\u00e7\u00e3o do presidente. \u201cVejo com ceticismo a uni\u00e3o do PSDB pelo impeachment\u201d, diz Alonso. Tamb\u00e9m \u00e9 preciso ver como se posicionam as For\u00e7as Armadas e os setores econ\u00f4micos descontentes com a recente queda da economia e as instabilidades causadas pelo golpismo do presidente. \u201cA gente vive processo de corros\u00e3o da democracia brasileira, e a quest\u00e3o que se coloca para as lideran\u00e7as pol\u00edticas \u00e9 se o pa\u00eds tem condi\u00e7\u00f5es de sobreviver como democracia at\u00e9 as elei\u00e7\u00f5es do ano que vem\u201d, explica a soci\u00f3loga, que lembra que o c\u00e1lculo pol\u00edtico, inclusive do PT, \u00e9 deixar o presidente sangrar. \u201cDo ponto de vista da democracia \u00e9 sempre melhor que ele saia pelo voto, mas quando voc\u00ea tem um presidente amea\u00e7ando dar um autogolpe, \u00e9 dif\u00edcil que a gente consiga sobreviver como democracia\u201d, acrescenta.<\/p>\n\n\n\n<p>Kalil tamb\u00e9m chama a aten\u00e7\u00e3o para duas diferen\u00e7as com rela\u00e7\u00e3o a outros momentos de radicaliza\u00e7\u00e3o: ao contr\u00e1rio do ano passado, o Congresso foi poupado e o alvo preferencial \u00e9 o Supremo e Alexandre de Moraes; e, desta vez, o presidente foi longe de mais. \u201cBolsonaro j\u00e1 falou coisas at\u00e9 piores, mas nunca nessas propor\u00e7\u00f5es e nesse contexto. Uma coisa \u00e9 o que ele diz em eventos mais fechados, com apoiadores, outra coisa \u00e9 dar esse recado ao Supremo\u201d, explica. Essa&nbsp;<a href=\"https:\/\/brasil.elpais.com\/brasil\/2021-09-10\/recuo-de-bolsonaro-nas-ameacas-ao-stf-causa-curto-circuito-na-base-bolsonarista-game-over.html\" target=\"_blank\" rel=\"noreferrer noopener\">escalada autorit\u00e1ria cont\u00ednua se deve<\/a>, em sua opini\u00e3o, ao fato de que os atores pol\u00edticos e institucionais n\u00e3o deram limites.<\/p>\n\n\n\n<p>A antrop\u00f3loga tamb\u00e9m chama a aten\u00e7\u00e3o para o fato de que o mandat\u00e1rio n\u00e3o est\u00e1 fazendo sua escalada autorit\u00e1ria sem resist\u00eancia \u2014o que pode empurrar os atores institucionais e lideran\u00e7as pol\u00edticas a tomarem atitudes mais firmes. \u201cSempre tivemos manifesta\u00e7\u00f5es do campo progressista e mobiliza\u00e7\u00f5es da sociedade civil muito bem sucedidas e que mobilizam pautas para al\u00e9m de Bolsonaro, como o antirracismo e os direitos ind\u00edgenas\u201d, explica. \u201cO recado que precisa ser importante \u00e9 que boa parte da sociedade discorda do projeto bolsonarista, que contempla uma pequena parte dos brasileiros\u201d, conclui.<\/p>\n","protected":false},"excerpt":{"rendered":"<p>Para Isabela Kalil, popula\u00e7\u00e3o sempre imp\u00f4s resist\u00eancia e boa parte discorda do projeto bolsonarista, abra\u00e7ado por uma minoria. D\u00favida \u00e9 se a democracia sobrevive at\u00e9 2022, diz soci\u00f3loga Angela Alonso.<\/p>\n","protected":false},"author":1,"featured_media":0,"comment_status":"closed","ping_status":"open","sticky":false,"template":"","format":"standard","meta":{"_exactmetrics_skip_tracking":false,"_exactmetrics_sitenote_active":false,"_exactmetrics_sitenote_note":"","_exactmetrics_sitenote_category":0,"jetpack_post_was_ever_published":false,"_jetpack_newsletter_access":"","_jetpack_dont_email_post_to_subs":false,"_jetpack_newsletter_tier_id":0,"_jetpack_memberships_contains_paywalled_content":false,"_jetpack_memberships_contains_paid_content":false,"footnotes":"","jetpack_publicize_message":"","jetpack_publicize_feature_enabled":true,"jetpack_social_post_already_shared":true,"jetpack_social_options":{"image_generator_settings":{"template":"highway","enabled":false},"version":2}},"categories":[1],"tags":[],"class_list":["post-32823","post","type-post","status-publish","format-standard","hentry","category-notas"],"jetpack_publicize_connections":[],"jetpack_sharing_enabled":true,"jetpack_featured_media_url":"","jetpack_shortlink":"https:\/\/wp.me\/p7wKYW-8xp","jetpack-related-posts":[],"_links":{"self":[{"href":"http:\/\/blogdalucianaoliveira.com.br\/blog\/wp-json\/wp\/v2\/posts\/32823","targetHints":{"allow":["GET"]}}],"collection":[{"href":"http:\/\/blogdalucianaoliveira.com.br\/blog\/wp-json\/wp\/v2\/posts"}],"about":[{"href":"http:\/\/blogdalucianaoliveira.com.br\/blog\/wp-json\/wp\/v2\/types\/post"}],"author":[{"embeddable":true,"href":"http:\/\/blogdalucianaoliveira.com.br\/blog\/wp-json\/wp\/v2\/users\/1"}],"replies":[{"embeddable":true,"href":"http:\/\/blogdalucianaoliveira.com.br\/blog\/wp-json\/wp\/v2\/comments?post=32823"}],"version-history":[{"count":1,"href":"http:\/\/blogdalucianaoliveira.com.br\/blog\/wp-json\/wp\/v2\/posts\/32823\/revisions"}],"predecessor-version":[{"id":32825,"href":"http:\/\/blogdalucianaoliveira.com.br\/blog\/wp-json\/wp\/v2\/posts\/32823\/revisions\/32825"}],"wp:attachment":[{"href":"http:\/\/blogdalucianaoliveira.com.br\/blog\/wp-json\/wp\/v2\/media?parent=32823"}],"wp:term":[{"taxonomy":"category","embeddable":true,"href":"http:\/\/blogdalucianaoliveira.com.br\/blog\/wp-json\/wp\/v2\/categories?post=32823"},{"taxonomy":"post_tag","embeddable":true,"href":"http:\/\/blogdalucianaoliveira.com.br\/blog\/wp-json\/wp\/v2\/tags?post=32823"}],"curies":[{"name":"wp","href":"https:\/\/api.w.org\/{rel}","templated":true}]}}