{"id":32826,"date":"2021-09-11T22:21:48","date_gmt":"2021-09-12T02:21:48","guid":{"rendered":"http:\/\/blogdalucianaoliveira.com.br\/blog\/?p=32826"},"modified":"2021-09-11T22:21:54","modified_gmt":"2021-09-12T02:21:54","slug":"bolsonaro-e-adelio-uma-fakeada-no-coracao-do-brasil-247-lanca-novo-documentario","status":"publish","type":"post","link":"http:\/\/blogdalucianaoliveira.com.br\/blog\/2021\/09\/11\/bolsonaro-e-adelio-uma-fakeada-no-coracao-do-brasil-247-lanca-novo-documentario\/","title":{"rendered":"&#8220;Bolsonaro e Ad\u00e9lio &#8211; Uma fakeada no cora\u00e7\u00e3o do Brasil&#8221;: 247 lan\u00e7a novo document\u00e1rio"},"content":{"rendered":"\n<figure class=\"wp-block-image size-large\"><img loading=\"lazy\" decoding=\"async\" width=\"1250\" height=\"600\" data-attachment-id=\"32827\" data-permalink=\"http:\/\/blogdalucianaoliveira.com.br\/blog\/2021\/09\/11\/bolsonaro-e-adelio-uma-fakeada-no-coracao-do-brasil-247-lanca-novo-documentario\/975e0c67-f64d-44b9-9dee-e0074257b497\/\" data-orig-file=\"https:\/\/i0.wp.com\/blogdalucianaoliveira.com.br\/blog\/wp-content\/uploads\/2021\/09\/975E0C67-F64D-44B9-9DEE-E0074257B497.jpeg?fit=1250%2C600\" data-orig-size=\"1250,600\" data-comments-opened=\"0\" data-image-meta=\"{&quot;aperture&quot;:&quot;0&quot;,&quot;credit&quot;:&quot;&quot;,&quot;camera&quot;:&quot;&quot;,&quot;caption&quot;:&quot;&quot;,&quot;created_timestamp&quot;:&quot;0&quot;,&quot;copyright&quot;:&quot;&quot;,&quot;focal_length&quot;:&quot;0&quot;,&quot;iso&quot;:&quot;0&quot;,&quot;shutter_speed&quot;:&quot;0&quot;,&quot;title&quot;:&quot;&quot;,&quot;orientation&quot;:&quot;0&quot;}\" data-image-title=\"975E0C67-F64D-44B9-9DEE-E0074257B497\" data-image-description=\"\" data-image-caption=\"\" data-medium-file=\"https:\/\/i0.wp.com\/blogdalucianaoliveira.com.br\/blog\/wp-content\/uploads\/2021\/09\/975E0C67-F64D-44B9-9DEE-E0074257B497.jpeg?fit=300%2C144\" data-large-file=\"https:\/\/i0.wp.com\/blogdalucianaoliveira.com.br\/blog\/wp-content\/uploads\/2021\/09\/975E0C67-F64D-44B9-9DEE-E0074257B497.jpeg?fit=600%2C288\" src=\"https:\/\/i0.wp.com\/blogdalucianaoliveira.com.br\/blog\/wp-content\/uploads\/2021\/09\/975E0C67-F64D-44B9-9DEE-E0074257B497.jpeg?fit=600%2C288\" alt=\"\" class=\"wp-image-32827\" srcset=\"https:\/\/i0.wp.com\/blogdalucianaoliveira.com.br\/blog\/wp-content\/uploads\/2021\/09\/975E0C67-F64D-44B9-9DEE-E0074257B497.jpeg?w=1250 1250w, https:\/\/i0.wp.com\/blogdalucianaoliveira.com.br\/blog\/wp-content\/uploads\/2021\/09\/975E0C67-F64D-44B9-9DEE-E0074257B497.jpeg?resize=300%2C144 300w, https:\/\/i0.wp.com\/blogdalucianaoliveira.com.br\/blog\/wp-content\/uploads\/2021\/09\/975E0C67-F64D-44B9-9DEE-E0074257B497.jpeg?resize=1024%2C492 1024w, https:\/\/i0.wp.com\/blogdalucianaoliveira.com.br\/blog\/wp-content\/uploads\/2021\/09\/975E0C67-F64D-44B9-9DEE-E0074257B497.jpeg?resize=768%2C369 768w, https:\/\/i0.wp.com\/blogdalucianaoliveira.com.br\/blog\/wp-content\/uploads\/2021\/09\/975E0C67-F64D-44B9-9DEE-E0074257B497.jpeg?resize=625%2C300 625w, https:\/\/i0.wp.com\/blogdalucianaoliveira.com.br\/blog\/wp-content\/uploads\/2021\/09\/975E0C67-F64D-44B9-9DEE-E0074257B497.jpeg?w=1200 1200w\" sizes=\"auto, (max-width: 600px) 100vw, 600px\" \/><\/figure>\n\n\n\n<p>A &nbsp;TV 247 lan\u00e7a hoje \u00e0s 21 horas o document\u00e1rio Bolsonaro e Ad\u00e9lio &#8211; Uma fakeada no cora\u00e7\u00e3o do Brasil.<\/p>\n\n\n\n<p>O rep\u00f3rter investigativo Joaquim de Carvalho foi a Juiz de Fora, Montes Claros e Florian\u00e1polis para apurar o caso que mudou a hist\u00f3ria do Brasil.<\/p>\n\n\n\n<!--more-->\n\n\n\n<p>O document\u00e1rio mostra que inqu\u00e9rito da Pol\u00edcia Federal n\u00e3o seguiu a linha do auto atentado, apesar de existirem evid\u00eancias nesse sentido.<\/p>\n\n\n\n<p>Logo depois da facada ou suposta facada em Juiz de Fora, houve um movimento que parece sincronizado para associar Ad\u00e9lio \u00e0 ideologia de esquerda.<\/p>\n\n\n\n<p>Esse movimento resultou na publica\u00e7\u00e3o de notas na imprensa que mostravam Ad\u00e9lio em um protesto pela ren\u00fancia de Temer em maio de 2018 e a informa\u00e7\u00e3o pela C\u00e2mara dos Deputados de que Ad\u00e9lio visitou o parlamento em agosto de 2013.<\/p>\n\n\n\n<p>O que a imprensa n\u00e3o contou \u00e9 que o protesto tinha sido organizado por um militante bolsonarista e Ad\u00e9lio j\u00e1 n\u00e3o participava do PSOL quando entrou na C\u00e2mara.<\/p>\n\n\n\n<p>Na \u00e9poca, ele estava pr\u00f3ximo do PSD. A Pol\u00edcia encontrou em seus pertences um cart\u00e3o do deputado Marcos Montes, hoje secret\u00e1rio-executivo do Minist\u00e9rio da Agricultura, o n\u00famero da pasta. Encontrou tamb\u00e9m uma carta em que ele pede desfilia\u00e7\u00e3o do PSD, em 2016.<\/p>\n\n\n\n<p>O que a imprensa n\u00e3o contou \u00e9 que o protesto tinha sido organizado por um militante bolsonarista e Ad\u00e9lio j\u00e1 n\u00e3o participava do PSOL quando entrou na C\u00e2mara.<\/p>\n\n\n\n<p>Na \u00e9poca, ele estava pr\u00f3ximo do PSD. A Pol\u00edcia encontrou em seus pertences um cart\u00e3o do deputado Marcos Montes, hoje secret\u00e1rio-executivo do Minist\u00e9rio da Agricultura, o n\u00famero da pasta. Encontrou tamb\u00e9m uma carta em que ele pede desfilia\u00e7\u00e3o do PSD, em 2016.<\/p>\n\n\n\n<p>Um sobrinho de Ad\u00e9lio, o mais pr\u00f3ximo dele, deu entrevista pela primeira vez e contou que o tio costumava pregar em igrejas evang\u00e9licas para falar do kit gay e contra o projeto que criminaliza a homofobia.<\/p>\n\n\n\n<p>\u201cEle totalmente pr\u00f3ximo do que dizia Bolsonaro\u201d, contou Jefferson Ramos.<\/p>\n\n\n\n<p>O clube de tiro ponto 38, em Florian\u00f3polis, por sua vez, tentou esconder que Ad\u00e9lio e Carlos Bolsonaro se encontram no local dois meses antes do epis\u00f3dio em Juiz de Fora.<\/p>\n\n\n\n<p>A Pol\u00edcia Federal descobriu que os dois tiveram aula com o mesmo instrutor, no dia 5 de julho. Mas essa pista n\u00e3o foi perseguida.&nbsp;<\/p>\n\n\n\n<p>Bolsonaro foi tratado como v\u00edtima, e o trabalho dos advogados de Ad\u00e9lio atendeu ao interesse do ent\u00e3o candidato, n\u00e3o do suposto cliente, de quem viraram curadores.&nbsp;<\/p>\n\n\n\n<p>Desde o epis\u00f3dio da facada, Ad\u00e9lio n\u00e3o v\u00ea os parentes.&nbsp;<\/p>\n\n\n\n<p>Uma irm\u00e3 conta que nem sequer \u00e9 informada pelo advogado do estado de sa\u00fade dele. E recebeu carta de Ad\u00e9lio \u00fanica vez, mas afirmou que n\u00e3o tem certeza se \u00e9 dele mesmo.<\/p>\n\n\n\n<p>O document\u00e1rio tem 1 horas e 42 minutos, com dire\u00e7\u00e3o de Max Alvim e imagens de Eric Ara\u00fajo, al\u00e9m de v\u00eddeos e fotos in\u00e9ditas do dia da visita de Bolsonaro a Juiz de Fora.<\/p>\n\n\n\n<p><\/p>\n\n\n\n<p>assista: <\/p>\n\n\n\n<figure class=\"wp-block-embed-youtube wp-block-embed is-type-video is-provider-youtube wp-embed-aspect-16-9 wp-has-aspect-ratio\"><div class=\"wp-block-embed__wrapper\">\n<div class=\"jetpack-video-wrapper\"><span class=\"embed-youtube\" style=\"text-align:center; display: block;\"><iframe loading=\"lazy\" class=\"youtube-player\" width=\"600\" height=\"338\" src=\"https:\/\/www.youtube.com\/embed\/vOcBT2js54U?version=3&#038;rel=1&#038;showsearch=0&#038;showinfo=1&#038;iv_load_policy=1&#038;fs=1&#038;hl=pt-BR&#038;autohide=2&#038;wmode=transparent\" allowfullscreen=\"true\" style=\"border:0;\" sandbox=\"allow-scripts allow-same-origin allow-popups allow-presentation allow-popups-to-escape-sandbox\"><\/iframe><\/span><\/div>\n<\/div><\/figure>\n","protected":false},"excerpt":{"rendered":"<p>A &nbsp;TV 247 lan\u00e7a hoje \u00e0s 21 horas o document\u00e1rio Bolsonaro e Ad\u00e9lio &#8211; Uma fakeada no cora\u00e7\u00e3o do Brasil. O rep\u00f3rter investigativo Joaquim de Carvalho foi a Juiz de Fora, Montes Claros e Florian\u00e1polis para apurar o caso que mudou a hist\u00f3ria do Brasil.<\/p>\n","protected":false},"author":1,"featured_media":0,"comment_status":"closed","ping_status":"open","sticky":false,"template":"","format":"standard","meta":{"_exactmetrics_skip_tracking":false,"_exactmetrics_sitenote_active":false,"_exactmetrics_sitenote_note":"","_exactmetrics_sitenote_category":0,"jetpack_post_was_ever_published":false,"_jetpack_newsletter_access":"","_jetpack_dont_email_post_to_subs":false,"_jetpack_newsletter_tier_id":0,"_jetpack_memberships_contains_paywalled_content":false,"_jetpack_memberships_contains_paid_content":false,"footnotes":"","jetpack_publicize_message":"","jetpack_publicize_feature_enabled":true,"jetpack_social_post_already_shared":true,"jetpack_social_options":{"image_generator_settings":{"template":"highway","enabled":false},"version":2}},"categories":[1],"tags":[],"class_list":["post-32826","post","type-post","status-publish","format-standard","hentry","category-notas"],"jetpack_publicize_connections":[],"jetpack_sharing_enabled":true,"jetpack_featured_media_url":"","jetpack_shortlink":"https:\/\/wp.me\/p7wKYW-8xs","jetpack-related-posts":[],"_links":{"self":[{"href":"http:\/\/blogdalucianaoliveira.com.br\/blog\/wp-json\/wp\/v2\/posts\/32826","targetHints":{"allow":["GET"]}}],"collection":[{"href":"http:\/\/blogdalucianaoliveira.com.br\/blog\/wp-json\/wp\/v2\/posts"}],"about":[{"href":"http:\/\/blogdalucianaoliveira.com.br\/blog\/wp-json\/wp\/v2\/types\/post"}],"author":[{"embeddable":true,"href":"http:\/\/blogdalucianaoliveira.com.br\/blog\/wp-json\/wp\/v2\/users\/1"}],"replies":[{"embeddable":true,"href":"http:\/\/blogdalucianaoliveira.com.br\/blog\/wp-json\/wp\/v2\/comments?post=32826"}],"version-history":[{"count":1,"href":"http:\/\/blogdalucianaoliveira.com.br\/blog\/wp-json\/wp\/v2\/posts\/32826\/revisions"}],"predecessor-version":[{"id":32828,"href":"http:\/\/blogdalucianaoliveira.com.br\/blog\/wp-json\/wp\/v2\/posts\/32826\/revisions\/32828"}],"wp:attachment":[{"href":"http:\/\/blogdalucianaoliveira.com.br\/blog\/wp-json\/wp\/v2\/media?parent=32826"}],"wp:term":[{"taxonomy":"category","embeddable":true,"href":"http:\/\/blogdalucianaoliveira.com.br\/blog\/wp-json\/wp\/v2\/categories?post=32826"},{"taxonomy":"post_tag","embeddable":true,"href":"http:\/\/blogdalucianaoliveira.com.br\/blog\/wp-json\/wp\/v2\/tags?post=32826"}],"curies":[{"name":"wp","href":"https:\/\/api.w.org\/{rel}","templated":true}]}}