{"id":32835,"date":"2021-09-18T17:43:09","date_gmt":"2021-09-18T21:43:09","guid":{"rendered":"http:\/\/blogdalucianaoliveira.com.br\/blog\/?p=32835"},"modified":"2021-09-18T17:43:15","modified_gmt":"2021-09-18T21:43:15","slug":"desmatamento-e-ameaca-economica-para-o-brasil-diz-relatorio-de-organizacao-britanica","status":"publish","type":"post","link":"http:\/\/blogdalucianaoliveira.com.br\/blog\/2021\/09\/18\/desmatamento-e-ameaca-economica-para-o-brasil-diz-relatorio-de-organizacao-britanica\/","title":{"rendered":"Desmatamento \u00e9 amea\u00e7a econ\u00f4mica para o Brasil, diz relat\u00f3rio de organiza\u00e7\u00e3o brit\u00e2nica"},"content":{"rendered":"\n<figure class=\"wp-block-image size-large\"><img data-recalc-dims=\"1\" loading=\"lazy\" decoding=\"async\" width=\"600\" height=\"338\" data-attachment-id=\"32836\" data-permalink=\"http:\/\/blogdalucianaoliveira.com.br\/blog\/2021\/09\/18\/desmatamento-e-ameaca-economica-para-o-brasil-diz-relatorio-de-organizacao-britanica\/b027fb28-1d05-487a-acfe-ebaa53626d76\/\" data-orig-file=\"https:\/\/i0.wp.com\/blogdalucianaoliveira.com.br\/blog\/wp-content\/uploads\/2021\/09\/B027FB28-1D05-487A-ACFE-EBAA53626D76.jpeg?fit=800%2C450\" data-orig-size=\"800,450\" data-comments-opened=\"0\" data-image-meta=\"{&quot;aperture&quot;:&quot;0&quot;,&quot;credit&quot;:&quot;&quot;,&quot;camera&quot;:&quot;&quot;,&quot;caption&quot;:&quot;&quot;,&quot;created_timestamp&quot;:&quot;0&quot;,&quot;copyright&quot;:&quot;&quot;,&quot;focal_length&quot;:&quot;0&quot;,&quot;iso&quot;:&quot;0&quot;,&quot;shutter_speed&quot;:&quot;0&quot;,&quot;title&quot;:&quot;&quot;,&quot;orientation&quot;:&quot;0&quot;}\" data-image-title=\"B027FB28-1D05-487A-ACFE-EBAA53626D76\" data-image-description=\"\" data-image-caption=\"\" data-medium-file=\"https:\/\/i0.wp.com\/blogdalucianaoliveira.com.br\/blog\/wp-content\/uploads\/2021\/09\/B027FB28-1D05-487A-ACFE-EBAA53626D76.jpeg?fit=300%2C169\" data-large-file=\"https:\/\/i0.wp.com\/blogdalucianaoliveira.com.br\/blog\/wp-content\/uploads\/2021\/09\/B027FB28-1D05-487A-ACFE-EBAA53626D76.jpeg?fit=600%2C338\" src=\"https:\/\/i0.wp.com\/blogdalucianaoliveira.com.br\/blog\/wp-content\/uploads\/2021\/09\/B027FB28-1D05-487A-ACFE-EBAA53626D76.jpeg?resize=600%2C338\" alt=\"\" class=\"wp-image-32836\" srcset=\"https:\/\/i0.wp.com\/blogdalucianaoliveira.com.br\/blog\/wp-content\/uploads\/2021\/09\/B027FB28-1D05-487A-ACFE-EBAA53626D76.jpeg?w=800 800w, https:\/\/i0.wp.com\/blogdalucianaoliveira.com.br\/blog\/wp-content\/uploads\/2021\/09\/B027FB28-1D05-487A-ACFE-EBAA53626D76.jpeg?resize=300%2C169 300w, https:\/\/i0.wp.com\/blogdalucianaoliveira.com.br\/blog\/wp-content\/uploads\/2021\/09\/B027FB28-1D05-487A-ACFE-EBAA53626D76.jpeg?resize=768%2C432 768w, https:\/\/i0.wp.com\/blogdalucianaoliveira.com.br\/blog\/wp-content\/uploads\/2021\/09\/B027FB28-1D05-487A-ACFE-EBAA53626D76.jpeg?resize=533%2C300 533w\" sizes=\"auto, (max-width: 600px) 100vw, 600px\" \/><\/figure>\n\n\n\n<h4 class=\"wp-block-heading\">Em texto ao mercado financeiro, organiza\u00e7\u00e3o brit\u00e2nica afirma que colapso ambiental representa um risco aos investidores<\/h4>\n\n\n\n<!--more-->\n\n\n\n<p>Edison Veiga\u00a0<a rel=\"noreferrer noopener\" target=\"_blank\" href=\"https:\/\/www.dw.com\/pt-br\/desmatamento-%C3%A9-amea%C3%A7a-econ%C3%B4mica-para-o-brasil-diz-relat%C3%B3rio\/a-59217808?maca=bra-vam-volltext-brasildefato-30219-html-copypaste\">DW<\/a><\/p>\n\n\n\n<p>Impulsionadas pelo desmatamento, altera\u00e7\u00f5es clim\u00e1ticas severas que j\u00e1 ocorrem em determinadas regi\u00f5es do Brasil alteram o regime das chuvas e prejudicam o agroneg\u00f3cio, representando um risco para investidores no pa\u00eds. Essa \u00e9 a principal conclus\u00e3o de um relat\u00f3rio divulgado na quinta-feira (16\/09) pelo&nbsp;<em>think tank<\/em>brit\u00e2nico Planet Tracker, uma organiza\u00e7\u00e3o sem fins lucrativos que se dedica a apresentar para o mercado financeiro solu\u00e7\u00f5es sustent\u00e1veis para o futuro.<\/p>\n\n\n\n<p>Segundo o documento de 42 p\u00e1ginas, as mudan\u00e7as clim\u00e1ticas j\u00e1 dificultam a viabilidade de uma segunda ou mesmo de uma terceira safra de culturas \u2013 a chamada &#8220;safrinha&#8221;. Dados de 2018 indicam que essa capacidade de alternar, nesse regime, safras de soja e milho em um mesmo ano responde por 2,6% do Produto Interno Bruto (PIB) do pa\u00eds e, no fim das contas, garante 20% das exporta\u00e7\u00f5es agr\u00edcolas brasileiras.<\/p>\n\n\n\n<p>Pontualmente, trata-se de um risco econ\u00f4mico para os produtores: quem conta com os rendimentos diretos de uma &#8220;safrinha&#8221; pode ver sua renda anual cair em at\u00e9 um ter\u00e7o, j\u00e1 que as mudan\u00e7as clim\u00e1ticas deixam mais curto o per\u00edodo para o amadurecimento do gr\u00e3o.<\/p>\n\n\n\n<p>A dificuldade de se produzir mais de uma vez no mesmo ano tem a ver com a irregularidade das chuvas, que t\u00eam ca\u00eddo com menos intensidade e durante menor tempo nas regi\u00f5es mais pr\u00f3ximas de desmatamento. O relat\u00f3rio cita o estado de Rond\u00f4nia, onde o in\u00edcio da temporada de chuvas foi encurtado em 11 dias nos \u00faltimos 30 anos.<\/p>\n\n\n\n<p>&#8220;Contudo, onde o desmatamento intenso n\u00e3o ocorreu, o in\u00edcio da temporada de chuvas n\u00e3o apresentou altera\u00e7\u00e3o significativa&#8221;, afirma o texto.<\/p>\n\n\n\n<p>Segundo a previs\u00e3o apresentada pelo documento, se nada for feito para reverter o cen\u00e1rio, a queda anual de receitas de exporta\u00e7\u00e3o dos principais produtores de soja e milho do Brasil \u2013 o estado do Mato Grosso e a regi\u00e3o conhecida como Matopiba, formada por \u00e1reas de Maranh\u00e3o, Tocantins, Piau\u00ed e Bahia \u2013 estar\u00e1 na casa de 2,1 bilh\u00f5es de d\u00f3lares at\u00e9 2050.<\/p>\n\n\n\n<p>O alerta do&nbsp;<em>think tank<\/em>&nbsp;\u00e9 direcionado a investidores, tanto aqueles que apostam em empresas que fazem parte da cadeia do agroneg\u00f3cio brasileiro, quanto os que aplicam no tesouro p\u00fablico \u2013 a ressalva, nesse caso, \u00e9 que quedas do PIB podem resultar em preju\u00edzos.<\/p>\n\n\n\n<p>Peter Elwin, diretor da Planet Tracker, alerta que &#8220;parar o desmatamento imediatamente \u00e9 a chave&#8221;, e &#8220;reflorestar \u00e9 o pr\u00f3ximo passo \u00f3bvio&#8221;. &#8220;Estudos mostram que a agricultura do Brasil pode continuar a crescer sem que seja necess\u00e1rio mais desmatamento.&#8221;<\/p>\n\n\n\n<p>Para o bi\u00f3logo Mairon Bastos Lima, pesquisador no Instituto Ambiental de Estocolmo, \u00e9 preciso fazer a li\u00e7\u00e3o de casa e cuidar do pr\u00f3prio quintal. &#8220;N\u00e3o \u00e9 s\u00f3 a mudan\u00e7a clim\u00e1tica global. H\u00e1 tamb\u00e9m a mudan\u00e7a clim\u00e1tica local e regional, que \u00e9 causada sobretudo pela destrui\u00e7\u00e3o da vegeta\u00e7\u00e3o no pr\u00f3prio Brasil&#8221;, comenta. &#8220;N\u00e3o se vai resolver a mudan\u00e7a clim\u00e1tica brasileira s\u00f3 com redu\u00e7\u00e3o de emiss\u00f5es na Finl\u00e2ndia ou onde mais for: \u00e9 preciso cuidar da vegeta\u00e7\u00e3o brasileira tamb\u00e9m.&#8221;<\/p>\n\n\n\n<p><a href=\"https:\/\/www.brasildefato.com.br\/2020\/07\/17\/a-gente-so-vive-porque-a-floresta-esta-em-pe-diz-lider-extrativista-da-amazonia\">A gente s\u00f3 vive porque a floresta est\u00e1 em p\u00e9, diz l\u00edder extrativista da Amaz\u00f4nia<\/a><\/p>\n\n\n\n<p>Ciclo de mais desmatamento<\/p>\n\n\n\n<p>Um grande problema, avalia a engenheira ambiental Rafaela Flach, pesquisadora da Universidade Tufts, nos Estados Unidos, \u00e9 que o agroneg\u00f3cio brasileiro est\u00e1 na imin\u00eancia de mergulhar em um ciclo vicioso: a perda de produtividade decorrente das mudan\u00e7as clim\u00e1ticas, sem que haja refor\u00e7o nas prote\u00e7\u00f5es ambientais, pode significar uma amea\u00e7a ainda maior ao meio ambiente; e, claro, isso pioraria ainda mais a altera\u00e7\u00e3o do clima, resultando em produtividade mais baixa.<\/p>\n\n\n\n<p>&#8220;Quando a produtividade fica estagnada ou o sistema de mais de uma safra ao ano \u00e9 impossibilitado mas a demanda segue alta, o setor acaba procurando outras maneiras. Num cen\u00e1rio de pol\u00edticas p\u00fablicas fracas de controle de desmatamento, isso acarreta maiores taxas de convers\u00e3o de vegeta\u00e7\u00e3o nativa para agricultura&#8221;, explica.<\/p>\n\n\n\n<p>&#8220;Quanto mais avan\u00e7amos para novas \u00e1reas com vegeta\u00e7\u00e3o nativa, reduzimos substancialmente as chances de reverter um quadro bastante perverso de efeitos clim\u00e1ticos cada vez piores. E isso n\u00e3o atinge apenas os produtores agr\u00edcolas, ou a economia brasileira, mas toda a cadeia de valor, a sociedade. Ningu\u00e9m ganha com isso&#8221;, alerta a bi\u00f3loga Louise Nakagawa, pesquisadora da \u00e1rea de sustentabilidade do Centro Brasileiro de An\u00e1lise e Planejamento (Cebrap).<\/p>\n\n\n\n<p>Seguran\u00e7a alimentar<\/p>\n\n\n\n<p>Outro ponto levantado pelos especialistas ouvidos pela DW Brasil \u00e9 como essas altera\u00e7\u00f5es clim\u00e1ticas, al\u00e9m de impactarem na economia do pa\u00eds, tamb\u00e9m podem vir a representar um risco para a seguran\u00e7a alimentar.<\/p>\n\n\n\n<p>A preocupa\u00e7\u00e3o \u00e9 ainda maior quando se olha para os pequenos produtores. &#8220;Eles j\u00e1 t\u00eam dificuldade de acessar cr\u00e9dito e melhores tecnologias e s\u00e3o os mais vulner\u00e1veis a essas mudan\u00e7as clim\u00e1ticas&#8221;, ressalta a engenheira ambiental Flach. &#8220;E s\u00e3o tamb\u00e9m os produtores que tendem a suprir mais o mercado interno, sendo essenciais para a seguran\u00e7a alimentar.&#8221;<\/p>\n\n\n\n<p>&#8220;\u00c9 preciso compreender que a maior parte da alimenta\u00e7\u00e3o brasileira prov\u00e9m da agricultura familiar. A pujan\u00e7a de setores agroexportadores como a soja n\u00e3o impediu os pre\u00e7os do arroz e do feij\u00e3o de subirem. Pelo contr\u00e1rio, a produ\u00e7\u00e3o brasileira de arroz tem diminu\u00eddo porque o Brasil tem se focado excessivamente em commodities de exporta\u00e7\u00e3o \u2013 que \u00e0s vezes nem sequer v\u00eam \u00e0 mesa do brasileiro&#8221;, diz Lima, do Instituto Ambiental de Estocolmo.<\/p>\n\n\n\n<p>&#8220;Ent\u00e3o um sistema alimentar mais sustent\u00e1vel e resiliente tamb\u00e9m passa essencialmente por uma valoriza\u00e7\u00e3o maior da agricultura familiar e da garantia de acesso das pessoas a esses alimentos.&#8221;<\/p>\n","protected":false},"excerpt":{"rendered":"<p>Em texto ao mercado financeiro, organiza\u00e7\u00e3o brit\u00e2nica afirma que colapso ambiental representa um risco aos investidores<\/p>\n","protected":false},"author":1,"featured_media":0,"comment_status":"closed","ping_status":"open","sticky":false,"template":"","format":"standard","meta":{"_exactmetrics_skip_tracking":false,"_exactmetrics_sitenote_active":false,"_exactmetrics_sitenote_note":"","_exactmetrics_sitenote_category":0,"jetpack_post_was_ever_published":false,"_jetpack_newsletter_access":"","_jetpack_dont_email_post_to_subs":false,"_jetpack_newsletter_tier_id":0,"_jetpack_memberships_contains_paywalled_content":false,"_jetpack_memberships_contains_paid_content":false,"footnotes":"","jetpack_publicize_message":"","jetpack_publicize_feature_enabled":true,"jetpack_social_post_already_shared":true,"jetpack_social_options":{"image_generator_settings":{"template":"highway","enabled":false},"version":2}},"categories":[1],"tags":[],"class_list":["post-32835","post","type-post","status-publish","format-standard","hentry","category-notas"],"jetpack_publicize_connections":[],"jetpack_sharing_enabled":true,"jetpack_featured_media_url":"","jetpack_shortlink":"https:\/\/wp.me\/p7wKYW-8xB","jetpack-related-posts":[],"_links":{"self":[{"href":"http:\/\/blogdalucianaoliveira.com.br\/blog\/wp-json\/wp\/v2\/posts\/32835","targetHints":{"allow":["GET"]}}],"collection":[{"href":"http:\/\/blogdalucianaoliveira.com.br\/blog\/wp-json\/wp\/v2\/posts"}],"about":[{"href":"http:\/\/blogdalucianaoliveira.com.br\/blog\/wp-json\/wp\/v2\/types\/post"}],"author":[{"embeddable":true,"href":"http:\/\/blogdalucianaoliveira.com.br\/blog\/wp-json\/wp\/v2\/users\/1"}],"replies":[{"embeddable":true,"href":"http:\/\/blogdalucianaoliveira.com.br\/blog\/wp-json\/wp\/v2\/comments?post=32835"}],"version-history":[{"count":1,"href":"http:\/\/blogdalucianaoliveira.com.br\/blog\/wp-json\/wp\/v2\/posts\/32835\/revisions"}],"predecessor-version":[{"id":32837,"href":"http:\/\/blogdalucianaoliveira.com.br\/blog\/wp-json\/wp\/v2\/posts\/32835\/revisions\/32837"}],"wp:attachment":[{"href":"http:\/\/blogdalucianaoliveira.com.br\/blog\/wp-json\/wp\/v2\/media?parent=32835"}],"wp:term":[{"taxonomy":"category","embeddable":true,"href":"http:\/\/blogdalucianaoliveira.com.br\/blog\/wp-json\/wp\/v2\/categories?post=32835"},{"taxonomy":"post_tag","embeddable":true,"href":"http:\/\/blogdalucianaoliveira.com.br\/blog\/wp-json\/wp\/v2\/tags?post=32835"}],"curies":[{"name":"wp","href":"https:\/\/api.w.org\/{rel}","templated":true}]}}