{"id":32841,"date":"2021-09-21T22:41:21","date_gmt":"2021-09-22T02:41:21","guid":{"rendered":"http:\/\/blogdalucianaoliveira.com.br\/blog\/?p=32841"},"modified":"2021-09-21T22:41:27","modified_gmt":"2021-09-22T02:41:27","slug":"tv-unir-e-a-nova-afiliada-da-rede-nacional-de-comunicacao-publica","status":"publish","type":"post","link":"http:\/\/blogdalucianaoliveira.com.br\/blog\/2021\/09\/21\/tv-unir-e-a-nova-afiliada-da-rede-nacional-de-comunicacao-publica\/","title":{"rendered":"TV UNIR \u00e9 a nova afiliada da Rede Nacional de Comunica\u00e7\u00e3o P\u00fablica"},"content":{"rendered":"\n<figure class=\"wp-block-image size-large\"><img data-recalc-dims=\"1\" loading=\"lazy\" decoding=\"async\" width=\"463\" height=\"309\" data-attachment-id=\"32842\" data-permalink=\"http:\/\/blogdalucianaoliveira.com.br\/blog\/2021\/09\/21\/tv-unir-e-a-nova-afiliada-da-rede-nacional-de-comunicacao-publica\/840d091d-51a7-4146-92be-a7fc19d3af94\/\" data-orig-file=\"https:\/\/i0.wp.com\/blogdalucianaoliveira.com.br\/blog\/wp-content\/uploads\/2021\/09\/840D091D-51A7-4146-92BE-A7FC19D3AF94.jpeg?fit=463%2C309\" data-orig-size=\"463,309\" data-comments-opened=\"0\" data-image-meta=\"{&quot;aperture&quot;:&quot;0&quot;,&quot;credit&quot;:&quot;&quot;,&quot;camera&quot;:&quot;&quot;,&quot;caption&quot;:&quot;&quot;,&quot;created_timestamp&quot;:&quot;0&quot;,&quot;copyright&quot;:&quot;&quot;,&quot;focal_length&quot;:&quot;0&quot;,&quot;iso&quot;:&quot;0&quot;,&quot;shutter_speed&quot;:&quot;0&quot;,&quot;title&quot;:&quot;&quot;,&quot;orientation&quot;:&quot;0&quot;}\" data-image-title=\"840D091D-51A7-4146-92BE-A7FC19D3AF94\" data-image-description=\"\" data-image-caption=\"\" data-medium-file=\"https:\/\/i0.wp.com\/blogdalucianaoliveira.com.br\/blog\/wp-content\/uploads\/2021\/09\/840D091D-51A7-4146-92BE-A7FC19D3AF94.jpeg?fit=300%2C200\" data-large-file=\"https:\/\/i0.wp.com\/blogdalucianaoliveira.com.br\/blog\/wp-content\/uploads\/2021\/09\/840D091D-51A7-4146-92BE-A7FC19D3AF94.jpeg?fit=463%2C309\" src=\"https:\/\/i0.wp.com\/blogdalucianaoliveira.com.br\/blog\/wp-content\/uploads\/2021\/09\/840D091D-51A7-4146-92BE-A7FC19D3AF94.jpeg?resize=463%2C309\" alt=\"\" class=\"wp-image-32842\" srcset=\"https:\/\/i0.wp.com\/blogdalucianaoliveira.com.br\/blog\/wp-content\/uploads\/2021\/09\/840D091D-51A7-4146-92BE-A7FC19D3AF94.jpeg?w=463 463w, https:\/\/i0.wp.com\/blogdalucianaoliveira.com.br\/blog\/wp-content\/uploads\/2021\/09\/840D091D-51A7-4146-92BE-A7FC19D3AF94.jpeg?resize=300%2C200 300w, https:\/\/i0.wp.com\/blogdalucianaoliveira.com.br\/blog\/wp-content\/uploads\/2021\/09\/840D091D-51A7-4146-92BE-A7FC19D3AF94.jpeg?resize=450%2C300 450w\" sizes=\"auto, (max-width: 463px) 100vw, 463px\" \/><\/figure>\n\n\n\n<p>EBC &#8211; A Empresa Brasil de Comunica\u00e7\u00e3o e a TV UNIR, da Universidade Federal de Rond\u00f4nia, assinaram hoje (21) termo de afilia\u00e7\u00e3o da emissora \u00e0 Rede Nacional de Comunica\u00e7\u00e3o P\u00fablica (RNCP\/TV). A TV universit\u00e1ria, situada na cidade de Porto Velho ser\u00e1 a mais nova emissora a transmitir a programa\u00e7\u00e3o da TV Brasil em sistema aberto de televis\u00e3o para mais de 500 mil pessoas, por meio do canal 35.1.<\/p>\n\n\n\n<!--more-->\n\n\n\n<p>O termo foi assinado na sede da EBC, em Bras\u00edlia, e contou com a presen\u00e7a do Presidente da EBC, Glen Valente, do Diretor Geral da EBC, Roni Baksys, da reitora da Universidade Federal de Rond\u00f4nia, Marcele Pereira, e do assessor de Comunica\u00e7\u00e3o da UNIR, Sandro Colferai.<\/p>\n\n\n\n<p>Criada em 2016, a TV UNIR produz conte\u00fado educativos, e, ao se juntar \u00e0 RNCP, passar\u00e1 a exibir tamb\u00e9m a programa\u00e7\u00e3o da TV Brasil. A EBC, gestora da Rede Nacional de Comunica\u00e7\u00e3o P\u00fablica, oferecer\u00e1 suporte t\u00e9cnico profissional \u00e0 infraestrutura de comunica\u00e7\u00e3o e transmiss\u00e3o da TV universit\u00e1ria, dando proje\u00e7\u00e3o nacional ao conte\u00fado produzido na regi\u00e3o.<br><br>Para o presidente da EBC, Glen Valente, parcerias como essa agregam valor n\u00e3o s\u00f3 para a Empresa, mas tamb\u00e9m para todo o sistema p\u00fablico de comunica\u00e7\u00e3o. \u201cO foco estrat\u00e9gico \u00e9 a distribui\u00e7\u00e3o de conte\u00fado e informa\u00e7\u00e3o, e a expans\u00e3o do sinal da TV Brasil\u201d. &nbsp;<br><br>A reitora da Universidade Federal de Rond\u00f4nia, Marcele Pereira, enfatizou que a coopera\u00e7\u00e3o representa um salto para a institui\u00e7\u00e3o, na medida em que ser\u00e1 uma forma de imprimir a qualidade dos conte\u00fados EBC \u00e0 programa\u00e7\u00e3o da TV UNIR. \u201cA expans\u00e3o da TV possibilitar\u00e1 a populariza\u00e7\u00e3o da ci\u00eancia atrav\u00e9s de produ\u00e7\u00f5es feitas pela \u00fanica universidade federal do territ\u00f3rio, divulgando projetos de pesquisa, como as fazendas experimentais da UNIR, que levar\u00e3o ao p\u00fablico a discuss\u00e3o sobre o agroneg\u00f3cio em Rond\u00f4nia\u201d.<\/p>\n\n\n\n<figure class=\"wp-block-image\"><img data-recalc-dims=\"1\" decoding=\"async\" src=\"https:\/\/i0.wp.com\/imagens.ebc.com.br\/pMS3Bz-eH_82bwf4lbAcKGphMws%3D\/463x0\/smart\/https%3A\/\/www.ebc.com.br\/sites\/_institucional\/files\/thumbnails\/image\/rncpebc_1.jpg?w=600&#038;ssl=1\" alt=\"rncpebc.jpg\"\/><\/figure>\n\n\n\n<p><br><strong>Rede Nacional de Comunica\u00e7\u00e3o P\u00fablica de TV<\/strong><br>Formada por 46 emissoras afiliadas e 4 emissoras pr\u00f3prias, a Rede tem o objetivo de difundir produ\u00e7\u00f5es da TV Brasil e fortalecer a produ\u00e7\u00e3o regional por meio do interc\u00e2mbio de conte\u00fado art\u00edstico e jornal\u00edstico.<br><br>Para participar da RNCP, as emissoras firmam contratos e acordos de coopera\u00e7\u00e3o em que se comprometem a transmitir a programa\u00e7\u00e3o da EBC, como a da TV Brasil que j\u00e1 conta com todos os recursos de acessibilidade, obrigat\u00f3rios por lei, e a participarem de coberturas especiais. Em contrapartida, a EBC auxilia as emissoras em processos de outorga de canais, disponibiliza suporte t\u00e9cnico, capacita\u00e7\u00e3o e cess\u00e3o de equipamentos.<\/p>\n","protected":false},"excerpt":{"rendered":"<p>EBC &#8211; A Empresa Brasil de Comunica\u00e7\u00e3o e a TV UNIR, da Universidade Federal de Rond\u00f4nia, assinaram hoje (21) termo de afilia\u00e7\u00e3o da emissora \u00e0 Rede Nacional de Comunica\u00e7\u00e3o P\u00fablica (RNCP\/TV). A TV universit\u00e1ria, situada na cidade de Porto Velho ser\u00e1 a mais nova emissora a transmitir a programa\u00e7\u00e3o da TV Brasil em sistema aberto&#8230;<a class=\"more-link\" href=\"http:\/\/blogdalucianaoliveira.com.br\/blog\/2021\/09\/21\/tv-unir-e-a-nova-afiliada-da-rede-nacional-de-comunicacao-publica\/\">Continue a leitura <span class=\"meta-nav\">&raquo;<\/span><\/a><\/p>\n","protected":false},"author":1,"featured_media":0,"comment_status":"closed","ping_status":"open","sticky":false,"template":"","format":"standard","meta":{"_exactmetrics_skip_tracking":false,"_exactmetrics_sitenote_active":false,"_exactmetrics_sitenote_note":"","_exactmetrics_sitenote_category":0,"jetpack_post_was_ever_published":false,"_jetpack_newsletter_access":"","_jetpack_dont_email_post_to_subs":false,"_jetpack_newsletter_tier_id":0,"_jetpack_memberships_contains_paywalled_content":false,"_jetpack_memberships_contains_paid_content":false,"footnotes":"","jetpack_publicize_message":"","jetpack_publicize_feature_enabled":true,"jetpack_social_post_already_shared":true,"jetpack_social_options":{"image_generator_settings":{"template":"highway","enabled":false},"version":2}},"categories":[1],"tags":[],"class_list":["post-32841","post","type-post","status-publish","format-standard","hentry","category-notas"],"jetpack_publicize_connections":[],"jetpack_sharing_enabled":true,"jetpack_featured_media_url":"","jetpack_shortlink":"https:\/\/wp.me\/p7wKYW-8xH","jetpack-related-posts":[],"_links":{"self":[{"href":"http:\/\/blogdalucianaoliveira.com.br\/blog\/wp-json\/wp\/v2\/posts\/32841","targetHints":{"allow":["GET"]}}],"collection":[{"href":"http:\/\/blogdalucianaoliveira.com.br\/blog\/wp-json\/wp\/v2\/posts"}],"about":[{"href":"http:\/\/blogdalucianaoliveira.com.br\/blog\/wp-json\/wp\/v2\/types\/post"}],"author":[{"embeddable":true,"href":"http:\/\/blogdalucianaoliveira.com.br\/blog\/wp-json\/wp\/v2\/users\/1"}],"replies":[{"embeddable":true,"href":"http:\/\/blogdalucianaoliveira.com.br\/blog\/wp-json\/wp\/v2\/comments?post=32841"}],"version-history":[{"count":1,"href":"http:\/\/blogdalucianaoliveira.com.br\/blog\/wp-json\/wp\/v2\/posts\/32841\/revisions"}],"predecessor-version":[{"id":32843,"href":"http:\/\/blogdalucianaoliveira.com.br\/blog\/wp-json\/wp\/v2\/posts\/32841\/revisions\/32843"}],"wp:attachment":[{"href":"http:\/\/blogdalucianaoliveira.com.br\/blog\/wp-json\/wp\/v2\/media?parent=32841"}],"wp:term":[{"taxonomy":"category","embeddable":true,"href":"http:\/\/blogdalucianaoliveira.com.br\/blog\/wp-json\/wp\/v2\/categories?post=32841"},{"taxonomy":"post_tag","embeddable":true,"href":"http:\/\/blogdalucianaoliveira.com.br\/blog\/wp-json\/wp\/v2\/tags?post=32841"}],"curies":[{"name":"wp","href":"https:\/\/api.w.org\/{rel}","templated":true}]}}