{"id":32844,"date":"2021-09-22T08:47:18","date_gmt":"2021-09-22T12:47:18","guid":{"rendered":"http:\/\/blogdalucianaoliveira.com.br\/blog\/?p=32844"},"modified":"2021-09-22T08:47:22","modified_gmt":"2021-09-22T12:47:22","slug":"mp-obtem-inconstitucionalidade-de-lei-que-extinguiu-11-unidades-de-conservacao-no-estado","status":"publish","type":"post","link":"http:\/\/blogdalucianaoliveira.com.br\/blog\/2021\/09\/22\/mp-obtem-inconstitucionalidade-de-lei-que-extinguiu-11-unidades-de-conservacao-no-estado\/","title":{"rendered":"MP obt\u00e9m inconstitucionalidade de lei que extinguiu 11 unidades de conserva\u00e7\u00e3o no Estado"},"content":{"rendered":"\n<figure class=\"wp-block-image size-large\"><img data-recalc-dims=\"1\" loading=\"lazy\" decoding=\"async\" width=\"600\" height=\"345\" data-attachment-id=\"32845\" data-permalink=\"http:\/\/blogdalucianaoliveira.com.br\/blog\/2021\/09\/22\/mp-obtem-inconstitucionalidade-de-lei-que-extinguiu-11-unidades-de-conservacao-no-estado\/89600bd0-5269-457c-9808-f8ae08698253\/\" data-orig-file=\"https:\/\/i0.wp.com\/blogdalucianaoliveira.com.br\/blog\/wp-content\/uploads\/2021\/09\/89600BD0-5269-457C-9808-F8AE08698253.jpeg?fit=1200%2C690\" data-orig-size=\"1200,690\" data-comments-opened=\"0\" data-image-meta=\"{&quot;aperture&quot;:&quot;0&quot;,&quot;credit&quot;:&quot;&quot;,&quot;camera&quot;:&quot;&quot;,&quot;caption&quot;:&quot;&quot;,&quot;created_timestamp&quot;:&quot;0&quot;,&quot;copyright&quot;:&quot;&quot;,&quot;focal_length&quot;:&quot;0&quot;,&quot;iso&quot;:&quot;0&quot;,&quot;shutter_speed&quot;:&quot;0&quot;,&quot;title&quot;:&quot;&quot;,&quot;orientation&quot;:&quot;0&quot;}\" data-image-title=\"89600BD0-5269-457C-9808-F8AE08698253\" data-image-description=\"\" data-image-caption=\"\" data-medium-file=\"https:\/\/i0.wp.com\/blogdalucianaoliveira.com.br\/blog\/wp-content\/uploads\/2021\/09\/89600BD0-5269-457C-9808-F8AE08698253.jpeg?fit=300%2C173\" data-large-file=\"https:\/\/i0.wp.com\/blogdalucianaoliveira.com.br\/blog\/wp-content\/uploads\/2021\/09\/89600BD0-5269-457C-9808-F8AE08698253.jpeg?fit=600%2C345\" src=\"https:\/\/i0.wp.com\/blogdalucianaoliveira.com.br\/blog\/wp-content\/uploads\/2021\/09\/89600BD0-5269-457C-9808-F8AE08698253.jpeg?resize=600%2C345\" alt=\"\" class=\"wp-image-32845\" srcset=\"https:\/\/i0.wp.com\/blogdalucianaoliveira.com.br\/blog\/wp-content\/uploads\/2021\/09\/89600BD0-5269-457C-9808-F8AE08698253.jpeg?resize=1024%2C589 1024w, https:\/\/i0.wp.com\/blogdalucianaoliveira.com.br\/blog\/wp-content\/uploads\/2021\/09\/89600BD0-5269-457C-9808-F8AE08698253.jpeg?resize=300%2C173 300w, https:\/\/i0.wp.com\/blogdalucianaoliveira.com.br\/blog\/wp-content\/uploads\/2021\/09\/89600BD0-5269-457C-9808-F8AE08698253.jpeg?resize=768%2C442 768w, https:\/\/i0.wp.com\/blogdalucianaoliveira.com.br\/blog\/wp-content\/uploads\/2021\/09\/89600BD0-5269-457C-9808-F8AE08698253.jpeg?resize=522%2C300 522w, https:\/\/i0.wp.com\/blogdalucianaoliveira.com.br\/blog\/wp-content\/uploads\/2021\/09\/89600BD0-5269-457C-9808-F8AE08698253.jpeg?w=1200 1200w\" sizes=\"auto, (max-width: 600px) 100vw, 600px\" \/><\/figure>\n\n\n\n<p>O Minist\u00e9rio P\u00fablico de Rond\u00f4nia obteve no Poder Judici\u00e1rio a declara\u00e7\u00e3o de inconstitucionalidade da Lei Complementar Estadual n\u00b0 999\/2018, que extinguiu 11 unidades de conserva\u00e7\u00e3o do Estado. A decis\u00e3o foi concedida, por maioria, pelo Tribunal Pleno, em A\u00e7\u00e3o Direta de Inconstitucionalidade (ADI), proposta pela Procuradoria-Geral de Justi\u00e7a.<\/p>\n\n\n\n<!--more-->\n\n\n\n<p>De iniciativa do Poder Executivo, a norma declarada inconstitucional pretendia extinguir apenas a Esta\u00e7\u00e3o Ecol\u00f3gica Soldado da Borracha. No entanto, no curso de sua aprova\u00e7\u00e3o, teve inserida em seu texto, pela Assembleia Legislativa, os incisos I a X do par\u00e1grafo \u00fanico, para extinguir outras 10 unidades de conserva\u00e7\u00e3o. Essas \u00e1reas, institu\u00eddas meses antes pelo Estado, por meio de decretos, j\u00e1 tinham tido a cria\u00e7\u00e3o questionada pela ALE\/RO, tendo suas delimita\u00e7\u00f5es sido preservadas mediante decis\u00e3o judicial.<\/p>\n\n\n\n<p>As unidades de conserva\u00e7\u00e3o extintas pela Lei Complementar Estadual n\u00b0 999\/2018 e agora restauradas pelo Ac\u00f3rd\u00e3o do Tribunal de Justi\u00e7a s\u00e3o compostas por duas esta\u00e7\u00f5es ecol\u00f3gicas, quatro reservas de desenvolvimento sustent\u00e1vel, uma \u00e1rea de prote\u00e7\u00e3o ambiental, dois parques estaduais, uma floresta estadual e uma reserva de fauna.<\/p>\n\n\n\n<p><strong>ADI \u2013&nbsp;<\/strong>Ao arguir a inconstitucionalidade da lei, por meio da ADI n\u00ba 0800922-58.2019.8.22.0000, protocolada em abril de 2019, o Minist\u00e9rio P\u00fablico de Rond\u00f4nia apontou a inobserv\u00e2ncia ao artigo 218 da Constitui\u00e7\u00e3o Rondoniense, bem como ao artigo 225, da Constitui\u00e7\u00e3o da Rep\u00fablica, entre outros.<br><br>Na a\u00e7\u00e3o, o MP afirmou ter havido grave v\u00edcio de inconstitucionalidade na norma estadual, que extinguiu 11 unidades de conserva\u00e7\u00e3o sem a realiza\u00e7\u00e3o de estudo t\u00e9cnico adequado, sob o simples argumento de que o ente p\u00fablico n\u00e3o teria or\u00e7amento para realizar a desapropria\u00e7\u00e3o em uma das \u00e1reas de prote\u00e7\u00e3o.<br><br>Entre os pontos destacados, ressaltou a relev\u00e2ncia das Unidades de Conserva\u00e7\u00e3o para a preserva\u00e7\u00e3o da diversidade biol\u00f3gica amaz\u00f4nica. Por serem espa\u00e7os especialmente protegidos, afirmou que qualquer altera\u00e7\u00e3o deveria ser precedida de estudo para mitigar efeitos mal\u00e9ficos ao bioma e \u00e0 coletividade, sendo imprescind\u00edvel ainda amplo debate parlamentar, com a participa\u00e7\u00e3o da sociedade civil e dos \u00f3rg\u00e3os e institui\u00e7\u00f5es de prote\u00e7\u00e3o ao meio ambiente, em observ\u00e2ncia \u00e0 finalidade do art. 225 da Constitui\u00e7\u00e3o da Rep\u00fablica e arts. 218 da Constitui\u00e7\u00e3o do Estado de Rond\u00f4nia, que assegura o direito de todos ao meio ambiente ecologicamente equilibrado.<br><br>O Minist\u00e9rio P\u00fablico tamb\u00e9m fez refer\u00eancia ao princ\u00edpio da proibi\u00e7\u00e3o do retrocesso socioambiental, ao princ\u00edpio da precau\u00e7\u00e3o e, ainda, ao princ\u00edpio da equidade intergeracional.<br><br><strong>Hist\u00f3rico do caso \u2013<\/strong>&nbsp;Recentemente, a Lei Complementar n\u00ba 1.089\/2021, ao tempo em que reduziu os limites da Reserva Extrativista Jaci-Paran\u00e1 e do Parque Estadual de Guajar\u00e1-Mirim, recriou cinco unidades de conserva\u00e7\u00e3o que haviam sido extintas pela Lei Complementar n\u00ba 999\/2018, sendo elas o Parque Estadual Ilha das Flores, o Parque Estadual Abaitar\u00e1, a Reserva de Desenvolvimento Sustent\u00e1vel Bom Jardim, a Reserva de Desenvolvimento Sustent\u00e1vel Limoeiro e a Reserva de Fauna Pau D\u2019\u00d3leo. Contra a desafeta\u00e7\u00e3o mencionada, o MP prop\u00f4s A\u00e7\u00e3o Direta de Inconstitucionalidade n\u00ba 0804739-62.2021.8.22.0000, em maio deste ano. Na ADI, n\u00e3o questionou a recria\u00e7\u00e3o das unidades de conserva\u00e7\u00e3o.<\/p>\n\n\n\n<p>Em raz\u00e3o de uma outra iniciativa do Poder Legislativo em extinguir o Parque Estadual Ilha das Flores e reduzir a \u00e1rea da Reserva de Desenvolvimento Sustent\u00e1vel (RDS) Limoeiro, o Minist\u00e9rio P\u00fablico de Rond\u00f4nia ingressou com nova A\u00e7\u00e3o Direta de Inconstitucionalidade (n\u00ba 0807382-90.2021.8.22.0000) em rela\u00e7\u00e3o \u00e0s Leis Complementares Estaduais n\u00ba 1.094 e n\u00ba 1.095, medidas que promoveram as altera\u00e7\u00f5es.<br><br>&nbsp;DCI- Departamento de Comunica\u00e7\u00e3o Integrada<\/p>\n","protected":false},"excerpt":{"rendered":"<p>O Minist\u00e9rio P\u00fablico de Rond\u00f4nia obteve no Poder Judici\u00e1rio a declara\u00e7\u00e3o de inconstitucionalidade da Lei Complementar Estadual n\u00b0 999\/2018, que extinguiu 11 unidades de conserva\u00e7\u00e3o do Estado. A decis\u00e3o foi concedida, por maioria, pelo Tribunal Pleno, em A\u00e7\u00e3o Direta de Inconstitucionalidade (ADI), proposta pela Procuradoria-Geral de Justi\u00e7a.<\/p>\n","protected":false},"author":1,"featured_media":0,"comment_status":"closed","ping_status":"open","sticky":false,"template":"","format":"standard","meta":{"_exactmetrics_skip_tracking":false,"_exactmetrics_sitenote_active":false,"_exactmetrics_sitenote_note":"","_exactmetrics_sitenote_category":0,"jetpack_post_was_ever_published":false,"_jetpack_newsletter_access":"","_jetpack_dont_email_post_to_subs":false,"_jetpack_newsletter_tier_id":0,"_jetpack_memberships_contains_paywalled_content":false,"_jetpack_memberships_contains_paid_content":false,"footnotes":"","jetpack_publicize_message":"","jetpack_publicize_feature_enabled":true,"jetpack_social_post_already_shared":true,"jetpack_social_options":{"image_generator_settings":{"template":"highway","enabled":false},"version":2}},"categories":[1],"tags":[],"class_list":["post-32844","post","type-post","status-publish","format-standard","hentry","category-notas"],"jetpack_publicize_connections":[],"jetpack_sharing_enabled":true,"jetpack_featured_media_url":"","jetpack_shortlink":"https:\/\/wp.me\/p7wKYW-8xK","jetpack-related-posts":[],"_links":{"self":[{"href":"http:\/\/blogdalucianaoliveira.com.br\/blog\/wp-json\/wp\/v2\/posts\/32844","targetHints":{"allow":["GET"]}}],"collection":[{"href":"http:\/\/blogdalucianaoliveira.com.br\/blog\/wp-json\/wp\/v2\/posts"}],"about":[{"href":"http:\/\/blogdalucianaoliveira.com.br\/blog\/wp-json\/wp\/v2\/types\/post"}],"author":[{"embeddable":true,"href":"http:\/\/blogdalucianaoliveira.com.br\/blog\/wp-json\/wp\/v2\/users\/1"}],"replies":[{"embeddable":true,"href":"http:\/\/blogdalucianaoliveira.com.br\/blog\/wp-json\/wp\/v2\/comments?post=32844"}],"version-history":[{"count":1,"href":"http:\/\/blogdalucianaoliveira.com.br\/blog\/wp-json\/wp\/v2\/posts\/32844\/revisions"}],"predecessor-version":[{"id":32846,"href":"http:\/\/blogdalucianaoliveira.com.br\/blog\/wp-json\/wp\/v2\/posts\/32844\/revisions\/32846"}],"wp:attachment":[{"href":"http:\/\/blogdalucianaoliveira.com.br\/blog\/wp-json\/wp\/v2\/media?parent=32844"}],"wp:term":[{"taxonomy":"category","embeddable":true,"href":"http:\/\/blogdalucianaoliveira.com.br\/blog\/wp-json\/wp\/v2\/categories?post=32844"},{"taxonomy":"post_tag","embeddable":true,"href":"http:\/\/blogdalucianaoliveira.com.br\/blog\/wp-json\/wp\/v2\/tags?post=32844"}],"curies":[{"name":"wp","href":"https:\/\/api.w.org\/{rel}","templated":true}]}}