{"id":32847,"date":"2021-09-23T11:35:39","date_gmt":"2021-09-23T15:35:39","guid":{"rendered":"http:\/\/blogdalucianaoliveira.com.br\/blog\/?p=32847"},"modified":"2021-09-23T11:35:44","modified_gmt":"2021-09-23T15:35:44","slug":"lula-a-ampla-maioria-do-povo-quer-a-floresta-de-pe-nao-podemos-confundir-bolsonaro-com-o-brasil","status":"publish","type":"post","link":"http:\/\/blogdalucianaoliveira.com.br\/blog\/2021\/09\/23\/lula-a-ampla-maioria-do-povo-quer-a-floresta-de-pe-nao-podemos-confundir-bolsonaro-com-o-brasil\/","title":{"rendered":"Lula: &#8216;a ampla maioria do povo quer a floresta de p\u00e9. N\u00e3o podemos confundir Bolsonaro com o Brasil&#8217;"},"content":{"rendered":"\n<figure class=\"wp-block-image\"><img data-recalc-dims=\"1\" decoding=\"async\" src=\"https:\/\/i0.wp.com\/publisher-publish.s3.eu-central-1.amazonaws.com\/pb-brasil247\/swp\/jtjeq9\/media\/20210826080812_777d0c578b81b194cb732a377d6a4c82c799dae8bc5451cdcd294683b1cdcd8b.jpg?w=600&#038;ssl=1\" alt=\"Ex-presidente Luiz In\u00e1cio Lula da Silva\"\/><\/figure>\n\n\n\n<p><strong>247\u00a0<\/strong>&#8211; O ex-presidente Luiz In\u00e1cio Lula da Silva criticou o discurso feito por Jair Bolsonaro na Assembleia-Geral das Na\u00e7\u00f5es Unidas (ONU), que aproveitou a oportunidade para manifestar sua posi\u00e7\u00e3o favor\u00e1vel \u00e0 abertura da Amaz\u00f4nia para estrangeiros e chegou a dizer que o c\u00f3digo florestal brasileiro &#8220;deve servir de exemplo para outros pa\u00edses&#8221;. A entrevista foi concedida ao\u00a0<a rel=\"noreferrer noopener\" target=\"_blank\" href=\"https:\/\/noticias.uol.com.br\/colunas\/leonardo-sakamoto\/2021\/09\/23\/lula-nao-podemos-confundir-bolsonaro-com-brasil-que-quer-amazonia-de-pe.htm\">blog do Sakamoto<\/a>. <\/p>\n\n\n\n<!--more-->\n\n\n\n<p>&#8220;Eu n\u00e3o preciso convencer os brasileiros disso porque \u00e9 isso que os brasileiros j\u00e1 pensam&#8221;, disse Lula. &#8220;A ampla maioria dos brasileiros quer a floresta de p\u00e9. N\u00e3o podemos confundir Bolsonaro com o Brasil, nem alguns marginais, grileiros, uma parcela minorit\u00e1ria e atrasada de propriet\u00e1rios rurais com os brasileiros&#8221;, afirmou.<\/p>\n\n\n\n<p>O petista tamb\u00e9m alertou para os preju\u00edzos do golpe de 2016 contra a ent\u00e3o presidente Dilma Rousseff. Lula destacou que, ap\u00f3s o afastamento sem crime de responsabilidade dela, &#8220;estabeleceram uma s\u00e9rie de medidas absurdas para desmontar o Estado, as leis trabalhistas e ambientais, a educa\u00e7\u00e3o e sa\u00fade p\u00fablica no Brasil&#8221;.\u00a0<br><\/p>\n\n\n\n<p>&#8220;No topo delas est\u00e1 essa defini\u00e7\u00e3o que o Estado teria seus gastos congelados por 20 anos, n\u00e3o importa o que acontecesse. L\u00f3gico que isso n\u00e3o se sustenta, inclusive j\u00e1 n\u00e3o vale mais na pr\u00e1tica, porque foi necess\u00e1rio aprovar gastos especiais diante da pandemia de covid-19. N\u00e3o \u00e9 poss\u00edvel congelar a vida de um pa\u00eds por 20 anos&#8221;, disse.&nbsp;<\/p>\n\n\n\n<p>Ao comentar a rela\u00e7\u00e3o do PT com a base, o ex-presidente disse que uma gera\u00e7\u00e3o mais nova &#8220;conheceu o Brasil com o PT&#8221;. &#8220;N\u00e3o sabiam como era antes. E hoje eles est\u00e3o vendo um Brasil mais parecido com o que existia antes do meu governo. Esses jovens est\u00e3o entendendo melhor agora a luta da minha gera\u00e7\u00e3o, do PT, por democracia, direitos dos trabalhadores e contra a extrema pobreza e as desigualdades sociais&#8221;.<br><\/p>\n\n\n\n<p><\/p>\n","protected":false},"excerpt":{"rendered":"<p>247\u00a0&#8211; O ex-presidente Luiz In\u00e1cio Lula da Silva criticou o discurso feito por Jair Bolsonaro na Assembleia-Geral das Na\u00e7\u00f5es Unidas (ONU), que aproveitou a oportunidade para manifestar sua posi\u00e7\u00e3o favor\u00e1vel \u00e0 abertura da Amaz\u00f4nia para estrangeiros e chegou a dizer que o c\u00f3digo florestal brasileiro &#8220;deve servir de exemplo para outros pa\u00edses&#8221;. A entrevista foi&#8230;<a class=\"more-link\" href=\"http:\/\/blogdalucianaoliveira.com.br\/blog\/2021\/09\/23\/lula-a-ampla-maioria-do-povo-quer-a-floresta-de-pe-nao-podemos-confundir-bolsonaro-com-o-brasil\/\">Continue a leitura <span class=\"meta-nav\">&raquo;<\/span><\/a><\/p>\n","protected":false},"author":1,"featured_media":0,"comment_status":"closed","ping_status":"open","sticky":false,"template":"","format":"standard","meta":{"_exactmetrics_skip_tracking":false,"_exactmetrics_sitenote_active":false,"_exactmetrics_sitenote_note":"","_exactmetrics_sitenote_category":0,"jetpack_post_was_ever_published":false,"_jetpack_newsletter_access":"","_jetpack_dont_email_post_to_subs":false,"_jetpack_newsletter_tier_id":0,"_jetpack_memberships_contains_paywalled_content":false,"_jetpack_memberships_contains_paid_content":false,"footnotes":"","jetpack_publicize_message":"","jetpack_publicize_feature_enabled":true,"jetpack_social_post_already_shared":true,"jetpack_social_options":{"image_generator_settings":{"template":"highway","enabled":false},"version":2}},"categories":[1],"tags":[],"class_list":["post-32847","post","type-post","status-publish","format-standard","hentry","category-notas"],"jetpack_publicize_connections":[],"jetpack_sharing_enabled":true,"jetpack_featured_media_url":"","jetpack_shortlink":"https:\/\/wp.me\/p7wKYW-8xN","jetpack-related-posts":[],"_links":{"self":[{"href":"http:\/\/blogdalucianaoliveira.com.br\/blog\/wp-json\/wp\/v2\/posts\/32847","targetHints":{"allow":["GET"]}}],"collection":[{"href":"http:\/\/blogdalucianaoliveira.com.br\/blog\/wp-json\/wp\/v2\/posts"}],"about":[{"href":"http:\/\/blogdalucianaoliveira.com.br\/blog\/wp-json\/wp\/v2\/types\/post"}],"author":[{"embeddable":true,"href":"http:\/\/blogdalucianaoliveira.com.br\/blog\/wp-json\/wp\/v2\/users\/1"}],"replies":[{"embeddable":true,"href":"http:\/\/blogdalucianaoliveira.com.br\/blog\/wp-json\/wp\/v2\/comments?post=32847"}],"version-history":[{"count":1,"href":"http:\/\/blogdalucianaoliveira.com.br\/blog\/wp-json\/wp\/v2\/posts\/32847\/revisions"}],"predecessor-version":[{"id":32848,"href":"http:\/\/blogdalucianaoliveira.com.br\/blog\/wp-json\/wp\/v2\/posts\/32847\/revisions\/32848"}],"wp:attachment":[{"href":"http:\/\/blogdalucianaoliveira.com.br\/blog\/wp-json\/wp\/v2\/media?parent=32847"}],"wp:term":[{"taxonomy":"category","embeddable":true,"href":"http:\/\/blogdalucianaoliveira.com.br\/blog\/wp-json\/wp\/v2\/categories?post=32847"},{"taxonomy":"post_tag","embeddable":true,"href":"http:\/\/blogdalucianaoliveira.com.br\/blog\/wp-json\/wp\/v2\/tags?post=32847"}],"curies":[{"name":"wp","href":"https:\/\/api.w.org\/{rel}","templated":true}]}}