{"id":32856,"date":"2021-09-26T09:28:54","date_gmt":"2021-09-26T13:28:54","guid":{"rendered":"http:\/\/blogdalucianaoliveira.com.br\/blog\/?p=32856"},"modified":"2021-09-26T09:28:59","modified_gmt":"2021-09-26T13:28:59","slug":"governo-bolsonaro-chega-ao-milesimo-dia-vivendo-tres-crises-por-mes","status":"publish","type":"post","link":"http:\/\/blogdalucianaoliveira.com.br\/blog\/2021\/09\/26\/governo-bolsonaro-chega-ao-milesimo-dia-vivendo-tres-crises-por-mes\/","title":{"rendered":"Governo Bolsonaro chega ao mil\u00e9simo dia vivendo tr\u00eas crises por m\u00eas"},"content":{"rendered":"\n<figure class=\"wp-block-image size-large\"><img loading=\"lazy\" decoding=\"async\" width=\"1086\" height=\"652\" data-attachment-id=\"32857\" data-permalink=\"http:\/\/blogdalucianaoliveira.com.br\/blog\/2021\/09\/26\/governo-bolsonaro-chega-ao-milesimo-dia-vivendo-tres-crises-por-mes\/ef740d32-e5ab-4227-9978-0b0d878e37e7\/\" data-orig-file=\"https:\/\/i0.wp.com\/blogdalucianaoliveira.com.br\/blog\/wp-content\/uploads\/2021\/09\/EF740D32-E5AB-4227-9978-0B0D878E37E7.jpeg?fit=1086%2C652\" data-orig-size=\"1086,652\" data-comments-opened=\"0\" data-image-meta=\"{&quot;aperture&quot;:&quot;0&quot;,&quot;credit&quot;:&quot;&quot;,&quot;camera&quot;:&quot;&quot;,&quot;caption&quot;:&quot;&quot;,&quot;created_timestamp&quot;:&quot;0&quot;,&quot;copyright&quot;:&quot;&quot;,&quot;focal_length&quot;:&quot;0&quot;,&quot;iso&quot;:&quot;0&quot;,&quot;shutter_speed&quot;:&quot;0&quot;,&quot;title&quot;:&quot;&quot;,&quot;orientation&quot;:&quot;0&quot;}\" data-image-title=\"EF740D32-E5AB-4227-9978-0B0D878E37E7\" data-image-description=\"\" data-image-caption=\"\" data-medium-file=\"https:\/\/i0.wp.com\/blogdalucianaoliveira.com.br\/blog\/wp-content\/uploads\/2021\/09\/EF740D32-E5AB-4227-9978-0B0D878E37E7.jpeg?fit=300%2C180\" data-large-file=\"https:\/\/i0.wp.com\/blogdalucianaoliveira.com.br\/blog\/wp-content\/uploads\/2021\/09\/EF740D32-E5AB-4227-9978-0B0D878E37E7.jpeg?fit=600%2C360\" src=\"https:\/\/i2.wp.com\/blogdalucianaoliveira.com.br\/blog\/wp-content\/uploads\/2021\/09\/EF740D32-E5AB-4227-9978-0B0D878E37E7.jpeg?fit=600%2C360\" alt=\"\" class=\"wp-image-32857\" srcset=\"https:\/\/i0.wp.com\/blogdalucianaoliveira.com.br\/blog\/wp-content\/uploads\/2021\/09\/EF740D32-E5AB-4227-9978-0B0D878E37E7.jpeg?w=1086 1086w, https:\/\/i0.wp.com\/blogdalucianaoliveira.com.br\/blog\/wp-content\/uploads\/2021\/09\/EF740D32-E5AB-4227-9978-0B0D878E37E7.jpeg?resize=300%2C180 300w, https:\/\/i0.wp.com\/blogdalucianaoliveira.com.br\/blog\/wp-content\/uploads\/2021\/09\/EF740D32-E5AB-4227-9978-0B0D878E37E7.jpeg?resize=1024%2C615 1024w, https:\/\/i0.wp.com\/blogdalucianaoliveira.com.br\/blog\/wp-content\/uploads\/2021\/09\/EF740D32-E5AB-4227-9978-0B0D878E37E7.jpeg?resize=768%2C461 768w, https:\/\/i0.wp.com\/blogdalucianaoliveira.com.br\/blog\/wp-content\/uploads\/2021\/09\/EF740D32-E5AB-4227-9978-0B0D878E37E7.jpeg?resize=500%2C300 500w\" sizes=\"auto, (max-width: 600px) 100vw, 600px\" \/><\/figure>\n\n\n\n<p>O Globo \u2014 No dia 8 de setembro, o presidente Jair Bolsonaro abriu a reuni\u00e3o no terceiro andar do Pal\u00e1cio do Planalto pedindo a opini\u00e3o de seus ministros sobre qual caminho deveria seguir: dar continuidade ao\u00a0<a href=\"https:\/\/infograficos.oglobo.globo.com\/politica\/1000-dias-governo-bolsonaro-crises.html\">discurso radical dos atos de 7 de Setembro<\/a>\u00a0ou serenar os \u00e2nimos exaltados. Com uma caneta nas m\u00e3os e uma folha de papel em branco, Bolsonaro disse que tra\u00e7aria duas colunas com os votos de cada um dos auxiliares sobre o rumo que deveria tomar diante do \u00e1pice da tens\u00e3o institucional que ele pr\u00f3prio criou com a c\u00fapula do Judici\u00e1rio. Alguns auxiliares defenderam que era hora de pacificar; outros argumentaram que o presidente deveria ouvir o \u201capelo das ruas\u201d e n\u00e3o recuar.<\/p>\n\n\n\n<!--more-->\n\n\n\n<p>O di\u00e1logo simboliza um movimento frequente ao longo dos&nbsp;<a href=\"https:\/\/infograficos.oglobo.globo.com\/politica\/1000-dias-governo-bolsonaro-crises.html\">mil dias de governo<\/a>, completados hoje: levantamento do GLOBO mapeou cem crises no per\u00edodo, uma m\u00e9dia de tr\u00eas por m\u00eas.<\/p>\n\n\n\n<p>Bolsonaro estava prestes a esticar a corda mais uma vez quando foi convencido pelo ex-presidente Michel Temer a escrever uma carta p\u00fablica&nbsp;<a href=\"https:\/\/oglobo.globo.com\/politica\/apos-atos-golpistas-bolsonaro-agora-diz-em-nota-que-ataques-ao-stf-decorreram-do-calor-do-momento-25190917\">apaziguando a rela\u00e7\u00e3o com o STF<\/a>, em geral, e com o ministro Alexandre de Moraes, em particular, j\u00e1 que o magistrado foi o destinat\u00e1rio do xingamento mais pesado (\u201ccanalha\u201d) e da amea\u00e7a mais expl\u00edcita \u2014 n\u00e3o cumprir decis\u00f5es judiciais. Apesar do gesto, a harmonia entre os Poderes foi abalada, e os limites das institui\u00e7\u00f5es, testados outra vez.<\/p>\n\n\n\n<p>Pressionado pela queda de popularidade \u2014\u00a0<a href=\"https:\/\/oglobo.globo.com\/politica\/apos-atos-de-7-de-setembro-reprovacao-bolsonaro-bate-recorde-aponta-datafolha-25200351\">53% avaliam a gest\u00e3o como ruim ou p\u00e9ssima<\/a>, segundo os institutos Ipec e Datafolha \u2014, por quase 600 mil mortes na pandemia, por 132 pedidos de impeachment e por investiga\u00e7\u00f5es no STF e na CPI da Covid, o presidente tentou reagir elevando o tom de seus ataques em diversos momentos no curso do governo. Nessa estrat\u00e9gia, voltou sua ira contra governadores, integrantes do Congresso, membros do Supremo, a imprensa, o vice, Hamilton Mour\u00e3o, e at\u00e9 mesmo contra auxiliares que o incomodavam, casos dos ex-ministros Luiz Henrique Mandetta (Sa\u00fade) e Sergio Moro (Justi\u00e7a), que pediu demiss\u00e3o acusando Bolsonaro de interferir na Pol\u00edcia Federal.<\/p>\n\n\n\n<p>Ao todo, 19 ministros deixaram o governo, o que representa&nbsp;<a href=\"https:\/\/infograficos.oglobo.globo.com\/politica\/1000-dias-governo-bolsonaro-crises.html?mobi=1\">uma mudan\u00e7a a cada 52 dias<\/a>. Durante a pandemia, por exemplo, antes da entrada de Marcelo Queiroga, a Sa\u00fade foi comandada por outros tr\u00eas gestores \u2014 um deles, Eduardo Pazuello, sem experi\u00eancia pr\u00e9via na \u00e1rea. Um dos reflexos das interrup\u00e7\u00f5es \u00e9 o atraso da vacina\u00e7\u00e3o da popula\u00e7\u00e3o brasileira \u2014 por outro lado, Bolsonaro insiste em defender medicamentos ineficazes, como fez durante o discurso na Assembleia Geral da ONU, provocando nova crise.<\/p>\n\n\n\n<p>\u2014 A experi\u00eancia do governo Bolsonaro \u00e9 in\u00e9dita na Hist\u00f3ria do Brasil. Estamos usando para avaliar este governo a medida e os par\u00e2metros que usamos para avaliar o gestor p\u00fablico. S\u00f3 que esses par\u00e2metros n\u00e3o s\u00e3o adequados, porque o governo Bolsonaro n\u00e3o se prop\u00f5e nem a gerir a coisa p\u00fablica nem a criar um projeto de futuro para o pa\u00eds \u2014 diz a historiadora Helo\u00edsa Starling, autora, com Lilia Moritz Schwarcz, de \u201cBrasil, uma biografia\u201d (Companhia das Letras) e professora da UFMG.<\/p>\n\n\n\n<h2 class=\"wp-block-heading\"><strong>Alvos: Congresso e STF<\/strong><\/h2>\n\n\n\n<p>Boa parte das crises foi induzida por Bolsonaro, que chegou a participar de atos que pediam o fechamento do Congresso e do STF. Em um deles, em abril de 2020, discursou diante do Quartel-General do Ex\u00e9rcito, em Bras\u00edlia, com militantes pedindo a interven\u00e7\u00e3o militar. Na tentativa de demonstrar o apoio irrestrito das For\u00e7as Armadas, o presidente demitiu o ministro da Defesa, Fernando Azevedo, e trocou os comandantes do Ex\u00e9rcito, da Marinha e da Aeron\u00e1utica, um movimento in\u00e9dito no per\u00edodo democr\u00e1tico.<\/p>\n\n\n\n<p>A outra parte da crise foi gerada pelo pr\u00f3prio entorno de Bolsonaro e teve a participa\u00e7\u00e3o do presidente. A demiss\u00e3o de Moro, at\u00e9 ent\u00e3o estrela do time, virou um inqu\u00e9rito no STF e culminou em outras crises com a divulga\u00e7\u00e3o de um v\u00eddeo de uma outra reuni\u00e3o ministerial que entrou para a hist\u00f3ria, a do dia 22 de abril de 2020. A grava\u00e7\u00e3o exp\u00f4s um governo sem filtro. Revelou o ent\u00e3o ministro do Meio Ambiente, Ricardo Salles, defendendo que o Executivo deveria se aproveitar da crise do coronav\u00edrus para \u201cir passando a boiada\u201d e mudar regras ambientais. J\u00e1 o titular da Educa\u00e7\u00e3o \u00e0 \u00e9poca, Abraham Weintraub, apareceu dizendo que, por ele, \u201cbotava esses vagabundos todos na cadeia, come\u00e7ando no STF\u201d.<\/p>\n\n\n\n<p>As turbul\u00eancias vividas pelo governo Bolsonaro tamb\u00e9m extrapolaram as fronteiras. O presidente colecionou atritos com l\u00edderes mundiais, como Angela Merkel (Alemanha) e Emmanuel Macron (Fran\u00e7a), por causa do desmatamento da floresta amaz\u00f4nica, que tisnou a imagem do Brasil no exterior. Criou constrangimento diplom\u00e1tico ao declarar torcida nas elei\u00e7\u00f5es da Argentina e dos Estados Unidos e fez cr\u00edticas \u00e0 condu\u00e7\u00e3o da pandemia pela China, principal parceiro comercial do Brasil.<\/p>\n\n\n\n<p><strong>Tens\u00e3o constante:&nbsp;<\/strong><a href=\"https:\/\/oglobo.globo.com\/politica\/tensao-constante-ministros-filhos-assessores-com-assento-no-planalto-incentivam-bolsonaro-buscar-conflito-25213192\">Ministros, filhos e assessores com assento no Planalto incentivam Bolsonaro a buscar o conflito<\/a><\/p>\n\n\n\n<p>Em meio \u00e0s crises vividas pelo governo, a situa\u00e7\u00e3o econ\u00f4mica do pa\u00eds foi se deteriorando. Se nos dois primeiros anos o Brasil conseguiu manter a infla\u00e7\u00e3o dentro das faixas da meta do Banco Central, em 2021 ela ser\u00e1 mais que o dobro. O IPCA-15 j\u00e1 passa de 10% em 12 meses, e a previs\u00e3o \u00e9 que feche o ano em 8,35%, quando o centro da meta \u00e9 de 3,75%, com toler\u00e2ncia at\u00e9 5,25%. O pre\u00e7o m\u00e9dio do litro da gasolina registrou alta de 40,3% desde o in\u00edcio do governo, passando de R$ 4,33 para R$ 6,08. Considerado um dos \u201cdesafios urgentes\u201d do pa\u00eds no programa de governo do candidato Bolsonaro, a fila de desemprego passou de 13 milh\u00f5es de pessoas para as atuais 14,4 milh\u00f5es.<\/p>\n\n\n\n<h2 class=\"wp-block-heading\"><strong>Tens\u00f5es \u00e0 vista<\/strong><\/h2>\n\n\n\n<p>A expectativa para os pr\u00f3ximos 375 dias de governo, a contar de hoje at\u00e9 o primeiro turno das elei\u00e7\u00f5es de 2022, \u00e9 que as tens\u00f5es do governo sejam amplificadas \u2014 como ingrediente adicional, as pesquisas de inten\u00e7\u00e3o de voto apontam que o presidente perderia no segundo turno para os pr\u00e9-candidatos presentes no tabuleiro hoje. Essa queda de popularidade ter\u00e1 impacto na forma como Bolsonaro se comportar\u00e1 para manter arregimentada a sua base fiel de eleitores.<\/p>\n\n\n\n<p>\u2014 Ele vai radicalizar muito ainda, porque n\u00e3o consegue ir para o segundo turno sem radicalizar, a n\u00e3o ser que a economia melhore muito. N\u00e3o vejo Bolsonaro atenuar para absolutamente nada, porque ele precisa manter viva essa chama do radicalismo em 25% da popula\u00e7\u00e3o \u2014 analisa o cientista pol\u00edtico Humberto Dantas, gestor de Educa\u00e7\u00e3o do Centro de Lideran\u00e7a P\u00fablica.<\/p>\n","protected":false},"excerpt":{"rendered":"<p>O Globo \u2014 No dia 8 de setembro, o presidente Jair Bolsonaro abriu a reuni\u00e3o no terceiro andar do Pal\u00e1cio do Planalto pedindo a opini\u00e3o de seus ministros sobre qual caminho deveria seguir: dar continuidade ao\u00a0discurso radical dos atos de 7 de Setembro\u00a0ou serenar os \u00e2nimos exaltados. Com uma caneta nas m\u00e3os e uma folha&#8230;<a class=\"more-link\" href=\"http:\/\/blogdalucianaoliveira.com.br\/blog\/2021\/09\/26\/governo-bolsonaro-chega-ao-milesimo-dia-vivendo-tres-crises-por-mes\/\">Continue a leitura <span class=\"meta-nav\">&raquo;<\/span><\/a><\/p>\n","protected":false},"author":1,"featured_media":0,"comment_status":"closed","ping_status":"open","sticky":false,"template":"","format":"standard","meta":{"_exactmetrics_skip_tracking":false,"_exactmetrics_sitenote_active":false,"_exactmetrics_sitenote_note":"","_exactmetrics_sitenote_category":0,"jetpack_post_was_ever_published":false,"_jetpack_newsletter_access":"","_jetpack_dont_email_post_to_subs":false,"_jetpack_newsletter_tier_id":0,"_jetpack_memberships_contains_paywalled_content":false,"_jetpack_memberships_contains_paid_content":false,"footnotes":"","jetpack_publicize_message":"","jetpack_publicize_feature_enabled":true,"jetpack_social_post_already_shared":true,"jetpack_social_options":{"image_generator_settings":{"template":"highway","enabled":false},"version":2}},"categories":[1],"tags":[],"class_list":["post-32856","post","type-post","status-publish","format-standard","hentry","category-notas"],"jetpack_publicize_connections":[],"jetpack_sharing_enabled":true,"jetpack_featured_media_url":"","jetpack_shortlink":"https:\/\/wp.me\/p7wKYW-8xW","jetpack-related-posts":[],"_links":{"self":[{"href":"http:\/\/blogdalucianaoliveira.com.br\/blog\/wp-json\/wp\/v2\/posts\/32856","targetHints":{"allow":["GET"]}}],"collection":[{"href":"http:\/\/blogdalucianaoliveira.com.br\/blog\/wp-json\/wp\/v2\/posts"}],"about":[{"href":"http:\/\/blogdalucianaoliveira.com.br\/blog\/wp-json\/wp\/v2\/types\/post"}],"author":[{"embeddable":true,"href":"http:\/\/blogdalucianaoliveira.com.br\/blog\/wp-json\/wp\/v2\/users\/1"}],"replies":[{"embeddable":true,"href":"http:\/\/blogdalucianaoliveira.com.br\/blog\/wp-json\/wp\/v2\/comments?post=32856"}],"version-history":[{"count":1,"href":"http:\/\/blogdalucianaoliveira.com.br\/blog\/wp-json\/wp\/v2\/posts\/32856\/revisions"}],"predecessor-version":[{"id":32858,"href":"http:\/\/blogdalucianaoliveira.com.br\/blog\/wp-json\/wp\/v2\/posts\/32856\/revisions\/32858"}],"wp:attachment":[{"href":"http:\/\/blogdalucianaoliveira.com.br\/blog\/wp-json\/wp\/v2\/media?parent=32856"}],"wp:term":[{"taxonomy":"category","embeddable":true,"href":"http:\/\/blogdalucianaoliveira.com.br\/blog\/wp-json\/wp\/v2\/categories?post=32856"},{"taxonomy":"post_tag","embeddable":true,"href":"http:\/\/blogdalucianaoliveira.com.br\/blog\/wp-json\/wp\/v2\/tags?post=32856"}],"curies":[{"name":"wp","href":"https:\/\/api.w.org\/{rel}","templated":true}]}}