{"id":32867,"date":"2021-09-30T08:32:35","date_gmt":"2021-09-30T12:32:35","guid":{"rendered":"http:\/\/blogdalucianaoliveira.com.br\/blog\/?p=32867"},"modified":"2021-09-30T08:32:43","modified_gmt":"2021-09-30T12:32:43","slug":"caminhao-de-ossos-no-rio-e-disputado-por-populacao-com-fome","status":"publish","type":"post","link":"http:\/\/blogdalucianaoliveira.com.br\/blog\/2021\/09\/30\/caminhao-de-ossos-no-rio-e-disputado-por-populacao-com-fome\/","title":{"rendered":"&#8216;Caminh\u00e3o de ossos&#8217; no Rio \u00e9 disputado por popula\u00e7\u00e3o com fome"},"content":{"rendered":"\n<figure class=\"wp-block-image size-large\"><img loading=\"lazy\" decoding=\"async\" width=\"1200\" height=\"800\" data-attachment-id=\"32868\" data-permalink=\"http:\/\/blogdalucianaoliveira.com.br\/blog\/2021\/09\/30\/caminhao-de-ossos-no-rio-e-disputado-por-populacao-com-fome\/16329448496154c2d13dc47_1632944849_3x2_xl\/\" data-orig-file=\"https:\/\/i0.wp.com\/blogdalucianaoliveira.com.br\/blog\/wp-content\/uploads\/2021\/09\/16329448496154c2d13dc47_1632944849_3x2_xl.jpg?fit=1200%2C800\" data-orig-size=\"1200,800\" data-comments-opened=\"0\" data-image-meta=\"{&quot;aperture&quot;:&quot;0&quot;,&quot;credit&quot;:&quot;&quot;,&quot;camera&quot;:&quot;&quot;,&quot;caption&quot;:&quot;&quot;,&quot;created_timestamp&quot;:&quot;0&quot;,&quot;copyright&quot;:&quot;&quot;,&quot;focal_length&quot;:&quot;0&quot;,&quot;iso&quot;:&quot;0&quot;,&quot;shutter_speed&quot;:&quot;0&quot;,&quot;title&quot;:&quot;&quot;,&quot;orientation&quot;:&quot;0&quot;}\" data-image-title=\"16329448496154c2d13dc47_1632944849_3x2_xl\" data-image-description=\"\" data-image-caption=\"\" data-medium-file=\"https:\/\/i0.wp.com\/blogdalucianaoliveira.com.br\/blog\/wp-content\/uploads\/2021\/09\/16329448496154c2d13dc47_1632944849_3x2_xl.jpg?fit=300%2C200\" data-large-file=\"https:\/\/i0.wp.com\/blogdalucianaoliveira.com.br\/blog\/wp-content\/uploads\/2021\/09\/16329448496154c2d13dc47_1632944849_3x2_xl.jpg?fit=600%2C400\" src=\"https:\/\/i0.wp.com\/blogdalucianaoliveira.com.br\/blog\/wp-content\/uploads\/2021\/09\/16329448496154c2d13dc47_1632944849_3x2_xl.jpg?fit=600%2C400&amp;ssl=1\" alt=\"\" class=\"wp-image-32868\" srcset=\"https:\/\/i0.wp.com\/blogdalucianaoliveira.com.br\/blog\/wp-content\/uploads\/2021\/09\/16329448496154c2d13dc47_1632944849_3x2_xl.jpg?w=1200 1200w, https:\/\/i0.wp.com\/blogdalucianaoliveira.com.br\/blog\/wp-content\/uploads\/2021\/09\/16329448496154c2d13dc47_1632944849_3x2_xl.jpg?resize=300%2C200 300w, https:\/\/i0.wp.com\/blogdalucianaoliveira.com.br\/blog\/wp-content\/uploads\/2021\/09\/16329448496154c2d13dc47_1632944849_3x2_xl.jpg?resize=1024%2C683 1024w, https:\/\/i0.wp.com\/blogdalucianaoliveira.com.br\/blog\/wp-content\/uploads\/2021\/09\/16329448496154c2d13dc47_1632944849_3x2_xl.jpg?resize=768%2C512 768w, https:\/\/i0.wp.com\/blogdalucianaoliveira.com.br\/blog\/wp-content\/uploads\/2021\/09\/16329448496154c2d13dc47_1632944849_3x2_xl.jpg?resize=450%2C300 450w\" sizes=\"auto, (max-width: 600px) 100vw, 600px\" \/><\/figure>\n\n\n\n<h4 class=\"wp-block-heading\">Crise for\u00e7a parte da popula\u00e7\u00e3o a recorrer at\u00e9 a itens rejeitados para se alimentar<\/h4>\n\n\n\n<!--more-->\n\n\n\n<p>Na Folha de S\u00e3o Paulo, por <strong><a href=\"https:\/\/www1.folha.uol.com.br\/autores\/leonardo-vieceli.shtml\">Leonardo Vieceli<\/a><\/strong><strong><a href=\"https:\/\/www1.folha.uol.com.br\/autores\/constanca-rezende.shtml\">Constan\u00e7a Rezende<\/a><\/strong><strong><a href=\"https:\/\/www1.folha.uol.com.br\/autores\/renato-machado.shtml\">Renato Machado<\/a><\/strong><\/p>\n\n\n\n<p>A&nbsp;<a href=\"https:\/\/www1.folha.uol.com.br\/mercado\/2021\/06\/desigualdade-bate-recorde-na-pandemia-e-renda-media-cai-a-pior-nivel-desde-2012.shtml\">crise econ\u00f4mica gerada pela pandemia<\/a>&nbsp;trouxe de volta uma amea\u00e7a para parte dos brasileiros: a fome. Com&nbsp;<a href=\"https:\/\/www1.folha.uol.com.br\/mercado\/2021\/09\/inflacao-para-os-mais-pobres-chega-a-1063-no-acumulado-de-12-meses.shtml\">infla\u00e7\u00e3o<\/a>&nbsp;e&nbsp;<a href=\"https:\/\/www1.folha.uol.com.br\/mercado\/2021\/08\/desemprego-recua-para-141-mas-ainda-atinge-144-milhoes.shtml#comentarios\">desemprego<\/a>&nbsp;elevados, o pa\u00eds passa a registrar mais cenas de pessoas em busca de doa\u00e7\u00f5es de alimentos e at\u00e9 de itens rejeitados por supermercados.<\/p>\n\n\n\n<p>O caso mais recente a ganhar repercuss\u00e3o ocorreu na zona sul do Rio de Janeiro. Nesta quarta-feira (29), reportagem do jornal Extra mostrou que um caminh\u00e3o com restos de carne e ossos, no bairro Gl\u00f3ria, virou ponto de distribui\u00e7\u00e3o para moradores que t\u00eam fome e n\u00e3o possuem dinheiro suficiente para comprar alimento.<\/p>\n\n\n\n<p>Comerciantes da regi\u00e3o relataram \u00e0&nbsp;<strong>Folha<\/strong>&nbsp;que a cena costuma ocorrer durante a manh\u00e3, em parte da semana. A reportagem tentou contato com os respons\u00e1veis pela distribui\u00e7\u00e3o, mas n\u00e3o obteve retorno. Ao Extra, o motorista do caminh\u00e3o indicou que antes as pessoas buscavam os ossos para dar a cachorros, e hoje as sobras v\u00e3o para consumo pr\u00f3prio.<\/p>\n\n\n\n<p>Durante\u00a0<a href=\"https:\/\/www1.folha.uol.com.br\/poder\/2021\/09\/luciano-hang-dribla-cpi-enfrenta-senadores-e-tergiversa-sobre-prevent-kit-covid-e-bolsonaro.shtml\">sess\u00e3o da CPI da Covid<\/a>\u00a0nesta quarta-feira, o senador Humberto Costa (PT-PE) comentou, com cr\u00edticas ao governo Jair Bolsonaro, o caso de pessoas garimpando restos de carne entre ossos no Rio.<br><\/p>\n\n\n\n<p>\u201cN\u00e3o sei se o senhor viu, na foto de um jornal, um bocado de carca\u00e7a de osso e umas pessoas querendo levar aquilo ali, que antigamente compravam pra dar para os cachorros, e hoje as pessoas compram para fazer sopa e comer o resto da carne\u201d, disse, durante sua fala no depoimento do empres\u00e1rio bolsonarista Luciano Hang.<\/p>\n\n\n\n<p>O senador disse que \u201c\u00e9 isto que este governo e esse projeto causaram ao nosso pa\u00eds: uma trag\u00e9dia sanit\u00e1ria, econ\u00f4mica, social e pol\u00edtica\u201d.<\/p>\n\n\n\n<p>\u201c\u00c9 o governo que gerou a maior crise ambiental que este pa\u00eds j\u00e1 teve. Uma vergonha \u2013uma vergonha \u2013no mundo, uma crise energ\u00e9tica, apag\u00e3o. Coisa que a gente pensava que nunca ia mais acontecer, por qu\u00ea? Porque esse presidente n\u00e3o governa, ele terceirizou o governo, ele entregou pra m\u00e3o de todo mundo\u201d, afirmou.<\/p>\n\n\n\n<p>Cenas como essa n\u00e3o s\u00e3o exclusividade do Rio. Durante a pandemia,&nbsp;<a href=\"https:\/\/www1.folha.uol.com.br\/cotidiano\/2021\/07\/moradores-de-cuiaba-fazem-fila-para-conseguir-doacoes-de-restos-de-ossos-de-boi.shtml\">cidades como Cuiab\u00e1 (MT)<\/a>&nbsp;tamb\u00e9m registraram filas de pessoas em busca de doa\u00e7\u00f5es de restos de ossos de boi. Os resqu\u00edcios de carne acabam virando prato principal na casa de quem sofre com dificuldades financeiras.<\/p>\n\n\n\n<p>A organiza\u00e7\u00e3o social Viva Rio afirma que percebeu um aumento na fome com a chegada da pandemia. Por isso, ajudou a promover uma campanha de doa\u00e7\u00f5es de alimentos, a SOS Favela, a partir da fase inicial da crise sanit\u00e1ria. Segundo a organiza\u00e7\u00e3o, 450 comunidades do estado do Rio chegaram a ser beneficiadas.<\/p>\n\n\n\n<p>\u201cO impacto da pandemia foi tremendo. O \u00faltimo a se recuperar \u00e9 o mais pobre, que depende do trabalho nas ruas, por conta pr\u00f3pria e informal. Ele \u00e9 o primeiro a entrar na fila das perdas e o \u00faltimo a sair\u201d, diz o antrop\u00f3logo Rubem C\u00e9sar Fernandes, fundador da Viva Rio.<\/p>\n\n\n\n<p>\u201cA situa\u00e7\u00e3o ainda \u00e9 dram\u00e1tica. A popula\u00e7\u00e3o de rua aumentou.\u201d<\/p>\n\n\n\n<p>No estado do Rio de Janeiro, 2,6 milh\u00f5es de pessoas (o equivalente a 15,1% da popula\u00e7\u00e3o local) estavam em situa\u00e7\u00e3o de extrema pobreza e viviam com at\u00e9 R$ 89 por m\u00eas no come\u00e7o deste ano, segundo levantamento da Firjan (Federa\u00e7\u00e3o das Ind\u00fastrias do Estado do Rio de Janeiro), a partirde dados do Minist\u00e9rio da Cidadania.<\/p>\n\n\n\n<p>Como mostrou reportagem da&nbsp;<a href=\"https:\/\/www1.folha.uol.com.br\/mercado\/2021\/07\/inflacao-e-desemprego-afetam-ate-o-basico-feijao-com-arroz-na-pandemia.shtml\"><strong>Folha<\/strong><\/a>&nbsp;em julho, nem o feij\u00e3o com arroz escapou da alta da&nbsp;<a href=\"https:\/\/www1.folha.uol.com.br\/mercado\/2021\/07\/previa-da-inflacao-sobe-072-em-julho-maior-alta-para-o-mes-em-17-anos.shtml\">infla\u00e7\u00e3o<\/a>&nbsp;e do&nbsp;<a href=\"https:\/\/www1.folha.uol.com.br\/mercado\/2021\/07\/desemprego-deve-continuar-alto-apesar-de-recuperacao-dizem-economistas.shtml\">desemprego<\/a>&nbsp;na pandemia. A acelera\u00e7\u00e3o de pre\u00e7os e renda em queda&nbsp;<a href=\"https:\/\/www1.folha.uol.com.br\/mercado\/2021\/05\/consumo-de-carne-no-brasil-cai-ao-menor-nivel-em-25-anos.shtml\">mudaram o card\u00e1pio<\/a>&nbsp;dos brasileiros mais pobres, que se viram obrigados a optar por produtos mais baratos. Moradores de periferia&nbsp;<a href=\"https:\/\/www1.folha.uol.com.br\/mercado\/2021\/07\/morador-de-periferia-recorre-ate-a-pe-de-frango-contra-fome.shtml\">passaram a recorrer at\u00e9 a p\u00e9 de frango contra fome<\/a>.<\/p>\n\n\n\n<p>Em 2020, a fome atingiu&nbsp;<a href=\"https:\/\/www1.folha.uol.com.br\/equilibrioesaude\/2021\/04\/fome-atinge-19-milhoes-de-brasileiros-durante-a-pandemia-em-2020.shtml\">19 milh\u00f5es de brasileiros<\/a>, conforme dados do Inqu\u00e9rito Nacional sobre Inseguran\u00e7a Alimentar no Contexto da Pandemia da Covid-19 no Brasil, conduzido pela Rede Penssan (Rede Brasileira de Pesquisa em Soberania e Seguran\u00e7a Alimentar e Nutricional). O levantamento foi divulgado em abril.<\/p>\n\n\n\n<p>\u201cA quest\u00e3o da fome \u00e9 cr\u00f4nica no pa\u00eds. Temos observado, desde 2014, um&nbsp;<a href=\"https:\/\/www1.folha.uol.com.br\/equilibrioesaude\/2021\/04\/mais-de-125-milhoes-de-brasileiros-sofreram-inseguranca-alimentar-na-pandemia-revela-estudo.shtml\">aumento nos n\u00edveis de inseguran\u00e7a alimentar<\/a>. Com a pandemia, a gente percebe um agravamento da situa\u00e7\u00e3o\u201d, analisa a nutricionista Beatriz Blackman, da Rede de Mulheres Negras para Soberania e Seguran\u00e7a Alimentar e Nutricional.<\/p>\n\n\n\n<p>\u201cA inseguran\u00e7a alimentar parte do princ\u00edpio de que voc\u00ea n\u00e3o tem certeza de que vai conseguir se alimentar amanh\u00e3. A pessoa tem de escolher entre um e outro alimento, opta por um mais barato\u201d, acrescenta.<\/p>\n\n\n\n<p>Segundo ela, o quadro \u00e9 \u201ccomplexo\u201d e exige \u201csolu\u00e7\u00f5es multissetoriais\u201d.<\/p>\n\n\n\n<p>\u201cPrecisamos resolver quest\u00f5es estruturais. O combate \u00e0 fome n\u00e3o \u00e9 feito com alimento de baixa qualidade. \u00c9 necess\u00e1ria uma melhora no emprego, na renda e na educa\u00e7\u00e3o\u201d, diz.<\/p>\n\n\n\n<p>A crise gerada pela Covid-19 trouxe consigo uma combina\u00e7\u00e3o que atinge em cheio o bolso dos brasileiros: aumento do desemprego e da infla\u00e7\u00e3o. Em conjunto, esses fatores reduzem o poder de compra da popula\u00e7\u00e3o, sobretudo entre os mais pobres.<\/p>\n\n\n\n<p>Dados compilados pelo Ipea (Instituto de Pesquisa Econ\u00f4mica Aplicada) ajudam a entender o cen\u00e1rio. Para as fam\u00edlias de renda mais baixa, a infla\u00e7\u00e3o acumulada em 12 meses at\u00e9 agosto&nbsp;<a href=\"https:\/\/www1.folha.uol.com.br\/mercado\/2021\/09\/inflacao-para-os-mais-pobres-chega-a-1063-no-acumulado-de-12-meses.shtml\">alcan\u00e7ou 10,63%<\/a>, a maior marca entre as seis faixas de rendimento pesquisadas.<\/p>\n\n\n\n<p>No segundo trimestre deste ano, a&nbsp;<a href=\"https:\/\/www1.folha.uol.com.br\/mercado\/2021\/08\/desemprego-so-retorna-ao-nivel-pre-pandemia-em-2023-apontam-economistas.shtml\">taxa de desemprego<\/a>&nbsp;at\u00e9 recuou para 14,1% no pa\u00eds, conforme o IBGE (Instituto Brasileiro de Geografia e Estat\u00edstica). Contudo, o pa\u00eds ainda registrava um ex\u00e9rcito de 14,4 milh\u00f5es de desempregados.<\/p>\n\n\n\n<p>No mundo,&nbsp;<a href=\"https:\/\/www1.folha.uol.com.br\/mundo\/2021\/07\/pandemia-empurrou-mais-118-milhoes-de-pessoas-para-a-fome-no-mundo-em-2020.shtml\">cerca de 118 milh\u00f5es de pessoas<\/a>&nbsp;come\u00e7aram a passar fome em 2020, indicou relat\u00f3rio da FAO (Organiza\u00e7\u00e3o das Na\u00e7\u00f5es Unidas para Alimenta\u00e7\u00e3o e Agricultura) publicado em julho.<\/p>\n\n\n\n<p><\/p>\n","protected":false},"excerpt":{"rendered":"<p>Crise for\u00e7a parte da popula\u00e7\u00e3o a recorrer at\u00e9 a itens rejeitados para se alimentar<\/p>\n","protected":false},"author":1,"featured_media":0,"comment_status":"closed","ping_status":"open","sticky":false,"template":"","format":"standard","meta":{"_exactmetrics_skip_tracking":false,"_exactmetrics_sitenote_active":false,"_exactmetrics_sitenote_note":"","_exactmetrics_sitenote_category":0,"jetpack_post_was_ever_published":false,"_jetpack_newsletter_access":"","_jetpack_dont_email_post_to_subs":false,"_jetpack_newsletter_tier_id":0,"_jetpack_memberships_contains_paywalled_content":false,"_jetpack_memberships_contains_paid_content":false,"footnotes":"","jetpack_publicize_message":"","jetpack_publicize_feature_enabled":true,"jetpack_social_post_already_shared":true,"jetpack_social_options":{"image_generator_settings":{"template":"highway","enabled":false},"version":2}},"categories":[1],"tags":[],"class_list":["post-32867","post","type-post","status-publish","format-standard","hentry","category-notas"],"jetpack_publicize_connections":[],"jetpack_sharing_enabled":true,"jetpack_featured_media_url":"","jetpack_shortlink":"https:\/\/wp.me\/p7wKYW-8y7","jetpack-related-posts":[],"_links":{"self":[{"href":"http:\/\/blogdalucianaoliveira.com.br\/blog\/wp-json\/wp\/v2\/posts\/32867","targetHints":{"allow":["GET"]}}],"collection":[{"href":"http:\/\/blogdalucianaoliveira.com.br\/blog\/wp-json\/wp\/v2\/posts"}],"about":[{"href":"http:\/\/blogdalucianaoliveira.com.br\/blog\/wp-json\/wp\/v2\/types\/post"}],"author":[{"embeddable":true,"href":"http:\/\/blogdalucianaoliveira.com.br\/blog\/wp-json\/wp\/v2\/users\/1"}],"replies":[{"embeddable":true,"href":"http:\/\/blogdalucianaoliveira.com.br\/blog\/wp-json\/wp\/v2\/comments?post=32867"}],"version-history":[{"count":1,"href":"http:\/\/blogdalucianaoliveira.com.br\/blog\/wp-json\/wp\/v2\/posts\/32867\/revisions"}],"predecessor-version":[{"id":32869,"href":"http:\/\/blogdalucianaoliveira.com.br\/blog\/wp-json\/wp\/v2\/posts\/32867\/revisions\/32869"}],"wp:attachment":[{"href":"http:\/\/blogdalucianaoliveira.com.br\/blog\/wp-json\/wp\/v2\/media?parent=32867"}],"wp:term":[{"taxonomy":"category","embeddable":true,"href":"http:\/\/blogdalucianaoliveira.com.br\/blog\/wp-json\/wp\/v2\/categories?post=32867"},{"taxonomy":"post_tag","embeddable":true,"href":"http:\/\/blogdalucianaoliveira.com.br\/blog\/wp-json\/wp\/v2\/tags?post=32867"}],"curies":[{"name":"wp","href":"https:\/\/api.w.org\/{rel}","templated":true}]}}