{"id":32873,"date":"2021-10-01T16:35:01","date_gmt":"2021-10-01T20:35:01","guid":{"rendered":"http:\/\/blogdalucianaoliveira.com.br\/blog\/?p=32873"},"modified":"2021-10-01T16:35:07","modified_gmt":"2021-10-01T20:35:07","slug":"protesto-nacional-pelo-fora-bolsonaro-reune-21-partidos-neste-sabado-2","status":"publish","type":"post","link":"http:\/\/blogdalucianaoliveira.com.br\/blog\/2021\/10\/01\/protesto-nacional-pelo-fora-bolsonaro-reune-21-partidos-neste-sabado-2\/","title":{"rendered":"Protesto nacional pelo Fora Bolsonaro re\u00fane 21 partidos neste s\u00e1bado (2)"},"content":{"rendered":"\n<figure class=\"wp-block-image\"><img data-recalc-dims=\"1\" decoding=\"async\" src=\"https:\/\/i0.wp.com\/publisher-publish.s3.eu-central-1.amazonaws.com\/pb-brasil247\/swp\/jtjeq9\/media\/20210825210836_1849ea88b1a0b6fc14866e44e15cd7236c2b3be67e65772fd3904332bc357425.jpg?w=600&#038;ssl=1\" alt=\"&quot;FORA BOLSONARO&quot; no Vale do Anhangaba\u00fa em S\u00e3o Paulo\"\/><\/figure>\n\n\n\n<p><strong>247\u00a0<\/strong>&#8211; A manifesta\u00e7\u00e3o nacional contra Jair Bolsonaro marcada para este s\u00e1bado (2) reunir\u00e1 21 partidos pol\u00edticos, sociedade civil, movimentos populares, al\u00e9m de ativistas e artistas, no pa\u00eds. As lideran\u00e7as pol\u00edticas dos partidos PT, Cidadania, DEM, MDB, PC do B, PDT, PL, Podemos, Solidariedade, PSD, PSB, PSDB, PSL, PSOL, PV, Rede, UP, PCB, PSTU, PCO e Novo confirmaram participa\u00e7\u00e3o. Est\u00e3o previstos pelo menos\u00a0<a rel=\"noreferrer noopener\" target=\"_blank\" href=\"https:\/\/www.brasil247.com\/poder\/fora-bolsonaro-tem-260-atos-confirmados-em-15-paises-confira-a-lista\">260 atos em 251 cidades e 15 pa\u00edses<\/a>. Ser\u00e1 o sexto protesto da Campanha Fora Bolsonaro, que acontece desde 29 de maio. <\/p>\n\n\n\n<!--more-->\n\n\n\n<p>Tamb\u00e9m estar\u00e3o presentes representantes de entidades como Direitos J\u00e1, Frente Brasil Popular, Frente Povo Sem Medo, Acredito, UNE, Coaliz\u00e3o Negra por Direitos e de centrais sindicais.<\/p>\n\n\n\n<p>De acordo com o presidente nacional da Central \u00danica dos Trabalhadores (CUT), S\u00e9rgio Nobre, &#8220;cada dia que Bolsonaro permanece no governo \u00e9 mais mis\u00e9ria, mais desemprego e mais morte&#8221;. &#8220;E n\u00e3o h\u00e1 tarefa mais importante para n\u00f3s trabalhadores do que por fim a esse governo genocida e que extermina o futuro e os sonhos da classe trabalhadora brasileira&#8221;, afirmou.<\/p>\n\n\n\n<p>Os atos ter\u00e3o a presen\u00e7a de lideran\u00e7as como Fernando Haddad, a presidente nacional do PT, deputada federal Gleisi Hoffmann (PR), o ex-ministro Ciro Gomes (PDT-CE), o presidente nacional da sigla pedetista, Carlos Lupi, o vice-presidente da CPI da Covid, senador Randolfe Rodrigues (Rede-AP), bem como o senador Alessandro Vieira (Cidadania-SE).<\/p>\n\n\n\n<p>Tamb\u00e9m confirmaram presen\u00e7a o l\u00edder do Movimento dos Trabalhadores Sem Teto, Guilherme Boulos (PSOL), o presidente nacional do PSB, Carlos Siqueira , Juliano Medeiros (PSOL), Manuela D\u2019\u00c1vila (PCdoB), Orlando Silva (PCdoB), Alessandro Molon (PSB), Tabata Amaral (PSB), Erica Malunguinho (PSOL), Marina Helou (Rede), entre outros.<\/p>\n\n\n\n<p>Bolsonaro \u00e9 alvo de mais de 120 pedidos de afastamento. No dia 30 de junho um superpedido de impeachment contra ele foi protocolado na C\u00e2mara dos Deputados. A ideia foi unificar os argumentos de todos os pedidos para que ele saia do cargo.<br><\/p>\n\n\n\n<p>Pesquisa PoderData, feita de 27 a 29 de setembro, apontou que&nbsp;<a target=\"_blank\" rel=\"noreferrer noopener\" href=\"https:\/\/www.brasil247.com\/brasil\/rejeicao-recorde-58-consideram-desemprenho-de-bolsonaro-ruim-ou-pessimo-em-pesquisa-poderdata\">58% dos brasileiros reprovam o desempenho pessoal de Jair Bolsonaro<\/a>.&nbsp;<\/p>\n\n\n\n<p>Confira a lista dos atos:<\/p>\n\n\n\n<h3 class=\"wp-block-heading\">Norte<\/h3>\n\n\n\n<p>AC \u2013 Rio Branco \u2013 Gameleira | 16h<br>AM \u2013 Manaus \u2013 Caminhada Pra\u00e7a da Saudade | 15hAM \u2013 Presidente Figueiredo \u2013 Pra\u00e7a da Saudade | 16h<\/p>\n\n\n\n<p>AP \u2013 Macap\u00e1 \u2013 Pra\u00e7a da Bandeira | 16h<\/p>\n\n\n\n<p>PA \u2013 Altamira \u2013 Pra\u00e7a do Mathias | 17h<\/p>\n\n\n\n<p>PA \u2013 Ananindeua \u2013 Mercado Central | 8h (Ato em 01\/10)<\/p>\n\n\n\n<p>PA \u2013 Camet\u00e1 \u2013 Pra\u00e7a das Merc\u00eas | 8h<\/p>\n\n\n\n<p>PA \u2013 Bragan\u00e7a \u2013 Pra\u00e7a das Bandeiras | 8h<\/p>\n\n\n\n<p>PA \u2013 Bel\u00e9m \u2013 Caminhada Mercado de S\u00e3o Br\u00e1s | 8h<\/p>\n\n\n\n<p>PA \u2013 Marab\u00e1 \u2013 Pra\u00e7a do Lions Clube (N\u00facleo Cidade Nova) | 8h<\/p>\n\n\n\n<p>PA \u2013 Reden\u00e7\u00e3o \u2013 Pra\u00e7a das Promessas Setor S. Dumont | 16h<\/p>\n\n\n\n<p>PA \u2013 Santar\u00e9m \u2013 Pra\u00e7a do Pescador | 16h<\/p>\n\n\n\n<p>PA \u2013 Santar\u00e9m \u2013 Curuai \u2013 Pista de Pouso Vila Curuai | 17h<\/p>\n\n\n\n<p>PA \u2013 Sousa \u2013 Ato Pol\u00edtico Cultural | 20h30 (Aguardando Infos)<\/p>\n\n\n\n<p>RO \u2013 Ji-Paran\u00e1 \u2013 In\u00edcio da Av. Brasil | 8h30<\/p>\n\n\n\n<p>RO \u2013 Ouro Preto do Oeste \u2013 Espa\u00e7o Verde do SINTERO | 9h30<\/p>\n\n\n\n<p>RO \u2013 Porto Velho \u2013 Pra\u00e7a das 3 Caixas D\u2019\u00c1gua | 15h<\/p>\n\n\n\n<p>RR \u2013 Boa Vista \u2013 Centro C\u00edvico | 9h<\/p>\n\n\n\n<p>TO \u2013 Aragua\u00edna \u2013 Pra\u00e7a S\u00e3o Luis Orione | 9h<\/p>\n\n\n\n<p>TO \u2013 Palmas \u2013 Avenida JK | 8h30<\/p>\n\n\n\n<h3 class=\"wp-block-heading\">Nordeste<\/h3>\n\n\n\n<p>AL \u2013 Arapiraca \u2013 Pra\u00e7a da Antiga Prefeitura | 9h<\/p>\n\n\n\n<p>AL \u2013 Delmiro \u2013 Pra\u00e7a do Bom Sossego | 8h<\/p>\n\n\n\n<p>AL \u2013 Macei\u00f3 \u2013 Pra\u00e7a Centen\u00e1rio | 9h<\/p>\n\n\n\n<p>BA \u2013 Alagoinhas \u2013 Pra\u00e7a Pra\u00e7a Rui Barbosa | 9h<\/p>\n\n\n\n<p>BA \u2013 Cama\u00e7ari \u2013 Pra\u00e7a Montenegro | 9h<\/p>\n\n\n\n<p>BA \u2013 Dias D\u2019\u00c1vila \u2013 Pra\u00e7a ACM em frente ao INSS | 9h<\/p>\n\n\n\n<p>BA \u2013 Feira de Santana \u2013 Cidade Nova | 9h<\/p>\n\n\n\n<p>BA \u2013 Jequi\u00e9 \u2013 Pra\u00e7a Rui Barbosa | 9h<\/p>\n\n\n\n<p>BA \u2013 Ilh\u00e9us \u2013 Pra\u00e7a do Cayru | 9h<\/p>\n\n\n\n<p>BA \u2013 Itabuna \u2013 Jardim do \u00d3 \u2013 Centro | 9h<\/p>\n\n\n\n<p>BA \u2013 Itapetininga \u2013 Residencial 12 de Dezembro | 15h<\/p>\n\n\n\n<p>BA \u2013 Irec\u00ea \u2013 Pra\u00e7a do DERMIR | 8h30<\/p>\n\n\n\n<p>BA \u2013 Juazeiro \u2013 Pra\u00e7a Ded\u00e9 Caxias | 9h<\/p>\n\n\n\n<p>BA \u2013 Monte Santo \u2013 Pra\u00e7a S\u00e3o Sebasti\u00e3o | 9h<\/p>\n\n\n\n<p>BA \u2013 Paulo Afonso \u2013 Panfletagem Mercado CEAPA | 8h<\/p>\n\n\n\n<p>BA \u2013 Prado \u2013 Mercado Municipal | 9h30<\/p>\n\n\n\n<p>BA \u2013 Salvador \u2013 Campo Grande | 9h<\/p>\n\n\n\n<p>BA \u2013 Senhor do Bonfim \u2013 Sindiferro | 9h<\/p>\n\n\n\n<p>BA \u2013 Serrinha \u2013 Pra\u00e7a do Centen\u00e1rio | 8h<\/p>\n\n\n\n<p>BA \u2013 Teixeira de Freitas \u2013 Pra\u00e7a da B\u00edblia | 18h<\/p>\n\n\n\n<p>BA \u2013 Vit\u00f3ria da Conquista \u2013 Centro Cultural Glauber Rocha | 9h<\/p>\n\n\n\n<p>CE \u2013 Fortaleza \u2013 Pra\u00e7a da Bandeira | 8h<\/p>\n\n\n\n<p>CE \u2013 Juazeiro do Norte \u2013 Pra\u00e7a da Prefeitura | 8h<\/p>\n\n\n\n<p>CE \u2013 Russas \u2013 Av. Dom Lino, em frente a Mega Pizzaria | 7h30<\/p>\n\n\n\n<p>CE \u2013 Sobral \u2013 Pra\u00e7a de Cuba | 8h<\/p>\n\n\n\n<p>CE \u2013 Vale do Jaguaribe \u2013 Av. Dom Lino, em frente a Mega Pizzaria | 7h30<\/p>\n\n\n\n<p>CE \u2013 Vi\u00e7osa do Cear\u00e1 \u2013 Centro Em frente ao STTR | 8h<\/p>\n\n\n\n<p>MA \u2013 A\u00e7ail\u00e2ndia \u2013 Pra\u00e7a do Pinheiro | 18h30<\/p>\n\n\n\n<p>MA \u2013 Bom Jardim \u2013 Pra\u00e7a do Mercado | 17h<\/p>\n\n\n\n<p>MA \u2013 Caxias \u2013 Pra\u00e7a da Matriz | 9h<\/p>\n\n\n\n<p>MA \u2013 Chapadinha \u2013 Av. Ataliba Vieira de Almeida, Campo Velho | 16h<\/p>\n\n\n\n<p>MA \u2013 Imperatriz \u2013 Pra\u00e7a de F\u00e1tima | 16h30<\/p>\n\n\n\n<p>MA \u2013 Pedreiras \u2013 Pra\u00e7a da Sucam | 17h<\/p>\n\n\n\n<p>MA \u2013 Pinheiro \u2013 Feira Municipal | 8h<\/p>\n\n\n\n<p>MA \u2013 Santa In\u00eas \u2013 Caminhada Pra\u00e7a das Laranjeiras | 8h<\/p>\n\n\n\n<p>MA \u2013 S\u00e3o Lu\u00eds \u2013 Pra\u00e7a Deodoro | 8h30<\/p>\n\n\n\n<p>PB \u2013 Campina Grande \u2013 Pra\u00e7a da Bandeira | 9h<\/p>\n\n\n\n<p>PB \u2013 Cajazeiras \u2013 Oiticicas | 9h<\/p>\n\n\n\n<p>PB \u2013 Jo\u00e3o Pessoa \u2013 Caminhada Liceu Paraibano | 9h<\/p>\n\n\n\n<p>PB \u2013 Jo\u00e3o Pessoa \u2013 Carreata Pra\u00e7a da Independ\u00eancia | 9h<\/p>\n\n\n\n<p>PB \u2013 Sap\u00e9 \u2013 Pra\u00e7a de Eventos Dr. Jo\u00e3o &nbsp;\u00darsulo | 15h<\/p>\n\n\n\n<p>PB \u2013 Souza \u2013 Pra\u00e7a da Matriz \u2013 Sarau | 20h<\/p>\n\n\n\n<p>PB \u2013 Patos \u2013 Pra\u00e7a C\u00edcero Supino (Pra\u00e7a do Guedes) | 8h<\/p>\n\n\n\n<p>PE \u2013 Araripina \u2013 Trevo da Av. Florentino Alves Batista | 15h<\/p>\n\n\n\n<p>PE \u2013 Belo Jardim \u2013 Pra\u00e7a dos Correios | 10h<\/p>\n\n\n\n<p>PE \u2013 Caruaru \u2013 Em frente ao INSS | 9h<\/p>\n\n\n\n<p>PE \u2013 Garanhuns \u2013 Caminhada Fonte Luminosa | 8h30<\/p>\n\n\n\n<p>PE \u2013 Petrolina \u2013 Pra\u00e7a da Catedral | 8h<\/p>\n\n\n\n<p>PE \u2013 Recife \u2013 &nbsp;Pra\u00e7a do Derby | 10h<\/p>\n\n\n\n<p>PI \u2013 Parna\u00edba \u2013 Pra\u00e7a da Gra\u00e7a | 8h<\/p>\n\n\n\n<p>PI \u2013 Teresina \u2013 Pra\u00e7a Rio Branco | 9h<\/p>\n\n\n\n<p>RN \u2013 Acari \u2013 Pra\u00e7a Ot\u00e1vio Lamartine | 7h30<\/p>\n\n\n\n<p>RN \u2013 Currais Novos | 8h<\/p>\n\n\n\n<p>RN \u2013 Maca\u00edba \u2013 Feira | 8h<\/p>\n\n\n\n<p>RN \u2013 Mossor\u00f3 \u2013 Pra\u00e7a do Teatro Municipal | 8h<\/p>\n\n\n\n<p>RN \u2013 Natal \u2013 Midway | 15h<\/p>\n\n\n\n<p>RN \u2013 Parnamirim \u2013 Pra\u00e7a Paz de Deus, centro | 9h<\/p>\n\n\n\n<p>SE \u2013 Aracaju \u2013 Bar da Draga, Coroa do Meio\/Aju | 14h30<\/p>\n\n\n\n<h3 class=\"wp-block-heading\">Centro-Oeste<\/h3>\n\n\n\n<p>DF \u2013 Bras\u00edlia \u2013 Museu Nacional | 15h30<\/p>\n\n\n\n<p>GO \u2013 Alex\u00e2nia \u2013 Bandeira\u00e7o e Panfleta\u00e7o no Distrito de Olhos D\u2019\u00e1gua | 9h<\/p>\n\n\n\n<p>GO \u2013 An\u00e1polis \u2013 Caminhada e Carreata Pra\u00e7a 31 de Julho (Pra\u00e7a da antiga C\u00e2mara Municipal) | 9h<\/p>\n\n\n\n<p>GO \u2013 Cidade de Goi\u00e1s \u2013 Pra\u00e7a do Chafariz | 9h<\/p>\n\n\n\n<p>GO \u2013 Catal\u00e3o \u2013 Pra\u00e7a Get\u00falio Vargas | 9h<\/p>\n\n\n\n<p>GO \u2013 Cocalzinho de Goi\u00e1s \u2013 Rua 9 de junho, concentra\u00e7\u00e3o em frente a CEF | 10h<\/p>\n\n\n\n<p>GO \u2013 Formosa \u2013 Pra\u00e7a Rui Barbosa | 16h<\/p>\n\n\n\n<p>GO \u2013 Goi\u00e2nia \u2013 Ato Pol\u00edtico e Cultural Pra\u00e7a do Trabalhador | 8h<\/p>\n\n\n\n<p>GO \u2013 Itumbiara \u2013 Ato no Viaduto da Av. Afonso Pena com BR 153 | 9h30<\/p>\n\n\n\n<p>GO \u2013 Jata\u00ed \u2013 &nbsp;Aula P\u00fablica na Pra\u00e7a Diomar Menezes | 9h30<\/p>\n\n\n\n<p>GO \u2013 Luzi\u00e2nia \u2013 Feira no Jardim Ing\u00e1 | 9h<\/p>\n\n\n\n<p>GO \u2013 Mina\u00e7u \u2013 Carreata Gin\u00e1sio de Esportes | 10h<\/p>\n\n\n\n<p>GO \u2013 Nova Veneza \u2013 Bandeira\u00e7o e Adesiva\u00e7o Cond. Nova It\u00e1lia | 8h<\/p>\n\n\n\n<p>GO \u2013 Piren\u00f3polis \u2013 Igreja Matriz | 17h<\/p>\n\n\n\n<p>GO \u2013 S\u00e3o Francisco de Goi\u00e1s \u2013 Bandeira\u00e7o e Panfletagem no Centro | 9h<\/p>\n\n\n\n<p>GO \u2013 Santa Rosa de Goi\u00e1s \u2013 Panfleta\u00e7o na Feira da Pra\u00e7a Central | 10h<\/p>\n\n\n\n<p>GO \u2013 Terez\u00f3polis de Goi\u00e1s \u2013 Panfleta\u00e7o na Prefeitura<\/p>\n\n\n\n<p>MS \u2013 Campo Grande \u2013 Pra\u00e7a do R\u00e1dio | 9h<\/p>\n\n\n\n<p>MS \u2013 Corumb\u00e1 \u2013 Pra\u00e7a da Independ\u00eancia | 9h<\/p>\n\n\n\n<p>MS \u2013 Dourados \u2013 Pra\u00e7a Ant\u00f4nio Jo\u00e3o | 8h<\/p>\n\n\n\n<p>MT \u2013 Cuiab\u00e1 \u2013 Pra\u00e7a Alencastro | 15h<\/p>\n\n\n\n<p>MT \u2013 Rondon\u00f3polis \u2013 Caminhada com concentra\u00e7\u00e3o na UFR | 15h<\/p>\n\n\n\n<h3 class=\"wp-block-heading\">Sudeste<\/h3>\n\n\n\n<p>ES \u2013 Vit\u00f3ria \u2013 Bicicletada Caminhada, Carreata e Motoata na UFES | 14h<\/p>\n\n\n\n<p>MG \u2013 Arinos \u2013 Quadra de Esporte Crispim Santana (Ao Lado do Vale do Amanhecer | 16h<\/p>\n\n\n\n<p>MG \u2013 Barbacena \u2013 Pontilh\u00e3o | 10h<\/p>\n\n\n\n<p>MG \u2013 Belo Horizonte \u2013 Pra\u00e7a da Liberdade | 15h30<\/p>\n\n\n\n<p>MG \u2013 Caratinga \u2013 Pra\u00e7a &nbsp;da Esta\u00e7\u00e3o | 10h<\/p>\n\n\n\n<p>MG \u2013 Coronel Fabriciano \u2013 Em frente \u00e0 Prefeitura | 8h30<\/p>\n\n\n\n<p>MG \u2013 Divin\u00f3polis \u2013 R. S\u00e3o Paulo, no quarteir\u00e3o fechado | 9h<\/p>\n\n\n\n<p>MG \u2013 Itajub\u00e1 \u2013 Pra\u00e7a Wenceslau Braz | 10h<\/p>\n\n\n\n<p>MG \u2013 Jo\u00e3o Monlevade \u2013 C\u00e2mara Municipal | 9h<\/p>\n\n\n\n<p>MG \u2013 Juiz de Fora \u2013 Parque Halfeld | 10h<\/p>\n\n\n\n<p>MG \u2013 Montes Claros \u2013 Pra\u00e7a da Esta\u00e7\u00e3o | 8h30<\/p>\n\n\n\n<p>MG \u2013 Par\u00e1 de Minas \u2013 Pra\u00e7a Padre Jos\u00e9 Pereira Coelho | 9h<\/p>\n\n\n\n<p>MG \u2013 Passos \u2013 Pra\u00e7a da Prefeitura | 10h<\/p>\n\n\n\n<p>MG \u2013 Ribeir\u00e3o das Neves \u2013 Banco do Brasil Lagoinha | 9h<\/p>\n\n\n\n<p>MG \u2013 Salinas \u2013 Pra\u00e7a do Mercado | 8h<\/p>\n\n\n\n<p>MG \u2013 S\u00e3o Jo\u00e3o del Rei \u2013 Igreja S\u00e3o Jos\u00e9 Oper\u00e1rio, Tejuco | 9h<\/p>\n\n\n\n<p>MG \u2013 Te\u00f3filo Otoni \u2013 Pra\u00e7a Lions Club | 9h<\/p>\n\n\n\n<p>MG \u2013 Tiradentes \u2013 Igreja Matriz | 16h<\/p>\n\n\n\n<p>MG \u2013 Tr\u00eas Pontas | 15h (Aguardando Infos)<\/p>\n\n\n\n<p>MG \u2013 Uberaba \u2013 Pra\u00e7a da Abadia | 9h<\/p>\n\n\n\n<p>MG \u2013 Uberl\u00e2ndia \u2013 Pra\u00e7a Ismene Mendes | 9h30<\/p>\n\n\n\n<p>MG \u2013 Varginha \u2013 Pra\u00e7a do ET | 10h<\/p>\n\n\n\n<p>MG \u2013 Vi\u00e7osa \u2013 Pra\u00e7a Silviano Brand\u00e3o | 8h30<\/p>\n\n\n\n<p>SP \u2013 \u00c1guas de Lind\u00f3ia \u2013 Pra\u00e7a Valdir Gomes de Morais<\/p>\n\n\n\n<p>SP \u2013 Andradina \u2013 Carro de Som por toda a cidade<\/p>\n\n\n\n<p>SP \u2013 Atibaia \u2013 Pra\u00e7a do Mercado Municipal | 9h30<\/p>\n\n\n\n<p>SP \u2013 Ara\u00e7atuba \u2013 Pra\u00e7a Jo\u00e3o Pessoa | 10h<\/p>\n\n\n\n<p>SP \u2013 Botucatu \u2013 Pra\u00e7a do Bosque | 8h30<\/p>\n\n\n\n<p>SP \u2013 Campinas \u2013 Largo do Ros\u00e1rio | 9h<\/p>\n\n\n\n<p>SP \u2013 Embu das Artes \u2013 Pra\u00e7a das Artes | 10h<\/p>\n\n\n\n<p>SP \u2013 Ilhabela \u2013 Pra\u00e7a da Mangueira | 15h<\/p>\n\n\n\n<p>SP \u2013 Itanha\u00e9m \u2013 Faixa\u00e7o Passarela do Loty | 10h<\/p>\n\n\n\n<p>SP \u2013 Guararema \u2013 Pra\u00e7a Deocl\u00e9sia de Almeida Mello (Pra\u00e7a do Artesanato) | 9h30<\/p>\n\n\n\n<p>SP \u2013 Jacare\u00ed \u2013 Parque da Cidade | 11h<\/p>\n\n\n\n<p>SP \u2013 Jundia\u00ed \u2013 Carreata Vetor Oeste | 13h<\/p>\n\n\n\n<p>SP \u2013 Mar\u00edlia \u2013 Pra\u00e7a da Galeria Atenas | 9h30<\/p>\n\n\n\n<p>SP \u2013 Praia Grande \u2013 Av. Min. Marcos Freire com Av. Julio Prestes de Albuquerque, Nova Mirim | 9h30<\/p>\n\n\n\n<p>SP \u2013 Pindamonhangaba \u2013 Pra\u00e7a 7 de setembro | 14h<\/p>\n\n\n\n<p>SP \u2013 Piracicaba \u2013 Terminal de \u00f4nibus \u2013 Central de Integra\u00e7\u00e3o | 9h<\/p>\n\n\n\n<p>SP \u2013 Porto Feliz \u2013 Pra\u00e7a Chap\u00e9u da Madre | 9h<\/p>\n\n\n\n<p>SP \u2013 Ribeir\u00e3o Pires \u2013 Esquenta na Esta\u00e7\u00e3o de Trem Rumo a SP | 13h<\/p>\n\n\n\n<p>SP \u2013 Ribeir\u00e3o Preto \u2013 Esplanada do Teatro Pedro II | 9h<\/p>\n\n\n\n<p>SP \u2013 Santa Cruz do Rio Pardo \u2013 Em frente \u00e0 Igreja de S\u00e3o Benedito | 13h30<\/p>\n\n\n\n<p>SP \u2013 Santos \u2013 Samb\u00f3dromo na Av. Afonso Schmidt | 10h<\/p>\n\n\n\n<p>SP \u2013 S\u00e3o Carlos \u2013 Pra\u00e7a do Mercad\u00e3o | 9h<\/p>\n\n\n\n<p>SP \u2013 S\u00e3o Paulo \u2013 MASP | 13h<\/p>\n\n\n\n<p>SP \u2013 S\u00e3o Roque \u2013 Largo dos Mendes (com arrecada\u00e7\u00e3o de alimentos para doa\u00e7\u00e3o) | 11h<\/p>\n\n\n\n<p>SP \u2013 Sorocaba \u2013 Pra\u00e7a Central (Fernando Prestes) | 10h<\/p>\n\n\n\n<p>SP \u2013 Taubat\u00e9 \u2013 Esquenta na Antiga Pra\u00e7a da Eletro (Pra\u00e7a Monsenhor Silva Barros) | 9h<\/p>\n\n\n\n<p>SP \u2013 Ubatuba \u2013 Passeata Trevo do Cai\u00e7ara | 16h<\/p>\n\n\n\n<p>RJ \u2013 Angra dos Reis \u2013 Pra\u00e7a do Pap\u00e3o | 9h<\/p>\n\n\n\n<p>RJ \u2013 Cabo Frio \u2013 Pra\u00e7a Porto Rocha | 10h<\/p>\n\n\n\n<p>RJ \u2013 Campos \u2013 Pra\u00e7a S\u00e3o Salvador | 9h<\/p>\n\n\n\n<p>RJ \u2013 Maca\u00e9 \u2013 Pra\u00e7a Ver\u00edssimo de Melo | 9h<\/p>\n\n\n\n<p>RJ \u2013 Miguel Pereira \u2013 Em frente \u00e0 Fornemat | 10h30<\/p>\n\n\n\n<p>RJ \u2013 Niter\u00f3i \u2013 Esta\u00e7\u00e3o das Barcas | 16h (Ato em 01\/10)<\/p>\n\n\n\n<p>RJ \u2013 Nova Friburgo \u2013 Pra\u00e7a Dermeval Barbosa Moreira | 14h<\/p>\n\n\n\n<p>RJ \u2013 Nova Friburgo \u2013 Em Lumiar, Cortejo na EUTERPE (Ato em 03\/10)<\/p>\n\n\n\n<p>RJ \u2013 Paty dos Alferes \u2013 Pra\u00e7a George Jacob Abdue (Pra\u00e7a do F\u00f3rum) | 9h30<\/p>\n\n\n\n<p>RJ \u2013 Petr\u00f3polis \u2013 Pra\u00e7a da Inconfid\u00eancia | 11h<\/p>\n\n\n\n<p>RJ \u2013 Resende \u2013 Mercado Popular | 10h<\/p>\n\n\n\n<p>RJ \u2013 Rio das Ostras \u2013 PSF do &nbsp;ncora | 9h<\/p>\n\n\n\n<p>RJ \u2013 Rio de Janeiro \u2013 Caminhada e Palco Democr\u00e1tico Pela Vida Candel\u00e1ria at\u00e9 Cinel\u00e2ndia | 10h<\/p>\n\n\n\n<p>RJ \u2013 Teres\u00f3polis \u2013 Carreata no Sakur\u00e1 | 9h<\/p>\n\n\n\n<p>RJ \u2013 Teres\u00f3polis \u2013 Ato Cultural Casa de Cultura F\u00e1tima | 10h<\/p>\n\n\n\n<p>RJ \u2013 Valen\u00e7a \u2013 Grade da Catedral Centro | 10h<\/p>\n\n\n\n<p>RJ \u2013 Volta Redonda \u2013 Bairro Retiro | 9h<\/p>\n\n\n\n<h3 class=\"wp-block-heading\">Sul<\/h3>\n\n\n\n<p>PR \u2013 Antonina \u2013 Caf\u00e9 com Democracia (traga sua caneca para o caf\u00e9 e brinquedos para doa\u00e7\u00e3o) Rua XV, pr\u00f3x. a Rodovi\u00e1ria | 10h<\/p>\n\n\n\n<p>PR \u2013 Cascavel \u2013 em frente a Catedral | 9h<\/p>\n\n\n\n<p>PR \u2013 Corn\u00e9lio Proc\u00f3pio \u2013 Pra\u00e7a Brasil | 14h<\/p>\n\n\n\n<p>PR \u2013 Curitiba \u2013 Pra\u00e7a Santos Andrade UFPR | 16h<\/p>\n\n\n\n<p>PR \u2013 Foz do Igua\u00e7u \u2013 Caminhada Pra\u00e7a da Paz | 15h<\/p>\n\n\n\n<p>PR \u2013 Foz do Igua\u00e7u \u2013 Ato Pol\u00edtico Pra\u00e7a da Paz | 18h<\/p>\n\n\n\n<p>PR \u2013 Londrina \u2013 Cal\u00e7ad\u00e3o em frente ao Ouro Verde | 15h<\/p>\n\n\n\n<p>PR \u2013 Maring\u00e1 \u2013 Pra\u00e7a Raposo Tavares | 15h<\/p>\n\n\n\n<p>PR \u2013 Matinhos \u2013 Rotat\u00f3ria | 10h<\/p>\n\n\n\n<p>PR \u2013 Pato Branco \u2013 Pra\u00e7a Presidente Vargas | 11h<\/p>\n\n\n\n<p>PR \u2013 Ponta Grossa \u2013 Pra\u00e7a Bar\u00e3o de Guara\u00fana | 16h<\/p>\n\n\n\n<p>PR \u2013 Pontal do Sul \u2013 Carreata saindo da Cohab de Pontal do Sul | 9h30<\/p>\n\n\n\n<p>RS \u2013 Alegrete \u2013 Pra\u00e7a Nova | 9h30<\/p>\n\n\n\n<p>RS \u2013 Alvorada \u2013 Em frente ao Sima, Rua Wenceslau Fontoura n\u00ba 105 | 10h<\/p>\n\n\n\n<p>RS \u2013 Bag\u00e9 \u2013 Pra\u00e7a do Coreto | 14h<\/p>\n\n\n\n<p>RS \u2013 Cacequi \u2013 Pra\u00e7a Get\u00falio Vargas | 15h<\/p>\n\n\n\n<p>RS \u2013 Cachoeira do Sul \u2013 Ato e Caminhada na Pra\u00e7a do Lambert | 9h30<\/p>\n\n\n\n<p>RS \u2013 Caxias do Sul \u2013 Pra\u00e7a Dante | 10h30<\/p>\n\n\n\n<p>RS \u2013 Camaqu\u00e3 \u2013 Esquina Democr\u00e1tica | 9h30<\/p>\n\n\n\n<p>RS \u2013 Cruz Alta \u2013 Pra\u00e7a da Matriz | 9h30min<\/p>\n\n\n\n<p>RS \u2013 Encruzilhada do Sul \u2013 Pra\u00e7a Central | 15h<\/p>\n\n\n\n<p>RS \u2013 Erechim \u2013 Esquina Democr\u00e1tica | 14h<\/p>\n\n\n\n<p>RS \u2013 Gua\u00edba \u2013 Em frente \u00e0 Prefeitura | 10h<\/p>\n\n\n\n<p>RS \u2013 Gravata\u00ed \u2013 Em frente a RGE | 9h30<\/p>\n\n\n\n<p>RS \u2013 Iju\u00ed \u2013 Pra\u00e7a da Rep\u00fablica | 15h<\/p>\n\n\n\n<p>RS \u2013 Imb\u00e9 \u2013 Ponte Giuseppe Garibaldi | 14h<\/p>\n\n\n\n<p>RS \u2013 Jaguar\u00e3o \u2013 Pra\u00e7a do Regente | 14h<\/p>\n\n\n\n<p>RS \u2013 Lajeado \u2013 Parque dos Dick | 15h<\/p>\n\n\n\n<p>RS \u2013 Montenegro \u2013 Pra\u00e7a dos Ferrovi\u00e1rios | 10h<\/p>\n\n\n\n<p>RS \u2013 Novo Hamburgo \u2013 Pra\u00e7a do Imigrante | 10h<\/p>\n\n\n\n<p>RS \u2013 Os\u00f3rio \u2013 Em frente a Rodovi\u00e1ria Velha | 10h<\/p>\n\n\n\n<p>RS \u2013 Palmeira das Miss\u00f5es \u2013 Largo Alfredo Westphalen | 9h<\/p>\n\n\n\n<p>RS \u2013 Passo Fundo \u2013 Pra\u00e7a da M\u00e3e | 15h<\/p>\n\n\n\n<p>RS \u2013 Pelotas \u2013 Mercado P\u00fablico | 10h30<\/p>\n\n\n\n<p>RS \u2013 Porto Alegre \u2013 Largo Gl\u00eanio Peres | 14h<\/p>\n\n\n\n<p>RS \u2013 Rio Grande \u2013 Largo Dr. Pio | 10h<\/p>\n\n\n\n<p>RS \u2013 Santa Cruz do Sul \u2013 Pra\u00e7a da Bandeira \u2013 15h<\/p>\n\n\n\n<p>RS \u2013 Santa Maria \u2013 Largo da Locomotiva | 14h<\/p>\n\n\n\n<p>RS \u2013 S\u00e3o Francisco de Assis \u2013 Pra\u00e7a Independ\u00eancia | 14h<\/p>\n\n\n\n<p>RS \u2013 S\u00e3o Louren\u00e7o do Sul \u2013 Panfletagem Feira Livre Pra\u00e7a Ded\u00ea Serpa | 9h<\/p>\n\n\n\n<p>RS \u2013 Santana do Livramento \u2013 Esquina Democr\u00e1tica | 10h<\/p>\n\n\n\n<p>RS \u2013 Santiago \u2013 Esquina Democr\u00e1tica | 14h<\/p>\n\n\n\n<p>RS \u2013 Santo &nbsp;ngelo \u2013 Caminhada Catedral | 9h<\/p>\n\n\n\n<p>RS \u2013 Santo &nbsp;ngelo \u2013 Ato na Pra\u00e7a do Brique | 11h<\/p>\n\n\n\n<p>RS \u2013 S\u00e3o Leopoldo \u2013 Pra\u00e7a do Imigrante | 10h<\/p>\n\n\n\n<p>RS \u2013 S\u00e3o Luiz Gonzaga \u2013 Pra\u00e7a da Matriz | 10h<\/p>\n\n\n\n<p>RS \u2013 Torres \u2013 Pra\u00e7a XV | 15h<\/p>\n\n\n\n<p>RS \u2013 Tramanda\u00ed \u2013 Ponte Giuseppe Garibaldi | 14h<\/p>\n\n\n\n<p>RS \u2013 Uruguaiana \u2013 Antiga Esta\u00e7\u00e3o F\u00e9rrea | 14h30<\/p>\n\n\n\n<p>RS \u2013 Ven\u00e2ncio Aires \u2013 Pra\u00e7a da Bandeira | 9h<\/p>\n\n\n\n<p>SC \u2013 Blumenau \u2013 Pra\u00e7a do Teatro Carlos Gomes | 10h<\/p>\n\n\n\n<p>SC \u2013 Ca\u00e7ador \u2013 Largo Ca\u00e7anjur\u00ea |10h<\/p>\n\n\n\n<p>SC \u2013 Chapec\u00f3 \u2013 Ato Pra\u00e7a Central | 9h30<\/p>\n\n\n\n<p>SC \u2013 Crici\u00fama \u2013 Rua da Arquibancada Parque das Na\u00e7\u00f5es | 9h30<\/p>\n\n\n\n<p>SC \u2013 Florian\u00f3polis \u2013 Largo da Alf\u00e2ndega | 14h<\/p>\n\n\n\n<p>SC \u2013 Itaja\u00ed \u2013 Cal\u00e7ad\u00e3o Herc\u00edlio Luz | 10h<\/p>\n\n\n\n<p>SC \u2013 Joinville \u2013 Pra\u00e7a da Bandeira | 10h<\/p>\n\n\n\n<p>SC \u2013 Lages \u2013 Pra\u00e7a do Ant\u00eddio | 10h<\/p>\n\n\n\n<p>SC \u2013 Palho\u00e7a \u2013 Pra\u00e7a 7 de Setembro | 9h<\/p>\n\n\n\n<p>SC \u2013 Penha \u2013 Av. Alfredo Brunetti | 8h<\/p>\n\n\n\n<p>SC \u2013 Timb\u00f3 \u2013 Pra\u00e7a Frederico Donner (Em frente a Thapyoka) | 10h<\/p>\n\n\n\n<p>SC \u2013 Tubar\u00e3o \u2013 Rodovi\u00e1ria Velha | 9h<\/p>\n\n\n\n<h3 class=\"wp-block-heading\">\ud83c\udf0e\ud83c\udf0d No Exterior<\/h3>\n\n\n\n<p>\ud83c\udde9\ud83c\uddea Alemanha \u2013 Berlim \u2013 Pariser Platz, pr\u00f3ximo ao Brandemburger Tor | 12h \u00e0s 14h (hor\u00e1rio local)<\/p>\n\n\n\n<p>\ud83c\udde9\ud83c\uddea Alemanha \u2013 Berlim \u2013 Pariser Platz, pr\u00f3ximo ao Brandemburger Tor | 14h30 \u00e0s 17h (hor\u00e1rio local)<\/p>\n\n\n\n<p>\ud83c\udde9\ud83c\uddea Alemanha \u2013 Col\u00f4nia \u2013 Roncalliplatz ao lado da Catedral | 16h (hor\u00e1rio local)<\/p>\n\n\n\n<p>\ud83c\udde9\ud83c\uddea Alemanha \u2013 Frankfurt \u2013 R\u00f6mer | 16h \u00e0s 17h30 (hor\u00e1rio local)<\/p>\n\n\n\n<p>\ud83c\udde9\ud83c\uddea Alemanha \u2013 Freiburg \u2013 Passeata concentra\u00e7\u00e3o na Europaplatz at\u00e9 Platz der Alten Synagoge no centro de Freiburg | 14h \u00e0s 16h (hor\u00e1rio local)<\/p>\n\n\n\n<p>\ud83c\udde9\ud83c\uddea Alemanha \u2013 Munique \u2013 Geschwister-Scholl-Platz | 11h \u00e0s 12h30 (hor\u00e1rio local)<\/p>\n\n\n\n<p>\ud83c\udde6\ud83c\uddf7 Argentina \u2013 Buenos Aires \u2013 (Aguardando Infos)<\/p>\n\n\n\n<p>\ud83c\udde6\ud83c\uddf9 \u00c1ustria \u2013 Viena \u2013 Platz Der Menchenrechte MQ\/Mariahilferstrasse Wien | 14h (hor\u00e1rio local)<\/p>\n\n\n\n<p>\ud83c\udde7\ud83c\uddea B\u00e9lgica \u2013 Bruxelas \u2013 (Aguardando Infos)<\/p>\n\n\n\n<p>\ud83c\udde8\ud83c\udde6 Canad\u00e1 \u2013 Vancouver \u2013 Art Gallery | 15h (hor\u00e1rio local)<\/p>\n\n\n\n<p>\ud83c\udde9\ud83c\uddf0 Dinamarca \u2013 Aarhus &nbsp;\u2013 M\u00f8llepark (Coletivo Aurora) | 15h (hor\u00e1rio local)<\/p>\n\n\n\n<p>\ud83c\uddfa\ud83c\uddf8 EUA \u2013 Boston \u2013 (Aguardando Infos)<\/p>\n\n\n\n<p>\ud83c\uddfa\ud83c\uddf8 EUA \u2013 Nova York \u2013 Union Square, Manhattan | 16h30 (hor\u00e1rio local )<\/p>\n\n\n\n<p>\ud83c\uddfa\ud83c\uddf8 EUA \u2013 Sul da Fl\u00f3rida \u2013 (Aguardando Infos)<\/p>\n\n\n\n<p>\ud83c\uddea\ud83c\uddf8 Espanha \u2013 Barcelona \u2013 Ramblas, sa\u00edda do metr\u00f4 Pra\u00e7a Catalunha, Fuente de Canalletes | 19h (hor\u00e1rio local)<\/p>\n\n\n\n<p>\ud83c\uddea\ud83c\uddf8 Espanha \u2013 Madrid \u2013 En la Puerta del Sol | 18h (hor\u00e1rio local)<\/p>\n\n\n\n<p>\ud83c\uddea\ud83c\uddf8 Espanha \u2013 Sevilha \u2013 Setas de Seville | 12h (hor\u00e1rio local)<\/p>\n\n\n\n<p>\ud83c\uddeb\ud83c\uddf7 Fran\u00e7a \u2013 Lille \u2013 La Grand Place pr\u00f3ximo da Gare Lille-Flandres | 17h (hor\u00e1rio local)<\/p>\n\n\n\n<p>\ud83c\uddeb\ud83c\uddf7 Fran\u00e7a \u2013 Paris \u2013 Em frente ao Metr\u00f4 Pierre et Marie Curie (L7) | 15h \u00e0s 17h (hor\u00e1rio local)<\/p>\n\n\n\n<p>\ud83c\uddf3\ud83c\uddf1 Holanda \u2013 Haia \u2013 Embaixada do Brasil caminhada at\u00e9 Tribunal Internacional<\/p>\n\n\n\n<p>\ud83c\uddf3\ud83c\uddf1 Holanda \u2013 Haia \u2013 Catshuis | 14h \u00e0s 17h (hor\u00e1rio local)<\/p>\n\n\n\n<p>\ud83c\uddee\ud83c\uddea Irlanda \u2013 Dublin \u2013 Spire of Dublin | 14h (hor\u00e1rio local)<\/p>\n\n\n\n<p>\ud83c\uddee\ud83c\uddf9 It\u00e1lia \u2013 Roma \u2013 Habicura Piazzale del Verano | 20h (hor\u00e1rio local) (Ato 03\/10)<\/p>\n\n\n\n<p>\ud83c\uddf5\ud83c\uddf7 Porto Rico \u2013 San Juan \u2013 (Aguardando Infos)<\/p>\n\n\n\n<p>\ud83c\uddf5\ud83c\uddf9 Portugal \u2013 Braga \u2013 Pra\u00e7a da Rep\u00fablica, em frente ao chafariz | 18h (hor\u00e1rio local)<\/p>\n\n\n\n<p>\ud83c\uddf5\ud83c\uddf9 Portugal \u2013 Lisboa \u2013 Pra\u00e7a D. Pedro IV (Rossio) | 17h (hor\u00e1rio local)<\/p>\n\n\n\n<p>\ud83c\uddf5\ud83c\uddf9 Portugal \u2013 Lisboa \u2013 Largo Cam\u00f5es | 18h (hor\u00e1rio local)<\/p>\n\n\n\n<p>\ud83c\uddf5\ud83c\uddf9 Portugal \u2013 Porto \u2013 Fonte dos Le\u00f5es (Em frente \u00e0 Reitoria)<\/p>\n\n\n\n<p>\ud83c\uddf5\ud83c\uddf9 Portugal \u2013 Porto \u2013 Centro Portugu\u00eas de Fotografia, ao lado da Torre dos Cl\u00e9rigos | 16h<\/p>\n\n\n\n<p>\ud83c\uddec\ud83c\udde7 Reino Unido \u2013 Inglaterra \u2013 &nbsp;Londres \u2013 Embaixada do Brasil | 12h (hor\u00e1rio local)<\/p>\n\n\n\n<p>\ud83c\udde8\ud83c\udded Su\u00ed\u00e7a \u2013 Zurique \u2013 Landesmuseum (Flashmob) | 10h30 (hor\u00e1rio local)<br><\/p>\n\n\n\n<p><br><\/p>\n\n\n\n<p><br><\/p>\n","protected":false},"excerpt":{"rendered":"<p>247\u00a0&#8211; A manifesta\u00e7\u00e3o nacional contra Jair Bolsonaro marcada para este s\u00e1bado (2) reunir\u00e1 21 partidos pol\u00edticos, sociedade civil, movimentos populares, al\u00e9m de ativistas e artistas, no pa\u00eds. As lideran\u00e7as pol\u00edticas dos partidos PT, Cidadania, DEM, MDB, PC do B, PDT, PL, Podemos, Solidariedade, PSD, PSB, PSDB, PSL, PSOL, PV, Rede, UP, PCB, PSTU, PCO e&#8230;<a class=\"more-link\" href=\"http:\/\/blogdalucianaoliveira.com.br\/blog\/2021\/10\/01\/protesto-nacional-pelo-fora-bolsonaro-reune-21-partidos-neste-sabado-2\/\">Continue a leitura <span class=\"meta-nav\">&raquo;<\/span><\/a><\/p>\n","protected":false},"author":1,"featured_media":0,"comment_status":"closed","ping_status":"open","sticky":false,"template":"","format":"standard","meta":{"_exactmetrics_skip_tracking":false,"_exactmetrics_sitenote_active":false,"_exactmetrics_sitenote_note":"","_exactmetrics_sitenote_category":0,"jetpack_post_was_ever_published":false,"_jetpack_newsletter_access":"","_jetpack_dont_email_post_to_subs":false,"_jetpack_newsletter_tier_id":0,"_jetpack_memberships_contains_paywalled_content":false,"_jetpack_memberships_contains_paid_content":false,"footnotes":"","jetpack_publicize_message":"","jetpack_publicize_feature_enabled":true,"jetpack_social_post_already_shared":true,"jetpack_social_options":{"image_generator_settings":{"template":"highway","enabled":false},"version":2}},"categories":[1],"tags":[],"class_list":["post-32873","post","type-post","status-publish","format-standard","hentry","category-notas"],"jetpack_publicize_connections":[],"jetpack_sharing_enabled":true,"jetpack_featured_media_url":"","jetpack_shortlink":"https:\/\/wp.me\/p7wKYW-8yd","jetpack-related-posts":[],"_links":{"self":[{"href":"http:\/\/blogdalucianaoliveira.com.br\/blog\/wp-json\/wp\/v2\/posts\/32873","targetHints":{"allow":["GET"]}}],"collection":[{"href":"http:\/\/blogdalucianaoliveira.com.br\/blog\/wp-json\/wp\/v2\/posts"}],"about":[{"href":"http:\/\/blogdalucianaoliveira.com.br\/blog\/wp-json\/wp\/v2\/types\/post"}],"author":[{"embeddable":true,"href":"http:\/\/blogdalucianaoliveira.com.br\/blog\/wp-json\/wp\/v2\/users\/1"}],"replies":[{"embeddable":true,"href":"http:\/\/blogdalucianaoliveira.com.br\/blog\/wp-json\/wp\/v2\/comments?post=32873"}],"version-history":[{"count":1,"href":"http:\/\/blogdalucianaoliveira.com.br\/blog\/wp-json\/wp\/v2\/posts\/32873\/revisions"}],"predecessor-version":[{"id":32874,"href":"http:\/\/blogdalucianaoliveira.com.br\/blog\/wp-json\/wp\/v2\/posts\/32873\/revisions\/32874"}],"wp:attachment":[{"href":"http:\/\/blogdalucianaoliveira.com.br\/blog\/wp-json\/wp\/v2\/media?parent=32873"}],"wp:term":[{"taxonomy":"category","embeddable":true,"href":"http:\/\/blogdalucianaoliveira.com.br\/blog\/wp-json\/wp\/v2\/categories?post=32873"},{"taxonomy":"post_tag","embeddable":true,"href":"http:\/\/blogdalucianaoliveira.com.br\/blog\/wp-json\/wp\/v2\/tags?post=32873"}],"curies":[{"name":"wp","href":"https:\/\/api.w.org\/{rel}","templated":true}]}}