{"id":32877,"date":"2021-10-01T17:23:55","date_gmt":"2021-10-01T21:23:55","guid":{"rendered":"http:\/\/blogdalucianaoliveira.com.br\/blog\/?p=32877"},"modified":"2021-10-01T17:23:59","modified_gmt":"2021-10-01T21:23:59","slug":"ccj-aprova-nome-de-dom-moacyr-grechi-para-ponte-que-liga-rondonia-e-acre","status":"publish","type":"post","link":"http:\/\/blogdalucianaoliveira.com.br\/blog\/2021\/10\/01\/ccj-aprova-nome-de-dom-moacyr-grechi-para-ponte-que-liga-rondonia-e-acre\/","title":{"rendered":"CCJ aprova nome de Dom Moacyr Grechi para ponte que liga Rond\u00f4nia e Acre"},"content":{"rendered":"\n<figure class=\"wp-block-image\"><img data-recalc-dims=\"1\" decoding=\"async\" src=\"https:\/\/i0.wp.com\/publisher-publish.s3.eu-central-1.amazonaws.com\/pb-brasil247\/swp\/jtjeq9\/media\/20190618170632_1cdffeb7-7407-41e9-8d5e-85eb79558fad.jpeg?w=600&#038;ssl=1\" alt=\"Dom Moacyr Grechi\"\/><\/figure>\n\n\n\n<p>A Comiss\u00e3o de Constitui\u00e7\u00e3o e Justi\u00e7a e de Cidadania (CCJ) da C\u00e2mara dos Deputados aprovou proposta que d\u00e1 o nome de Dom Moacyr Grechi \u00e0 ponte que liga os estados de Rond\u00f4nia e Acre, localizada no quil\u00f4metro 936 da BR-364, sobre o rio Abun\u00e3.<\/p>\n\n\n\n<!--more-->\n\n\n\n<p>A medida est\u00e1 prevista no Projeto de Lei 3704\/19, do deputado <a href=\"https:\/\/www.camara.leg.br\/deputados\/141508\">Mauro Nazif (PSB-RO)<\/a>, e foi aprovada por recomenda\u00e7\u00e3o da relatora, deputada <a href=\"https:\/\/www.camara.leg.br\/deputados\/73943\">Perp\u00e9tua Almeida (PCdoB-AC)<\/a>.<\/p>\n\n\n\n<p>O texto seguir\u00e1 para o Senado Federal, a menos que haja recurso para que seja votado pelo Plen\u00e1rio da C\u00e2mara. Antes, a mat\u00e9ria foi aprovada tamb\u00e9m pelas comiss\u00f5es de Via\u00e7\u00e3o e Transportes; e de Cultura.<\/p>\n\n\n\n<p>Nascido em Santa Catarina, o sacerdote cat\u00f3lico Dom Moacyr Grechi (1936-2019) foi arcebispo de Porto Velho (RO) de 1998 a 2011. Foi um dos criadores do Conselho Indigenista Mission\u00e1rio e da Comiss\u00e3o Pastoral da Terra. Destacou-se pela defesa dos ind\u00edgenas, dos seringueiros e dos trabalhadores rurais.<\/p>\n\n\n\n<p>Fonte: Ag\u00eancia C\u00e2mara de Not\u00edcias<\/p>\n","protected":false},"excerpt":{"rendered":"<p>A Comiss\u00e3o de Constitui\u00e7\u00e3o e Justi\u00e7a e de Cidadania (CCJ) da C\u00e2mara dos Deputados aprovou proposta que d\u00e1 o nome de Dom Moacyr Grechi \u00e0 ponte que liga os estados de Rond\u00f4nia e Acre, localizada no quil\u00f4metro 936 da BR-364, sobre o rio Abun\u00e3.<\/p>\n","protected":false},"author":1,"featured_media":0,"comment_status":"closed","ping_status":"open","sticky":false,"template":"","format":"standard","meta":{"_exactmetrics_skip_tracking":false,"_exactmetrics_sitenote_active":false,"_exactmetrics_sitenote_note":"","_exactmetrics_sitenote_category":0,"jetpack_post_was_ever_published":false,"_jetpack_newsletter_access":"","_jetpack_dont_email_post_to_subs":false,"_jetpack_newsletter_tier_id":0,"_jetpack_memberships_contains_paywalled_content":false,"_jetpack_memberships_contains_paid_content":false,"footnotes":"","jetpack_publicize_message":"","jetpack_publicize_feature_enabled":true,"jetpack_social_post_already_shared":true,"jetpack_social_options":{"image_generator_settings":{"template":"highway","enabled":false},"version":2}},"categories":[1],"tags":[],"class_list":["post-32877","post","type-post","status-publish","format-standard","hentry","category-notas"],"jetpack_publicize_connections":[],"jetpack_sharing_enabled":true,"jetpack_featured_media_url":"","jetpack_shortlink":"https:\/\/wp.me\/p7wKYW-8yh","jetpack-related-posts":[],"_links":{"self":[{"href":"http:\/\/blogdalucianaoliveira.com.br\/blog\/wp-json\/wp\/v2\/posts\/32877","targetHints":{"allow":["GET"]}}],"collection":[{"href":"http:\/\/blogdalucianaoliveira.com.br\/blog\/wp-json\/wp\/v2\/posts"}],"about":[{"href":"http:\/\/blogdalucianaoliveira.com.br\/blog\/wp-json\/wp\/v2\/types\/post"}],"author":[{"embeddable":true,"href":"http:\/\/blogdalucianaoliveira.com.br\/blog\/wp-json\/wp\/v2\/users\/1"}],"replies":[{"embeddable":true,"href":"http:\/\/blogdalucianaoliveira.com.br\/blog\/wp-json\/wp\/v2\/comments?post=32877"}],"version-history":[{"count":1,"href":"http:\/\/blogdalucianaoliveira.com.br\/blog\/wp-json\/wp\/v2\/posts\/32877\/revisions"}],"predecessor-version":[{"id":32878,"href":"http:\/\/blogdalucianaoliveira.com.br\/blog\/wp-json\/wp\/v2\/posts\/32877\/revisions\/32878"}],"wp:attachment":[{"href":"http:\/\/blogdalucianaoliveira.com.br\/blog\/wp-json\/wp\/v2\/media?parent=32877"}],"wp:term":[{"taxonomy":"category","embeddable":true,"href":"http:\/\/blogdalucianaoliveira.com.br\/blog\/wp-json\/wp\/v2\/categories?post=32877"},{"taxonomy":"post_tag","embeddable":true,"href":"http:\/\/blogdalucianaoliveira.com.br\/blog\/wp-json\/wp\/v2\/tags?post=32877"}],"curies":[{"name":"wp","href":"https:\/\/api.w.org\/{rel}","templated":true}]}}