{"id":32879,"date":"2021-10-01T17:32:12","date_gmt":"2021-10-01T21:32:12","guid":{"rendered":"http:\/\/blogdalucianaoliveira.com.br\/blog\/?p=32879"},"modified":"2021-10-01T17:32:16","modified_gmt":"2021-10-01T21:32:16","slug":"organizacoes-repudiam-ataques-de-bolsonaristas-a-pesquisador-do-inpa","status":"publish","type":"post","link":"http:\/\/blogdalucianaoliveira.com.br\/blog\/2021\/10\/01\/organizacoes-repudiam-ataques-de-bolsonaristas-a-pesquisador-do-inpa\/","title":{"rendered":"Organiza\u00e7\u00f5es repudiam ataques de bolsonaristas a pesquisador do Inpa"},"content":{"rendered":"\n<figure class=\"wp-block-image\"><img data-recalc-dims=\"1\" decoding=\"async\" src=\"https:\/\/i0.wp.com\/amazonasatual.com.br\/wp-content\/uploads\/2021\/09\/Philip-M.-Fearnside.jpg?w=600&#038;ssl=1\" alt=\"Philip M. Fearnside ganhou Nobel em 2007 junto com outros 300 cientistas (Foto: Philip M. Fearnside\/P.Lates\/Divulga\u00e7\u00e3o)\"\/><\/figure>\n\n\n\n<p><strong>Amazonas Atual<\/strong> \u2013 Um grupo de 155 entidades e representantes de organiza\u00e7\u00f5es da sociedade civil divulgou carta de rep\u00fadio aos ataques xen\u00f3fobos contra o pesquisador norte-americano Philip Fearnside. As agress\u00f5es ocorreram durante audi\u00eancia p\u00fablica sobre o licenciamento ambiental para a repavimenta\u00e7\u00e3o da BR-319, na noite de segunda-feira (27), em Manaus.<\/p>\n\n\n\n<!--more-->\n\n\n\n<p>\u201cPhilip Fearnside \u00e9 reconhecido como uma das maiores autoridades cient\u00edficas do mundo no que diz respeito \u00e0\u00a0<a href=\"http:\/\/amazonasatual.com.br\/assunto\/amazonia\/\">Amaz\u00f4nia<\/a>. Ele \u00e9 respeitado internacionalmente e \u00e9 refer\u00eancia por seus estudos e pesquisas, que ajudaram a entender a din\u00e2mica ecossist\u00eamica da maior floresta tropical do planeta\u201d, diz a nota.<br><\/p>\n\n\n\n<p>O documento \u00e9 assinado por organiza\u00e7\u00f5es como Greenpeace Brasil, Idesam (Instituto de Conserva\u00e7\u00e3o e Desenvolvimento Sustent\u00e1vel), Observat\u00f3rio BR-319, WWF-Brasil, entre outros pesquisadores de institutos e universidades em diferentes regi\u00f5es do pa\u00eds.<\/p>\n\n\n\n<p>No texto, institui\u00e7\u00f5es, pesquisadores, e organiza\u00e7\u00f5es da sociedade civil repudiam e consideram inaceit\u00e1veis os ataques sofridos pelo cientista. E, ainda, acusam o curitibano S\u00e9rgio Kruke, l\u00edder do Movimento Conservador Amazonas, de tecer coment\u00e1rios desrespeitosos e xenof\u00f3bicos contra o pesquisador.<ins><br> <\/ins><\/p>\n\n\n\n<p>\u201cDiscrimina\u00e7\u00e3o \u00e9 um comportamento abomin\u00e1vel, criminoso e inconstitucional, se considerarmos que a Constitui\u00e7\u00e3o Federal pro\u00edbe qualquer tipo de discrimina\u00e7\u00e3o racial, \u00e9tnica, religiosa, de g\u00eanero ou por nacionalidade. Dessa forma, repudiamos fortemente os ataques e manifesta\u00e7\u00f5es desrespeitosas e xenof\u00f3bicas dirigidas ao Dr. Fearnside durante a audi\u00eancia p\u00fablica citada\u201d.<\/p>\n\n\n\n<p>As organiza\u00e7\u00f5es classificam como \u201cdespreparo\u201d e que h\u00e1 \u201cfragilidades\u201d das institui\u00e7\u00f5es p\u00fablucas respons\u00e1veis pelo processo de licenciamento das obras na BR-319.<\/p>\n\n\n\n<p>\u201cAs audi\u00eancias p\u00fablicas de um licenciamento s\u00e3o uma exig\u00eancia legal que muitas vezes t\u00eam sido realizadas pr\u00f3-forma, quando devem ser ocasi\u00f5es para debates cr\u00edticos e construtivos, com din\u00e2mica e metodologia adequadas que permitam que ajustes, melhorias e mesmo que questionamentos ao projeto sejam propostos e considerados, de modo que o ele seja reavaliado, melhorado ou&nbsp; mesmo cancelado.\u201d<\/p>\n\n\n\n<p>Leia a nota na \u00edntegra:<\/p>\n\n\n\n<blockquote class=\"wp-block-quote is-layout-flow wp-block-quote-is-layout-flow\"><p>\u201cO pesquisador do Instituto Nacional de Pesquisas da&nbsp;<a href=\"http:\/\/amazonasatual.com.br\/assunto\/amazonia\/\">Amaz\u00f4nia<\/a>&nbsp;(Inpa), Dr. Phillip Fearnside, foi alvo de ataques xenof\u00f3bicos durante uma audi\u00eancia p\u00fablica sobre o licenciamento para obras na&nbsp;<a href=\"https:\/\/g1.globo.com\/am\/amazonas\/br-319-um-caminho-para-o-brasil\/\" target=\"_blank\" rel=\"noreferrer noopener\">BR-319<\/a>. O evento foi realizado pelo Departamento Nacional de Infraestrutura de Transportes (Dnit), na noite da \u00faltima segunda-feira (27), no Centro de Conven\u00e7\u00f5es Vasco Vasques, em Manaus (AM). As ofensas aconteceram ap\u00f3s Fearnside apresentar um artigo com argumentos contundentes, a partir de uma an\u00e1lise com bases t\u00e9cnicas e cient\u00edficas, sobre as obras na rodovia e de seus impactos socioambientais.&nbsp;<\/p><p>O pesquisador, que \u00e9 norte-americano e vive e atua na&nbsp;<a href=\"http:\/\/amazonasatual.com.br\/assunto\/amazonia\/\">Amaz\u00f4nia<\/a>&nbsp;h\u00e1 mais de 40 anos, \u00e9 integrante do Painel Intergovernamental de Mudan\u00e7as Clim\u00e1ticas da ONU, e foi laureado com o Pr\u00eamio Nobel da Paz, em 2007, por sua contribui\u00e7\u00e3o na luta contra a crise clim\u00e1tica. Philip Fearnside \u00e9 reconhecidamente uma das maiores autoridades cient\u00edficas do mundo no que diz respeito \u00e0&nbsp;<a href=\"http:\/\/amazonasatual.com.br\/assunto\/amazonia\/\">Amaz\u00f4nia<\/a>. Ele \u00e9 respeitado internacionalmente e importante refer\u00eancia por seus estudos e pesquisas, que ajudaram a entender a din\u00e2mica ecossist\u00eamica da maior floresta tropical do planeta.<\/p><p>As institui\u00e7\u00f5es, entidades de pesquisa e pesquisadores, e organiza\u00e7\u00f5es da sociedade civil abaixo-assinadas repudiam e consideram inaceit\u00e1veis os ataques sofridos pelo cientista, que vem incansavelmente h\u00e1 d\u00e9cadas dedicando sua vida e esfor\u00e7os pela conserva\u00e7\u00e3o da&nbsp;<a href=\"http:\/\/amazonasatual.com.br\/assunto\/amazonia\/\">Amaz\u00f4nia<\/a>. Um desafio extremo, como sabemos, considerando toda a dificuldade de se empreender pesquisa e a\u00e7\u00f5es de conserva\u00e7\u00e3o no Brasil.<\/p><p>Discrimina\u00e7\u00e3o \u00e9 um comportamento abomin\u00e1vel, criminoso e inconstitucional, se considerarmos que a Constitui\u00e7\u00e3o Federal pro\u00edbe qualquer tipo de discrimina\u00e7\u00e3o racial, \u00e9tnica, religiosa, de g\u00eanero ou por nacionalidade. Dessa forma, repudiamos fortemente os ataques e manifesta\u00e7\u00f5es desrespeitosas e xenof\u00f3bicas dirigidas ao Dr. Fearnside durante a audi\u00eancia p\u00fablica citada.<\/p><p>Esse fato e seus desdobramentos, demonstram a fragilidade e despreparo das institui\u00e7\u00f5es p\u00fablicas respons\u00e1veis pelo processo de licenciamento das obras de repavimenta\u00e7\u00e3o da BR-319. As audi\u00eancias p\u00fablicas de um licenciamento s\u00e3o uma exig\u00eancia legal que muitas vezes t\u00eam sido realizadas pr\u00f3-forma, quando devem ser ocasi\u00f5es para debates cr\u00edticos e construtivos, com din\u00e2mica e metodologia adequadas que permitam que ajustes, melhorias e mesmo que questionamentos ao projeto sejam propostos e considerados, de modo que o ele seja reavaliado, melhorado ou&nbsp; mesmo cancelado.<\/p><p>Um processo t\u00e3o longo como este, que se arrasta h\u00e1 anos justamente pela falta de seriedade na sua condu\u00e7\u00e3o, n\u00e3o pode ser discutido agora de forma superficial. Muitos trabalhos cient\u00edficos comprovam que a repavimenta\u00e7\u00e3o da BR-319, da forma como est\u00e1 sendo proposta, \u00e9 um risco enorme para a integridade da&nbsp;<a href=\"http:\/\/amazonasatual.com.br\/assunto\/amazonia\/\">Amaz\u00f4nia<\/a>&nbsp;e afetar\u00e1 profundamente a vida de milh\u00f5es de pessoas. Foi justamente este alerta que o Dr. Fearnside&nbsp; tentou expor na audi\u00eancia. No entanto, em vez de encontrar no evento um espa\u00e7o democr\u00e1tico para apresentar este alerta, o cientista sofreu uma tentativa de silenciamento e descredibiliza\u00e7\u00e3o, em um ambiente hostil e truculento, bastante fragilizado pela baixa audi\u00eancia.<\/p><p>Acreditamos que a ci\u00eancia \u00e9 um elo fundamental do nosso destino comum e uma oportunidade para construir uma sociedade mais justa, diversificada e sustent\u00e1vel. Pesquisadores renomados como o Dr. Fearnside v\u00eam alertando h\u00e1 tempos sobre os poss\u00edveis impactos da reconstru\u00e7\u00e3o da BR-319 no bioma&nbsp;<a href=\"http:\/\/amazonasatual.com.br\/assunto\/amazonia\/\">Amaz\u00f4nia<\/a>, que ser\u00e3o irrevers\u00edveis e podem nos jogar no abismo do ponto de n\u00e3o retorno, onde esp\u00e9cies e uma s\u00e9rie de benef\u00edcios e servi\u00e7os ecossist\u00eamicos, hoje proporcionados pela floresta, ser\u00e3o perdidos, afetando a vida de toda a humanidade.<\/p><p>Alertamos, ainda, que os estudos de impacto ambiental sobre a rodovia, apresentados pelo Dnit e pelo Instituto Brasileiro do Meio Ambiente e dos Recursos Naturais Renov\u00e1veis (Ibama) na audi\u00eancia, est\u00e3o incompletos e com graves problemas t\u00e9cnicos, uma vez que n\u00e3o delimitam a \u00e1rea de influ\u00eancia do projeto e foram realizados de forma superficial e sem a qualifica\u00e7\u00e3o requerida para uma avalia\u00e7\u00e3o t\u00e3o importante. \u00c9 inacredit\u00e1vel que mesmo existindo dezenas de institui\u00e7\u00f5es p\u00fablicas de grande qualifica\u00e7\u00e3o e experi\u00eancia na regi\u00e3o como Inpa, Ufam,&nbsp;<a href=\"http:\/\/https\/\/amazonasatual.com.br\/assunto\/onibus\/\">UEA<\/a>, Ifam, Ufir, nenhuma delas tenha sido convidada a participar ou avaliar os estudos realizados.<\/p><p>Somado \u00e0 precariedade dos estudos ambientais, ainda h\u00e1 o agravante de que as demandas das popula\u00e7\u00f5es ind\u00edgenas e das comunidades tradicionais est\u00e3o sendo sistematicamente ignoradas. Os estudos do componente ind\u00edgena, bem como a realiza\u00e7\u00e3o das consultas pr\u00e9vias, livres, informadas e de boa-f\u00e9, como preconiza a Organiza\u00e7\u00e3o Internacional do Trabalho (OIT) em sua Conven\u00e7\u00e3o n\u00ba 169, t\u00eam sido proteladas e deveriam ocorrer antes das audi\u00eancias p\u00fablicas gerais.<\/p><p>Por fim, reiteramos nosso rep\u00fadio ao modo de condu\u00e7\u00e3o da audi\u00eancia p\u00fablica por seus organizadores, que, ao n\u00e3o se posicionarem contra as agress\u00f5es sofridas pelo Dr. Fearnside, permitiram que o debate p\u00fablico fosse desvirtuado de sua finalidade de informar ao p\u00fablico, para se transformar em palco de negacionismo, desinforma\u00e7\u00e3o e de campanha pol\u00edtica com fins eleitoreiros.<\/p><p>Agress\u00f5es n\u00e3o s\u00e3o argumentos v\u00e1lidos e n\u00e3o podem ser aceitas em discuss\u00f5es p\u00fablicas, ainda mais em audi\u00eancias promovidas pelo Poder P\u00fablico, que deveria conduzir o debate primando pelo respeito aos diferentes pontos de vista. \u00c9 dever do Poder P\u00fablico n\u00e3o admitir e recha\u00e7ar imediatamente o discurso de \u00f3dio promovido e que tem sido sistematicamente&nbsp; ampliado. Assim, solicitamos provid\u00eancias para que estas agress\u00f5es sejam formalmente repudiadas pelos respons\u00e1veis por essa audi\u00eancia, que, a rigor, deveria ser reagendada e novamente realizada em condi\u00e7\u00f5es apropriadas. Esperamos que seja revisto o m\u00e9todo de aplica\u00e7\u00e3o e condu\u00e7\u00e3o das audi\u00eancias p\u00fablicas e que os pr\u00f3ximos eventos tenham melhor din\u00e2mica e preparo. As audi\u00eancias p\u00fablicas devem ser espa\u00e7os verdadeiramente democr\u00e1ticos que de fato contribuam com a discuss\u00e3o qualificada sobre obras na BR-319 e outras que est\u00e3o por ser apreciadas e licitadas\u201d.<\/p><p>Veja quais entidades, pesquisadores e organiza\u00e7\u00f5es assinam o documento:<\/p><\/blockquote>\n\n\n\n<blockquote class=\"wp-block-quote is-layout-flow wp-block-quote-is-layout-flow\"><p>Conselho Nacional das Popula\u00e7\u00f5es Extrativistas (CNS)<\/p><p>Greenpeace Brasil<\/p><p>GT Infraestrutura<\/p><p>Instituto de Conserva\u00e7\u00e3o e Desenvolvimento Sustent\u00e1vel&nbsp; (Idesam)<\/p><p>Movimento Ficha Verde (MoFV)<\/p><p>Observat\u00f3rio BR-319 (OBR-319)<\/p><p>Transpar\u00eancia Internacional Brasil (TI-Brasil)<\/p><p>WCS Brasil<\/p><p>Instituto de Desenvolvimento Sustent\u00e1vel Mamirau\u00e1 (IDSM)<\/p><p>Instituto Internacional de Educa\u00e7\u00e3o do Brasil (IEB)<\/p><p>Opera\u00e7\u00e3o&nbsp;<a href=\"http:\/\/amazonasatual.com.br\/assunto\/amazonia\/\">Amaz\u00f4nia<\/a>&nbsp;Nativa (OPAN)<\/p><p>Instituto de Manejo e Certifica\u00e7\u00e3o Florestal e Agr\u00edcola (Imaflora)<\/p><p>Instituto Mapinguari (IMAPIN)<\/p><p>Instituto Ecos de Gaia (EGA)<\/p><p>Instituto Socioambiental \u2013 ISA<\/p><p>WWF-Brasil<\/p><p>Instituto de Pesquisas Ecol\u00f3gicas (IPE)<\/p><p>Instituto Salve Mar (Movimento Salve Maraca\u00edpe)<\/p><p>Instituto Juru\u00e1&nbsp;<\/p><p>Rede Sustentabilidade Amazonas<\/p><p>Movimento Ecotrabalhismo PDT AM<\/p><p>Mater Natura \u2013 Instituto de Estudos Ambientais<\/p><p>Instituto Regenera\u00e7\u00e3o Global<\/p><p>Associa\u00e7\u00e3o de P\u00f3s-graduandos da Universidade Federal do Amazonas (APG-UFAM)<\/p><p>Associa\u00e7\u00e3o Nacional de P\u00f3s-Gradua\u00e7\u00e3o e Pesquisa em Ambiente e Sociedade (ANPPAS)<\/p><p>Associa\u00e7\u00e3o dos(as) P\u00f3s-graduandos(as) do INPA \u2013 MigAPG\/INPA<\/p><p>Rede Transdisciplinar da&nbsp;<a href=\"http:\/\/amazonasatual.com.br\/assunto\/amazonia\/\">Amaz\u00f4nia<\/a>&nbsp;(RETA)<\/p><p>Articula\u00e7\u00e3o Parintins Cidad\u00e3<\/p><p>Teia de Educa\u00e7\u00e3o Ambiental e Intera\u00e7\u00e3o em Agrofloresta<\/p><p>Articula\u00e7\u00e3o Nacional de Movimentos e Pr\u00e1ticas de Educa\u00e7\u00e3o Popular e Sa\u00fade<\/p><p>Comiss\u00e3o Pr\u00f3 \u00cdndio do Acre (CPI-Acre)<\/p><p>Espa\u00e7o de Forma\u00e7\u00e3o Assessoria e Documenta\u00e7\u00e3o \u2013 S\u00e3o Paulo<br>Abra\u00e7o Guarapiranga \u2013 S\u00e3o Paulo&nbsp;<\/p><p>Rede Barragens Amaz\u00f4nicas \/ Amazon Dams Network (RBA\/ADN)<\/p><p>Funda\u00e7\u00e3o Grupo Esquel Brasil FGEB<\/p><p>Associa\u00e7\u00e3o Toxisphera de Sa\u00fade Ambiental<\/p><p>Associa\u00e7\u00e3o SOS&nbsp;<a href=\"http:\/\/amazonasatual.com.br\/assunto\/amazonia\/\">Amaz\u00f4nia<\/a><\/p><p>Associa\u00e7\u00e3o de Defesa Etnoambiental \u2013 Kanind\u00e9<\/p><p>Comit\u00ea Chico Mendes<\/p><p>F\u00f3rum Brasileiro de ONGs e Movimentos Sociais para o Desenvolvimento e o Meio Ambiente&nbsp;<\/p><p>Instituto Diadorim para o Desenvolvimento Regional e Socioambiental\/iD (MG)<\/p><p>Observat\u00f3rio do Clima&nbsp; \u2013 OC<\/p><p>Rede de ONGs da Mata Atl\u00e2ntica- RMA<\/p><p>Movimento \u201cEu rejeito barragens em Sabar\u00e1\u201d<\/p><p>Professores do Curso de Arqueologia da Universidade Federal do Oeste do Par\u00e1<\/p><p>Helder Lima de Queiroz \u2013 IDSM\/SCM<\/p><p>Gleice Oliveira \u2013 Historiadora e professora<\/p><p>Neiva Araujo \u2013 Grupo de Pesquisa Direito, Territ\u00f3rio &amp;&nbsp;<a href=\"http:\/\/amazonasatual.com.br\/assunto\/amazonia\/\">Amaz\u00f4nia<\/a>&nbsp;\u2013 Diterra\/Unir&nbsp;<\/p><p>Ang\u00e9lisson Tenharim \u2013 lideran\u00e7a do povo Tenharim<\/p><p>Davyd Spencer R. de Souza, Soci\u00f3logo, DCiS-UFAM<\/p><p>Maria Anete Leite Rubim<\/p><p>Anete Rubim<\/p><p>Daniel de Paiva Silva \u2013 IF Goiano, campus Uruta\u00ed&nbsp;<\/p><p>Steffanie Schmidt \u2013 Jornalista \u2013 DRT\/MT&nbsp; 1329<\/p><p>Yuri Breno da Silva e Silva<\/p><p>Carlos Edwar de Carvalho Freitas, Universidade Federal do Amazonas<\/p><p>Rita Mesquita \u2013 Inpa<\/p><p>Maria Cec\u00edlia Wey de Brito \u2013 Instituto Ekos Brasil<\/p><p>Ivaneide Bandeira Cardozo \u2013 Kanind\u00e9<\/p><p>Camila C. Ribas \u2013 Pesquisadora Inpa<\/p><p>Taigu\u00e3 Corr\u00eaa Pereira \u2013 doutorando PPGBot\/Inpa<\/p><p>Fernanda de Pinho Werneck \u2013 Pesquisadora Inpa<\/p><p>Cecilia Veronica Nunez \u2013 Inpa<\/p><p>Eron Bezerra \u2013 Professor Doutor na Ufam&nbsp;<\/p><p>Anete Rubim \u2013&nbsp;Ufam<\/p><p>Albertina Lima<\/p><p>Kaio Cesar Marinho da Cunha \u2013 INCT-INPA<\/p><p>Vincenzo Lauriola \u2013 MCTI<\/p><p>Sidineia Aparecida Amadio \u2013 Pesquisadora aposentada\/INPA<\/p><p>Jansen A. S. Zuanon \u2013 Bi\u00f3logo, pesquisador da COBIO\/INPA<\/p><p>Jussara Santos Dayrell \u2013 Bi\u00f3loga, doutoranda ECO\/Inpa<\/p><p>Gabriel Costa Borba \u2013 Bi\u00f3logo, doutorando na Virginia Polytechnic Institute and State University (Virginia Tech)<\/p><p>Neliton Marques da Silva \u2013 FCA\/Ufam<\/p><p>N\u00e1gila Alexandre Zuchi \u2013 Doutoranda -PPG-BADPI\/Inpa<\/p><p>Mauro Scarpinatti \u2013 Economista, professor universit\u00e1rio<\/p><p>Andrea V. Waichman \u2013 Ufam<\/p><p>Lucia Rapp Py-Daniel \u2013 Pesquisadora no Inpa<\/p><p>Rosana Barbosa de Castro \u2013 DCF\/FCA\/Ufam<\/p><p>Virg\u00edlio Maur\u00edcio Viana \u2013 Superintendente Geral da Funda\u00e7\u00e3o&nbsp;<a href=\"http:\/\/amazonasatual.com.br\/assunto\/amazonia\/\">Amaz\u00f4nia<\/a>&nbsp;Sustent\u00e1vel<\/p><p>Miguel Petrere Junior \u2013 Universidade Federal do Par\u00e1<\/p><p>Jos\u00e9 Eurico Ramos de Souza \u2013 Ifam-CMZL<\/p><p>Iolanda da Silva Moutinho \u2013 Mestranda PPG-ECO\/Inpa<\/p><p>Flora Magdaline Benitez Romero \u2013 Inpa<\/p><p>Cristine Luciana de Souza Rescarolli \u2013 FAS<\/p><p>Alberto Vicentini \u2013 Pesquisador no INPA-CODAM<\/p><p>Luiza Magalli Pinto Henriques \u2013 INPA\/COPES, Analista em C&amp;T<\/p><p>Carolle Alarcon \u2013 UICN Brasil<\/p><p>Jo\u00e3o Ferraz \u2013 Pesquisador no Inpa<\/p><p>Patricia Marques do A. Oliveira \u2013 Mestranda no PPGBA\/UFPE&nbsp;<\/p><p>Carolina Ramirez Mendez \u2013 SDSN&nbsp;<a href=\"http:\/\/amazonasatual.com.br\/assunto\/amazonia\/\">Amaz\u00f4nia<\/a><\/p><p>Solana Meneghel Boschilia \u2013 UFPA&nbsp;<\/p><p>Pedro Murilo Sales Nunes \u2013 professor adjunto na UFPE&nbsp;<\/p><p>Rosa dos Anjos \u2013 FAS<\/p><p>Paulo Braga Mascarenhas J\u00fanior- UFPE<\/p><p>Layon Oreste Demarchi \u2013 Doutorando PPG-Bot-INPA<\/p><p>Aretha Alves Pereira \u2013 FAS<\/p><p>Anne Rapp Py-Daniel \u2013 Universidade Federal do Oeste do Par\u00e1<\/p><p>Thereza Beatriz Lira Melo \u2013 UFPE<\/p><p>Paulo Maur\u00edcio Alencastro Gra\u00e7a \u2013 Pesquisador no Inpa<\/p><p>Maria Teresa Fernandez Piedade&nbsp; \u2013 Pesquisadora no Inpa<\/p><p>Manuela Carneiro da Cunha \u2013 Antrop\u00f3loga, Professora Titular aposentada da USP e Professora Em\u00e9rita da Universidade de Chicago&nbsp;<\/p><p>Jos\u00e9 Sabino \u2013 Professor e pesquisador na Uniderp&nbsp;<\/p><p>Aurelio Michilies \u2013 Cineasta<\/p><p>Marcos Antonio Isaac J\u00fanior \u2013 P\u00f3s-doutorando INPA<\/p><p>Thomas M. Lewinsohn \u2013 Professor Titular aposentado da Unicamp e Pesquisador S\u00eanior CNPq<\/p><p>Isabela Freitas Oliveira \u2013 Doutoranda da PG\/ECO INPA<\/p><p>Luciana Rebellato \u2013 OPAN<\/p><p>Ricardo de Oliveira Perdiz \u2013 Bi\u00f3logo<\/p><p>Carlos Alfredo Joly \u2013 Professor Titular aposentado da Unicamp<\/p><p>Luciney Ara\u00fajo Leit\u00e3o \u2013 Professor de Sociologia EBTT da UFAC<\/p><p>Brunno Freire Dantas de Oliveira \u2013 Ec\u00f3logo e p\u00f3s-doutorando em University of California \u2013 Davis, USA<\/p><p>Thais de Nazar\u00e9 Oliveira Novais \u2013 Mestranda PPG-CFT\/INPA<\/p><p>Jos\u00e9 Henrique de Andrade Lima \u2013 PPGBA-UFPE<\/p><p>Maria Nazareth F. da Silva \u2013 Pesquisadora no Inpa<\/p><p>Andr\u00e9 Pereira Dias \u2013 CGMA\/SEMA-MT<\/p><p>Davor Vrcibradic \u2013 Professor adjunto no UNIRIO<\/p><p>Adriana Ramos \u2013 Ambientalista<\/p><p>Daniel Brandt Galv\u00e3o \u2013 Professor IFCE<\/p><p>Pedro Bruzzi Lion \u2013 FUNATURA<\/p><p>Camila Julia Pacheco Ramos \u2013 Doutoranda PPG CFT do Inpa<\/p><p>Lucirene Aguiar de Souza \u2013 Ufam<\/p><p>Deputado Federal Rodrigo Agostinho (PSB\/SP) \u2013 Coordenador da Frente Parlamentar Ambientalista<\/p><p>Deputado Federal Nilto Tatto (PT\/SP) \u2013 Coordenador da Frente Parlamentar Mista em Defesa dos ODSs<\/p><p>Carla Gheler-Costa \u2013 Bi\u00f3loga, Dra.<\/p><p>F\u00e1bio Henrique Comin \u2013 Bi\u00f3logo, Dr.&nbsp;<\/p><p>Iris Roitman \u2013 Pesquisadora colaboradora da UJ<\/p><p>Val\u00e9rio De Patta Pillar \u2013 Professor Titular na UFRGS<\/p><p>Jos\u00e9 Celso de Oliveira Malta \u2013 Pesquisador do INPA<\/p><p>Annelyse Rosenthal Figueiredo \u2013 UFOPA<\/p><p>Elineide E. Marques \u2013 UFT<\/p><p>Rubens Harry Born \u2013 Engenheiro civil com especializa\u00e7\u00e3o em engenharia ambiental, advogado, mestre e doutor em Sa\u00fade P\u00fablica<\/p><p>Jos\u00e9 Ribamar Bessa Freire \u2013&nbsp; Coordenador do Programa de Estudos dos Povos Ind\u00edgenas da UERJ e pesquisador no Programa de P\u00f3s-Gradua\u00e7\u00e3o em Mem\u00f3ria Social da UniRio<\/p><p>Lucas Rodrigues de S. Santos \u2013 Doutorando em Ci\u00eancia do France Rodrigues, no PPGSOF\/UFRR<\/p><p>Sistema Terrestre \u2013 Universidade da Calif\u00f3rnia Irvine\/EUA<\/p><p>Gustavo T. Gazzinelli \u2013 Jornalista e ambientalista de Belo Horizonte (MG)<\/p><p>Aurora Miho Yanai Nascimento \u2013 P\u00f3s-doutoranda no INPA<\/p><p>Beatriz Figueiredo Cabral \u2013 Mestranda do PPG\/CFT-INPA<\/p><p>Reinaldo Imbrozio Barbosa \u2013 Pesquisador do INPA\/RR<\/p><p>Fl\u00e1via Nogueira de S\u00e1 \u2013 Professora da Universidade de Bras\u00edlia<\/p><p>C\u00e9lio U. Magalh\u00e3es Filho \u2013 Pesquisador aposentado do INPA e pesquisador colaborador da FFCLRP\/USP<\/p><p>Fatima Monteiro \u2013 Africultora Familiar da Featraf\/AM&nbsp;<\/p><p>Carol Monteiro \u2013 Agricultora Familiar da Contraf Brasil CUT<\/p><p>Rodrigo Guedes \u2013 Vereador da C\u00e2mara Municipal de Manaus<\/p><p>Ana Karina Moreyra \u2013 Bi\u00f3loga<\/p><p>Angela Galv\u00e3o \u2013 Advogada<\/p><p>Miguel Scarcello<\/p><p>Renato Mattareli<\/p><p>M\u00e1rcio Zik\u00e1n Cardoso \u2013 Professor associado da UFRJ<\/p><p>Gabriela Borges Vedovello \u2013 Mestranda do PPG\/ECO INPA<\/p><p>Nathalia de Toledo Marinho \u2013 Mestranda do PPG ECO\/INPA<\/p><p>Apoena Presidente Epit\u00e1cio \u2013 de S\u00e3o Paulo<\/p><p>Djalma Weffort<\/p><p>Debora Martins Nakayama&nbsp;<\/p><p>Erika Berenguer \u2013 Pesquisadora da Universidade de Oxford, da Lancaster University e da Rede&nbsp;<a href=\"http:\/\/amazonasatual.com.br\/assunto\/amazonia\/\">Amaz\u00f4nia<\/a>&nbsp;Sustent\u00e1vel<\/p><p>Wilson Roberto Spironello \u2013 Ec\u00f3logo, pesquisador e l\u00edder do Grupo de Pesquisa de Mam\u00edferos Amaz\u00f4nicos do INPA.<\/p><\/blockquote>\n","protected":false},"excerpt":{"rendered":"<p>Amazonas Atual \u2013 Um grupo de 155 entidades e representantes de organiza\u00e7\u00f5es da sociedade civil divulgou carta de rep\u00fadio aos ataques xen\u00f3fobos contra o pesquisador norte-americano Philip Fearnside. As agress\u00f5es ocorreram durante audi\u00eancia p\u00fablica sobre o licenciamento ambiental para a repavimenta\u00e7\u00e3o da BR-319, na noite de segunda-feira (27), em Manaus.<\/p>\n","protected":false},"author":1,"featured_media":0,"comment_status":"closed","ping_status":"open","sticky":false,"template":"","format":"standard","meta":{"_exactmetrics_skip_tracking":false,"_exactmetrics_sitenote_active":false,"_exactmetrics_sitenote_note":"","_exactmetrics_sitenote_category":0,"jetpack_post_was_ever_published":false,"_jetpack_newsletter_access":"","_jetpack_dont_email_post_to_subs":false,"_jetpack_newsletter_tier_id":0,"_jetpack_memberships_contains_paywalled_content":false,"_jetpack_memberships_contains_paid_content":false,"footnotes":"","jetpack_publicize_message":"","jetpack_publicize_feature_enabled":true,"jetpack_social_post_already_shared":true,"jetpack_social_options":{"image_generator_settings":{"template":"highway","enabled":false},"version":2}},"categories":[1],"tags":[],"class_list":["post-32879","post","type-post","status-publish","format-standard","hentry","category-notas"],"jetpack_publicize_connections":[],"jetpack_sharing_enabled":true,"jetpack_featured_media_url":"","jetpack_shortlink":"https:\/\/wp.me\/p7wKYW-8yj","jetpack-related-posts":[],"_links":{"self":[{"href":"http:\/\/blogdalucianaoliveira.com.br\/blog\/wp-json\/wp\/v2\/posts\/32879","targetHints":{"allow":["GET"]}}],"collection":[{"href":"http:\/\/blogdalucianaoliveira.com.br\/blog\/wp-json\/wp\/v2\/posts"}],"about":[{"href":"http:\/\/blogdalucianaoliveira.com.br\/blog\/wp-json\/wp\/v2\/types\/post"}],"author":[{"embeddable":true,"href":"http:\/\/blogdalucianaoliveira.com.br\/blog\/wp-json\/wp\/v2\/users\/1"}],"replies":[{"embeddable":true,"href":"http:\/\/blogdalucianaoliveira.com.br\/blog\/wp-json\/wp\/v2\/comments?post=32879"}],"version-history":[{"count":1,"href":"http:\/\/blogdalucianaoliveira.com.br\/blog\/wp-json\/wp\/v2\/posts\/32879\/revisions"}],"predecessor-version":[{"id":32880,"href":"http:\/\/blogdalucianaoliveira.com.br\/blog\/wp-json\/wp\/v2\/posts\/32879\/revisions\/32880"}],"wp:attachment":[{"href":"http:\/\/blogdalucianaoliveira.com.br\/blog\/wp-json\/wp\/v2\/media?parent=32879"}],"wp:term":[{"taxonomy":"category","embeddable":true,"href":"http:\/\/blogdalucianaoliveira.com.br\/blog\/wp-json\/wp\/v2\/categories?post=32879"},{"taxonomy":"post_tag","embeddable":true,"href":"http:\/\/blogdalucianaoliveira.com.br\/blog\/wp-json\/wp\/v2\/tags?post=32879"}],"curies":[{"name":"wp","href":"https:\/\/api.w.org\/{rel}","templated":true}]}}