{"id":32890,"date":"2021-10-06T08:23:46","date_gmt":"2021-10-06T12:23:46","guid":{"rendered":"http:\/\/blogdalucianaoliveira.com.br\/blog\/?p=32890"},"modified":"2021-10-06T08:23:51","modified_gmt":"2021-10-06T12:23:51","slug":"mais-de-5-bilhoes-podem-ter-dificuldades-no-acesso-a-agua-em-2050","status":"publish","type":"post","link":"http:\/\/blogdalucianaoliveira.com.br\/blog\/2021\/10\/06\/mais-de-5-bilhoes-podem-ter-dificuldades-no-acesso-a-agua-em-2050\/","title":{"rendered":"Mais de 5 bilh\u00f5es podem ter dificuldades no acesso \u00e0 \u00e1gua em 2050"},"content":{"rendered":"\n<figure class=\"wp-block-image size-large\"><img data-recalc-dims=\"1\" loading=\"lazy\" decoding=\"async\" width=\"599\" height=\"403\" data-attachment-id=\"32891\" data-permalink=\"http:\/\/blogdalucianaoliveira.com.br\/blog\/2021\/10\/06\/mais-de-5-bilhoes-podem-ter-dificuldades-no-acesso-a-agua-em-2050\/48bfb615-8fee-4e8f-800b-b8c29853efcb\/\" data-orig-file=\"https:\/\/i0.wp.com\/blogdalucianaoliveira.com.br\/blog\/wp-content\/uploads\/2021\/10\/48BFB615-8FEE-4E8F-800B-B8C29853EFCB.jpeg?fit=599%2C403\" data-orig-size=\"599,403\" data-comments-opened=\"0\" data-image-meta=\"{&quot;aperture&quot;:&quot;0&quot;,&quot;credit&quot;:&quot;&quot;,&quot;camera&quot;:&quot;&quot;,&quot;caption&quot;:&quot;&quot;,&quot;created_timestamp&quot;:&quot;0&quot;,&quot;copyright&quot;:&quot;&quot;,&quot;focal_length&quot;:&quot;0&quot;,&quot;iso&quot;:&quot;0&quot;,&quot;shutter_speed&quot;:&quot;0&quot;,&quot;title&quot;:&quot;&quot;,&quot;orientation&quot;:&quot;0&quot;}\" data-image-title=\"48BFB615-8FEE-4E8F-800B-B8C29853EFCB\" data-image-description=\"\" data-image-caption=\"\" data-medium-file=\"https:\/\/i0.wp.com\/blogdalucianaoliveira.com.br\/blog\/wp-content\/uploads\/2021\/10\/48BFB615-8FEE-4E8F-800B-B8C29853EFCB.jpeg?fit=300%2C202\" data-large-file=\"https:\/\/i0.wp.com\/blogdalucianaoliveira.com.br\/blog\/wp-content\/uploads\/2021\/10\/48BFB615-8FEE-4E8F-800B-B8C29853EFCB.jpeg?fit=599%2C403\" src=\"https:\/\/i0.wp.com\/blogdalucianaoliveira.com.br\/blog\/wp-content\/uploads\/2021\/10\/48BFB615-8FEE-4E8F-800B-B8C29853EFCB.jpeg?resize=599%2C403\" alt=\"\" class=\"wp-image-32891\" srcset=\"https:\/\/i0.wp.com\/blogdalucianaoliveira.com.br\/blog\/wp-content\/uploads\/2021\/10\/48BFB615-8FEE-4E8F-800B-B8C29853EFCB.jpeg?w=599 599w, https:\/\/i0.wp.com\/blogdalucianaoliveira.com.br\/blog\/wp-content\/uploads\/2021\/10\/48BFB615-8FEE-4E8F-800B-B8C29853EFCB.jpeg?resize=300%2C202 300w, https:\/\/i0.wp.com\/blogdalucianaoliveira.com.br\/blog\/wp-content\/uploads\/2021\/10\/48BFB615-8FEE-4E8F-800B-B8C29853EFCB.jpeg?resize=446%2C300 446w\" sizes=\"auto, (max-width: 599px) 100vw, 599px\" \/><\/figure>\n\n\n\n<p>\u00c9poca &#8211; Alerta da Organiza\u00e7\u00e3o Mundial de Meteorologia mostra que armazenamento de \u00e1gua no solo terrestre diminuiu um cent\u00edmetro por ano nas \u00faltimas duas d\u00e9cadas.<\/p>\n\n\n\n<!--more-->\n\n\n\n<p>Mais de<strong>&nbsp;5 bilh\u00f5es&nbsp;<\/strong>de pessoas poder\u00e3o ter dificuldade de acesso \u00e0 \u00e1gua em 2050, alertou hoje (5) a&nbsp;<strong>Organiza\u00e7\u00e3o Mundial de Meteorologia<\/strong>&nbsp;(OMM). Em 2018, j\u00e1 eram 3,6 bilh\u00f5es que n\u00e3o tinham acesso suficiente \u00e0 \u00e1gua por pelo menos um m\u00eas, segundo novo relat\u00f3rio da organiza\u00e7\u00e3o.<\/p>\n\n\n\n<p>A&nbsp;<strong>OMM<\/strong>&nbsp;insistiu ainda no fato de, nos \u00faltimos 20 anos, o armazenamento de \u00e1gua no solo ter diminu\u00eddo um cent\u00edmetro por ano, tendo em conta a superf\u00edcie, o subsolo, mas tamb\u00e9m a umidade do solo, neve e o gelo.<\/p>\n\n\n\n<p>As perdas mais significativas ocorrem na Ant\u00e1rtica e na Groenl\u00e2ndia, mas &#8220;muitas \u00e1reas densamente povoadas, localizadas em latitudes mais baixas, est\u00e3o sofrendo perdas significativas em lugares que geralmente fornecem abastecimento de \u00e1gua&#8221;, disse a OMM.<\/p>\n\n\n\n<p>Essas perdas t\u00eam &#8220;consequ\u00eancias importantes para a seguran\u00e7a h\u00eddrica&#8221;, destacou a organiza\u00e7\u00e3o, sobretudo porque &#8220;a \u00e1gua doce utiliz\u00e1vel e dispon\u00edvel representa apenas 0,5% da \u00e1gua presente na Terra&#8221;.<\/p>\n\n\n\n<p>Ao mesmo tempo, os riscos relacionados \u00e0 \u00e1gua aumentaram nas \u00faltimas duas d\u00e9cadas.<\/p>\n\n\n\n<p>Desde 2000, o n\u00famero de desastres relacionados \u00e0s inunda\u00e7\u00f5es aumentou em 134%, em compara\u00e7\u00e3o com as duas d\u00e9cadas anteriores, mas o n\u00famero e a dura\u00e7\u00e3o das secas tamb\u00e9m aumentaram 29% no mesmo per\u00edodo.<\/p>\n\n\n\n<p>A maioria das mortes e danos econ\u00f4micos causados pelas inunda\u00e7\u00f5es ocorre na \u00c1sia e a maioria dos problemas provocados pela seca, na \u00c1frica.Para a OMM, \u00e9 essencial investir tanto em sistemas que permitam melhor gest\u00e3o dos recursos quanto em sistemas de alerta precoce.<\/p>\n\n\n\n<p>&#8220;Esses servi\u00e7os, sistemas e investimentos ainda n\u00e3o s\u00e3o suficientes&#8221;, observou a organiza\u00e7\u00e3o.<\/p>\n\n\n\n<p>Cerca de 60% dos servi\u00e7os meteorol\u00f3gicos e h\u00eddricos nacionais &#8211; respons\u00e1veis pelo fornecimento de informa\u00e7\u00f5es e alertas \u00e0s autoridades e ao p\u00fablico em geral &#8211; &#8220;n\u00e3o disp\u00f5em de toda a capacidade necess\u00e1ria para prestar servi\u00e7os clim\u00e1ticos ao setor das \u00e1guas&#8221;.<\/p>\n\n\n\n<p>A organiza\u00e7\u00e3o afirmou que em cerca de 40% dos pa\u00edses-membros &#8220;n\u00e3o h\u00e1 coleta de dados sobre as vari\u00e1veis h\u00eddricas b\u00e1sicas&#8221; e em &#8220;67% deles n\u00e3o h\u00e1 dados h\u00eddricos dispon\u00edveis&#8221;.<\/p>\n\n\n\n<p>Os sistemas de previs\u00e3o e de alerta para a seca s\u00e3o inexistentes ou inadequados em pouco mais da metade dos pa\u00edses. Em um ter\u00e7o dos pa\u00edses-membros, os sistemas de previs\u00e3o e alerta para enchentes de rios tamb\u00e9m s\u00e3o inexistentes ou inadequados.<\/p>\n","protected":false},"excerpt":{"rendered":"<p>\u00c9poca &#8211; Alerta da Organiza\u00e7\u00e3o Mundial de Meteorologia mostra que armazenamento de \u00e1gua no solo terrestre diminuiu um cent\u00edmetro por ano nas \u00faltimas duas d\u00e9cadas.<\/p>\n","protected":false},"author":1,"featured_media":0,"comment_status":"closed","ping_status":"open","sticky":false,"template":"","format":"standard","meta":{"_exactmetrics_skip_tracking":false,"_exactmetrics_sitenote_active":false,"_exactmetrics_sitenote_note":"","_exactmetrics_sitenote_category":0,"jetpack_post_was_ever_published":false,"_jetpack_newsletter_access":"","_jetpack_dont_email_post_to_subs":false,"_jetpack_newsletter_tier_id":0,"_jetpack_memberships_contains_paywalled_content":false,"_jetpack_memberships_contains_paid_content":false,"footnotes":"","jetpack_publicize_message":"","jetpack_publicize_feature_enabled":true,"jetpack_social_post_already_shared":true,"jetpack_social_options":{"image_generator_settings":{"template":"highway","enabled":false},"version":2}},"categories":[1],"tags":[],"class_list":["post-32890","post","type-post","status-publish","format-standard","hentry","category-notas"],"jetpack_publicize_connections":[],"jetpack_sharing_enabled":true,"jetpack_featured_media_url":"","jetpack_shortlink":"https:\/\/wp.me\/p7wKYW-8yu","jetpack-related-posts":[],"_links":{"self":[{"href":"http:\/\/blogdalucianaoliveira.com.br\/blog\/wp-json\/wp\/v2\/posts\/32890","targetHints":{"allow":["GET"]}}],"collection":[{"href":"http:\/\/blogdalucianaoliveira.com.br\/blog\/wp-json\/wp\/v2\/posts"}],"about":[{"href":"http:\/\/blogdalucianaoliveira.com.br\/blog\/wp-json\/wp\/v2\/types\/post"}],"author":[{"embeddable":true,"href":"http:\/\/blogdalucianaoliveira.com.br\/blog\/wp-json\/wp\/v2\/users\/1"}],"replies":[{"embeddable":true,"href":"http:\/\/blogdalucianaoliveira.com.br\/blog\/wp-json\/wp\/v2\/comments?post=32890"}],"version-history":[{"count":1,"href":"http:\/\/blogdalucianaoliveira.com.br\/blog\/wp-json\/wp\/v2\/posts\/32890\/revisions"}],"predecessor-version":[{"id":32892,"href":"http:\/\/blogdalucianaoliveira.com.br\/blog\/wp-json\/wp\/v2\/posts\/32890\/revisions\/32892"}],"wp:attachment":[{"href":"http:\/\/blogdalucianaoliveira.com.br\/blog\/wp-json\/wp\/v2\/media?parent=32890"}],"wp:term":[{"taxonomy":"category","embeddable":true,"href":"http:\/\/blogdalucianaoliveira.com.br\/blog\/wp-json\/wp\/v2\/categories?post=32890"},{"taxonomy":"post_tag","embeddable":true,"href":"http:\/\/blogdalucianaoliveira.com.br\/blog\/wp-json\/wp\/v2\/tags?post=32890"}],"curies":[{"name":"wp","href":"https:\/\/api.w.org\/{rel}","templated":true}]}}