{"id":32896,"date":"2021-10-07T19:14:31","date_gmt":"2021-10-07T23:14:31","guid":{"rendered":"http:\/\/blogdalucianaoliveira.com.br\/blog\/?p=32896"},"modified":"2021-10-07T19:18:17","modified_gmt":"2021-10-07T23:18:17","slug":"veto-de-bolsonaro-a-distribuicao-de-absorventes-expoe-pobreza-menstrual-entenda-o-conceito","status":"publish","type":"post","link":"http:\/\/blogdalucianaoliveira.com.br\/blog\/2021\/10\/07\/veto-de-bolsonaro-a-distribuicao-de-absorventes-expoe-pobreza-menstrual-entenda-o-conceito\/","title":{"rendered":"Veto de Bolsonaro a distribui\u00e7\u00e3o de absorventes exp\u00f5e &#8216;pobreza menstrual&#8217;; entenda o conceito"},"content":{"rendered":"\n<figure class=\"wp-block-image\"><img data-recalc-dims=\"1\" decoding=\"async\" src=\"https:\/\/i0.wp.com\/s2.glbimg.com\/2qRHbrnq7luzM5ehbpTpWzW37IU%3D\/0x0%3A1280x720\/984x0\/smart\/filters%3Astrip_icc%28%29\/i.s3.glbimg.com\/v1\/AUTH_59edd422c0c84a879bd37670ae4f538a\/internal_photos\/bs\/2021\/V\/N\/rNg4HCQ6SBHPOY0UfBKg\/whatsapp-image-2021-06-22-at-20.50.49-1-.jpeg?w=600&#038;ssl=1\" alt=\"Muitas mulheres n\u00e3o t\u00eam acesso a absorventes \u00edntimos e formas adaptadas para conter o fluxo podem trazer riscos \u00e0 sa\u00fade \u2014 Foto: Alice Sousa\/G1\"\/><\/figure>\n\n\n\n<h4 class=\"wp-block-heading\">Pessoas em situa\u00e7\u00e3o de vulnerabilidade social usam at\u00e9 mesmo miolo de p\u00e3o como absorvente; veto \u00e0 distribui\u00e7\u00e3o gratuita foi publicado nesta quinta (7).<\/h4>\n\n\n\n<!--more-->\n\n\n\n<p>Por g1 &#8211; O presidente&nbsp;<a href=\"https:\/\/g1.globo.com\/politica\/noticia\/2021\/10\/07\/bolsonaro-projeto-absorvente-feminino.ghtml\">Jair Bolsonaro vetou a distribui\u00e7\u00e3o gratuita de absorventes \u00edntimos<\/a>. A decis\u00e3o trouxe novamente ao debate o conceito de &#8220;<strong>pobreza menstrual<\/strong>&#8221; e a dificuldade de promover pol\u00edticas p\u00fablicas capazes de acolher estudantes de baixa renda de escolas p\u00fablicas e pessoas em situa\u00e7\u00e3o de rua ou de vulnerabilidade extrema.<\/p>\n\n\n\n<p>Abaixo, em t\u00f3picos, entenda o que \u00e9 o conceito, o que previa o projeto e a rea\u00e7\u00e3o das sociedade, inclusive de personalidades, \u00e0 decis\u00e3o \u2013 que foi apontada como &#8220;retrocesso.&#8221;<\/p>\n\n\n\n<ol class=\"wp-block-list\"><li>Pobreza menstrual, o que \u00e9?<\/li><li>O que previa o projeto de lei?<\/li><li>Como combater a pobreza menstrual?<\/li><li>Como o veto foi recebido na sociedade?<\/li><\/ol>\n\n\n\n<figure class=\"wp-block-image\"><img data-recalc-dims=\"1\" decoding=\"async\" src=\"https:\/\/i0.wp.com\/s03.video.glbimg.com\/x240\/9927494.jpg?w=600&#038;ssl=1\" alt=\"Bolsonaro veta distribui\u00e7\u00e3o gratuita de absorventes\"\/><\/figure>\n\n\n\n<p>&#8211;:&#8211;\/&#8211;:&#8211;<\/p>\n\n\n\n<p>Bolsonaro veta distribui\u00e7\u00e3o gratuita de absorventes<br><\/p>\n\n\n\n<p><strong>Veja abaixo os t\u00f3picos:<\/strong><\/p>\n\n\n\n<h2 class=\"wp-block-heading\">1 &#8211; Pobreza menstrual, o que \u00e9?<\/h2>\n\n\n\n<p>Pobreza menstrual, de acordo com a Unicef, \u00e9 a situa\u00e7\u00e3o vivenciada por meninas e mulheres devido \u00e0 falta de acesso a&nbsp;<strong>recursos, infraestrutura e conhecimento<\/strong>&nbsp;para que tenham plena capacidade de cuidar da sua menstrua\u00e7\u00e3o.<\/p>\n\n\n\n<blockquote class=\"wp-block-quote is-layout-flow wp-block-quote-is-layout-flow\"><p>De acordo com dados da Organiza\u00e7\u00e3o das Na\u00e7\u00f5es Unidas (ONU), no Brasil, 25% das meninas entre 12 e 19 anos deixaram de ir \u00e0 aula alguma vez por n\u00e3o ter absorventes.<\/p><\/blockquote>\n\n\n\n<p>Faltam absorventes e informa\u00e7\u00e3o: segundo um relat\u00f3rio da Unicef, mais de 60% das meninas, em todo o mundo, n\u00e3o s\u00e3o suficientemente informadas sobre a menstrua\u00e7\u00e3o, o que pode tornar traumatizante os primeiros ciclos.<\/p>\n\n\n\n<p>Segundo especialistas, muitas pessoas em situa\u00e7\u00e3o de pobreza menstrual n\u00e3o conseguem realizar de tr\u00eas a seis trocas di\u00e1rias de absorventes, conforme a indica\u00e7\u00e3o de ginecologistas, permanecendo com o mesmo absorvente por muitas horas.<\/p>\n\n\n\n<blockquote class=\"wp-block-quote is-layout-flow wp-block-quote-is-layout-flow\"><p>Com um ciclo menstrual com dura\u00e7\u00e3o de cinco dias a uma semana, uma menina pode gastar de R$ 10 a R$ 15 por m\u00eas apenas com absorventes.&nbsp;<a href=\"https:\/\/g1.globo.com\/fantastico\/noticia\/2021\/05\/02\/uma-em-cada-quatro-jovens-ja-faltou-aula-por-nao-poder-comprar-absorvente-diz-antropologa.ghtml\">Uma em cada quatro jovens j\u00e1 faltou a aula por n\u00e3o poder comprar absorvente, aponta a antrop\u00f3loga<\/a>&nbsp;Mirian Goldenberg, pesquisadora da Universidade Federal do Rio de Janeiro.<\/p><\/blockquote>\n\n\n\n<h2 class=\"wp-block-heading\">2 &#8211; O que previa o projeto de lei?<\/h2>\n\n\n\n<p>Na proposta, os itens b\u00e1sicos de higiene deveriam ser distribu\u00eddos para estudantes de baixa renda de escolas p\u00fablicas e pessoas em situa\u00e7\u00e3o de rua ou de vulnerabilidade extrema. Deveriam ser beneficiadas:<\/p>\n\n\n\n<ul class=\"wp-block-list\"><li>estudantes de baixa renda matriculadas em escolas da rede p\u00fablica de ensino;<\/li><li>pessoas em situa\u00e7\u00e3o de rua ou em situa\u00e7\u00e3o de vulnerabilidade social extrema;<\/li><li>pessoas apreendidas e presidi\u00e1rias, recolhidas em unidades do sistema penal; e<\/li><li>pessoas internadas em unidades para cumprimento de medida socioeducativa.<\/li><\/ul>\n\n\n\n<p>Na decis\u00e3o do veto, Bolsonaro argumenta que o texto do projeto n\u00e3o estabeleceu fonte de custeio. O texto aprovado previa que o dinheiro viria dos recursos destinados pela Uni\u00e3o ao Sistema \u00danico de Sa\u00fade (SUS) \u2013 e, no caso das presidi\u00e1rias, do Fundo Penitenci\u00e1rio Nacional.<\/p>\n\n\n\n<figure class=\"wp-block-image\"><img data-recalc-dims=\"1\" decoding=\"async\" src=\"https:\/\/i0.wp.com\/s03.video.glbimg.com\/x240\/9482406.jpg?w=600&#038;ssl=1\" alt=\"Pobreza menstrual: mulheres precisam de atendimento de emerg\u00eancia ap\u00f3s improviso com miolo\"\/><\/figure>\n\n\n\n<p>&#8211;:&#8211;\/&#8211;:&#8211;<\/p>\n\n\n\n<p>Pobreza menstrual: mulheres precisam de atendimento de emerg\u00eancia ap\u00f3s improviso com miolo<\/p>\n\n\n\n<h2 class=\"wp-block-heading\">3 &#8211; Como combater a pobreza menstrual?<\/h2>\n\n\n\n<p>O presidente da Federa\u00e7\u00e3o Brasileira das Associa\u00e7\u00f5es de Ginecologia e Obstetr\u00edcia (Febrasgo), Agnaldo Lopes, lembra que, ainda hoje, o tema da menstrua\u00e7\u00e3o continua sendo um tabu na sociedade.<\/p>\n\n\n\n<blockquote class=\"wp-block-quote is-layout-flow wp-block-quote-is-layout-flow\"><p>&#8220;Algo absolutamente fisiol\u00f3gico, mas muitas pessoas t\u00eam dificuldade de falar sobre isso. Precisamos levar informa\u00e7\u00e3o. (&#8230;) Outro aspecto importante \u00e9 lutarmos em todas as esferas para garantir acesso a condi\u00e7\u00f5es adequadas de higiene e controle da menstrua\u00e7\u00e3o, desde condi\u00e7\u00f5es sanit\u00e1rias a at\u00e9 produtos adequados, por uma quest\u00e3o de dignidade e de inclus\u00e3o&#8221;, defende Agnaldo Lopes.<\/p><\/blockquote>\n\n\n\n<p>&#8220;Isso deveria ser oferecido gratuitamente \u00e0s pessoas&#8221;, afirma o presidente da federa\u00e7\u00e3o.<\/p>\n\n\n\n<p>Al\u00e9m de projetos estaduais e municipais, h\u00e1&nbsp;<a href=\"https:\/\/g1.globo.com\/pr\/parana\/noticia\/2021\/10\/07\/entidade-reage-apos-bolsonaro-vetar-distribuicao-de-absorvente-milhares-sao-obrigadas-a-usar-itens-improvisados.ghtml\">coletivos como o Igualdade Menstrual, que foi criado em mar\u00e7o de 2020 e j\u00e1 distribuiu mais de 200 mil absorventes<\/a>&nbsp;para pessoas em situa\u00e7\u00e3o de vulnerabilidade social em Curitiba e tamb\u00e9m na Regi\u00e3o Metropolitana de capital.<\/p>\n\n\n\n<p>&#8220;Assegurar a sa\u00fade e a dignidade da popula\u00e7\u00e3o \u00e9 dever do governo. Estamos fazendo o que o governo deveria fazer&#8221;, afirma Andressa Carmo, coordenadora do coletivo.<\/p>\n\n\n\n<ul class=\"wp-block-list\"><li><a href=\"https:\/\/g1.globo.com\/ce\/ceara\/noticia\/2021\/10\/07\/distribuicao-gratuita-de-absorventes-programa-no-ceara-fornece-produto-para-alunas-da-rede-publica.ghtml\">Cear\u00e1 fornece absorventes para alunas da rede p\u00fablica<\/a><\/li><li><a href=\"https:\/\/g1.globo.com\/es\/espirito-santo\/noticia\/2021\/10\/07\/programa-do-es-arrecada-absorventes-e-itens-de-higiene-para-mulheres-e-meninas.ghtml\">Programa do ES arrecada absorventes e itens de higiene<\/a><\/li><li><a href=\"https:\/\/g1.globo.com\/pb\/paraiba\/noticia\/2021\/10\/07\/paraiba-tem-lei-que-garante-absorventes-para-quem-precisa-entenda-como-vai-ser-a-distribuicao.ghtml\">Para\u00edba tem lei que garante absorventes para quem precisa<\/a><\/li><li><a href=\"https:\/\/g1.globo.com\/mg\/minas-gerais\/noticia\/2021\/09\/06\/minas-sanciona-lei-que-garante-absorventes-a-mulheres-em-situacao-de-vulnerabilidade.ghtml\">Minas sanciona lei que garante absorventes a mulheres em situa\u00e7\u00e3o de vulnerabilidade<\/a><\/li><li><a href=\"https:\/\/g1.globo.com\/pr\/campos-gerais-sul\/noticia\/2021\/09\/25\/guarapuava-sanciona-lei-de-distribuicao-de-absorventes-intimos-para-mulheres-em-vulnerabilidade-social.ghtml\">Guarapuava sanciona lei de distribui\u00e7\u00e3o de absorventes \u00edntimos<\/a><\/li><\/ul>\n\n\n\n<figure class=\"wp-block-image\"><img data-recalc-dims=\"1\" decoding=\"async\" src=\"https:\/\/i0.wp.com\/s03.video.glbimg.com\/x240\/8388466.jpg?w=600&#038;ssl=1\" alt=\"Universit\u00e1ria cria absorvente sustent\u00e1vel para moradores de rua\"\/><\/figure>\n\n\n\n<p>&#8211;:&#8211;\/&#8211;:&#8211;<\/p>\n\n\n\n<p>Universit\u00e1ria cria absorvente sustent\u00e1vel para moradores de rua<\/p>\n\n\n\n<h2 class=\"wp-block-heading\">Como o veto foi recebido na sociedade?<\/h2>\n\n\n\n<p>A rea\u00e7\u00e3o de mulheres foi de cr\u00edticas \u00e0 medida, apontada como um retrocesso.<\/p>\n\n\n\n<figure class=\"wp-block-image\"><img data-recalc-dims=\"1\" decoding=\"async\" src=\"https:\/\/i0.wp.com\/s01.video.glbimg.com\/x240\/9482320.jpg?w=600&#038;ssl=1\" alt=\"Uma em cada quatro jovens j\u00e1 faltou a aula por n\u00e3o poder comprar o absorvente\"\/><\/figure>\n\n\n\n<p>Uma em cada quatro jovens j\u00e1 faltou a aula por n\u00e3o poder comprar o absorvente<\/p>\n\n\n\n<p><strong>Profiss\u00e3o Rep\u00f3rter:&nbsp;<\/strong><a href=\"https:\/\/g1.globo.com\/profissao-reporter\/noticia\/2019\/06\/28\/com-poucas-informacoes-menstruacao-e-assunto-raro-entre-jovens-brasileiros.ghtml\">com poucas informa\u00e7\u00f5es, menstrua\u00e7\u00e3o \u00e9 assunto raro entre jovens brasileiros<\/a><\/p>\n\n\n\n<figure class=\"wp-block-image\"><img data-recalc-dims=\"1\" decoding=\"async\" src=\"https:\/\/i0.wp.com\/s01.video.glbimg.com\/x240\/7727516.jpg?w=600&#038;ssl=1\" alt=\"Com poucas informa\u00e7\u00f5es, menstrua\u00e7\u00e3o \u00e9 assunto raro entre jovens brasileiros\"\/><\/figure>\n\n\n\n<p>Com poucas informa\u00e7\u00f5es, menstrua\u00e7\u00e3o \u00e9 assunto raro entre jovens brasileiros<\/p>\n","protected":false},"excerpt":{"rendered":"<p>Pessoas em situa\u00e7\u00e3o de vulnerabilidade social usam at\u00e9 mesmo miolo de p\u00e3o como absorvente; veto \u00e0 distribui\u00e7\u00e3o gratuita foi publicado nesta quinta (7).<\/p>\n","protected":false},"author":1,"featured_media":0,"comment_status":"closed","ping_status":"open","sticky":false,"template":"","format":"standard","meta":{"_exactmetrics_skip_tracking":false,"_exactmetrics_sitenote_active":false,"_exactmetrics_sitenote_note":"","_exactmetrics_sitenote_category":0,"jetpack_post_was_ever_published":false,"_jetpack_newsletter_access":"","_jetpack_dont_email_post_to_subs":false,"_jetpack_newsletter_tier_id":0,"_jetpack_memberships_contains_paywalled_content":false,"_jetpack_memberships_contains_paid_content":false,"footnotes":"","jetpack_publicize_message":"","jetpack_publicize_feature_enabled":true,"jetpack_social_post_already_shared":true,"jetpack_social_options":{"image_generator_settings":{"template":"highway","enabled":false},"version":2}},"categories":[1],"tags":[],"class_list":["post-32896","post","type-post","status-publish","format-standard","hentry","category-notas"],"jetpack_publicize_connections":[],"jetpack_sharing_enabled":true,"jetpack_featured_media_url":"","jetpack_shortlink":"https:\/\/wp.me\/p7wKYW-8yA","jetpack-related-posts":[],"_links":{"self":[{"href":"http:\/\/blogdalucianaoliveira.com.br\/blog\/wp-json\/wp\/v2\/posts\/32896","targetHints":{"allow":["GET"]}}],"collection":[{"href":"http:\/\/blogdalucianaoliveira.com.br\/blog\/wp-json\/wp\/v2\/posts"}],"about":[{"href":"http:\/\/blogdalucianaoliveira.com.br\/blog\/wp-json\/wp\/v2\/types\/post"}],"author":[{"embeddable":true,"href":"http:\/\/blogdalucianaoliveira.com.br\/blog\/wp-json\/wp\/v2\/users\/1"}],"replies":[{"embeddable":true,"href":"http:\/\/blogdalucianaoliveira.com.br\/blog\/wp-json\/wp\/v2\/comments?post=32896"}],"version-history":[{"count":3,"href":"http:\/\/blogdalucianaoliveira.com.br\/blog\/wp-json\/wp\/v2\/posts\/32896\/revisions"}],"predecessor-version":[{"id":32899,"href":"http:\/\/blogdalucianaoliveira.com.br\/blog\/wp-json\/wp\/v2\/posts\/32896\/revisions\/32899"}],"wp:attachment":[{"href":"http:\/\/blogdalucianaoliveira.com.br\/blog\/wp-json\/wp\/v2\/media?parent=32896"}],"wp:term":[{"taxonomy":"category","embeddable":true,"href":"http:\/\/blogdalucianaoliveira.com.br\/blog\/wp-json\/wp\/v2\/categories?post=32896"},{"taxonomy":"post_tag","embeddable":true,"href":"http:\/\/blogdalucianaoliveira.com.br\/blog\/wp-json\/wp\/v2\/tags?post=32896"}],"curies":[{"name":"wp","href":"https:\/\/api.w.org\/{rel}","templated":true}]}}