{"id":32900,"date":"2021-10-08T13:53:25","date_gmt":"2021-10-08T17:53:25","guid":{"rendered":"http:\/\/blogdalucianaoliveira.com.br\/blog\/?p=32900"},"modified":"2021-10-08T13:53:30","modified_gmt":"2021-10-08T17:53:30","slug":"saneamento-concessoes-para-o-setor-privado-geram-desconfianca","status":"publish","type":"post","link":"http:\/\/blogdalucianaoliveira.com.br\/blog\/2021\/10\/08\/saneamento-concessoes-para-o-setor-privado-geram-desconfianca\/","title":{"rendered":"Saneamento: concess\u00f5es para o setor privado geram desconfian\u00e7a"},"content":{"rendered":"\n<figure class=\"wp-block-image size-large\"><img loading=\"lazy\" decoding=\"async\" width=\"1280\" height=\"720\" data-attachment-id=\"32901\" data-permalink=\"http:\/\/blogdalucianaoliveira.com.br\/blog\/2021\/10\/08\/saneamento-concessoes-para-o-setor-privado-geram-desconfianca\/32d2d05d-c069-4913-a699-49fd641bca34\/\" data-orig-file=\"https:\/\/i0.wp.com\/blogdalucianaoliveira.com.br\/blog\/wp-content\/uploads\/2021\/10\/32D2D05D-C069-4913-A699-49FD641BCA34.jpeg?fit=1280%2C720\" data-orig-size=\"1280,720\" data-comments-opened=\"0\" data-image-meta=\"{&quot;aperture&quot;:&quot;0&quot;,&quot;credit&quot;:&quot;&quot;,&quot;camera&quot;:&quot;&quot;,&quot;caption&quot;:&quot;&quot;,&quot;created_timestamp&quot;:&quot;0&quot;,&quot;copyright&quot;:&quot;&quot;,&quot;focal_length&quot;:&quot;0&quot;,&quot;iso&quot;:&quot;0&quot;,&quot;shutter_speed&quot;:&quot;0&quot;,&quot;title&quot;:&quot;&quot;,&quot;orientation&quot;:&quot;0&quot;}\" data-image-title=\"32D2D05D-C069-4913-A699-49FD641BCA34\" data-image-description=\"\" data-image-caption=\"\" data-medium-file=\"https:\/\/i0.wp.com\/blogdalucianaoliveira.com.br\/blog\/wp-content\/uploads\/2021\/10\/32D2D05D-C069-4913-A699-49FD641BCA34.jpeg?fit=300%2C169\" data-large-file=\"https:\/\/i0.wp.com\/blogdalucianaoliveira.com.br\/blog\/wp-content\/uploads\/2021\/10\/32D2D05D-C069-4913-A699-49FD641BCA34.jpeg?fit=600%2C338\" src=\"https:\/\/i2.wp.com\/blogdalucianaoliveira.com.br\/blog\/wp-content\/uploads\/2021\/10\/32D2D05D-C069-4913-A699-49FD641BCA34.jpeg?fit=600%2C338\" alt=\"\" class=\"wp-image-32901\" srcset=\"https:\/\/i0.wp.com\/blogdalucianaoliveira.com.br\/blog\/wp-content\/uploads\/2021\/10\/32D2D05D-C069-4913-A699-49FD641BCA34.jpeg?w=1280 1280w, https:\/\/i0.wp.com\/blogdalucianaoliveira.com.br\/blog\/wp-content\/uploads\/2021\/10\/32D2D05D-C069-4913-A699-49FD641BCA34.jpeg?resize=300%2C169 300w, https:\/\/i0.wp.com\/blogdalucianaoliveira.com.br\/blog\/wp-content\/uploads\/2021\/10\/32D2D05D-C069-4913-A699-49FD641BCA34.jpeg?resize=1024%2C576 1024w, https:\/\/i0.wp.com\/blogdalucianaoliveira.com.br\/blog\/wp-content\/uploads\/2021\/10\/32D2D05D-C069-4913-A699-49FD641BCA34.jpeg?resize=768%2C432 768w, https:\/\/i0.wp.com\/blogdalucianaoliveira.com.br\/blog\/wp-content\/uploads\/2021\/10\/32D2D05D-C069-4913-A699-49FD641BCA34.jpeg?resize=533%2C300 533w, https:\/\/i0.wp.com\/blogdalucianaoliveira.com.br\/blog\/wp-content\/uploads\/2021\/10\/32D2D05D-C069-4913-A699-49FD641BCA34.jpeg?w=1200 1200w\" sizes=\"auto, (max-width: 600px) 100vw, 600px\" \/><\/figure>\n\n\n\n<p>H\u00e1 pouco mais de um ano foi aprovado o Novo Marco Legal do Saneamento no Brasil que promete \u00e1gua pot\u00e1vel com coleta e tratamento de esgoto para 99% da popula\u00e7\u00e3o at\u00e9 31 de dezembro de 2033. De Porto Velho, Rond\u00f4nia, mostramos um pouco da realidade e da expectativa com a agenda de concess\u00f5es dos servi\u00e7os de \u00e1gua e esgoto para a iniciativa privada. <br><\/p>\n\n\n\n<p>Reportagem: Luciana Oliveira. Edi\u00e7\u00e3o: Luciana Oliveira e Felipe Gon\u00e7alves.<\/p>\n","protected":false},"excerpt":{"rendered":"<p>H\u00e1 pouco mais de um ano foi aprovado o Novo Marco Legal do Saneamento no Brasil que promete \u00e1gua pot\u00e1vel com coleta e tratamento de esgoto para 99% da popula\u00e7\u00e3o at\u00e9 31 de dezembro de 2033. De Porto Velho, Rond\u00f4nia, mostramos um pouco da realidade e da expectativa com a agenda de concess\u00f5es dos servi\u00e7os&#8230;<a class=\"more-link\" href=\"http:\/\/blogdalucianaoliveira.com.br\/blog\/2021\/10\/08\/saneamento-concessoes-para-o-setor-privado-geram-desconfianca\/\">Continue a leitura <span class=\"meta-nav\">&raquo;<\/span><\/a><\/p>\n","protected":false},"author":1,"featured_media":0,"comment_status":"closed","ping_status":"open","sticky":false,"template":"","format":"standard","meta":{"_exactmetrics_skip_tracking":false,"_exactmetrics_sitenote_active":false,"_exactmetrics_sitenote_note":"","_exactmetrics_sitenote_category":0,"jetpack_post_was_ever_published":false,"_jetpack_newsletter_access":"","_jetpack_dont_email_post_to_subs":false,"_jetpack_newsletter_tier_id":0,"_jetpack_memberships_contains_paywalled_content":false,"_jetpack_memberships_contains_paid_content":false,"footnotes":"","jetpack_publicize_message":"","jetpack_publicize_feature_enabled":true,"jetpack_social_post_already_shared":true,"jetpack_social_options":{"image_generator_settings":{"template":"highway","enabled":false},"version":2}},"categories":[1],"tags":[],"class_list":["post-32900","post","type-post","status-publish","format-standard","hentry","category-notas"],"jetpack_publicize_connections":[],"jetpack_sharing_enabled":true,"jetpack_featured_media_url":"","jetpack_shortlink":"https:\/\/wp.me\/p7wKYW-8yE","jetpack-related-posts":[],"_links":{"self":[{"href":"http:\/\/blogdalucianaoliveira.com.br\/blog\/wp-json\/wp\/v2\/posts\/32900","targetHints":{"allow":["GET"]}}],"collection":[{"href":"http:\/\/blogdalucianaoliveira.com.br\/blog\/wp-json\/wp\/v2\/posts"}],"about":[{"href":"http:\/\/blogdalucianaoliveira.com.br\/blog\/wp-json\/wp\/v2\/types\/post"}],"author":[{"embeddable":true,"href":"http:\/\/blogdalucianaoliveira.com.br\/blog\/wp-json\/wp\/v2\/users\/1"}],"replies":[{"embeddable":true,"href":"http:\/\/blogdalucianaoliveira.com.br\/blog\/wp-json\/wp\/v2\/comments?post=32900"}],"version-history":[{"count":1,"href":"http:\/\/blogdalucianaoliveira.com.br\/blog\/wp-json\/wp\/v2\/posts\/32900\/revisions"}],"predecessor-version":[{"id":32902,"href":"http:\/\/blogdalucianaoliveira.com.br\/blog\/wp-json\/wp\/v2\/posts\/32900\/revisions\/32902"}],"wp:attachment":[{"href":"http:\/\/blogdalucianaoliveira.com.br\/blog\/wp-json\/wp\/v2\/media?parent=32900"}],"wp:term":[{"taxonomy":"category","embeddable":true,"href":"http:\/\/blogdalucianaoliveira.com.br\/blog\/wp-json\/wp\/v2\/categories?post=32900"},{"taxonomy":"post_tag","embeddable":true,"href":"http:\/\/blogdalucianaoliveira.com.br\/blog\/wp-json\/wp\/v2\/tags?post=32900"}],"curies":[{"name":"wp","href":"https:\/\/api.w.org\/{rel}","templated":true}]}}