{"id":32903,"date":"2021-10-13T08:37:00","date_gmt":"2021-10-13T12:37:00","guid":{"rendered":"http:\/\/blogdalucianaoliveira.com.br\/blog\/?p=32903"},"modified":"2021-10-13T08:37:07","modified_gmt":"2021-10-13T12:37:07","slug":"ruralistas-entregam-ao-governo-documento-com-propostas-para-a-cop-26","status":"publish","type":"post","link":"http:\/\/blogdalucianaoliveira.com.br\/blog\/2021\/10\/13\/ruralistas-entregam-ao-governo-documento-com-propostas-para-a-cop-26\/","title":{"rendered":"Ruralistas entregam ao governo documento com propostas para a COP-26"},"content":{"rendered":"\n<figure class=\"wp-block-image size-large\"><img data-recalc-dims=\"1\" loading=\"lazy\" decoding=\"async\" width=\"600\" height=\"418\" data-attachment-id=\"32904\" data-permalink=\"http:\/\/blogdalucianaoliveira.com.br\/blog\/2021\/10\/13\/ruralistas-entregam-ao-governo-documento-com-propostas-para-a-cop-26\/f8d84a3d-9951-43ee-b44c-8a4c9226d31f\/\" data-orig-file=\"https:\/\/i0.wp.com\/blogdalucianaoliveira.com.br\/blog\/wp-content\/uploads\/2021\/10\/F8D84A3D-9951-43EE-B44C-8A4C9226D31F.jpeg?fit=650%2C453\" data-orig-size=\"650,453\" data-comments-opened=\"0\" data-image-meta=\"{&quot;aperture&quot;:&quot;0&quot;,&quot;credit&quot;:&quot;&quot;,&quot;camera&quot;:&quot;&quot;,&quot;caption&quot;:&quot;&quot;,&quot;created_timestamp&quot;:&quot;0&quot;,&quot;copyright&quot;:&quot;&quot;,&quot;focal_length&quot;:&quot;0&quot;,&quot;iso&quot;:&quot;0&quot;,&quot;shutter_speed&quot;:&quot;0&quot;,&quot;title&quot;:&quot;&quot;,&quot;orientation&quot;:&quot;0&quot;}\" data-image-title=\"F8D84A3D-9951-43EE-B44C-8A4C9226D31F\" data-image-description=\"\" data-image-caption=\"\" data-medium-file=\"https:\/\/i0.wp.com\/blogdalucianaoliveira.com.br\/blog\/wp-content\/uploads\/2021\/10\/F8D84A3D-9951-43EE-B44C-8A4C9226D31F.jpeg?fit=300%2C209\" data-large-file=\"https:\/\/i0.wp.com\/blogdalucianaoliveira.com.br\/blog\/wp-content\/uploads\/2021\/10\/F8D84A3D-9951-43EE-B44C-8A4C9226D31F.jpeg?fit=600%2C418\" src=\"https:\/\/i0.wp.com\/blogdalucianaoliveira.com.br\/blog\/wp-content\/uploads\/2021\/10\/F8D84A3D-9951-43EE-B44C-8A4C9226D31F.jpeg?resize=600%2C418\" alt=\"\" class=\"wp-image-32904\" srcset=\"https:\/\/i0.wp.com\/blogdalucianaoliveira.com.br\/blog\/wp-content\/uploads\/2021\/10\/F8D84A3D-9951-43EE-B44C-8A4C9226D31F.jpeg?w=650 650w, https:\/\/i0.wp.com\/blogdalucianaoliveira.com.br\/blog\/wp-content\/uploads\/2021\/10\/F8D84A3D-9951-43EE-B44C-8A4C9226D31F.jpeg?resize=300%2C209 300w, https:\/\/i0.wp.com\/blogdalucianaoliveira.com.br\/blog\/wp-content\/uploads\/2021\/10\/F8D84A3D-9951-43EE-B44C-8A4C9226D31F.jpeg?resize=430%2C300 430w\" sizes=\"auto, (max-width: 600px) 100vw, 600px\" \/><\/figure>\n\n\n\n<p>Veja &#8211; Principal entidade ruralista do pa\u00eds, a Confedera\u00e7\u00e3o da Agricultura e Pecu\u00e1ria do Brasil entregou recentemente a ministros do governo de Jair Bolsonaro um documento de 16 p\u00e1ginas com o posicionamento do setor agropecu\u00e1rio para a 26\u00aa Confer\u00eancia das Na\u00e7\u00f5es Unidas sobre Mudan\u00e7as Clim\u00e1ticas, que ocorrer\u00e1 em Glasgow, na Esc\u00f3cia, no in\u00edcio de novembro.<\/p>\n\n\n\n<!--more-->\n\n\n\n<p>A entidade estabelece cinco eixos para a estrat\u00e9gia brasileira na COP-26: \u201cDefini\u00e7\u00f5es objetivas sobre mercado de carbono; ado\u00e7\u00e3o do plano de a\u00e7\u00e3o para agricultura resultado das negocia\u00e7\u00f5es de Koron\u00edvia; financiamento para cumprimento do acordo de Paris; mecanismos focados em adapta\u00e7\u00e3o; e produ\u00e7\u00e3o e preserva\u00e7\u00e3o pautadas pela ci\u00eancia e legalidade\u201d.<\/p>\n\n\n\n<p>O documento cita sete vezes a quest\u00e3o do desmatamento como um desafio a ser vencido pelo pa\u00eds, destaca o c\u00f3digo florestal e outras a\u00e7\u00f5es do setor no campo da sustentabilidade.<\/p>\n\n\n\n<p>\u201cApesar de o Brasil contribuir com apenas 2,8% das emiss\u00f5es globais e n\u00e3o possuir o hist\u00f3rico de emiss\u00f5es de Gases de Efeito Estufa como os pa\u00edses desenvolvidos, recai sobre o pa\u00eds a responsabilidade de manter a maior cobertura vegetal tropical do planeta e de possuir uma agricultura tecnificada e pujante\u201d, diz a entidade.<\/p>\n\n\n\n<p>O texto foi entregue ao ministro do Meio Ambiente, Joaquim \u00c1lvaro Pereira Leite.<\/p>\n\n\n\n<p>Leia o documento:&nbsp;<a href=\"https:\/\/veja.abril.com.br\/wp-content\/uploads\/2021\/10\/Posicionamento-CNA-COP-26.pdf\">Posicionamento-CNA-COP-26<\/a><\/p>\n","protected":false},"excerpt":{"rendered":"<p>Veja &#8211; Principal entidade ruralista do pa\u00eds, a Confedera\u00e7\u00e3o da Agricultura e Pecu\u00e1ria do Brasil entregou recentemente a ministros do governo de Jair Bolsonaro um documento de 16 p\u00e1ginas com o posicionamento do setor agropecu\u00e1rio para a 26\u00aa Confer\u00eancia das Na\u00e7\u00f5es Unidas sobre Mudan\u00e7as Clim\u00e1ticas, que ocorrer\u00e1 em Glasgow, na Esc\u00f3cia, no in\u00edcio de novembro.<\/p>\n","protected":false},"author":1,"featured_media":0,"comment_status":"closed","ping_status":"open","sticky":false,"template":"","format":"standard","meta":{"_exactmetrics_skip_tracking":false,"_exactmetrics_sitenote_active":false,"_exactmetrics_sitenote_note":"","_exactmetrics_sitenote_category":0,"jetpack_post_was_ever_published":false,"_jetpack_newsletter_access":"","_jetpack_dont_email_post_to_subs":false,"_jetpack_newsletter_tier_id":0,"_jetpack_memberships_contains_paywalled_content":false,"_jetpack_memberships_contains_paid_content":false,"footnotes":"","jetpack_publicize_message":"","jetpack_publicize_feature_enabled":true,"jetpack_social_post_already_shared":true,"jetpack_social_options":{"image_generator_settings":{"template":"highway","enabled":false},"version":2}},"categories":[1],"tags":[],"class_list":["post-32903","post","type-post","status-publish","format-standard","hentry","category-notas"],"jetpack_publicize_connections":[],"jetpack_sharing_enabled":true,"jetpack_featured_media_url":"","jetpack_shortlink":"https:\/\/wp.me\/p7wKYW-8yH","jetpack-related-posts":[],"_links":{"self":[{"href":"http:\/\/blogdalucianaoliveira.com.br\/blog\/wp-json\/wp\/v2\/posts\/32903","targetHints":{"allow":["GET"]}}],"collection":[{"href":"http:\/\/blogdalucianaoliveira.com.br\/blog\/wp-json\/wp\/v2\/posts"}],"about":[{"href":"http:\/\/blogdalucianaoliveira.com.br\/blog\/wp-json\/wp\/v2\/types\/post"}],"author":[{"embeddable":true,"href":"http:\/\/blogdalucianaoliveira.com.br\/blog\/wp-json\/wp\/v2\/users\/1"}],"replies":[{"embeddable":true,"href":"http:\/\/blogdalucianaoliveira.com.br\/blog\/wp-json\/wp\/v2\/comments?post=32903"}],"version-history":[{"count":1,"href":"http:\/\/blogdalucianaoliveira.com.br\/blog\/wp-json\/wp\/v2\/posts\/32903\/revisions"}],"predecessor-version":[{"id":32905,"href":"http:\/\/blogdalucianaoliveira.com.br\/blog\/wp-json\/wp\/v2\/posts\/32903\/revisions\/32905"}],"wp:attachment":[{"href":"http:\/\/blogdalucianaoliveira.com.br\/blog\/wp-json\/wp\/v2\/media?parent=32903"}],"wp:term":[{"taxonomy":"category","embeddable":true,"href":"http:\/\/blogdalucianaoliveira.com.br\/blog\/wp-json\/wp\/v2\/categories?post=32903"},{"taxonomy":"post_tag","embeddable":true,"href":"http:\/\/blogdalucianaoliveira.com.br\/blog\/wp-json\/wp\/v2\/tags?post=32903"}],"curies":[{"name":"wp","href":"https:\/\/api.w.org\/{rel}","templated":true}]}}