{"id":32906,"date":"2021-10-13T21:17:23","date_gmt":"2021-10-14T01:17:23","guid":{"rendered":"http:\/\/blogdalucianaoliveira.com.br\/blog\/?p=32906"},"modified":"2021-10-13T21:45:45","modified_gmt":"2021-10-14T01:45:45","slug":"no-brasil-247-2","status":"publish","type":"post","link":"http:\/\/blogdalucianaoliveira.com.br\/blog\/2021\/10\/13\/no-brasil-247-2\/","title":{"rendered":"No Brasil 247"},"content":{"rendered":"\n<figure class=\"wp-block-image size-large\"><img loading=\"lazy\" decoding=\"async\" width=\"1280\" height=\"720\" data-attachment-id=\"32907\" data-permalink=\"http:\/\/blogdalucianaoliveira.com.br\/blog\/2021\/10\/13\/no-brasil-247-2\/d5c44760-5a92-42f2-9668-e9029896cd7b\/\" data-orig-file=\"https:\/\/i0.wp.com\/blogdalucianaoliveira.com.br\/blog\/wp-content\/uploads\/2021\/10\/D5C44760-5A92-42F2-9668-E9029896CD7B.jpeg?fit=1280%2C720\" data-orig-size=\"1280,720\" data-comments-opened=\"0\" data-image-meta=\"{&quot;aperture&quot;:&quot;0&quot;,&quot;credit&quot;:&quot;&quot;,&quot;camera&quot;:&quot;&quot;,&quot;caption&quot;:&quot;&quot;,&quot;created_timestamp&quot;:&quot;0&quot;,&quot;copyright&quot;:&quot;&quot;,&quot;focal_length&quot;:&quot;0&quot;,&quot;iso&quot;:&quot;0&quot;,&quot;shutter_speed&quot;:&quot;0&quot;,&quot;title&quot;:&quot;&quot;,&quot;orientation&quot;:&quot;0&quot;}\" data-image-title=\"D5C44760-5A92-42F2-9668-E9029896CD7B\" data-image-description=\"\" data-image-caption=\"\" data-medium-file=\"https:\/\/i0.wp.com\/blogdalucianaoliveira.com.br\/blog\/wp-content\/uploads\/2021\/10\/D5C44760-5A92-42F2-9668-E9029896CD7B.jpeg?fit=300%2C169\" data-large-file=\"https:\/\/i0.wp.com\/blogdalucianaoliveira.com.br\/blog\/wp-content\/uploads\/2021\/10\/D5C44760-5A92-42F2-9668-E9029896CD7B.jpeg?fit=600%2C338\" src=\"https:\/\/i0.wp.com\/blogdalucianaoliveira.com.br\/blog\/wp-content\/uploads\/2021\/10\/D5C44760-5A92-42F2-9668-E9029896CD7B.jpeg?fit=600%2C338\" alt=\"\" class=\"wp-image-32907\" srcset=\"https:\/\/i0.wp.com\/blogdalucianaoliveira.com.br\/blog\/wp-content\/uploads\/2021\/10\/D5C44760-5A92-42F2-9668-E9029896CD7B.jpeg?w=1280 1280w, https:\/\/i0.wp.com\/blogdalucianaoliveira.com.br\/blog\/wp-content\/uploads\/2021\/10\/D5C44760-5A92-42F2-9668-E9029896CD7B.jpeg?resize=300%2C169 300w, https:\/\/i0.wp.com\/blogdalucianaoliveira.com.br\/blog\/wp-content\/uploads\/2021\/10\/D5C44760-5A92-42F2-9668-E9029896CD7B.jpeg?resize=1024%2C576 1024w, https:\/\/i0.wp.com\/blogdalucianaoliveira.com.br\/blog\/wp-content\/uploads\/2021\/10\/D5C44760-5A92-42F2-9668-E9029896CD7B.jpeg?resize=768%2C432 768w, https:\/\/i0.wp.com\/blogdalucianaoliveira.com.br\/blog\/wp-content\/uploads\/2021\/10\/D5C44760-5A92-42F2-9668-E9029896CD7B.jpeg?resize=533%2C300 533w, https:\/\/i0.wp.com\/blogdalucianaoliveira.com.br\/blog\/wp-content\/uploads\/2021\/10\/D5C44760-5A92-42F2-9668-E9029896CD7B.jpeg?w=1200 1200w\" sizes=\"auto, (max-width: 600px) 100vw, 600px\" \/><\/figure>\n\n\n\n<p>Por Luciana Oliveira &#8211; Ind\u00edgenas do Povo Paiter Surui, que vivem em Rond\u00f4nia, no Norte do Brasil, fizeram hist\u00f3ria ao escolher seu cacique geral atrav\u00e9s do voto, em vez de seguir o curso da tradi\u00e7\u00e3o, que passa a lideran\u00e7a da aldeia de pai para filho. <br><\/p>\n\n\n\n<!--more-->\n\n\n\n<p>922 ind\u00edgenas de 28 aldeias, incluindo adolescentes a partir de 15 anos, entraram na fila para votar em urnas cedidas pelo Tribunal Regional Eleitoral. Almir Surui, uma das lideran\u00e7as ind\u00edgenas da Amaz\u00f4nia de maior proje\u00e7\u00e3o internacional do Pa\u00eds, foi eleito com mais de 50% dos votos v\u00e1lidos. Reportagem: Luciana Oliveira: Edi\u00e7\u00e3o: Luciana Oliveira e Felipe Gon\u00e7alves. Imagens a\u00e9reas: Ra\u00edssa Dourado. Fotos: Adriano Pawah Surui, Rodrigo Gawanan Surui, NaraiAgoteme Surui, Celso Lamitxab Surui e Ubiratan Surui.<\/p>\n\n\n\n<p><\/p>\n\n\n\n<p>confira a reportagem:<\/p>\n\n\n\n<p><\/p>\n\n\n\n<figure class=\"wp-block-embed-youtube wp-block-embed is-type-video is-provider-youtube wp-embed-aspect-16-9 wp-has-aspect-ratio\"><div class=\"wp-block-embed__wrapper\">\n<div class=\"jetpack-video-wrapper\"><iframe loading=\"lazy\" title=\"Povo ind\u00edgena Paiter Surui inova com elei\u00e7\u00e3o de cacique\" width=\"600\" height=\"338\" src=\"https:\/\/www.youtube.com\/embed\/RO3OE13Dh9Q?feature=oembed\" frameborder=\"0\" allow=\"accelerometer; autoplay; clipboard-write; encrypted-media; gyroscope; picture-in-picture; web-share\" referrerpolicy=\"strict-origin-when-cross-origin\" allowfullscreen><\/iframe><\/div>\n<\/div><\/figure>\n","protected":false},"excerpt":{"rendered":"<p>Por Luciana Oliveira &#8211; Ind\u00edgenas do Povo Paiter Surui, que vivem em Rond\u00f4nia, no Norte do Brasil, fizeram hist\u00f3ria ao escolher seu cacique geral atrav\u00e9s do voto, em vez de seguir o curso da tradi\u00e7\u00e3o, que passa a lideran\u00e7a da aldeia de pai para filho.<\/p>\n","protected":false},"author":1,"featured_media":0,"comment_status":"closed","ping_status":"open","sticky":false,"template":"","format":"standard","meta":{"_exactmetrics_skip_tracking":false,"_exactmetrics_sitenote_active":false,"_exactmetrics_sitenote_note":"","_exactmetrics_sitenote_category":0,"jetpack_post_was_ever_published":false,"_jetpack_newsletter_access":"","_jetpack_dont_email_post_to_subs":false,"_jetpack_newsletter_tier_id":0,"_jetpack_memberships_contains_paywalled_content":false,"_jetpack_memberships_contains_paid_content":false,"footnotes":"","jetpack_publicize_message":"","jetpack_publicize_feature_enabled":true,"jetpack_social_post_already_shared":true,"jetpack_social_options":{"image_generator_settings":{"template":"highway","enabled":false},"version":2}},"categories":[1],"tags":[511,612,203,610,609],"class_list":["post-32906","post","type-post","status-publish","format-standard","hentry","category-notas","tag-almir-surui","tag-caciwue","tag-eleicao","tag-paoter","tag-surui"],"jetpack_publicize_connections":[],"jetpack_sharing_enabled":true,"jetpack_featured_media_url":"","jetpack_shortlink":"https:\/\/wp.me\/p7wKYW-8yK","jetpack-related-posts":[],"_links":{"self":[{"href":"http:\/\/blogdalucianaoliveira.com.br\/blog\/wp-json\/wp\/v2\/posts\/32906","targetHints":{"allow":["GET"]}}],"collection":[{"href":"http:\/\/blogdalucianaoliveira.com.br\/blog\/wp-json\/wp\/v2\/posts"}],"about":[{"href":"http:\/\/blogdalucianaoliveira.com.br\/blog\/wp-json\/wp\/v2\/types\/post"}],"author":[{"embeddable":true,"href":"http:\/\/blogdalucianaoliveira.com.br\/blog\/wp-json\/wp\/v2\/users\/1"}],"replies":[{"embeddable":true,"href":"http:\/\/blogdalucianaoliveira.com.br\/blog\/wp-json\/wp\/v2\/comments?post=32906"}],"version-history":[{"count":1,"href":"http:\/\/blogdalucianaoliveira.com.br\/blog\/wp-json\/wp\/v2\/posts\/32906\/revisions"}],"predecessor-version":[{"id":32908,"href":"http:\/\/blogdalucianaoliveira.com.br\/blog\/wp-json\/wp\/v2\/posts\/32906\/revisions\/32908"}],"wp:attachment":[{"href":"http:\/\/blogdalucianaoliveira.com.br\/blog\/wp-json\/wp\/v2\/media?parent=32906"}],"wp:term":[{"taxonomy":"category","embeddable":true,"href":"http:\/\/blogdalucianaoliveira.com.br\/blog\/wp-json\/wp\/v2\/categories?post=32906"},{"taxonomy":"post_tag","embeddable":true,"href":"http:\/\/blogdalucianaoliveira.com.br\/blog\/wp-json\/wp\/v2\/tags?post=32906"}],"curies":[{"name":"wp","href":"https:\/\/api.w.org\/{rel}","templated":true}]}}