{"id":32911,"date":"2021-10-18T09:30:41","date_gmt":"2021-10-18T13:30:41","guid":{"rendered":"http:\/\/blogdalucianaoliveira.com.br\/blog\/?p=32911"},"modified":"2021-10-18T09:30:47","modified_gmt":"2021-10-18T13:30:47","slug":"outubro-rosa-conheca-relacao-entre-agrotoxicos-e-o-cancer-que-mais-mata-mulheres-no-brasil","status":"publish","type":"post","link":"http:\/\/blogdalucianaoliveira.com.br\/blog\/2021\/10\/18\/outubro-rosa-conheca-relacao-entre-agrotoxicos-e-o-cancer-que-mais-mata-mulheres-no-brasil\/","title":{"rendered":"Outubro Rosa: conhe\u00e7a rela\u00e7\u00e3o entre agrot\u00f3xicos e o c\u00e2ncer que mais mata mulheres no Brasil"},"content":{"rendered":"\n<figure class=\"wp-block-image\"><img data-recalc-dims=\"1\" decoding=\"async\" src=\"https:\/\/i0.wp.com\/cdn.brasildefato.com.br\/media\/8ffcd995b0a0ac02cfda169367f60fc6.jpg?w=600&#038;ssl=1\" alt=\"Contamina\u00e7\u00e3o por agrot\u00f3xicos se d\u00e1 geralmente por meio da pele e do aparelho respirat\u00f3rio\"\/><\/figure>\n\n\n\n<h4 class=\"wp-block-heading\">Agricultoras expostas a pesticidas t\u00eam c\u00e2ncer de mama mais jovens, com mais agressividade e pior progn\u00f3stico, diz estudo<\/h4>\n\n\n\n<!--more-->\n\n\n\n<p>Daniel Giovanaz &#8211; Brasil de Fato\u00a0 <\/p>\n\n\n\n<p>Agricultoras que se exp\u00f5em a pesticidas sem equipamentos de prote\u00e7\u00e3o individual (EPIs) adequados tendem a desenvolver subtipos mais agressivos de c\u00e2ncer de mama, com piores progn\u00f3sticos de tratamento.<\/p>\n\n\n\n<p>O c\u00e2ncer de mama \u00e9 o que mais mata mulheres no Brasil, e a necessidade de preven\u00e7\u00e3o \u00e9 o mote da campanha&nbsp;<a href=\"https:\/\/www.inca.gov.br\/assuntos\/outubro-rosa\" target=\"_blank\" rel=\"noreferrer noopener\">Outubro Rosa<\/a>. No sudoeste paranaense, regi\u00e3o produtora de alimentos, a incid\u00eancia e letalidade desse c\u00e2ncer s\u00e3o maiores que a m\u00e9dia nacional.<\/p>\n\n\n\n<p>Pesquisadores da Universidade Estadual do Oeste do Paran\u00e1 (Unioeste), em Francisco Beltr\u00e3o (PR),&nbsp;<a href=\"https:\/\/www.unioeste.br\/portal\/central-de-noticias\/57042-unioeste-mapeia-relacao-de-cancer-de-mama-com-agrotoxico\" target=\"_blank\" rel=\"noreferrer noopener\">observaram essa tend\u00eancia ao longo dos \u00faltimos seis anos<\/a>.<\/p>\n\n\n\n<p>Ao se deparar com as estat\u00edsticas, a m\u00e9dica e pesquisadora Carolina Panis analisou as especificidades da regi\u00e3o e levantou hip\u00f3teses.<\/p>\n\n\n\n<p>\u201cQuando olho um c\u00e2ncer no laborat\u00f3rio, n\u00e3o consigo dizer se ele foi causado por agrot\u00f3xico ou n\u00e3o. Ent\u00e3o, a gente trabalha com epidemiologia, olhando para a hist\u00f3ria dessas pessoas. Quando fazemos esse movimento, fica muito claro: elas t\u00eam c\u00e2ncer mais jovens, t\u00eam tipos de c\u00e2ncer raros na popula\u00e7\u00e3o geral, e um c\u00e2ncer extremamente agressivo\u201d, ressalta.<\/p>\n\n\n\n<p>Doutora em Patologia, Carolina Panis foi a campo e ficou espantada com a din\u00e2mica de aplica\u00e7\u00e3o dos venenos. A maioria dos agricultores passam centenas de horas por ano em contato com pesticidas sem prote\u00e7\u00e3o.<\/p>\n\n\n\n<p>Cabe \u00e0s mulheres preparar a subst\u00e2ncia e dar suporte ao marido e aos filhos, que geralmente assumem a tarefa da pulveriza\u00e7\u00e3o.<\/p>\n\n\n\n<p>O papel desempenhado por elas \u00e9 um dos diferenciais do sudoeste paranaense em rela\u00e7\u00e3o a outras regi\u00f5es produtoras.<\/p>\n\n\n\n<p>\u201cA mulher pega o potinho onde est\u00e1 o agrot\u00f3xico sem luva, sem EPI nenhum. Nosso levantamento mostrou que 94% dessas mulheres se exp\u00f5em dessa forma: preparando esse ativo para o filho ou o marido aplicar, ou ainda lavando as roupas\u201d, relata a m\u00e9dica.<\/p>\n\n\n\n<p>\u201cElas colocam a roupa que o homem trabalhou o dia inteiro dentro da m\u00e1quina de lavar junto com a roupa do beb\u00ea, junto com a toalha de banho. Ent\u00e3o, a fam\u00edlia toda \u00e9 exposta.\u201d<\/p>\n\n\n\n<p>A pesquisadora da Unioeste lembra que o relevo da regi\u00e3o \u00e9 acidentado, o que dificulta o uso de tratores. A aplica\u00e7\u00e3o \u00e9 feita por meio de bombas de pulveriza\u00e7\u00e3o, que os agricultores carregam nas costas.<\/p>\n\n\n\n<p>\u201cAs m\u00e3es colocam a bomba nas costas do filho. Elas praticamente tomam um banho de pesticida nesse momento, porque a bomba vaza com o impacto nas costas. E esse menino passa o dia inteiro aplicando com a roupa molhada, contaminado\u201d, descreve Carolina Panis.<\/p>\n\n\n\n<p>A contamina\u00e7\u00e3o por agrot\u00f3xicos se d\u00e1 por meio da pele e do aparelho respirat\u00f3rio.<\/p>\n\n\n\n<p>O inc\u00f4modo e o desconforto das roupas, m\u00e1scaras e botas para pulveriza\u00e7\u00e3o, especialmente em dias de calor, est\u00e3o entre os motivos citados para n\u00e3o utiliza\u00e7\u00e3o dos EPIs.<\/p>\n\n\n\n<p>Bola de neve<\/p>\n\n\n\n<p>Em mais de 90% das propriedades rurais do sudoeste do Paran\u00e1, predomina a agricultura familiar.<\/p>\n\n\n\n<p>Embora os pesticidas sejam comumente associados aos grandes monocultivos do agroneg\u00f3cio, milh\u00f5es de camponeses s\u00e3o ref\u00e9ns da narrativa de que s\u00f3 se produz comida com veneno.<\/p>\n\n\n\n<p>Por falta de informa\u00e7\u00e3o e de assist\u00eancia t\u00e9cnica, os cultivos org\u00e2nicos, sem agrot\u00f3xico, ainda s\u00e3o minoria. O Brasil tem 5 milh\u00f5es de pequenas propriedades rurais e apenas&nbsp;<a href=\"https:\/\/www.gov.br\/agricultura\/pt-br\/assuntos\/sustentabilidade\/organicos\/cadastro-nacional-produtores-organicos\" target=\"_blank\" rel=\"noreferrer noopener\">25.345 produtores org\u00e2nicos, segundo o Minist\u00e9rio da Agricultura<\/a>&nbsp;\u2013 em 2011,&nbsp;<a href=\"https:\/\/www.camara.leg.br\/noticias\/808106-agricultura-organica-avanca-mas-produtores-cobram-recursos-e-menos-burocracia\/\" target=\"_blank\" rel=\"noreferrer noopener\">eram 8 mil<\/a>.<\/p>\n\n\n\n<p>Um dos entraves \u00e9 que muitos programas de financiamento est\u00e3o atrelados \u00e0 aquisi\u00e7\u00e3o de pesticidas.<\/p>\n\n\n\n<p>\u201cLembro de uma roda de conversa do Outubro Rosa em que uma agricultora vi\u00fava me disse: \u2018Depois que meu marido faleceu, fui ao banco para fazer um financiamento para produzir alimentos. Eu n\u00e3o queria comprar o pacote de venenos, mas disseram que, sem ele, eu n\u00e3o ia ter acesso ao seguro, e sem seguro n\u00e3o tem financiamento\u2019. Ent\u00e3o, \u00e9 uma bola de neve, que torna muito dif\u00edcil fugir dessa l\u00f3gica\u201d, relata Panis.<\/p>\n\n\n\n<p>Ubirani Otero, chefe da \u00c1rea T\u00e9cnica Ambiente, Trabalho e C\u00e2ncer do&nbsp;<a href=\"https:\/\/www.inca.gov.br\/\" target=\"_blank\" rel=\"noreferrer noopener\">Instituto Nacional do C\u00e2ncer (Inca)<\/a>, vinculado ao Minist\u00e9rio da Sa\u00fade, lembra que h\u00e1 outros fatores consolidados cientificamente como causadores de c\u00e2ncer de mama, para al\u00e9m dos agrot\u00f3xicos.<\/p>\n\n\n\n<p>A especialista afirma que n\u00e3o existe n\u00edvel seguro de exposi\u00e7\u00e3o a agentes cancer\u00edgenos, portanto o uso de EPIs n\u00e3o garante prote\u00e7\u00e3o total.<\/p>\n\n\n\n<p>\u201cAgrot\u00f3xicos v\u00eam sendo associados a v\u00e1rios tipos de c\u00e2ncer, especialmente no sistema hematol\u00f3gico, sistema nervoso central, est\u00f4mago, e v\u00e1rias outras localiza\u00e7\u00f5es\u201d, diz.<\/p>\n\n\n\n<p>Otero observa que o desenvolvimento da agroecologia oferece possibilidades de mudan\u00e7a gradual dos modelos produtivos no campo.<\/p>\n\n\n\n<p>\u201cAt\u00e9 os anos 1960, a prote\u00e7\u00e3o da lavoura das pragas e dos insetos era feita com recursos naturais. \u00c9 o que preconiza a agroecologia. Com a evolu\u00e7\u00e3o da ind\u00fastria de agrot\u00f3xicos, muito desse conhecimento \u2013 que era passado de pai para filho \u2013 foi perdido, e precisa ser resgatado\u201d, avalia.<\/p>\n\n\n\n<p>Agressividade e tratamento dif\u00edcil<\/p>\n\n\n\n<p>O c\u00e2ncer de mama tem quatro subtipos. O menos agressivo e com melhor progn\u00f3stico \u00e9 o luminal A. Este \u00e9 o mais comum no Brasil e no mundo. No sudoeste do Paran\u00e1, o luminal A \u00e9 minoria: entre 60% e 70% dos diagn\u00f3sticos s\u00e3o dos subtipos mais agressivos, de pior progn\u00f3stico: luminal B, HER2 positivo e triplo negativo.<\/p>\n\n\n\n<p>O estudo da Unioeste aponta que esse perfil diferenciado tem rela\u00e7\u00e3o com a exposi\u00e7\u00e3o ocupacional aos pesticidas \u2013 e com o papel das mulheres na din\u00e2mica da aplica\u00e7\u00e3o. As pesquisas lideradas por Carolina Panis mostram ainda que os agrot\u00f3xicos s\u00e3o fator determinante para quimiorresist\u00eancia.<\/p>\n\n\n\n<p>Em outras palavras, a quimioterapia costuma ser menos eficaz em pacientes que manuseiam e t\u00eam contato frequente com esses ativos sem prote\u00e7\u00e3o, como as agricultoras familiares do sudoeste do Paran\u00e1.<\/p>\n\n\n\n<p>Em novembro de 2018, o m\u00e9dico Daniel Rech, orientado por Panis, publicou uma&nbsp;<a href=\"http:\/\/tede.unioeste.br\/handle\/tede\/4216\" target=\"_blank\" rel=\"noreferrer noopener\">disserta\u00e7\u00e3o de mestrado sobre o tema<\/a>. A partir das amostras de 127 pacientes com c\u00e2ncer de mama, identificou-se que 25,8% eram luminal A, 38,7% luminal B, 8,1% triplo positivo e 19,4% HER2.<\/p>\n\n\n\n<p>\u201cHouve um predom\u00ednio de pacientes jovens inseridas nos subtipos mais agressivos, e 50% das pacientes encontram-se abaixo dos 50 anos\u201d, diz o texto.<\/p>\n\n\n\n<p>Consumidores tamb\u00e9m t\u00eam risco?<\/p>\n\n\n\n<p>A equipe da Unioeste n\u00e3o se debru\u00e7ou sobre os riscos de quem consome alimentos com res\u00edduos de agrot\u00f3xicos. As investiga\u00e7\u00f5es mais avan\u00e7adas sobre o tema v\u00eam sendo compiladas desde 1993 pelo&nbsp;<a href=\"https:\/\/aghealth.nih.gov\/\" target=\"_blank\" rel=\"noreferrer noopener\">Estudo da Sa\u00fade Agr\u00edcola (AHS, na sigla em ingl\u00eas)<\/a>, que envolve especialistas de quatro ag\u00eancias de pesquisa nos Estados Unidos.<\/p>\n\n\n\n<p>As particularidades identificadas no sudoeste do Paran\u00e1 e o rigor cient\u00edfico das publica\u00e7\u00f5es feitas na Unioeste chamaram aten\u00e7\u00e3o da Universidade de Harvard, nos EUA. Carolina Panis atuou como pesquisadora visitante na institui\u00e7\u00e3o, entre 2019 e 2020, e espera publicar em breve estudos sobre os impactos do consumo de \u00e1gua contaminada com pesticidas no Brasil.<\/p>\n\n\n\n<p>Identificar e comprovar qual o agente causador de um c\u00e2ncer \u00e9 desafiador porque requer isolar todos os demais fatores. Por isso, os processos judiciais que avan\u00e7aram pelo mundo, responsabilizando empresas por doen\u00e7as provocadas ou agravadas por pesticidas, s\u00e3o quase todos&nbsp;<a href=\"https:\/\/www.canalrural.com.br\/agronegocio\/bayer-perde-recurso-em-caso-envolvendo-glifosato\/\" target=\"_blank\" rel=\"noreferrer noopener\">relacionados \u00e0 exposi\u00e7\u00e3o de trabalhadores e trabalhadoras<\/a>.<\/p>\n\n\n\n<p>Nesses casos, \u00e9 mais f\u00e1cil demonstrar que houve exposi\u00e7\u00e3o severa, cont\u00ednua, ao longo de anos.<\/p>\n\n\n\n<p>Ubirani Otero, do Inca, cita evid\u00eancias cient\u00edficas recentes que apontam um grupo espec\u00edfico de agrot\u00f3xicos como poss\u00edveis causadores de c\u00e2ncer de mama \u2013 e n\u00e3o s\u00f3 para agricultoras. Esses estudos s\u00e3o reconhecidos pela&nbsp;<a href=\"https:\/\/www.iarc.who.int\/\" target=\"_blank\" rel=\"noreferrer noopener\">Ag\u00eancia Internacional de Pesquisa em C\u00e2ncer (IARC, na sigla em ingl\u00eas)<\/a>.<\/p>\n\n\n\n<p>\u201cNesse grupo est\u00e3o os agrot\u00f3xicos organoclorados, que eram muito utilizados at\u00e9 a d\u00e9cada de 1980 e foram proibidos no mundo inteiro, inclusive no Brasil\u201d, observa.<\/p>\n\n\n\n<p>\u201cEles agem como desreguladores end\u00f3crinos. Essa desregula\u00e7\u00e3o hormonal \u00e9 um mecanismo importante do desenvolvimento de tumores, entre eles o c\u00e2ncer de mama.\u201d<\/p>\n\n\n\n<p>Apesar do banimento, Otero enfatiza que os organoclorados ainda causam preocupa\u00e7\u00e3o no Brasil. Primeiro, porque h\u00e1 not\u00edcias da entrada e aplica\u00e7\u00e3o clandestina de agrot\u00f3xicos. Em segundo lugar, porque esses venenos podem causam problemas d\u00e9cadas ap\u00f3s sua aplica\u00e7\u00e3o.<\/p>\n\n\n\n<p>\u201cEles s\u00e3o organopersistentes, ou seja, permanecem no solo, nas \u00e1guas e no ar durante muitos anos. A degrada\u00e7\u00e3o \u00e9 muito lenta. E o c\u00e2ncer leva muito tempo desde a exposi\u00e7\u00e3o at\u00e9 o diagn\u00f3stico da doen\u00e7a\u201d, ressalta.<\/p>\n\n\n\n<p>\u201cEsses agrot\u00f3xicos se acumulam nos tecidos gordurosos, como a mama. Ent\u00e3o, para al\u00e9m do c\u00e2ncer de mama, a gente ainda encontra organoclorados no leite materno, e isso passa para o beb\u00ea\u201d, completa a pesquisadora do Inca.<\/p>\n\n\n\n<p>Estudos semelhantes aos da Unioeste v\u00eam sendo&nbsp;<a href=\"https:\/\/www.scielo.br\/j\/sdeb\/a\/FfpPSnKCkxrdqPd8ptnfWsJ\/?format=html\" target=\"_blank\" rel=\"noreferrer noopener\">realizados em outras institui\u00e7\u00f5es de pesquisa pelo pa\u00eds<\/a>, especialmente em regi\u00f5es onde h\u00e1 predom\u00ednio de monocultivos. A maioria esbarra na dificuldade de confirmar a exposi\u00e7\u00e3o a agrot\u00f3xicos como elemento central para o aumento nos \u00edndices de c\u00e2ncer de mama.<\/p>\n\n\n\n<p>Mesmo que n\u00e3o haja estudos que comprovem a associa\u00e7\u00e3o entre um tipo espec\u00edfico de agrot\u00f3xico e o c\u00e2ncer de mama, o Instituto recomenda que os produtores n\u00e3o se arrisquem.<\/p>\n\n\n\n<p>\u201cA recomenda\u00e7\u00e3o do Inca \u00e9 evitar o uso de agrot\u00f3xicos, como precau\u00e7\u00e3o. Mesmo que n\u00e3o haja evid\u00eancias suficientes, existem possibilidades [de causar c\u00e2ncer]. Se n\u00e3o for poss\u00edvel, de imediato, essa substitui\u00e7\u00e3o, que se reduza o uso.\u201d<\/p>\n\n\n\n<p>Nos dois primeiros anos de Jair Bolsonaro (sem partido) como presidente da Rep\u00fablica, o Brasil quebrou recordes de libera\u00e7\u00e3o de novos agrot\u00f3xicos. Em 2019, foram 474. No ano passado, 493.<\/p>\n\n\n\n<p>No \u00faltimo dia 8, o presidente publicou um&nbsp;<a href=\"https:\/\/www.brasildefato.com.br\/2021\/10\/08\/decreto-de-bolsonaro-facilita-registro-e-acelera-liberacao-de-novos-agrotoxicos\" target=\"_blank\" rel=\"noreferrer noopener\">decreto&nbsp;<\/a>que facilita a aprova\u00e7\u00e3o e o registro de novos pesticidas no pa\u00eds.<\/p>\n\n\n\n<p>Edi\u00e7\u00e3o: Anelize Moreira<a><\/a><a><\/a><\/p>\n","protected":false},"excerpt":{"rendered":"<p>Agricultoras expostas a pesticidas t\u00eam c\u00e2ncer de mama mais jovens, com mais agressividade e pior progn\u00f3stico, diz estudo<\/p>\n","protected":false},"author":1,"featured_media":0,"comment_status":"closed","ping_status":"open","sticky":false,"template":"","format":"standard","meta":{"_exactmetrics_skip_tracking":false,"_exactmetrics_sitenote_active":false,"_exactmetrics_sitenote_note":"","_exactmetrics_sitenote_category":0,"jetpack_post_was_ever_published":false,"_jetpack_newsletter_access":"","_jetpack_dont_email_post_to_subs":false,"_jetpack_newsletter_tier_id":0,"_jetpack_memberships_contains_paywalled_content":false,"_jetpack_memberships_contains_paid_content":false,"footnotes":"","jetpack_publicize_message":"","jetpack_publicize_feature_enabled":true,"jetpack_social_post_already_shared":true,"jetpack_social_options":{"image_generator_settings":{"template":"highway","enabled":false},"version":2}},"categories":[1],"tags":[],"class_list":["post-32911","post","type-post","status-publish","format-standard","hentry","category-notas"],"jetpack_publicize_connections":[],"jetpack_sharing_enabled":true,"jetpack_featured_media_url":"","jetpack_shortlink":"https:\/\/wp.me\/p7wKYW-8yP","jetpack-related-posts":[],"_links":{"self":[{"href":"http:\/\/blogdalucianaoliveira.com.br\/blog\/wp-json\/wp\/v2\/posts\/32911","targetHints":{"allow":["GET"]}}],"collection":[{"href":"http:\/\/blogdalucianaoliveira.com.br\/blog\/wp-json\/wp\/v2\/posts"}],"about":[{"href":"http:\/\/blogdalucianaoliveira.com.br\/blog\/wp-json\/wp\/v2\/types\/post"}],"author":[{"embeddable":true,"href":"http:\/\/blogdalucianaoliveira.com.br\/blog\/wp-json\/wp\/v2\/users\/1"}],"replies":[{"embeddable":true,"href":"http:\/\/blogdalucianaoliveira.com.br\/blog\/wp-json\/wp\/v2\/comments?post=32911"}],"version-history":[{"count":1,"href":"http:\/\/blogdalucianaoliveira.com.br\/blog\/wp-json\/wp\/v2\/posts\/32911\/revisions"}],"predecessor-version":[{"id":32912,"href":"http:\/\/blogdalucianaoliveira.com.br\/blog\/wp-json\/wp\/v2\/posts\/32911\/revisions\/32912"}],"wp:attachment":[{"href":"http:\/\/blogdalucianaoliveira.com.br\/blog\/wp-json\/wp\/v2\/media?parent=32911"}],"wp:term":[{"taxonomy":"category","embeddable":true,"href":"http:\/\/blogdalucianaoliveira.com.br\/blog\/wp-json\/wp\/v2\/categories?post=32911"},{"taxonomy":"post_tag","embeddable":true,"href":"http:\/\/blogdalucianaoliveira.com.br\/blog\/wp-json\/wp\/v2\/tags?post=32911"}],"curies":[{"name":"wp","href":"https:\/\/api.w.org\/{rel}","templated":true}]}}