{"id":32914,"date":"2021-10-18T09:51:26","date_gmt":"2021-10-18T13:51:26","guid":{"rendered":"http:\/\/blogdalucianaoliveira.com.br\/blog\/?p=32914"},"modified":"2021-10-18T09:51:29","modified_gmt":"2021-10-18T13:51:29","slug":"extrema-direita-no-brasil-ja-nao-precisa-de-bolsonaro-para-se-mobilizar-revela-pesquisa","status":"publish","type":"post","link":"http:\/\/blogdalucianaoliveira.com.br\/blog\/2021\/10\/18\/extrema-direita-no-brasil-ja-nao-precisa-de-bolsonaro-para-se-mobilizar-revela-pesquisa\/","title":{"rendered":"Extrema-direita no Brasil j\u00e1 n\u00e3o precisa de Bolsonaro para se mobilizar, revela pesquisa"},"content":{"rendered":"\n<figure class=\"wp-block-image\"><img decoding=\"async\" src=\"https:\/\/lh3.googleusercontent.com\/proxy\/mw2k7-DRZYiQ7AcjdAM3tnEbtcNvr-YhuKv5ShD77s9PYceeaITnBXaJ8vFnFa2G_Fl7_gk7GYHZH_rJ7mrp74GErXygkTf0FScnSgUYGnAkSAJlRb7LuZkAsA\" alt=\"No rastro da nova direita - Instituto Humanitas Unisinos - IHU\"\/><\/figure>\n\n\n\n<p>Estudo mostra o legado radical de 18 meses de manifesta\u00e7\u00f5es de rua pelo Pa\u00eds; para&nbsp;<a href=\"http:\/\/www.ihu.unisinos.br\/159-noticias\/entrevistas\/610850-da-desinformacao-a-corrupcao-estrategias-do-governo-bolsonaro-na-pandemia-entrevista-especial-com-isabela-kalil\" target=\"_blank\" rel=\"noreferrer noopener\">Isabela Kalil<\/a>, que coordena o trabalho, presidente pode moderar a performance e o tom sem que os atos sejam desmobilizados<\/p>\n\n\n\n<!--more-->\n\n\n\n<p><br><strong>Humanitas Unisinos<\/strong> &#8211; A reportagem \u00e9 de\u00a0<strong>Marcelo Godoy<\/strong>, publicada por\u00a0<strong>O Estado de S. Paulo<\/strong>, 18-10-2021.<\/p>\n\n\n\n<p><br>Os&nbsp;<a href=\"http:\/\/www.ihu.unisinos.br\/159-noticias\/entrevistas\/612673-manifestacoes-de-7-de-setembro-bolsonaro-testa-os-limites-do-seu-discurso-de-radicalizacao-algumas-analises\" target=\"_blank\" rel=\"noreferrer noopener\">atos e manifesta\u00e7\u00f5es do bolsonarismo<\/a>&nbsp;n\u00e3o precisam mais da presen\u00e7a de&nbsp;<strong>Jair Bolsonaro<\/strong>&nbsp;para acontecer. Dezoito meses de mobiliza\u00e7\u00e3o das ruas deixaram como heran\u00e7a uma&nbsp;<strong>extrema-direita<\/strong>&nbsp;rapidamente mobilizada em torno de pautas que v\u00e3o do combate \u00e0s medidas de isolamento social \u00e0 defesa do voto impresso e \u00e0 guerra contra institui\u00e7\u00f5es.<\/p>\n\n\n\n<p><br>\u00c9 o que mostra pesquisa in\u00e9dita coordenada pela antrop\u00f3loga&nbsp;<a href=\"http:\/\/www.ihu.unisinos.br\/78-noticias\/591207-o-bolsonarismo-e-maior-que-bolsonaro-projeto-punitivista-admite-o-intoleravel-e-ameaca-democracia\" target=\"_blank\" rel=\"noreferrer noopener\">Isabela Kalil<\/a>, Democracia Sitiada e Extremismo no Brasil: 18 meses de manifesta\u00e7\u00f5es bolsonaristas, do&nbsp;<strong>N\u00facleo de Etnografia Urbana e Audiovisual da Funda\u00e7\u00e3o Escola de Sociologia e Pol\u00edtica de S\u00e3o Paulo (NEU-FESPSP)<\/strong>. Ao todo foram mapeadas 45 manifesta\u00e7\u00f5es entre mar\u00e7o de 2020 e setembro deste ano, em que o&nbsp;<strong>bolsonarismo<\/strong>&nbsp;atuou por meio do que os pesquisadores classificaram como \u201cextremismo estrat\u00e9gico\u201d.<\/p>\n\n\n\n<p><br>Mas o que seria esse extremismo e por que essa hist\u00f3ria n\u00e3o acaba com a declara\u00e7\u00e3o \u00e0 na\u00e7\u00e3o feita por&nbsp;<strong>Bolsonaro<\/strong>&nbsp;para recuar dos ataques aos ministros do Supremo Tribunal Federal (STF) na&nbsp;<a href=\"http:\/\/www.ihu.unisinos.br\/78-noticias\/612279-o-objetivo-das-manifestacoes-de-7-de-setembro-nao-e-manifestar-apoio-a-jair-bolsonaro-e-para-invadir-o-stf-e-o-congresso-afirma-editorial\" target=\"_blank\" rel=\"noreferrer noopener\">manifesta\u00e7\u00e3o de 7 de Setembro<\/a>? Para&nbsp;<strong>Kalil<\/strong>, apesar de ser imposs\u00edvel saber se o presidente continuar\u00e1 a participar desses eventos ap\u00f3s o recuo, \u00e9 certo que os atos n\u00e3o precisam mais de&nbsp;<strong>Bolsonaro<\/strong>&nbsp;para ocorrer. \u201cH\u00e1 v\u00e1rios exemplos na pesquisa. Bolsonaro pode moderar o tom e mudar a performance sem que os atos sejam desmobilizados.\u201d<\/p>\n\n\n\n<p><br>Como exemplo, a antrop\u00f3loga citou as a\u00e7\u00f5es recentes de caminhoneiros e grupos como o 300 do&nbsp;<strong>Brasil<\/strong>. \u201cNas manifesta\u00e7\u00f5es, sua base cobra mais radicalismo e diz: \u2018eu autorizo o que for necess\u00e1rio\u2019. Mas institucionalmente n\u00e3o aconteceu nada.\u201d Ao n\u00e3o poder entregar o radicalismo esperado pelos extremistas,&nbsp;<strong>Bolsonaro<\/strong>&nbsp;\u201centrega a performance\u201d. \u00c9 assim, segundo ela, que se explica o desfile de carros de combate da Marinha em Bras\u00edlia, no dia da vota\u00e7\u00e3o da PEC do voto impresso, rejeitada pelo Congresso.<br><br>Os passeios de motocicleta compuseram a escalada at\u00e9 o&nbsp;<strong>ato de 7 de Setembro<\/strong>, visto pelos pesquisadores como \u201cparte de uma a\u00e7\u00e3o de insurg\u00eancia\u201d, que se desenvolveu de forma \u201cgradativa, com planejamento, t\u00e1tica e objetivos definidos\u201d. Essa estrat\u00e9gia recorreu a determinados temas, pautas e agendas, que formaram o chamado \u201cextremismo estrat\u00e9gico\u201d. Em dez eventos, a pauta principal foi a defesa do voto impresso. Em cinco deles, foi a \u201c<a href=\"http:\/\/www.ihu.unisinos.br\/78-noticias\/612401-7-de-setembro-uso-da-forca-nacional\" target=\"_blank\" rel=\"noreferrer noopener\">interven\u00e7\u00e3o militar<\/a>\u201d.<\/p>\n\n\n\n<p><br>Mas nem s\u00f3 o p\u00fablico radical compareceu aos atos. As maiores manifesta\u00e7\u00f5es inclu\u00edram um p\u00fablico mais amplo, envolvendo conservadores e suas fam\u00edlias que d\u00e3o apoio ao presidente e \u00e0s pautas ligadas aos costumes. \u201cH\u00e1 duas manifesta\u00e7\u00f5es que aconteceram dessa forma: a do 1.\u00ba de maio e a do 7 de Setembro\u201d, conta&nbsp;<strong>Kalil<\/strong>.<\/p>\n\n\n\n<p><br>A \u00edntegra da reportagem pode ser lida&nbsp;<a href=\"https:\/\/politica.estadao.com.br\/noticias\/geral,extrema-direita-no-brasil-ja-nao-precisa-de-bolsonaro-para-se-mobilizar-revela-pesquisa,70003871541\" target=\"_blank\" rel=\"noreferrer noopener\"><strong>aqui<\/strong><\/a>.<br><br><\/p>\n","protected":false},"excerpt":{"rendered":"<p>Estudo mostra o legado radical de 18 meses de manifesta\u00e7\u00f5es de rua pelo Pa\u00eds; para&nbsp;Isabela Kalil, que coordena o trabalho, presidente pode moderar a performance e o tom sem que os atos sejam desmobilizados<\/p>\n","protected":false},"author":1,"featured_media":0,"comment_status":"closed","ping_status":"open","sticky":false,"template":"","format":"standard","meta":{"_exactmetrics_skip_tracking":false,"_exactmetrics_sitenote_active":false,"_exactmetrics_sitenote_note":"","_exactmetrics_sitenote_category":0,"jetpack_post_was_ever_published":false,"_jetpack_newsletter_access":"","_jetpack_dont_email_post_to_subs":false,"_jetpack_newsletter_tier_id":0,"_jetpack_memberships_contains_paywalled_content":false,"_jetpack_memberships_contains_paid_content":false,"footnotes":"","jetpack_publicize_message":"","jetpack_publicize_feature_enabled":true,"jetpack_social_post_already_shared":true,"jetpack_social_options":{"image_generator_settings":{"template":"highway","enabled":false},"version":2}},"categories":[1],"tags":[],"class_list":["post-32914","post","type-post","status-publish","format-standard","hentry","category-notas"],"jetpack_publicize_connections":[],"jetpack_sharing_enabled":true,"jetpack_featured_media_url":"","jetpack_shortlink":"https:\/\/wp.me\/p7wKYW-8yS","jetpack-related-posts":[],"_links":{"self":[{"href":"http:\/\/blogdalucianaoliveira.com.br\/blog\/wp-json\/wp\/v2\/posts\/32914","targetHints":{"allow":["GET"]}}],"collection":[{"href":"http:\/\/blogdalucianaoliveira.com.br\/blog\/wp-json\/wp\/v2\/posts"}],"about":[{"href":"http:\/\/blogdalucianaoliveira.com.br\/blog\/wp-json\/wp\/v2\/types\/post"}],"author":[{"embeddable":true,"href":"http:\/\/blogdalucianaoliveira.com.br\/blog\/wp-json\/wp\/v2\/users\/1"}],"replies":[{"embeddable":true,"href":"http:\/\/blogdalucianaoliveira.com.br\/blog\/wp-json\/wp\/v2\/comments?post=32914"}],"version-history":[{"count":1,"href":"http:\/\/blogdalucianaoliveira.com.br\/blog\/wp-json\/wp\/v2\/posts\/32914\/revisions"}],"predecessor-version":[{"id":32915,"href":"http:\/\/blogdalucianaoliveira.com.br\/blog\/wp-json\/wp\/v2\/posts\/32914\/revisions\/32915"}],"wp:attachment":[{"href":"http:\/\/blogdalucianaoliveira.com.br\/blog\/wp-json\/wp\/v2\/media?parent=32914"}],"wp:term":[{"taxonomy":"category","embeddable":true,"href":"http:\/\/blogdalucianaoliveira.com.br\/blog\/wp-json\/wp\/v2\/categories?post=32914"},{"taxonomy":"post_tag","embeddable":true,"href":"http:\/\/blogdalucianaoliveira.com.br\/blog\/wp-json\/wp\/v2\/tags?post=32914"}],"curies":[{"name":"wp","href":"https:\/\/api.w.org\/{rel}","templated":true}]}}