{"id":32918,"date":"2021-10-18T10:05:54","date_gmt":"2021-10-18T14:05:54","guid":{"rendered":"http:\/\/blogdalucianaoliveira.com.br\/blog\/?p=32918"},"modified":"2021-10-18T10:05:59","modified_gmt":"2021-10-18T14:05:59","slug":"mp-expede-recomendacao-ao-governo-do-estado-para-que-nao-sancione-e-vete-projeto-de-lei-que-altera-o-zoneamento-e-enfraquece-a-protecao-ambiental-em-rondonia","status":"publish","type":"post","link":"http:\/\/blogdalucianaoliveira.com.br\/blog\/2021\/10\/18\/mp-expede-recomendacao-ao-governo-do-estado-para-que-nao-sancione-e-vete-projeto-de-lei-que-altera-o-zoneamento-e-enfraquece-a-protecao-ambiental-em-rondonia\/","title":{"rendered":"MP expede recomenda\u00e7\u00e3o ao Governo do Estado para que n\u00e3o sancione e vete Projeto de Lei que altera o Zoneamento e enfraquece a prote\u00e7\u00e3o ambiental em Rond\u00f4nia"},"content":{"rendered":"\n<figure class=\"wp-block-image size-large\"><img loading=\"lazy\" decoding=\"async\" width=\"1200\" height=\"690\" data-attachment-id=\"32919\" data-permalink=\"http:\/\/blogdalucianaoliveira.com.br\/blog\/2021\/10\/18\/mp-expede-recomendacao-ao-governo-do-estado-para-que-nao-sancione-e-vete-projeto-de-lei-que-altera-o-zoneamento-e-enfraquece-a-protecao-ambiental-em-rondonia\/b5468849-54e5-426d-9f4e-9f1014f8605d\/\" data-orig-file=\"https:\/\/i0.wp.com\/blogdalucianaoliveira.com.br\/blog\/wp-content\/uploads\/2021\/10\/B5468849-54E5-426D-9F4E-9F1014F8605D.jpeg?fit=1200%2C690\" data-orig-size=\"1200,690\" data-comments-opened=\"0\" data-image-meta=\"{&quot;aperture&quot;:&quot;0&quot;,&quot;credit&quot;:&quot;&quot;,&quot;camera&quot;:&quot;&quot;,&quot;caption&quot;:&quot;&quot;,&quot;created_timestamp&quot;:&quot;0&quot;,&quot;copyright&quot;:&quot;&quot;,&quot;focal_length&quot;:&quot;0&quot;,&quot;iso&quot;:&quot;0&quot;,&quot;shutter_speed&quot;:&quot;0&quot;,&quot;title&quot;:&quot;&quot;,&quot;orientation&quot;:&quot;0&quot;}\" data-image-title=\"B5468849-54E5-426D-9F4E-9F1014F8605D\" data-image-description=\"\" data-image-caption=\"\" data-medium-file=\"https:\/\/i0.wp.com\/blogdalucianaoliveira.com.br\/blog\/wp-content\/uploads\/2021\/10\/B5468849-54E5-426D-9F4E-9F1014F8605D.jpeg?fit=300%2C173\" data-large-file=\"https:\/\/i0.wp.com\/blogdalucianaoliveira.com.br\/blog\/wp-content\/uploads\/2021\/10\/B5468849-54E5-426D-9F4E-9F1014F8605D.jpeg?fit=600%2C345\" src=\"https:\/\/i1.wp.com\/blogdalucianaoliveira.com.br\/blog\/wp-content\/uploads\/2021\/10\/B5468849-54E5-426D-9F4E-9F1014F8605D.jpeg?fit=600%2C345\" alt=\"\" class=\"wp-image-32919\" srcset=\"https:\/\/i0.wp.com\/blogdalucianaoliveira.com.br\/blog\/wp-content\/uploads\/2021\/10\/B5468849-54E5-426D-9F4E-9F1014F8605D.jpeg?w=1200 1200w, https:\/\/i0.wp.com\/blogdalucianaoliveira.com.br\/blog\/wp-content\/uploads\/2021\/10\/B5468849-54E5-426D-9F4E-9F1014F8605D.jpeg?resize=300%2C173 300w, https:\/\/i0.wp.com\/blogdalucianaoliveira.com.br\/blog\/wp-content\/uploads\/2021\/10\/B5468849-54E5-426D-9F4E-9F1014F8605D.jpeg?resize=1024%2C589 1024w, https:\/\/i0.wp.com\/blogdalucianaoliveira.com.br\/blog\/wp-content\/uploads\/2021\/10\/B5468849-54E5-426D-9F4E-9F1014F8605D.jpeg?resize=768%2C442 768w, https:\/\/i0.wp.com\/blogdalucianaoliveira.com.br\/blog\/wp-content\/uploads\/2021\/10\/B5468849-54E5-426D-9F4E-9F1014F8605D.jpeg?resize=522%2C300 522w\" sizes=\"auto, (max-width: 600px) 100vw, 600px\" \/><\/figure>\n\n\n\n<p>O Minist\u00e9rio P\u00fablico de Rond\u00f4nia expediu recomenda\u00e7\u00e3o ao Governo do Estado para que n\u00e3o sancione e vete o Projeto de Lei Complementar n\u00ba 85\/2020, que altera substancialmente o Zoneamento Socioecon\u00f4mico-Ecol\u00f3gico do Estado de Rond\u00f4nia. O texto normativo amea\u00e7a enfraquecer mecanismos de prote\u00e7\u00e3o ambiental no Estado, prevendo a possibilidade, por exemplo, de explora\u00e7\u00e3o em unidades de conserva\u00e7\u00e3o e de terras ind\u00edgenas, entre outros pontos controversos.<\/p>\n\n\n\n<!--more-->\n\n\n\n<p>A recomenda\u00e7\u00e3o considera contrariedades e inconsist\u00eancias verificadas no Projeto de Lei Complementar, submetido ao Poder Executivo Estadual em 07 de outubro.<\/p>\n\n\n\n<p>Conforme destaca o MP, o projeto de lei, elaborado a pretexto de se estabelecer um equil\u00edbrio entre a prote\u00e7\u00e3o do meio ambiente e o uso e a ocupa\u00e7\u00e3o do solo, representa, na verdade, mais uma tentativa de restringir as normas vigentes sobre prote\u00e7\u00e3o ambiental no Estado de Rond\u00f4nia e limitar o dever do Poder P\u00fablico na efetiva\u00e7\u00e3o da defesa ecol\u00f3gica, podendo legitimar as ocupa\u00e7\u00f5es irregulares existentes em \u00e1reas de especial prote\u00e7\u00e3o ambiental, alvo de intensos il\u00edcitos praticados no Estado em face do meio ambiente.<\/p>\n\n\n\n<p>O Minist\u00e9rio P\u00fablico explica que o ato normativo, agora sob an\u00e1lise do Governo do Estado, prev\u00ea a possibilidade de uso da terra e explora\u00e7\u00e3o de todas as \u00e1reas, nas tr\u00eas zonas que comp\u00f5em o Zoneamento Socioecon\u00f4mico-Ecol\u00f3gico do Estado, n\u00e3o especificando em nenhum de seus dispositivos eventuais fragilidades e potencialidades de cada regi\u00e3o.<\/p>\n\n\n\n<p>Outro ponto controvertido mencionado pelo MP \u00e9 a aus\u00eancia de divulga\u00e7\u00e3o da realiza\u00e7\u00e3o dos estudos de aproxima\u00e7\u00e3o, o que viola os princ\u00edpios da publicidade e da informa\u00e7\u00e3o de eventual produto t\u00e9cnico que envolva a tomada de decis\u00e3o sobre medida de not\u00f3rio impacto ambiental, especialmente em raz\u00e3o da aprova\u00e7\u00e3o de in\u00fameras emendas legislativas ao referido projeto, sem nenhuma avalia\u00e7\u00e3o t\u00e9cnica sobre as \u00e1reas afetadas e que foram inclu\u00eddas em acr\u00e9scimo ao projeto original. A esse respeito, tamb\u00e9m pontua a falta de estudo de impacto financeiro sobre a viabilidade econ\u00f4mica decorrente das previs\u00f5es contidas no projeto de lei.<\/p>\n\n\n\n<p>No documento, o Minist\u00e9rio P\u00fablico pontua que a iniciativa ignora recentes decis\u00f5es do Poder Judici\u00e1rio que se deram em sentido contr\u00e1rio \u00e0s iniciativas legislativas que contrariam o direito da coletividade ao meio ambiente ecologicamente saud\u00e1vel, previsto na Constitui\u00e7\u00e3o.<\/p>\n\n\n\n<p><\/p>\n\n\n\n<p>DCI &#8211; Departamento de Comunica\u00e7\u00e3o Integrada<\/p>\n","protected":false},"excerpt":{"rendered":"<p>O Minist\u00e9rio P\u00fablico de Rond\u00f4nia expediu recomenda\u00e7\u00e3o ao Governo do Estado para que n\u00e3o sancione e vete o Projeto de Lei Complementar n\u00ba 85\/2020, que altera substancialmente o Zoneamento Socioecon\u00f4mico-Ecol\u00f3gico do Estado de Rond\u00f4nia. O texto normativo amea\u00e7a enfraquecer mecanismos de prote\u00e7\u00e3o ambiental no Estado, prevendo a possibilidade, por exemplo, de explora\u00e7\u00e3o em unidades de&#8230;<a class=\"more-link\" href=\"http:\/\/blogdalucianaoliveira.com.br\/blog\/2021\/10\/18\/mp-expede-recomendacao-ao-governo-do-estado-para-que-nao-sancione-e-vete-projeto-de-lei-que-altera-o-zoneamento-e-enfraquece-a-protecao-ambiental-em-rondonia\/\">Continue a leitura <span class=\"meta-nav\">&raquo;<\/span><\/a><\/p>\n","protected":false},"author":1,"featured_media":0,"comment_status":"closed","ping_status":"open","sticky":false,"template":"","format":"standard","meta":{"_exactmetrics_skip_tracking":false,"_exactmetrics_sitenote_active":false,"_exactmetrics_sitenote_note":"","_exactmetrics_sitenote_category":0,"jetpack_post_was_ever_published":false,"_jetpack_newsletter_access":"","_jetpack_dont_email_post_to_subs":false,"_jetpack_newsletter_tier_id":0,"_jetpack_memberships_contains_paywalled_content":false,"_jetpack_memberships_contains_paid_content":false,"footnotes":"","jetpack_publicize_message":"","jetpack_publicize_feature_enabled":true,"jetpack_social_post_already_shared":true,"jetpack_social_options":{"image_generator_settings":{"template":"highway","enabled":false},"version":2}},"categories":[1],"tags":[],"class_list":["post-32918","post","type-post","status-publish","format-standard","hentry","category-notas"],"jetpack_publicize_connections":[],"jetpack_sharing_enabled":true,"jetpack_featured_media_url":"","jetpack_shortlink":"https:\/\/wp.me\/p7wKYW-8yW","jetpack-related-posts":[],"_links":{"self":[{"href":"http:\/\/blogdalucianaoliveira.com.br\/blog\/wp-json\/wp\/v2\/posts\/32918","targetHints":{"allow":["GET"]}}],"collection":[{"href":"http:\/\/blogdalucianaoliveira.com.br\/blog\/wp-json\/wp\/v2\/posts"}],"about":[{"href":"http:\/\/blogdalucianaoliveira.com.br\/blog\/wp-json\/wp\/v2\/types\/post"}],"author":[{"embeddable":true,"href":"http:\/\/blogdalucianaoliveira.com.br\/blog\/wp-json\/wp\/v2\/users\/1"}],"replies":[{"embeddable":true,"href":"http:\/\/blogdalucianaoliveira.com.br\/blog\/wp-json\/wp\/v2\/comments?post=32918"}],"version-history":[{"count":1,"href":"http:\/\/blogdalucianaoliveira.com.br\/blog\/wp-json\/wp\/v2\/posts\/32918\/revisions"}],"predecessor-version":[{"id":32920,"href":"http:\/\/blogdalucianaoliveira.com.br\/blog\/wp-json\/wp\/v2\/posts\/32918\/revisions\/32920"}],"wp:attachment":[{"href":"http:\/\/blogdalucianaoliveira.com.br\/blog\/wp-json\/wp\/v2\/media?parent=32918"}],"wp:term":[{"taxonomy":"category","embeddable":true,"href":"http:\/\/blogdalucianaoliveira.com.br\/blog\/wp-json\/wp\/v2\/categories?post=32918"},{"taxonomy":"post_tag","embeddable":true,"href":"http:\/\/blogdalucianaoliveira.com.br\/blog\/wp-json\/wp\/v2\/tags?post=32918"}],"curies":[{"name":"wp","href":"https:\/\/api.w.org\/{rel}","templated":true}]}}