{"id":32921,"date":"2021-10-19T08:55:22","date_gmt":"2021-10-19T12:55:22","guid":{"rendered":"http:\/\/blogdalucianaoliveira.com.br\/blog\/?p=32921"},"modified":"2021-10-19T08:55:25","modified_gmt":"2021-10-19T12:55:25","slug":"oab-enviou-a-cpi-da-covid-denuncia-contra-bolsonaro-por-genocidio-indigena","status":"publish","type":"post","link":"http:\/\/blogdalucianaoliveira.com.br\/blog\/2021\/10\/19\/oab-enviou-a-cpi-da-covid-denuncia-contra-bolsonaro-por-genocidio-indigena\/","title":{"rendered":"OAB enviou \u00e0 CPI da Covid den\u00fancia contra Bolsonaro por genoc\u00eddio ind\u00edgena"},"content":{"rendered":"\n<figure class=\"wp-block-image size-large\"><img data-recalc-dims=\"1\" loading=\"lazy\" decoding=\"async\" width=\"600\" height=\"453\" data-attachment-id=\"32922\" data-permalink=\"http:\/\/blogdalucianaoliveira.com.br\/blog\/2021\/10\/19\/oab-enviou-a-cpi-da-covid-denuncia-contra-bolsonaro-por-genocidio-indigena\/8f451a22-d451-4f44-97fd-838d9f377863\/\" data-orig-file=\"https:\/\/i0.wp.com\/blogdalucianaoliveira.com.br\/blog\/wp-content\/uploads\/2021\/10\/8F451A22-D451-4F44-97FD-838D9F377863.jpeg?fit=759%2C573\" data-orig-size=\"759,573\" data-comments-opened=\"0\" data-image-meta=\"{&quot;aperture&quot;:&quot;0&quot;,&quot;credit&quot;:&quot;&quot;,&quot;camera&quot;:&quot;&quot;,&quot;caption&quot;:&quot;&quot;,&quot;created_timestamp&quot;:&quot;0&quot;,&quot;copyright&quot;:&quot;&quot;,&quot;focal_length&quot;:&quot;0&quot;,&quot;iso&quot;:&quot;0&quot;,&quot;shutter_speed&quot;:&quot;0&quot;,&quot;title&quot;:&quot;&quot;,&quot;orientation&quot;:&quot;1&quot;}\" data-image-title=\"8F451A22-D451-4F44-97FD-838D9F377863\" data-image-description=\"\" data-image-caption=\"\" data-medium-file=\"https:\/\/i0.wp.com\/blogdalucianaoliveira.com.br\/blog\/wp-content\/uploads\/2021\/10\/8F451A22-D451-4F44-97FD-838D9F377863.jpeg?fit=300%2C226\" data-large-file=\"https:\/\/i0.wp.com\/blogdalucianaoliveira.com.br\/blog\/wp-content\/uploads\/2021\/10\/8F451A22-D451-4F44-97FD-838D9F377863.jpeg?fit=600%2C453\" src=\"https:\/\/i0.wp.com\/blogdalucianaoliveira.com.br\/blog\/wp-content\/uploads\/2021\/10\/8F451A22-D451-4F44-97FD-838D9F377863.jpeg?resize=600%2C453\" alt=\"\" class=\"wp-image-32922\" srcset=\"https:\/\/i0.wp.com\/blogdalucianaoliveira.com.br\/blog\/wp-content\/uploads\/2021\/10\/8F451A22-D451-4F44-97FD-838D9F377863.jpeg?w=759 759w, https:\/\/i0.wp.com\/blogdalucianaoliveira.com.br\/blog\/wp-content\/uploads\/2021\/10\/8F451A22-D451-4F44-97FD-838D9F377863.jpeg?resize=300%2C226 300w, https:\/\/i0.wp.com\/blogdalucianaoliveira.com.br\/blog\/wp-content\/uploads\/2021\/10\/8F451A22-D451-4F44-97FD-838D9F377863.jpeg?resize=397%2C300 397w\" sizes=\"auto, (max-width: 600px) 100vw, 600px\" \/><\/figure>\n\n\n\n<p>Uol &#8211; Um relat\u00f3rio entregue pela OAB (Ordem dos Advogados do Brasil) \u00e0\u00a0<a href=\"https:\/\/noticias.uol.com.br\/politica\/cpi-da-covid\/\">CPI da Covid<\/a>\u00a0no Senado faz um relato com extensos argumentos para defender que seja feita uma den\u00fancia contra o presidente\u00a0<a href=\"https:\/\/noticias.uol.com.br\/politica\/governo-bolsonaro\/\">Jair Bolsonaro<\/a>por genoc\u00eddio contra povos ind\u00edgenas.<\/p>\n\n\n\n<!--more-->\n\n\n\n<p>O documento foi entregue no \u00faltimo dia 13, tem 38 p\u00e1ginas e \u00e9 assinado por Paulo Machado Guimar\u00e3es, presidente da Comiss\u00e3o Especial de Defesa dos Direitos dos Povos Ind\u00edgenas do Conselho Federal da OAB.<\/p>\n\n\n\n<p>&#8220;O conjunto dos atos comissivos e omissivos implementados pela administra\u00e7\u00e3o p\u00fablica da Uni\u00e3o, por expressa orienta\u00e7\u00e3o e concep\u00e7\u00e3o do presidente da Rep\u00fablica, que conta com o concurso de seus auxiliares diretos (&#8230;), evidencia o n\u00facleo do tipo penal descrito no Estatuto de Roma do Tribunal Penal Internacional, na medida em que submetem ou sujeitam os povos e comunidades ind\u00edgenas, no Brasil, a condi\u00e7\u00f5es de vida que tendem a provocar suas destrui\u00e7\u00f5es f\u00edsicas, total ou parcialmente&#8221;, diz o documento.<\/p>\n\n\n\n<p>O relat\u00f3rio afirma ainda que houve uma &#8220;sujei\u00e7\u00e3o intencional do grupo a condi\u00e7\u00f5es de vida com vista a provocar a sua destrui\u00e7\u00e3o f\u00edsica, total ou parcial&#8221;, uma das condutas tipificadas do crime de genoc\u00eddio.<\/p>\n\n\n\n<p>Esse \u00e9 o segundo relat\u00f3rio que aponta para crime de genoc\u00eddio praticado pelo governo durante a pandemia. O&nbsp;<a href=\"https:\/\/noticias.uol.com.br\/politica\/ultimas-noticias\/2021\/10\/07\/parecer-a-cpi-acusa-governo-de-genocidio-contra-indigenas-na-pandemia.htm\">primeiro foi assinado pelo bacharel em direito e filosofia \u00c1lvaro de Azevedo Gonzaga<\/a>, que tem p\u00f3s-doutorado em hist\u00f3ria dos povos ind\u00edgenas e \u00e9 professor da PUC-SP (Pontif\u00edcia Universidade Cat\u00f3lica) de S\u00e3o Paulo.<\/p>\n\n\n\n<p>O uso do termo genoc\u00eddio ind\u00edgena no relat\u00f3rio final da CPI \u00e9&nbsp;<a href=\"http:\/\/noticias.uol.com.br\/politica\/ultimas-noticias\/2021\/10\/18\/disputa-de-egos-entre-omar-aziz-e-renan-poe-em-risco-indiciamentos-da-cpi.htm\">uma das diverg\u00eancias<\/a>entre o relator Renan Calheiros (MDB-AL) e o presidente do colegiado, Omar Aziz (PSD-AM), que foram explicitadas ap\u00f3s vazamento do seu conte\u00fado \u00e0 imprensa, adiando a vota\u00e7\u00e3o final pelos senadores.<\/p>\n\n\n\n<p>Em entrevista \u00e0 GloboNews, Aziz disse, em princ\u00edpio, contestar sugest\u00f5es de indiciamento pelo crime de genoc\u00eddio contra povos ind\u00edgenas. Afirmou que n\u00e3o pode &#8220;criar uma narrativa sobre uma coisa que [ele] n\u00e3o tem conhecimento&#8221;. &#8220;Todos os \u00edndios tiveram, sem exce\u00e7\u00e3o, duas doses [de vacina].&#8221;<\/p>\n\n\n\n<p>Agora o&nbsp;<a href=\"http:\/\/noticias.uol.com.br\/politica\/ultimas-noticias\/2021\/10\/17\/relatorio-da-cpi-sera-lido-dia-20-e-votado-dia-26-de-outubro-diz-omar-aziz.htm\">relat\u00f3rio est\u00e1 previsto para ser lido no dia 20 e votado no dia 26<\/a>.<\/p>\n\n\n\n<h2 class=\"wp-block-heading\">O que dizem os argumentos da OAB<\/h2>\n\n\n\n<p>O documento da OAB cita, entre seus argumentos, uma&nbsp;<a href=\"http:\/\/noticias.uol.com.br\/politica\/ultimas-noticias\/2021\/09\/16\/bolsonaro-parou-demarcacoes-de-terras-indigenas-e-fez-explodir-acoes-do-mpf.htm\">reportagem do&nbsp;<strong>UOL<\/strong>&nbsp;que revelou a omiss\u00e3o do governo<\/a>&nbsp;em realizar atos necess\u00e1rios nos processos de demarca\u00e7\u00e3o de terras ind\u00edgenas \u2014o que fez explodir o n\u00famero de a\u00e7\u00f5es civis p\u00fablicas pelo MPF (Minist\u00e9rio P\u00fablico Federal) em todo o pa\u00eds.<\/p>\n\n\n\n<figure class=\"wp-block-image\"><img decoding=\"async\" src=\"https:\/\/conteudo.imguol.com.br\/c\/noticias\/ad\/2020\/08\/05\/homem-do-povo-yanomami-e-atendido-em-alto-alegre-roraima-plenario-do-stf-deve-se-debrucar-sobre-pauta-acerca-do-papel-do-governo-federal-na-protecao-das-terras-indigenas-na-pandemia-de-coronavirus-1596615645000_v2_750x421.pngx\" alt=\"indigena - Adriano Machado\/Reuters - Adriano Machado\/Reuters\"\/><figcaption>Homem ianom\u00e2mi \u00e9 atendido em Alto Alegre, Roraima Imagem: Adriano Machado\/Reuters<\/figcaption><\/figure>\n\n\n\n<p>Re\u00fane tamb\u00e9m dados sobre o combate \u00e0 pandemia. Um deles \u00e9 da Abrasco (Associa\u00e7\u00e3o Brasileira de Sa\u00fade Coletiva) e cita que, &#8220;dos 20 distritos de sa\u00fade ind\u00edgena que receberam cloroquina, 17 receberam significativas quantidades excedentes de cloroquina 250 mg, demonstrando a fragilidade da alega\u00e7\u00e3o da Sesai [Secretaria Especial de Sa\u00fade Ind\u00edgena] de que a descentraliza\u00e7\u00e3o desse grande volume de cloroquina se destinava ao tratamento da mal\u00e1ria&#8221;.<\/p>\n\n\n\n<p>A&nbsp;<a href=\"http:\/\/noticias.uol.com.br\/saude\/ultimas-noticias\/redacao\/2021\/09\/01\/covid-cloroquina-estudo-lancet-ineficacia.htm\">cloroquina \u00e9 ineficaz no tratamento e no combate \u00e0 covid<\/a>, como j\u00e1 foi comprovado em diversos estudos. Mas foi recorrentemente defendida por Bolsonaro e seus ministros \u2014<a href=\"https:\/\/noticias.uol.com.br\/politica\/ultimas-noticias\/2021\/05\/20\/bolsonaro-diz-que-tomou-cloroquina-de-novo-sem-recomendacao-medica.htm\">o presidente diz, inclusive, ter tomado cloroquina duas&nbsp;<\/a><a href=\"https:\/\/noticias.uol.com.br\/politica\/ultimas-noticias\/2021\/05\/20\/bolsonaro-diz-que-tomou-cloroquina-de-novo-sem-recomendacao-medica.htm\">vezes<\/a>.<\/p>\n\n\n\n<p>Outro item ressaltado pela OAB \u00e9 que o or\u00e7amento para a sa\u00fade ind\u00edgena caiu em 2021. &#8220;A diferen\u00e7a no valor empenhado, de R$ 50.304.973,44, corresponde a 56% do empenhado em 2020. Deste montante, foram pagos, at\u00e9 8 de agosto de 2021, somente R$ 28.706.305,63&#8221;, diz.<\/p>\n\n\n\n<p>E cita ainda que, em rela\u00e7\u00e3o a povos de pouco ou recente contato, &#8220;o risco de extin\u00e7\u00e3o \u00e9 alt\u00edssimo&#8221; e que n\u00e3o houve a prote\u00e7\u00e3o devida a eles.<\/p>\n\n\n\n<p>Tamb\u00e9m critica o aumento de atividades ilegais em terras ind\u00edgenas. &#8220;No estado de Roraima, extremo norte do Brasil, o povo ianom\u00e2mi est\u00e1 submetido \u00e0s graves consequ\u00eancias do garimpo em terras ind\u00edgenas, uma atividade ilegal e etnocida em curso na Terra Ind\u00edgena Ianom\u00e2mi.&#8221;<\/p>\n\n\n\n<p>Em outro trecho, fala sobre outros povos e comunidades ind\u00edgenas &#8220;que se encontram em situa\u00e7\u00f5es vulner\u00e1veis, em especial os guaranis-kaiow\u00e1s, no estado de Mato Grosso do Sul, al\u00e9m de outros povos v\u00edtimas de agress\u00f5es e invas\u00f5es de suas terras, que est\u00e3o sendo expostos&#8221;.<\/p>\n\n\n\n<p>O documento cita ainda a a\u00e7\u00e3o do&nbsp;<a href=\"https:\/\/mundoeducacao.uol.com.br\/politica\/marco-temporal.htm\">marco temporal<\/a>&nbsp;em tramita\u00e7\u00e3o no&nbsp;<a href=\"https:\/\/noticias.uol.com.br\/politica\/stf-supremo-tribunal-federal\/\">STF<\/a>&nbsp;(Supremo Tribunal Federal), que \u00e9 defendido pelo governo e recha\u00e7ada por ind\u00edgenas. Por enquanto, esse processo se encontra parado, ap\u00f3s pedido de vista de Alexandre de Moraes.<\/p>\n\n\n\n<p>Para a OAB, tudo isso indica uma &#8220;in\u00e9dita e surpreendente determina\u00e7\u00e3o e prop\u00f3sito do chefe do Poder Executivo da Uni\u00e3o, senhor Jair Messias Bolsonaro, em efetivamente sujeitar ou submeter os povos e comunidades ind\u00edgenas no Brasil a prec\u00e1rias condi\u00e7\u00f5es de vida&#8221;.<\/p>\n\n\n\n<p>[Ele est\u00e1] favorecendo invas\u00f5es de madeireiros e garimpeiros, bem como proporcionando a contamina\u00e7\u00e3o do&nbsp;<a href=\"https:\/\/www.uol.com.br\/vivabem\/noticias\/redacao\/2020\/01\/25\/tire-suas-principais-duvidas-sobre-o-coronavirus-que-se-espalha-pelo-mundo.htm\">coronav\u00edrus<\/a>, que exp\u00f5em os povos e as comunidades ind\u00edgenas a circunst\u00e2ncias comprometedoras de suas integridades f\u00edsicas, morais, culturais e \u00e9tnicas.&#8221;<br><strong>Trecho de parecer da OAB<\/strong><\/p>\n\n\n\n<h2 class=\"wp-block-heading\">Funai questiona<\/h2>\n\n\n\n<p>Em resposta ao&nbsp;<strong>UOL<\/strong>, a Funai (Funda\u00e7\u00e3o Nacional do \u00cdndio) disse que o documento enviado \u00e0 CPI traz &#8220;assertivas falsas&#8221; e que est\u00e1 atuando com &#8220;medidas pr\u00e1ticas de apoio \u00e0 popula\u00e7\u00e3o ind\u00edgena&#8221;.<\/p>\n\n\n\n<p>Entre as a\u00e7\u00f5es, o \u00f3rg\u00e3o cita a entrega de mais de 1 milh\u00e3o de cestas b\u00e1sicas e a distribui\u00e7\u00e3o de cerca de 23 mil toneladas de alimentos a mais de 200 mil fam\u00edlias ind\u00edgenas.<\/p>\n\n\n\n<p>A Funai afirma ainda que distribuiu mais de 221 mil kits de higiene e limpeza a diferentes popula\u00e7\u00f5es e j\u00e1 destinou aproximadamente R$ 62 milh\u00f5es para a\u00e7\u00f5es de preven\u00e7\u00e3o \u00e0 covid-19, &#8220;com destaque para o suporte a cerca de 300 barreiras sanit\u00e1rias, a fim de impedir o ingresso de n\u00e3o ind\u00edgenas nas aldeias&#8221;.<\/p>\n\n\n\n<p>No \u00e2mbito da prote\u00e7\u00e3o territorial, a funda\u00e7\u00e3o afirma que atua em a\u00e7\u00f5es de fiscaliza\u00e7\u00e3o e monitoramento em Terras Ind\u00edgenas (TIs) de todo o pa\u00eds, &#8220;por meio de suas unidades descentralizadas e em parceria junto a \u00f3rg\u00e3os ambientais e de seguran\u00e7a p\u00fablica competentes&#8221;.<\/p>\n\n\n\n<p>&#8220;Desde janeiro de 2020, a Funai apoiou cerca de 1.200 a\u00e7\u00f5es de prote\u00e7\u00e3o territorial, as quais contemplaram 351 TIs no pa\u00eds. Desse total, mais de 500 a\u00e7\u00f5es foram voltadas ao enfrentamento da pandemia nas comunidades ind\u00edgenas&#8221;, completa.<\/p>\n\n\n\n<p>A Funai afirma ainda que j\u00e1 investiu R$ 30 milh\u00f5es em &#8220;a\u00e7\u00f5es de fiscaliza\u00e7\u00e3o nas TIs de todo o pa\u00eds&#8221;. &#8220;Desse valor, quase R$ 17 milh\u00f5es foram para a\u00e7\u00f5es de prote\u00e7\u00e3o em \u00e1reas onde vivem ind\u00edgenas isolados e de recente contato&#8221;, completa.<\/p>\n\n\n\n<p>&#8220;As atividades s\u00e3o fundamentais para coibir il\u00edcitos e garantir a seguran\u00e7a das comunidades, prevenindo o cont\u00e1gio dessas popula\u00e7\u00f5es pela covid-19&#8221;, finaliza o \u00f3rg\u00e3o.<\/p>\n","protected":false},"excerpt":{"rendered":"<p>Uol &#8211; Um relat\u00f3rio entregue pela OAB (Ordem dos Advogados do Brasil) \u00e0\u00a0CPI da Covid\u00a0no Senado faz um relato com extensos argumentos para defender que seja feita uma den\u00fancia contra o presidente\u00a0Jair Bolsonaropor genoc\u00eddio contra povos ind\u00edgenas.<\/p>\n","protected":false},"author":1,"featured_media":0,"comment_status":"closed","ping_status":"open","sticky":false,"template":"","format":"standard","meta":{"_exactmetrics_skip_tracking":false,"_exactmetrics_sitenote_active":false,"_exactmetrics_sitenote_note":"","_exactmetrics_sitenote_category":0,"jetpack_post_was_ever_published":false,"_jetpack_newsletter_access":"","_jetpack_dont_email_post_to_subs":false,"_jetpack_newsletter_tier_id":0,"_jetpack_memberships_contains_paywalled_content":false,"_jetpack_memberships_contains_paid_content":false,"footnotes":"","jetpack_publicize_message":"","jetpack_publicize_feature_enabled":true,"jetpack_social_post_already_shared":true,"jetpack_social_options":{"image_generator_settings":{"template":"highway","enabled":false},"version":2}},"categories":[1],"tags":[],"class_list":["post-32921","post","type-post","status-publish","format-standard","hentry","category-notas"],"jetpack_publicize_connections":[],"jetpack_sharing_enabled":true,"jetpack_featured_media_url":"","jetpack_shortlink":"https:\/\/wp.me\/p7wKYW-8yZ","jetpack-related-posts":[],"_links":{"self":[{"href":"http:\/\/blogdalucianaoliveira.com.br\/blog\/wp-json\/wp\/v2\/posts\/32921","targetHints":{"allow":["GET"]}}],"collection":[{"href":"http:\/\/blogdalucianaoliveira.com.br\/blog\/wp-json\/wp\/v2\/posts"}],"about":[{"href":"http:\/\/blogdalucianaoliveira.com.br\/blog\/wp-json\/wp\/v2\/types\/post"}],"author":[{"embeddable":true,"href":"http:\/\/blogdalucianaoliveira.com.br\/blog\/wp-json\/wp\/v2\/users\/1"}],"replies":[{"embeddable":true,"href":"http:\/\/blogdalucianaoliveira.com.br\/blog\/wp-json\/wp\/v2\/comments?post=32921"}],"version-history":[{"count":1,"href":"http:\/\/blogdalucianaoliveira.com.br\/blog\/wp-json\/wp\/v2\/posts\/32921\/revisions"}],"predecessor-version":[{"id":32923,"href":"http:\/\/blogdalucianaoliveira.com.br\/blog\/wp-json\/wp\/v2\/posts\/32921\/revisions\/32923"}],"wp:attachment":[{"href":"http:\/\/blogdalucianaoliveira.com.br\/blog\/wp-json\/wp\/v2\/media?parent=32921"}],"wp:term":[{"taxonomy":"category","embeddable":true,"href":"http:\/\/blogdalucianaoliveira.com.br\/blog\/wp-json\/wp\/v2\/categories?post=32921"},{"taxonomy":"post_tag","embeddable":true,"href":"http:\/\/blogdalucianaoliveira.com.br\/blog\/wp-json\/wp\/v2\/tags?post=32921"}],"curies":[{"name":"wp","href":"https:\/\/api.w.org\/{rel}","templated":true}]}}