{"id":32930,"date":"2021-10-21T08:16:19","date_gmt":"2021-10-21T12:16:19","guid":{"rendered":"http:\/\/blogdalucianaoliveira.com.br\/blog\/?p=32930"},"modified":"2021-10-21T08:16:25","modified_gmt":"2021-10-21T12:16:25","slug":"o-coro-demoniaco-de-bolsonaro-durante-a-pandemia-se-traduz-em-nove-crimes-ou-68-anos-de-prisao","status":"publish","type":"post","link":"http:\/\/blogdalucianaoliveira.com.br\/blog\/2021\/10\/21\/o-coro-demoniaco-de-bolsonaro-durante-a-pandemia-se-traduz-em-nove-crimes-ou-68-anos-de-prisao\/","title":{"rendered":"O \u201ccoro demon\u00edaco\u201d de Bolsonaro durante a pandemia se traduz em nove crimes ou 68 anos de pris\u00e3o"},"content":{"rendered":"\n<figure class=\"wp-block-image size-large\"><img data-recalc-dims=\"1\" loading=\"lazy\" decoding=\"async\" width=\"600\" height=\"400\" data-attachment-id=\"32931\" data-permalink=\"http:\/\/blogdalucianaoliveira.com.br\/blog\/2021\/10\/21\/o-coro-demoniaco-de-bolsonaro-durante-a-pandemia-se-traduz-em-nove-crimes-ou-68-anos-de-prisao\/02b7b672-b230-4011-aeeb-26fc55f023ba\/\" data-orig-file=\"https:\/\/i0.wp.com\/blogdalucianaoliveira.com.br\/blog\/wp-content\/uploads\/2021\/10\/02B7B672-B230-4011-AEEB-26FC55F023BA.jpeg?fit=980%2C653\" data-orig-size=\"980,653\" data-comments-opened=\"0\" data-image-meta=\"{&quot;aperture&quot;:&quot;0&quot;,&quot;credit&quot;:&quot;&quot;,&quot;camera&quot;:&quot;&quot;,&quot;caption&quot;:&quot;&quot;,&quot;created_timestamp&quot;:&quot;0&quot;,&quot;copyright&quot;:&quot;&quot;,&quot;focal_length&quot;:&quot;0&quot;,&quot;iso&quot;:&quot;0&quot;,&quot;shutter_speed&quot;:&quot;0&quot;,&quot;title&quot;:&quot;&quot;,&quot;orientation&quot;:&quot;0&quot;}\" data-image-title=\"02B7B672-B230-4011-AEEB-26FC55F023BA\" data-image-description=\"\" data-image-caption=\"\" data-medium-file=\"https:\/\/i0.wp.com\/blogdalucianaoliveira.com.br\/blog\/wp-content\/uploads\/2021\/10\/02B7B672-B230-4011-AEEB-26FC55F023BA.jpeg?fit=300%2C200\" data-large-file=\"https:\/\/i0.wp.com\/blogdalucianaoliveira.com.br\/blog\/wp-content\/uploads\/2021\/10\/02B7B672-B230-4011-AEEB-26FC55F023BA.jpeg?fit=600%2C400\" src=\"https:\/\/i0.wp.com\/blogdalucianaoliveira.com.br\/blog\/wp-content\/uploads\/2021\/10\/02B7B672-B230-4011-AEEB-26FC55F023BA.jpeg?resize=600%2C400\" alt=\"\" class=\"wp-image-32931\" srcset=\"https:\/\/i0.wp.com\/blogdalucianaoliveira.com.br\/blog\/wp-content\/uploads\/2021\/10\/02B7B672-B230-4011-AEEB-26FC55F023BA.jpeg?w=980 980w, https:\/\/i0.wp.com\/blogdalucianaoliveira.com.br\/blog\/wp-content\/uploads\/2021\/10\/02B7B672-B230-4011-AEEB-26FC55F023BA.jpeg?resize=300%2C200 300w, https:\/\/i0.wp.com\/blogdalucianaoliveira.com.br\/blog\/wp-content\/uploads\/2021\/10\/02B7B672-B230-4011-AEEB-26FC55F023BA.jpeg?resize=768%2C512 768w, https:\/\/i0.wp.com\/blogdalucianaoliveira.com.br\/blog\/wp-content\/uploads\/2021\/10\/02B7B672-B230-4011-AEEB-26FC55F023BA.jpeg?resize=450%2C300 450w\" sizes=\"auto, (max-width: 600px) 100vw, 600px\" \/><\/figure>\n\n\n\n<p><strong>El Pa\u00eds <\/strong>&#8211; Segundo o primog\u00eanito do presidente, Fl\u00e1vio Bolsonaro, o mandat\u00e1rio deve ter dado uma gargalhada ao saber do relat\u00f3rio da CPI da Pandemia. Documento ser\u00e1 votado no dia 26.<\/p>\n\n\n\n<!--more-->\n\n\n\n<p>Foi com deboche que o presidente Jair Bolsonaro reagiu ao relat\u00f3rio da&nbsp;<a href=\"https:\/\/brasil.elpais.com\/brasil\/2021-10-19\/bolsonaro-fica-entre-o-crime-contra-a-humanidade-e-o-charlatanismo-no-relatorio-da-cpi-da-pandemia.html\">Comiss\u00e3o Parlamentar de Inqu\u00e9rito (CPI) da Pandemia<\/a>&nbsp;que sugere o seu indiciamento por nove crimes cometidos durante a gest\u00e3o da maior crise sanit\u00e1ria enfrentada pelo mundo. A crise de sa\u00fade resultou at\u00e9 o momento em mais de&nbsp;<a href=\"https:\/\/brasil.elpais.com\/brasil\/2021-10-20\/relatorio-da-cpi-da-pandemia-e-documento-historico-da-pandemia-no-mundo.html\">603.000 mortes por covid-19<\/a>&nbsp;no Brasil. Segundo o seu primog\u00eanito, o senador Fl\u00e1vio Bolsonaro (Patriota-RJ), o presidente deve ter gargalhado ao saber do teor do documento elaborado&nbsp;<a href=\"https:\/\/brasil.elpais.com\/brasil\/2021-10-05\/cpi-entra-na-reta-final-com-cerco-a-planos-de-saude-e-inacao-de-orgaos-de-fiscalizacao.html\">pelo senador Renan Calheiros<\/a>&nbsp;(MDB-AL), e que atribui a ele nove delitos: epidemia, crimes contra a humanidade, infra\u00e7\u00e3o de medidas sanit\u00e1rias, incita\u00e7\u00e3o ao crime, emprego irregular de verba p\u00fablica, charlatanismo, prevarica\u00e7\u00e3o, falsifica\u00e7\u00e3o de documentos particulares e crime de responsabilidade. As penas para todos esses crimes somados variam de cinco anos e quatro meses de deten\u00e7\u00e3o a at\u00e9 68 anos e dez meses. Al\u00e9m da perda de mandato e dos direitos pol\u00edticos, caso prospere um improv\u00e1vel processo de impeachment contra o mandat\u00e1rio.<\/p>\n\n\n\n<p>\u2014 Como o presidente recebe essa sugest\u00e3o de indiciamento por tantos crimes? \u2014 pergunta uma rep\u00f3rter ao senador.<\/p>\n\n\n\n<figure><iframe width=\"1\" height=\"1\"><\/iframe><\/figure>\n\n\n\n<p>\u2013 Voc\u00ea&nbsp;<a href=\"https:\/\/www.youtube.com\/watch?v=6n_m-0FY10M\">conhece aquela gargalhada<\/a>&nbsp;dele? Hahahaha [imita a risada]. Por que n\u00e3o tem o que fazer diferente disso! \u00c9 uma piada de muito mau gosto o que o senador Renan Calheiros faz \u2014 responde Fl\u00e1vio Bolsonaro.<\/p>\n\n\n\n<p>O tratamento insens\u00edvel com os mortos durante a pandemia tem sido uma das marcas da presid\u00eancia de Jair Bolsonaro. Ele j\u00e1 disse que n\u00e3o tinha de se preocupar com os falecidos porque n\u00e3o era coveiro, j\u00e1 colocou em d\u00favidas os n\u00fameros de \u00f3bitos registrados, chamou de\u00a0<a href=\"https:\/\/www.youtube.com\/watch?v=zuLF9UP7I6o\">idiota quem o cobrava<\/a>\u00a0para acelerar a compra de vacinas, incitou a popula\u00e7\u00e3o a criticar governadores e prefeitos que impuseram medidas de restri\u00e7\u00e3o de circula\u00e7\u00e3o e sempre tentou eximir-se de culpa por o Brasil ter um elevado \u00edndice de contamina\u00e7\u00e3o, apesar de\u00a0<a rel=\"noreferrer noopener\" href=\"https:\/\/brasil.elpais.com\/brasil\/2021-10-20\/relatorio-da-cpi-liga-os-pontos-da-politica-anticiencia-que-devastou-o-pais-na-pandemia.html\" target=\"_blank\">seus discursos antici\u00eancia<\/a>\u00a0e contra a imuniza\u00e7\u00e3o da popula\u00e7\u00e3o.<\/p>\n\n\n\n<p>Bolsonaro tamb\u00e9m se manifestou sobre o relat\u00f3rio. Disse que n\u00e3o tem \u201cculpa absolutamente de nada\u201d. \u201cNada produziram [a CPI], a n\u00e3o ser o \u00f3dio e o rancor entre alguns de n\u00f3s. Mas sabemos que n\u00e3o temos culpa de absolutamente nada, fizemos a coisa certa desde o primeiro momento\u201d, declarou no interior do Cear\u00e1, durante um evento p\u00fablico do Governo federal.<\/p>\n\n\n\n<p>Nesta quarta-feira, a CPI oficializou a sugest\u00e3o de indiciamento de Bolsonaro, de outras 65 pessoas e de duas empresas \u2013&nbsp;<a href=\"https:\/\/brasil.elpais.com\/brasil\/2021-06-30\/ricardo-barros-tem-nas-maos-fatura-que-bolsonaro-nao-tem-como-pagar.html\">Precisa Medicamentos<\/a>&nbsp;e&nbsp;<a href=\"https:\/\/brasil.elpais.com\/pandora-papers\/2021-10-06\/empresa-investigada-na-cpi-da-pandemia-tem-offshore-nas-ilhas-virgens-britanicas.html\">VTCLog<\/a>. O documento dever\u00e1 ser analisado no pr\u00f3ximo dia 26 pelo plen\u00e1rio da comiss\u00e3o. Para ser aprovado, s\u00e3o necess\u00e1rios os votos da maioria dos 11 senadores que comp\u00f5e o colegiado. A previs\u00e3o \u00e9 que o placar seja de 7 votos a favor do relat\u00f3rio e 4 contra, levando-se em conta as composi\u00e7\u00f5es da comiss\u00e3o at\u00e9 aqui.<\/p>\n\n\n\n<p>Al\u00e9m do presidente, s\u00e3o indiciados quatro ministros \u2014Marcelo Queiroga (Sa\u00fade), Walter Braga Netto (Defesa), Onyx Lorenzoni (Trabalho) e Wagner Ros\u00e1rio (Controladoria-Geral)\u2014, tr\u00eas ex-ministros \u2014Eduardo Pazuello (Sa\u00fade), Ernesto Ara\u00fajo (Rela\u00e7\u00f5es Exteriores) e F\u00e1bio Wajngarten (Secretaria de Comunica\u00e7\u00e3o)\u2014 al\u00e9m dos tr\u00eas filhos pol\u00edticos do presidente, o senador Fl\u00e1vio, o deputado Eduardo e o vereador Carlos.<\/p>\n\n\n\n<p>Na leitura do resumo de seu relat\u00f3rio, Calheiros disse que a Gest\u00e3o Bolsonaro&nbsp;<a href=\"https:\/\/brasil.elpais.com\/brasil\/2021-10-20\/noticias-sobre-a-cpi-da-pandemia-e-a-crise-da-covid-19-ao-vivo.html#1634748565-0cbf29f66bd182e27769467511aba69a\">desprezou a vida<\/a>. \u201cEsse trabalho coletivo silenciou um coro demon\u00edaco vindo de uma catedral da morte, sediada pelo Governo federal. Geraram uma necr\u00f3pole aterradora, marcada pelo desprezo \u00e0 vida, pelo esc\u00e1rnio com a dor de mais de 600.000 fam\u00edlias, pela insensibilidade e indiferen\u00e7a humanit\u00e1ria. Categorias que resvalam na insanidade, na psicopatia que marcam comportamentos primitivos do ogro e dos b\u00e1rbaros\u201d<\/p>\n\n\n\n<figure class=\"wp-block-image\"><img data-recalc-dims=\"1\" decoding=\"async\" src=\"https:\/\/i0.wp.com\/imagens.brasil.elpais.com\/resizer\/8oX7HfdIzFoqQ1jD6pv6QbdYrH4%3D\/414x0\/cloudfront-eu-central-1.images.arcpublishing.com\/prisa\/ER3HIFIU4FCZI4CFBA4ZINVUGQ.jpg?w=600&#038;ssl=1\" alt=\"O senador Fl\u00e1vio Bolsonaro durante entrevista.\"\/><figcaption>O senador Fl\u00e1vio Bolsonaro durante entrevista.EDILSON RODRIGUES (AFP)<\/figcaption><\/figure>\n\n\n\n<h3 class=\"wp-block-heading\">Barreiras jur\u00eddica e pol\u00edtica<\/h3>\n\n\n\n<p>O deboche de Bolsonaro, de seus familiares e de sua base congressual, que consideraram o relat\u00f3rio inconstitucional uma \u201cmaluquice\u201d, uma \u201cpe\u00e7a de fic\u00e7\u00e3o\u201d, talvez esteja amparado em uma Procuradoria Geral da Rep\u00fablica que pouco ou nada fez para frear os desmandos do Governo ou para cobrar a\u00e7\u00f5es dele no enfrentamento da doen\u00e7a. Assim como da classe pol\u00edtica ilustrada na figura do presidente da C\u00e2mara, Arthur Lira (PP-AL), que n\u00e3o deu andamento a nenhum dos mais de 130 pedidos de impeachment contra ele. Pela legisla\u00e7\u00e3o brasileira, CPIs n\u00e3o t\u00eam o poder de denunciar ou punir. A elas cabe encaminhar as sugest\u00f5es e conclus\u00f5es aos \u00f3rg\u00e3os de fiscaliza\u00e7\u00e3o competentes.<\/p>\n\n\n\n<p>O&nbsp;<a href=\"https:\/\/brasil.elpais.com\/brasil\/2021-08-25\/senado-releva-blindagem-de-aras-a-bolsonaro-e-premia-com-mais-dois-anos-na-pgr-seu-apoio-a-classe-politica.html\">alinhamento entre Aras e Bolsonaro<\/a>&nbsp;\u00e9 tamanho que o procurador j\u00e1 se manifestou contr\u00e1rio a pelo menos duas investiga\u00e7\u00f5es que agora s\u00e3o citadas no relat\u00f3rio contra o presidente, as dos crimes de epidemia e prevarica\u00e7\u00e3o. Isso ocorreu ao longo de 2021, quando senadores opositores recorreram ao Supremo Tribuna Federal para acusar o presidente de ser conivente com um esquema de corrup\u00e7\u00e3o que estava em andamento no Minist\u00e9rio da Sa\u00fade e quando um grupo de ex-procuradores cobrou que Aras denunciasse Bolsonaro por epidemia.Bolsonaro faz de tudo para permanecer acima da leiPedro Abramovay, diretor da Open Society Foundations<\/p>\n\n\n\n<p>Para o diretor para Am\u00e9rica Latina da Open Society Foundations,&nbsp;<a href=\"https:\/\/brasil.elpais.com\/opiniao\/2020-01-26\/a-correia-de-transmissao-do-autoritarismo-no-brasil-de-bolsonaro.html\">Pedro Abramovay<\/a>, o presidente procede como uma pessoa que sempre cometeu crimes e nunca foi punida. Ao assumir o poder, ele conseguiu se blindar ainda mais. \u201cO presidente mostrou que \u00e9 poss\u00edvel se tornar um presidente livre de qualquer puni\u00e7\u00e3o se voc\u00ea cooptar o presidente da C\u00e2mara e o PGR. Bolsonaro faz de tudo para permanecer acima da lei\u201d, afirmou ao EL PA\u00cdS.<\/p>\n\n\n\n<p>Na vis\u00e3o de Abramovay, ex-secret\u00e1rio-nacional de Justi\u00e7a, o relat\u00f3rio da CPI conseguiu furar uma esp\u00e9cie de bolha de prote\u00e7\u00e3o que havia at\u00e9 ent\u00e3o ao presidente. \u201cO impacto \u00e9 mais do que s\u00f3 na imagem do presidente. Ele fez de tudo para cooptar institui\u00e7\u00f5es. Essa \u00e9 uma resposta institucional a ele\u201d.<\/p>\n\n\n\n<h3 class=\"wp-block-heading\">Os crimes de Bolsonaro<\/h3>\n\n\n\n<p>Em quase seis meses de trabalhos, a CPI concluiu que Bolsonaro precisa ser investigado por nove crimes. Os que chamam mais aten\u00e7\u00e3o s\u00e3o os de maiores penas: o crime contra a humanidade, que deve ser analisado pelo Tribunal Penal Internacional, e o de causar epidemia com a propaga\u00e7\u00e3o de germes patog\u00eanicos. Este est\u00e1 previsto no artigo 267 do C\u00f3digo Penal. Em caso de morte da v\u00edtima, a puni\u00e7\u00e3o do culpado \u00e9 de 20 a 30 anos de reclus\u00e3o.<\/p>\n\n\n\n<p>No parecer, Renan Calheiros destacou que comete o crime de epidemia n\u00e3o somente aquele que origina ou produz uma epidemia, com a propaga\u00e7\u00e3o inicial de germes patog\u00eanicos, \u201cmas tamb\u00e9m quem, mesmo ap\u00f3s iniciado o quadro epid\u00eamico, age ou se omite para dar causa a um processo epid\u00eamico de maiores propor\u00e7\u00f5es\u201d. No entendimento do relator, quando o Governo Bolsonaro&nbsp;<a href=\"https:\/\/brasil.elpais.com\/brasil\/2021-05-13\/diretor-da-pfizer-escancara-atraso-letal-do-governo-bolsonaro-na-compra-de-vacinas.html\" target=\"_blank\" rel=\"noreferrer noopener\">atrasou a compra de vacinas<\/a>, se contrap\u00f4s ao distanciamento social e ao uso de m\u00e1scaras ou quando incentivou o uso de medicamentos ineficazes contra o novo coronav\u00edrus, contribuiu para o risco de propaga\u00e7\u00e3o da doen\u00e7a.<\/p>\n\n\n\n<p>Sobre o crime contra a humanidade, cuja pena pode chegar a 30 anos de pris\u00e3o, o embasamento \u00e9 o artigo 7\u00ba do decreto 4.388, que promulga o Estatuto de Roma. O presidente \u00e9 apontado pelo relator como um dos respons\u00e1veis pelo\u00a0<a href=\"https:\/\/brasil.elpais.com\/brasil\/2021-01-15\/morrer-sem-oxigenio-em-uma-maca-em-manaus-a-tragedia-que-escancara-a-negligencia-politica-na-pandemia.html\">colapso na rede de sa\u00fade de Manaus<\/a>, quando faltou oxig\u00eanio para os pacientes, pela compra e incentivo do uso dos ineficientes\u00a0<em>kits covid<\/em>e por ataques contra a popula\u00e7\u00e3o ind\u00edgena. \u201cO que distingue a morte de centenas de ind\u00edgenas da morte de centenas de milhares de outros dos nossos concidad\u00e3os \u00e9, fundamentalmente, a inten\u00e7\u00e3o de submeter esse grupo espec\u00edfico da popula\u00e7\u00e3o ao risco de cont\u00e1gio\u201d, delineou Calheiros.<\/p>\n\n\n\n<figure class=\"wp-block-image\"><img data-recalc-dims=\"1\" decoding=\"async\" src=\"https:\/\/i0.wp.com\/imagens.brasil.elpais.com\/resizer\/-_rXs9zQRR0cQr35K-MiZ4GDNzY%3D\/414x0\/cloudfront-eu-central-1.images.arcpublishing.com\/prisa\/BXQD67HRBJ4WRPSDEGHMJ7F26M.jpg?w=600&#038;ssl=1\" alt=\"O relator da CPI, senador Renan Calheiros.\"\/><figcaption>O relator da CPI, senador Renan Calheiros.JO\u00c9DSON ALVES (EFE)<\/figcaption><\/figure>\n\n\n\n<h3 class=\"wp-block-heading\">Genoc\u00eddio e governador do Amazonas ficam de fora<\/h3>\n\n\n\n<p>Calheiros planejkava sugerir o indiciamento de Bolsonaro pelos crimes de genoc\u00eddio dos povos ind\u00edgenas e de homic\u00eddio qualificado. Mas, depois da press\u00e3o de colegas de seu grupo pol\u00edtico quanto ao peso dos termos e de discuss\u00f5es t\u00e9cnicas, decidiu dar um passo atr\u00e1s. O genoc\u00eddio entrou no \u00e2mbito dos crimes contra a humanidade e o homic\u00eddio qualificado, no de epidemia. \u201cHomic\u00eddio doloso qualificado, pela legisla\u00e7\u00e3o, \u00e9 algo cometido contra algu\u00e9m identificado. S\u00e3o mais de 600.000 v\u00edtimas. Ou seja, \u00e9 algo que n\u00e3o se sustentaria. Ent\u00e3o, saiu. Mas ficou o crime de epidemia com resultado morte, que tem car\u00e1ter coletivo\u201d, explicou um t\u00e9cnico da CPI.<\/p>\n\n\n\n<p>\u201cPreferimos ter um relat\u00f3rio forte, contundente, que seja aprovado pela maioria para, em seguida, exigirmos a apura\u00e7\u00e3o dos crimes e a puni\u00e7\u00e3o dos envolvidos\u201d, ressaltou o\u00a0<a href=\"https:\/\/brasil.elpais.com\/brasil\/2021-08-28\/randolfe-rodrigues-nunca-se-cometeram-tanto-crimes-como-nos-ultimos-anos-de-jair-bolsonaro.html\">vice-presidente da comiss\u00e3o, Randolfe Rodrigues<\/a>\u00a0(Rede-AP). Na vis\u00e3o dele, apesar do aparente alinhamento do procurador-geral da Rep\u00fablica, Augusto Aras, com o presidente da Rep\u00fablica, n\u00e3o haver\u00e1 maneira de Bolsonaro se esquivar de futuras den\u00fancias criminais. \u201cO PGR receber\u00e1 um relat\u00f3rio com todos os elementos necess\u00e1rios para dar encaminhamento \u00e0s investiga\u00e7\u00f5es.\u201d<\/p>\n\n\n\n<p>Al\u00e9m da n\u00e3o caracteriza\u00e7\u00e3o do genoc\u00eddio, outra aus\u00eancia que gerou queixas entre os senadores opositores foi&nbsp;<a href=\"https:\/\/brasil.elpais.com\/brasil\/2021-01-24\/400-reais-para-respirar-mais-quatro-horas-em-manaus.html\">o n\u00e3o indiciamento do governador do Amazonas<\/a>, Wilson Lima (PSC). Dois senadores amazonenses, Eduardo Braga (MDB) e Omar Aziz (PSD) cobraram publicamente Calheiros para incluir Lima no rol dos indiciados. Trataria-se de mais do que uma quest\u00e3o pol\u00edtica \u2014ambos s\u00e3o de grupos pol\u00edticos distintos do governador\u2014, pois tem valor humanit\u00e1ria, j\u00e1 que Manaus sofreu uma&nbsp;<a href=\"https:\/\/brasil.elpais.com\/brasil\/2021-01-15\/morrer-sem-oxigenio-em-uma-maca-em-manaus-a-tragedia-que-escancara-a-negligencia-politica-na-pandemia.html\" target=\"_blank\" rel=\"noreferrer noopener\">crise de abastecimento de oxig\u00eanio em janeiro<\/a>&nbsp;que resultou na dezena de mortes de pacientes internados com covid-19.<\/p>\n\n\n\n<p>A inclus\u00e3o de Lima no relat\u00f3rio final ainda pode ocorrer at\u00e9 a pr\u00f3xima ter\u00e7a-feira. O relator disse que est\u00e1 \u00e0 disposi\u00e7\u00e3o para algumas modifica\u00e7\u00f5es. Ap\u00f3s a poss\u00edvel aprova\u00e7\u00e3o do documento, os senadores montar\u00e3o um Observat\u00f3rio do Senado para cobrar o andamento das apura\u00e7\u00f5es junto aos \u00f3rg\u00e3os respons\u00e1veis. Para o dia 27 eles prometem um ato na Procuradoria-Geral da Rep\u00fablica, onde entregar\u00e3o oficialmente o parecer. E ainda neste ano pretendem fazer o mesmo junto ao Tribunal Penal Internacional. A busca por puni\u00e7\u00f5es est\u00e1 apenas come\u00e7ando.<\/p>\n\n\n\n<p><\/p>\n","protected":false},"excerpt":{"rendered":"<p>El Pa\u00eds &#8211; Segundo o primog\u00eanito do presidente, Fl\u00e1vio Bolsonaro, o mandat\u00e1rio deve ter dado uma gargalhada ao saber do relat\u00f3rio da CPI da Pandemia. Documento ser\u00e1 votado no dia 26.<\/p>\n","protected":false},"author":1,"featured_media":0,"comment_status":"closed","ping_status":"open","sticky":false,"template":"","format":"standard","meta":{"_exactmetrics_skip_tracking":false,"_exactmetrics_sitenote_active":false,"_exactmetrics_sitenote_note":"","_exactmetrics_sitenote_category":0,"jetpack_post_was_ever_published":false,"_jetpack_newsletter_access":"","_jetpack_dont_email_post_to_subs":false,"_jetpack_newsletter_tier_id":0,"_jetpack_memberships_contains_paywalled_content":false,"_jetpack_memberships_contains_paid_content":false,"footnotes":"","jetpack_publicize_message":"","jetpack_publicize_feature_enabled":true,"jetpack_social_post_already_shared":true,"jetpack_social_options":{"image_generator_settings":{"template":"highway","enabled":false},"version":2}},"categories":[1],"tags":[],"class_list":["post-32930","post","type-post","status-publish","format-standard","hentry","category-notas"],"jetpack_publicize_connections":[],"jetpack_sharing_enabled":true,"jetpack_featured_media_url":"","jetpack_shortlink":"https:\/\/wp.me\/p7wKYW-8z8","jetpack-related-posts":[],"_links":{"self":[{"href":"http:\/\/blogdalucianaoliveira.com.br\/blog\/wp-json\/wp\/v2\/posts\/32930","targetHints":{"allow":["GET"]}}],"collection":[{"href":"http:\/\/blogdalucianaoliveira.com.br\/blog\/wp-json\/wp\/v2\/posts"}],"about":[{"href":"http:\/\/blogdalucianaoliveira.com.br\/blog\/wp-json\/wp\/v2\/types\/post"}],"author":[{"embeddable":true,"href":"http:\/\/blogdalucianaoliveira.com.br\/blog\/wp-json\/wp\/v2\/users\/1"}],"replies":[{"embeddable":true,"href":"http:\/\/blogdalucianaoliveira.com.br\/blog\/wp-json\/wp\/v2\/comments?post=32930"}],"version-history":[{"count":1,"href":"http:\/\/blogdalucianaoliveira.com.br\/blog\/wp-json\/wp\/v2\/posts\/32930\/revisions"}],"predecessor-version":[{"id":32932,"href":"http:\/\/blogdalucianaoliveira.com.br\/blog\/wp-json\/wp\/v2\/posts\/32930\/revisions\/32932"}],"wp:attachment":[{"href":"http:\/\/blogdalucianaoliveira.com.br\/blog\/wp-json\/wp\/v2\/media?parent=32930"}],"wp:term":[{"taxonomy":"category","embeddable":true,"href":"http:\/\/blogdalucianaoliveira.com.br\/blog\/wp-json\/wp\/v2\/categories?post=32930"},{"taxonomy":"post_tag","embeddable":true,"href":"http:\/\/blogdalucianaoliveira.com.br\/blog\/wp-json\/wp\/v2\/tags?post=32930"}],"curies":[{"name":"wp","href":"https:\/\/api.w.org\/{rel}","templated":true}]}}