{"id":32939,"date":"2021-10-22T10:50:16","date_gmt":"2021-10-22T14:50:16","guid":{"rendered":"http:\/\/blogdalucianaoliveira.com.br\/blog\/?p=32939"},"modified":"2021-10-22T10:50:19","modified_gmt":"2021-10-22T14:50:19","slug":"justica-gratuita-entenda-impacto-da-decisao-do-stf-que-anula-absurdo-da-reforma-trabalhista","status":"publish","type":"post","link":"http:\/\/blogdalucianaoliveira.com.br\/blog\/2021\/10\/22\/justica-gratuita-entenda-impacto-da-decisao-do-stf-que-anula-absurdo-da-reforma-trabalhista\/","title":{"rendered":"Justi\u00e7a gratuita: entenda impacto da decis\u00e3o do STF que anula &#8220;absurdo&#8221; da reforma trabalhista"},"content":{"rendered":"\n<figure class=\"wp-block-image size-large\"><img data-recalc-dims=\"1\" loading=\"lazy\" decoding=\"async\" width=\"600\" height=\"400\" data-attachment-id=\"32940\" data-permalink=\"http:\/\/blogdalucianaoliveira.com.br\/blog\/2021\/10\/22\/justica-gratuita-entenda-impacto-da-decisao-do-stf-que-anula-absurdo-da-reforma-trabalhista\/1d1e5d58-874d-49e8-bd26-7a07c2bae700\/\" data-orig-file=\"https:\/\/i0.wp.com\/blogdalucianaoliveira.com.br\/blog\/wp-content\/uploads\/2021\/10\/1D1E5D58-874D-49E8-BD26-7A07C2BAE700.jpeg?fit=800%2C533\" data-orig-size=\"800,533\" data-comments-opened=\"0\" data-image-meta=\"{&quot;aperture&quot;:&quot;0&quot;,&quot;credit&quot;:&quot;JBatista\\\/Camara dos Deputados&quot;,&quot;camera&quot;:&quot;NIKON D3&quot;,&quot;caption&quot;:&quot;&quot;,&quot;created_timestamp&quot;:&quot;1493220131&quot;,&quot;copyright&quot;:&quot;JBatista\\\/Camara dos Deputados&quot;,&quot;focal_length&quot;:&quot;58&quot;,&quot;iso&quot;:&quot;2000&quot;,&quot;shutter_speed&quot;:&quot;0.016666666666667&quot;,&quot;title&quot;:&quot;&quot;,&quot;orientation&quot;:&quot;0&quot;}\" data-image-title=\"1D1E5D58-874D-49E8-BD26-7A07C2BAE700\" data-image-description=\"\" data-image-caption=\"\" data-medium-file=\"https:\/\/i0.wp.com\/blogdalucianaoliveira.com.br\/blog\/wp-content\/uploads\/2021\/10\/1D1E5D58-874D-49E8-BD26-7A07C2BAE700.jpeg?fit=300%2C200\" data-large-file=\"https:\/\/i0.wp.com\/blogdalucianaoliveira.com.br\/blog\/wp-content\/uploads\/2021\/10\/1D1E5D58-874D-49E8-BD26-7A07C2BAE700.jpeg?fit=600%2C400\" src=\"https:\/\/i0.wp.com\/blogdalucianaoliveira.com.br\/blog\/wp-content\/uploads\/2021\/10\/1D1E5D58-874D-49E8-BD26-7A07C2BAE700.jpeg?resize=600%2C400\" alt=\"\" class=\"wp-image-32940\" srcset=\"https:\/\/i0.wp.com\/blogdalucianaoliveira.com.br\/blog\/wp-content\/uploads\/2021\/10\/1D1E5D58-874D-49E8-BD26-7A07C2BAE700.jpeg?w=800 800w, https:\/\/i0.wp.com\/blogdalucianaoliveira.com.br\/blog\/wp-content\/uploads\/2021\/10\/1D1E5D58-874D-49E8-BD26-7A07C2BAE700.jpeg?resize=300%2C200 300w, https:\/\/i0.wp.com\/blogdalucianaoliveira.com.br\/blog\/wp-content\/uploads\/2021\/10\/1D1E5D58-874D-49E8-BD26-7A07C2BAE700.jpeg?resize=768%2C512 768w, https:\/\/i0.wp.com\/blogdalucianaoliveira.com.br\/blog\/wp-content\/uploads\/2021\/10\/1D1E5D58-874D-49E8-BD26-7A07C2BAE700.jpeg?resize=450%2C300 450w\" sizes=\"auto, (max-width: 600px) 100vw, 600px\" \/><\/figure>\n\n\n\n<h4 class=\"wp-block-heading\">Supremo afastou na \u00faltima quarta-feira (20) uma barreira econ\u00f4mica ao direito fundamental do acesso ao Judici\u00e1rio<\/h4>\n\n\n\n<!--more-->\n\n\n\n<p>Daniel Giovanaz &#8211; Brasil de Fato | S\u00e3o Paulo\u00a0<\/p>\n\n\n\n<p>O Supremo Tribunal Federal (STF) decidiu, na \u00faltima quarta-feira (21),&nbsp;<a href=\"http:\/\/portal.stf.jus.br\/noticias\/verNoticiaDetalhe.asp?idConteudo=475159&amp;ori=1\" target=\"_blank\" rel=\"noreferrer noopener\">pela inconstitucionalidade dos dispositivos da reforma trabalhista&nbsp;(Lei 13.467\/2017)&nbsp;que obrigavam o benefici\u00e1rio da justi\u00e7a gratuita a pagar&nbsp;pela per\u00edcia e pelos chamados honor\u00e1rios advocat\u00edcios sucumbenciais<\/a>&nbsp;\u2013 quando h\u00e1 decis\u00e3o judicial desfavor\u00e1vel.<\/p>\n\n\n\n<p>O&nbsp;<strong>Brasil de Fato<\/strong>&nbsp;ouviu especialistas para explicar o impacto desse julgamento, realizado no \u00e2mbito da&nbsp;A\u00e7\u00e3o Direita de Inconstitucionalidade (ADI) 5766, ajuizada pela Procuradoria-Geral da Rep\u00fablica (PGR).<\/p>\n\n\n\n<p>O placar foi 6 a 4, com votos favor\u00e1veis de&nbsp;Alexandre de Moraes, Edson Fachin, Dias Toffoli, Ricardo Lewandowski,&nbsp;C\u00e1rmen L\u00facia e Rosa Weber.<\/p>\n\n\n\n<p>&#8220;Foi&nbsp;uma das decis\u00f5es mais importantes do STF nos \u00faltimos cinco anos&#8221;, afirma Adriana Calvo, mestre e doutora em Direito do Trabalho.<\/p>\n\n\n\n<p>&#8220;A reforma trabalhista criou um absurdo, uma barreira econ\u00f4mica ao direito fundamental ao acesso ao Poder Judici\u00e1rio. Por exemplo, a&nbsp;pessoa entra com a a\u00e7\u00e3o; se ela ganhar 100 e perder 50, ela tem pagar honor\u00e1rio sobre a parte que perdeu&nbsp;e, \u00e0s vezes, o que ela ganhou, n\u00e3o leva.&#8221;<\/p>\n\n\n\n<p>Diagn\u00f3stico e rem\u00e9dio<\/p>\n\n\n\n<p>Um dos argumentos que levou \u00e0 aprova\u00e7\u00e3o desse mecanismo em 2017 foi a necessidade de prevenir processos abertos por m\u00e1-f\u00e9.<\/p>\n\n\n\n<p>&#8220;A reforma trabalhista identificou um problema que realmente existia: uma ind\u00fastria de a\u00e7\u00f5es trabalhistas, baseada no &#8216;copia e cola&#8217;, sem preocupa\u00e7\u00e3o com as consequ\u00eancias dos pedidos. Eu concordo com esse diagn\u00f3stico, mas o rem\u00e9dio n\u00e3o foi apropriado&#8221;, avalia Calvo.<\/p>\n\n\n\n<p>&#8220;Cabe ao juiz aplicar o instituto da&nbsp;litig\u00e2ncia de m\u00e1-f\u00e9,&nbsp;se houver abusos na utiliza\u00e7\u00e3o da justi\u00e7a gratuita.&#8221;<\/p>\n\n\n\n<figure class=\"wp-block-image\"><img data-recalc-dims=\"1\" decoding=\"async\" src=\"https:\/\/i0.wp.com\/images03.brasildefato.com.br\/e474605b9e66f0b2ac02b06dfc0d9aff.jpeg?w=600&#038;ssl=1\" alt=\"\"\/><\/figure>\n\n\n\n<p><br>Ministro Alexandre de Moraes foi um dos seis que votou pela inconstitucionalidade dos dispositivos da reforma que dizem respeito \u00e0 justi\u00e7a gratuita&nbsp;\/ Marcelo Camargo \/Ag\u00eancia Brasil<\/p>\n\n\n\n<p>A legisla\u00e7\u00e3o trabalhista brasileira garante justi\u00e7a gratuita a quem ganha at\u00e9 40% do teto para benef\u00edcios do INSS, cerca de R$ 2,6 mil.<\/p>\n\n\n\n<p>A jurista ressalta que a&nbsp;<a href=\"https:\/\/www.brasildefato.com.br\/2018\/11\/11\/reforma-trabalhista-reduziu-renda-nao-gerou-emprego-e-precarizou-trabalho\" target=\"_blank\" rel=\"noreferrer noopener\">reforma de Michel Temer (MDB)<\/a>&nbsp;reduziu imediatamente o n\u00famero de novas a\u00e7\u00f5es trabalhistas no Brasil.<\/p>\n\n\n\n<p>&#8220;De 2017 a 2018, caiu drasticamente, para quase 40%, o n\u00famero de a\u00e7\u00f5es. Isso impactou tamb\u00e9m na jurisprud\u00eancia, porque muitas mat\u00e9rias que a reforma trouxe n\u00e3o foram t\u00e3o debatidas nas a\u00e7\u00f5es judiciais por conta de receio da sucumb\u00eancia&#8221;, lembra.<\/p>\n\n\n\n<p>&#8220;Eu n\u00e3o posso falar que existe democracia em um pa\u00eds quando ele veda o acesso ao Judici\u00e1rio.&#8221;<\/p>\n\n\n\n<p>Em detalhe<\/p>\n\n\n\n<p>Ap\u00f3s a decis\u00e3o do STF, a empresa continua tendo que pagar o advogado do trabalhador que ganhar uma a\u00e7\u00e3o na Justi\u00e7a.<\/p>\n\n\n\n<p>&#8220;A diferen\u00e7a \u00e9 que o advogado de empresa, se for deferida a justi\u00e7a gratuita, n\u00e3o recebe honor\u00e1rios de sucumb\u00eancia&#8221;, explica Adriana Calvo. &#8220;Por isso, muitos advogados de empresas acharam essa decis\u00e3o ruim.&#8221;<\/p>\n\n\n\n<p>O Supremo ainda n\u00e3o publicou a decis\u00e3o de quarta (20) em ac\u00f3rd\u00e3o. Por isso, uma das d\u00favidas que permanecem \u00e9 sobre os advogados de empresas que receberam honor\u00e1rios de benefici\u00e1rios da&nbsp;justi\u00e7a gratuita desde 2017.<\/p>\n\n\n\n<p>Em nenhum momento, os ministros disseram que a decis\u00e3o n\u00e3o se aplica retroativamente.<\/p>\n\n\n\n<p>Presidente da Comiss\u00e3o de Direito do Trabalho da Ordem dos Advogados do Brasil em S\u00e3o Paulo (OAB\/SP), Jorge Pinheiro Castelo cita o&nbsp;precedente da&nbsp;<a href=\"http:\/\/portal.stf.jus.br\/processos\/detalhe.asp?incidente=5526245\" target=\"_blank\" rel=\"noreferrer noopener\">a\u00e7\u00e3o declarat\u00f3ria de constitucionalidade (ADC) 58, referente \u00e0 Selic<\/a>, no STF.<\/p>\n\n\n\n<p>&#8220;Para garantir seguran\u00e7a jur\u00eddica, o Supremo considerou ato consolidado os pagamentos feitos com base naquele&nbsp;entendimento&#8221;, lembra.<\/p>\n\n\n\n<p>&#8220;No caso da justi\u00e7a gratuita, \u00e9 poss\u00edvel que eles n\u00e3o modulem, e ficar\u00e1 a inconstitucionalidade desde a edi\u00e7\u00e3o da lei. No entanto, penso que eles devem garantir a observ\u00e2ncia dos pagamentos feitos e das decis\u00f5es que transitaram em julgado [quando n\u00e3o h\u00e1 mais possibilidade de recurso]&#8221;.<\/p>\n\n\n\n<p>Castelo enfatiza a import\u00e2ncia da decis\u00e3o do Supremo para corrigir injusti\u00e7as em um contexto de aumento da extrema pobreza no Brasil.<\/p>\n\n\n\n<p>&#8220;O julgamento foi essencial, afastando um obst\u00e1culo de acesso \u00e0 justi\u00e7a enorme, que compromete fatalmente os direitos trabalhistas, justamente de pessoas com insufici\u00eancia de recursos, pobres&#8221;, diz.<\/p>\n\n\n\n<p>O advogado completa lembrando que, mesmo quem tem raz\u00e3o, podia&nbsp;ter medo de entrar na Justi\u00e7a por medo de ter que pagar os honor\u00e1rios e a per\u00edcia.<\/p>\n\n\n\n<p>&#8220;O risco \u00e9 inerente ao processo. Nem sempre o trabalhador que tem direito consegue fazer sua comprova\u00e7\u00e3o. O poder econ\u00f4mico, normalmente, est\u00e1 assessorado, tem capacidade de produzir provas documentais no correr da rela\u00e7\u00e3o jur\u00eddica. Os mais pobres, n\u00e3o&#8221;, ressalta Jorge Pinheiro Castelo.<\/p>\n\n\n\n<p>&#8220;Por isso que, nem sempre&nbsp;perder um processo significa n\u00e3o ter raz\u00e3o. E esse trabalhador vulner\u00e1vel n\u00e3o pode sofrer uma nova san\u00e7\u00e3o do Estado, que justamente deveria garantir seu acesso \u00e0 Justi\u00e7a&#8221;, finaliza.<\/p>\n\n\n\n<p>Tamb\u00e9m na quarta-feira (20), por maioria, foi considerada v\u00e1lida a imposi\u00e7\u00e3o do pagamento de custas pelo benefici\u00e1rio da justi\u00e7a gratuita que faltar \u00e0 audi\u00eancia inicial e n\u00e3o apresentar justificativa legal no prazo de 15 dias.<\/p>\n\n\n\n<p>Edi\u00e7\u00e3o: Leandro Melito<\/p>\n","protected":false},"excerpt":{"rendered":"<p>Supremo afastou na \u00faltima quarta-feira (20) uma barreira econ\u00f4mica ao direito fundamental do acesso ao Judici\u00e1rio<\/p>\n","protected":false},"author":1,"featured_media":0,"comment_status":"closed","ping_status":"open","sticky":false,"template":"","format":"standard","meta":{"_exactmetrics_skip_tracking":false,"_exactmetrics_sitenote_active":false,"_exactmetrics_sitenote_note":"","_exactmetrics_sitenote_category":0,"jetpack_post_was_ever_published":false,"_jetpack_newsletter_access":"","_jetpack_dont_email_post_to_subs":false,"_jetpack_newsletter_tier_id":0,"_jetpack_memberships_contains_paywalled_content":false,"_jetpack_memberships_contains_paid_content":false,"footnotes":"","jetpack_publicize_message":"","jetpack_publicize_feature_enabled":true,"jetpack_social_post_already_shared":true,"jetpack_social_options":{"image_generator_settings":{"template":"highway","enabled":false},"version":2}},"categories":[1],"tags":[],"class_list":["post-32939","post","type-post","status-publish","format-standard","hentry","category-notas"],"jetpack_publicize_connections":[],"jetpack_sharing_enabled":true,"jetpack_featured_media_url":"","jetpack_shortlink":"https:\/\/wp.me\/p7wKYW-8zh","jetpack-related-posts":[],"_links":{"self":[{"href":"http:\/\/blogdalucianaoliveira.com.br\/blog\/wp-json\/wp\/v2\/posts\/32939","targetHints":{"allow":["GET"]}}],"collection":[{"href":"http:\/\/blogdalucianaoliveira.com.br\/blog\/wp-json\/wp\/v2\/posts"}],"about":[{"href":"http:\/\/blogdalucianaoliveira.com.br\/blog\/wp-json\/wp\/v2\/types\/post"}],"author":[{"embeddable":true,"href":"http:\/\/blogdalucianaoliveira.com.br\/blog\/wp-json\/wp\/v2\/users\/1"}],"replies":[{"embeddable":true,"href":"http:\/\/blogdalucianaoliveira.com.br\/blog\/wp-json\/wp\/v2\/comments?post=32939"}],"version-history":[{"count":1,"href":"http:\/\/blogdalucianaoliveira.com.br\/blog\/wp-json\/wp\/v2\/posts\/32939\/revisions"}],"predecessor-version":[{"id":32941,"href":"http:\/\/blogdalucianaoliveira.com.br\/blog\/wp-json\/wp\/v2\/posts\/32939\/revisions\/32941"}],"wp:attachment":[{"href":"http:\/\/blogdalucianaoliveira.com.br\/blog\/wp-json\/wp\/v2\/media?parent=32939"}],"wp:term":[{"taxonomy":"category","embeddable":true,"href":"http:\/\/blogdalucianaoliveira.com.br\/blog\/wp-json\/wp\/v2\/categories?post=32939"},{"taxonomy":"post_tag","embeddable":true,"href":"http:\/\/blogdalucianaoliveira.com.br\/blog\/wp-json\/wp\/v2\/tags?post=32939"}],"curies":[{"name":"wp","href":"https:\/\/api.w.org\/{rel}","templated":true}]}}