{"id":32947,"date":"2021-10-25T13:34:09","date_gmt":"2021-10-25T17:34:09","guid":{"rendered":"http:\/\/blogdalucianaoliveira.com.br\/blog\/?p=32947"},"modified":"2021-10-25T13:34:15","modified_gmt":"2021-10-25T17:34:15","slug":"militares-na-amazonia-custaram-r-550-mi-e-nao-baixaram-desmatamento","status":"publish","type":"post","link":"http:\/\/blogdalucianaoliveira.com.br\/blog\/2021\/10\/25\/militares-na-amazonia-custaram-r-550-mi-e-nao-baixaram-desmatamento\/","title":{"rendered":"Militares na Amaz\u00f4nia custaram R$ 550 mi e n\u00e3o baixaram desmatamento"},"content":{"rendered":"\n<figure class=\"wp-block-image size-large\"><img data-recalc-dims=\"1\" loading=\"lazy\" decoding=\"async\" width=\"600\" height=\"387\" data-attachment-id=\"32948\" data-permalink=\"http:\/\/blogdalucianaoliveira.com.br\/blog\/2021\/10\/25\/militares-na-amazonia-custaram-r-550-mi-e-nao-baixaram-desmatamento\/02aa558d-d747-4580-a531-992dcf6195c7\/\" data-orig-file=\"https:\/\/i0.wp.com\/blogdalucianaoliveira.com.br\/blog\/wp-content\/uploads\/2021\/10\/02AA558D-D747-4580-A531-992DCF6195C7.jpeg?fit=828%2C534\" data-orig-size=\"828,534\" data-comments-opened=\"0\" data-image-meta=\"{&quot;aperture&quot;:&quot;0&quot;,&quot;credit&quot;:&quot;&quot;,&quot;camera&quot;:&quot;&quot;,&quot;caption&quot;:&quot;&quot;,&quot;created_timestamp&quot;:&quot;0&quot;,&quot;copyright&quot;:&quot;&quot;,&quot;focal_length&quot;:&quot;0&quot;,&quot;iso&quot;:&quot;0&quot;,&quot;shutter_speed&quot;:&quot;0&quot;,&quot;title&quot;:&quot;&quot;,&quot;orientation&quot;:&quot;1&quot;}\" data-image-title=\"02AA558D-D747-4580-A531-992DCF6195C7\" data-image-description=\"\" data-image-caption=\"\" data-medium-file=\"https:\/\/i0.wp.com\/blogdalucianaoliveira.com.br\/blog\/wp-content\/uploads\/2021\/10\/02AA558D-D747-4580-A531-992DCF6195C7.jpeg?fit=300%2C193\" data-large-file=\"https:\/\/i0.wp.com\/blogdalucianaoliveira.com.br\/blog\/wp-content\/uploads\/2021\/10\/02AA558D-D747-4580-A531-992DCF6195C7.jpeg?fit=600%2C387\" src=\"https:\/\/i0.wp.com\/blogdalucianaoliveira.com.br\/blog\/wp-content\/uploads\/2021\/10\/02AA558D-D747-4580-A531-992DCF6195C7.jpeg?resize=600%2C387\" alt=\"\" class=\"wp-image-32948\" srcset=\"https:\/\/i0.wp.com\/blogdalucianaoliveira.com.br\/blog\/wp-content\/uploads\/2021\/10\/02AA558D-D747-4580-A531-992DCF6195C7.jpeg?w=828 828w, https:\/\/i0.wp.com\/blogdalucianaoliveira.com.br\/blog\/wp-content\/uploads\/2021\/10\/02AA558D-D747-4580-A531-992DCF6195C7.jpeg?resize=300%2C193 300w, https:\/\/i0.wp.com\/blogdalucianaoliveira.com.br\/blog\/wp-content\/uploads\/2021\/10\/02AA558D-D747-4580-A531-992DCF6195C7.jpeg?resize=768%2C495 768w, https:\/\/i0.wp.com\/blogdalucianaoliveira.com.br\/blog\/wp-content\/uploads\/2021\/10\/02AA558D-D747-4580-A531-992DCF6195C7.jpeg?resize=465%2C300 465w\" sizes=\"auto, (max-width: 600px) 100vw, 600px\" \/><\/figure>\n\n\n\n<p><strong>Folha de S\u00e3o Paulo <\/strong>&#8211; As tr\u00eas interven\u00e7\u00f5es das For\u00e7as Armadas no combate a crimes ambientais na\u00a0<a href=\"https:\/\/www1.folha.uol.com.br\/folha-topicos\/amazonia\/\">Amaz\u00f4nia<\/a>custaram R$ 550 milh\u00f5es aos cofres p\u00fablicos e n\u00e3o derrubaram o desmatamento no bioma. Mesmo assim, o\u00a0<a href=\"https:\/\/www1.folha.uol.com.br\/folha-topicos\/hamilton-mourao\/\">vice-presidente Hamilton Mour\u00e3o<\/a>\u00a0defendeu a continuidade dessa militariza\u00e7\u00e3o para que negociadores brasileiros tenham &#8220;n\u00fameros positivos&#8221; para apresentar na\u00a0<a href=\"https:\/\/www1.folha.uol.com.br\/folha-topicos\/cop26\/\">COP26<\/a>.<\/p>\n\n\n\n<!--more-->\n\n\n\n<p>A Confer\u00eancia das Na\u00e7\u00f5es Unidas para Mudan\u00e7as Clim\u00e1ticas come\u00e7a no pr\u00f3ximo dia 31 em Glasgow, no Reino Unido. Mour\u00e3o, que preside o Conselho Nacional da Amaz\u00f4nia Legal, foi exclu\u00eddo da possibilidade de chefiar a delega\u00e7\u00e3o brasileira na COP26, apesar de ter manifestado inten\u00e7\u00e3o nesse sentido. O ministro do Meio Ambiente,&nbsp;<a href=\"https:\/\/www1.folha.uol.com.br\/folha-topicos\/joaquim-pereira-leite\/\">Joaquim Leite<\/a>, lidera os trabalhos.<\/p>\n\n\n\n<p>Al\u00e9m disso, o apelo de Mour\u00e3o para que os militares permanecessem na Amaz\u00f4nia, at\u00e9 como forma de garantir \u00eaxito na confer\u00eancia da ONU, foi ignorado pelo governo.&nbsp;<a href=\"https:\/\/www1.folha.uol.com.br\/ambiente\/2021\/10\/mourao-diz-que-acao-de-militares-para-preservacao-da-amazonia-nao-sera-prorrogada.shtml\">No \u00faltimo dia 15<\/a>, o pr\u00f3prio vice-presidente confirmou que o governo n\u00e3o renovaria mais a\u00e7\u00f5es do tipo.<\/p>\n\n\n\n<figure class=\"wp-block-image\"><img data-recalc-dims=\"1\" decoding=\"async\" src=\"https:\/\/i0.wp.com\/f.i.uol.com.br\/fotografia\/2021\/10\/24\/16351044726175b6d8522ef_1635104472_3x2_rt.jpg?w=600&#038;ssl=1\" alt=\"\"\/><figcaption>Militares das For\u00e7as Armadas participam de opera\u00e7\u00e3o de GLO (Garantia da Lei e da Ordem) na Amaz\u00f4nia &#8211; Adriano Machado &#8211; 28.set.2021\/Reuters&nbsp;<\/figcaption><\/figure>\n\n\n\n<p>As interven\u00e7\u00f5es militares foram garantidas por meio de decretos do presidente Jair Bolsonaro que autorizaram o emprego das For\u00e7as Armadas nas chamadas GLOs (garantias da lei e da ordem), com a\u00e7\u00f5es diretas em terras ind\u00edgenas, unidades de conserva\u00e7\u00e3o e \u00e1reas particulares onde ocorriam crimes ambientais.<\/p>\n\n\n\n<p>As tr\u00eas GLOs ficaram vigentes durante 16 dos 34 meses de governo Bolsonaro. Apesar do malabarismo com dados feito pelo governo, a presen\u00e7a dos militares n\u00e3o derrubou os indicadores de desmatamento da Amaz\u00f4nia.<\/p>\n\n\n\n<p>A primeira GLO vigorou&nbsp;<a href=\"https:\/\/www1.folha.uol.com.br\/ambiente\/2019\/08\/operacao-de-combate-a-incendios-se-concentra-em-rondonia-diz-governo.shtml\">de agosto a outubro de 2019<\/a>. Cada dia da chamada Opera\u00e7\u00e3o Verde Brasil custou R$ 1,5 milh\u00e3o, segundo informa\u00e7\u00e3o do pr\u00f3prio Mour\u00e3o.<\/p>\n\n\n\n<p>Depois, uma nova GLO assegurou a Verde Brasil 2, que durou&nbsp;<a href=\"https:\/\/www1.folha.uol.com.br\/ambiente\/2021\/02\/governo-decide-retirar-militares-da-amazonia-e-limitar-fiscalizacao-a-11-cidades-de-4-estados.shtml\">entre maio de 2020 e abril de 2021<\/a>, a um custo de R$ 410 milh\u00f5es.<\/p>\n\n\n\n<p>Uma terceira GLO garantiu a Opera\u00e7\u00e3o Sama\u00fama&nbsp;<a href=\"https:\/\/www1.folha.uol.com.br\/ambiente\/2021\/06\/bolsonaro-prorroga-atuacao-de-militares-na-amazonia-e-proibe-queimadas.shtml\">entre o fim de junho e o fim de agosto de 2021<\/a>. Esta \u00faltima teve a\u00e7\u00e3o mais focada em 26 cidades de quatro estados amaz\u00f4nicos. Custou R$ 50 milh\u00f5es, segundo Mour\u00e3o.<\/p>\n\n\n\n<p>O total de R$ 550 milh\u00f5es equivale a quase seis vezes o valor do or\u00e7amento do Ibama (Instituto Brasileiro do Meio Ambiente e dos Recursos Naturais Renov\u00e1veis) em 2020 para gastos com fiscaliza\u00e7\u00e3o ambiental, licenciamento e gest\u00e3o da biodiversidade. \u00c9 o Ibama o \u00f3rg\u00e3o fiscalizador e repressor dos il\u00edcitos nos biomas brasileiros.<\/p>\n\n\n\n<p>Uma ata detalhada da \u00faltima reuni\u00e3o do Conselho da Amaz\u00f4nia, que n\u00e3o fica dispon\u00edvel para consulta no site do colegiado, registra o apelo do vice-presidente para que a GLO prosseguisse, de forma a assegurar &#8220;n\u00fameros positivos&#8221; na COP26.<\/p>\n\n\n\n<p>Conforme o documento do encontro, realizado em 24 de agosto, Mour\u00e3o &#8220;conversou com o ministro da Defesa para que estenda a GLO, com os recursos que restaram, de modo que, quando os nossos negociadores chegarem em Glasgow para a COP26, em novembro, se tenham n\u00fameros positivos e principalmente demonstre claramente o comprometimento do Estado brasileiro (governo Bolsonaro) de resolver esse problema&#8221;.<\/p>\n\n\n\n<p>Na reuni\u00e3o, o vice-presidente antecipou a evolu\u00e7\u00e3o do dado consolidado do desmatamento da Amaz\u00f4nia, sistematizado pelo&nbsp;<a href=\"https:\/\/www1.folha.uol.com.br\/ambiente\/2020\/11\/desmatamento-na-amazonia-volta-a-bater-recorde-e-cresce-9.shtml\">Prodes<\/a>&nbsp;(Projeto de Monitoramento do Desmatamento na Amaz\u00f4nia Legal por Sat\u00e9lite), do Inpe (Instituto Nacional de Pesquisas Espaciais). O desmatamento entre agosto de 2020 e julho de 2021 teria sido 5% menor do que o registrado no ciclo anterior.<\/p>\n\n\n\n<p>A perda de vegeta\u00e7\u00e3o entre agosto de 2019 e julho de 2020, por\u00e9m, foi de 10.851 km<sup>2<\/sup>&nbsp;de floresta, 7,1% a mais que no ciclo anterior. Foi um recorde em 12 anos, conforme os dados do Inpe.<\/p>\n\n\n\n<p>O decreto que instituiu a \u00faltima GLO, garantidora da Opera\u00e7\u00e3o Sama\u00fama, estabeleceu uma vig\u00eancia at\u00e9 o \u00faltimo dia 31 de agosto. O m\u00eas seguinte registrou um desmatamento de 1.224 km<sup>2<\/sup>, uma \u00e1rea do tamanho da cidade do Rio de Janeiro, a pior marca para setembro em dez anos, segundo o sistema de alerta do Imazon (Instituto do Homem e Meio Ambiente da Amaz\u00f4nia).<\/p>\n\n\n\n<p>O acumulado de janeiro a setembro, per\u00edodo que envolve a Verde Brasil 2 e a Sama\u00fama, chegou a 8.939 km<sup>2<\/sup>, 39% a mais que no mesmo per\u00edodo em 2020 e o pior \u00edndice em dez anos, conforme os dados do Imazon.<\/p>\n\n\n\n<p>A Opera\u00e7\u00e3o Sama\u00fama teve &#8220;resultados extremamente positivos&#8221;, segundo afirmou Mour\u00e3o na reuni\u00e3o do Conselho da Amaz\u00f4nia. &#8220;\u00c9 preciso manter a impuls\u00e3o e \u00e9 fundamental que se consiga atingir o objetivo.&#8221;<\/p>\n\n\n\n<p>O vice-presidente citou a elabora\u00e7\u00e3o de um programa chamado Nossa Amaz\u00f4nia e pediu aos ministros presentes que respeitassem os prazos de contribui\u00e7\u00e3o para o programa, at\u00e9 outubro, &#8220;um m\u00eas antes da COP26, para deixar claro o compromisso do Estado brasileiro com o que vem ocorrendo na Amaz\u00f4nia&#8221;.<\/p>\n\n\n\n<p>Mour\u00e3o disse ainda que o conceito de soberania &#8220;est\u00e1 intimamente ligado ao problema que vive a Amaz\u00f4nia&#8221;. Limitam a soberania, segundo o vice-presidente, o fluxo de refugiados, o tr\u00e1fico de drogas e de armas e a &#8220;interdepend\u00eancia econ\u00f4mica internacional&#8221;.<\/p>\n\n\n\n<p>Nem o Minist\u00e9rio do Meio Ambiente nem o Itamaraty responderam aos questionamentos da reportagem sobre como a militariza\u00e7\u00e3o do combate a crimes ambientais na Amaz\u00f4nia poderia contribuir nas negocia\u00e7\u00f5es na COP26.<\/p>\n\n\n\n<p>A Vice-Presid\u00eancia afirmou que Mour\u00e3o n\u00e3o foi exclu\u00eddo da COP26. O que houve, segundo a assessoria do vice-presidente, foi uma decis\u00e3o de Bolsonaro de colocar a comitiva sob a tutela do ministro do Meio Ambiente. Mour\u00e3o participa de reuni\u00f5es preparativas para o evento, segundo a vice-presid\u00eancia, e resultados ser\u00e3o divulgados em breve.<\/p>\n\n\n\n<p>Com vista \u00e0 participa\u00e7\u00e3o na COP26, o governo Bolsonaro prepara uma atualiza\u00e7\u00e3o da Pol\u00edtica Nacional sobre Mudan\u00e7a do Clima e o lan\u00e7amento do Programa de Crescimento Verde, este previsto para a pr\u00f3xima segunda-feira (25). O Minist\u00e9rio da Agricultura lan\u00e7ou o Plano ABC+, tamb\u00e9m de olho na COP26, com proposta de amplia\u00e7\u00e3o da redu\u00e7\u00e3o de emiss\u00e3o de carbono pelo setor agropecu\u00e1rio.<\/p>\n\n\n\n<figure class=\"wp-block-image\"><a href=\"https:\/\/fotografia.folha.uol.com.br\/galerias\/1701652538637592-veja-fotografias-de-lalo-de-almeida-sobre-amazonia\"><img data-recalc-dims=\"1\" decoding=\"async\" src=\"https:\/\/i0.wp.com\/f.i.uol.com.br\/fotografia\/2021\/06\/04\/162282234460ba4dc84a5c2_1622822344_3x2_md.jpg?w=600&#038;ssl=1\" alt=\"Veja fotografias de Lalo de Almeida na Amaz\u00f4nia\"\/><\/a><figcaption><a href=\"https:\/\/fotografia.folha.uol.com.br\/galerias\/1701652538637592-veja-fotografias-de-lalo-de-almeida-sobre-amazonia\">Veja fotografias de Lalo de Almeida na Amaz\u00f4nia<\/a><\/figcaption><\/figure>\n\n\n\n<p>A&nbsp;<strong>Folha<\/strong>&nbsp;mostrou em reportagem publicada na quinta (21) que a atualiza\u00e7\u00e3o da Pol\u00edtica Nacional sobre Mudan\u00e7a do Clima&nbsp;<a href=\"https:\/\/www1.folha.uol.com.br\/ambiente\/2021\/10\/governo-bolsonaro-exclui-expansao-de-areas-verdes-protegidas-em-atualizacao-da-politica-do-clima.shtml\">exclui a previs\u00e3o de expans\u00e3o de \u00e1reas verdes legalmente protegidas<\/a>, conforme minuta finalizada de um projeto de lei.<\/p>\n\n\n\n<p>A minuta obtida pela reportagem prop\u00f5e a revoga\u00e7\u00e3o da lei de 2009 que instituiu a pol\u00edtica do governo brasileiro para&nbsp;<a href=\"https:\/\/www1.folha.uol.com.br\/folha-topicos\/mudanca-climatica\/\">mudan\u00e7as clim\u00e1ticas<\/a>, de forma que a nova proposta em desenvolvimento ocupe seu lugar. Pela lei vigente, a pol\u00edtica deve visar \u00e0 &#8220;consolida\u00e7\u00e3o e \u00e0 expans\u00e3o das \u00e1reas legalmente protegidas&#8221;.<\/p>\n\n\n\n<p>Em dezembro de 2020, o Brasil apresentou \u00e0 ONU a atualiza\u00e7\u00e3o de seu compromisso de redu\u00e7\u00e3o de gases de efeito estufa, dentro do&nbsp;<a href=\"https:\/\/www1.folha.uol.com.br\/ambiente\/2020\/12\/assinado-ha-cinco-anos-acordo-de-paris-resiste-a-lideres-que-negam-mudancas-climaticas.shtml\">Acordo de Paris<\/a>. Esse compromisso \u00e9 chamado contribui\u00e7\u00e3o nacionalmente determinada (NDC, na sigla em ingl\u00eas).<\/p>\n\n\n\n<p>O ano considerado como base foi 2005. At\u00e9 2025, o compromisso de redu\u00e7\u00e3o de emiss\u00e3o de gases \u00e9 de 37%. At\u00e9 2030, 43%.<\/p>\n","protected":false},"excerpt":{"rendered":"<p>Folha de S\u00e3o Paulo &#8211; As tr\u00eas interven\u00e7\u00f5es das For\u00e7as Armadas no combate a crimes ambientais na\u00a0Amaz\u00f4niacustaram R$ 550 milh\u00f5es aos cofres p\u00fablicos e n\u00e3o derrubaram o desmatamento no bioma. Mesmo assim, o\u00a0vice-presidente Hamilton Mour\u00e3o\u00a0defendeu a continuidade dessa militariza\u00e7\u00e3o para que negociadores brasileiros tenham &#8220;n\u00fameros positivos&#8221; para apresentar na\u00a0COP26.<\/p>\n","protected":false},"author":1,"featured_media":0,"comment_status":"closed","ping_status":"open","sticky":false,"template":"","format":"standard","meta":{"_exactmetrics_skip_tracking":false,"_exactmetrics_sitenote_active":false,"_exactmetrics_sitenote_note":"","_exactmetrics_sitenote_category":0,"jetpack_post_was_ever_published":false,"_jetpack_newsletter_access":"","_jetpack_dont_email_post_to_subs":false,"_jetpack_newsletter_tier_id":0,"_jetpack_memberships_contains_paywalled_content":false,"_jetpack_memberships_contains_paid_content":false,"footnotes":"","jetpack_publicize_message":"","jetpack_publicize_feature_enabled":true,"jetpack_social_post_already_shared":true,"jetpack_social_options":{"image_generator_settings":{"template":"highway","enabled":false},"version":2}},"categories":[1],"tags":[],"class_list":["post-32947","post","type-post","status-publish","format-standard","hentry","category-notas"],"jetpack_publicize_connections":[],"jetpack_sharing_enabled":true,"jetpack_featured_media_url":"","jetpack_shortlink":"https:\/\/wp.me\/p7wKYW-8zp","jetpack-related-posts":[],"_links":{"self":[{"href":"http:\/\/blogdalucianaoliveira.com.br\/blog\/wp-json\/wp\/v2\/posts\/32947","targetHints":{"allow":["GET"]}}],"collection":[{"href":"http:\/\/blogdalucianaoliveira.com.br\/blog\/wp-json\/wp\/v2\/posts"}],"about":[{"href":"http:\/\/blogdalucianaoliveira.com.br\/blog\/wp-json\/wp\/v2\/types\/post"}],"author":[{"embeddable":true,"href":"http:\/\/blogdalucianaoliveira.com.br\/blog\/wp-json\/wp\/v2\/users\/1"}],"replies":[{"embeddable":true,"href":"http:\/\/blogdalucianaoliveira.com.br\/blog\/wp-json\/wp\/v2\/comments?post=32947"}],"version-history":[{"count":1,"href":"http:\/\/blogdalucianaoliveira.com.br\/blog\/wp-json\/wp\/v2\/posts\/32947\/revisions"}],"predecessor-version":[{"id":32949,"href":"http:\/\/blogdalucianaoliveira.com.br\/blog\/wp-json\/wp\/v2\/posts\/32947\/revisions\/32949"}],"wp:attachment":[{"href":"http:\/\/blogdalucianaoliveira.com.br\/blog\/wp-json\/wp\/v2\/media?parent=32947"}],"wp:term":[{"taxonomy":"category","embeddable":true,"href":"http:\/\/blogdalucianaoliveira.com.br\/blog\/wp-json\/wp\/v2\/categories?post=32947"},{"taxonomy":"post_tag","embeddable":true,"href":"http:\/\/blogdalucianaoliveira.com.br\/blog\/wp-json\/wp\/v2\/tags?post=32947"}],"curies":[{"name":"wp","href":"https:\/\/api.w.org\/{rel}","templated":true}]}}