{"id":32950,"date":"2021-10-27T12:14:39","date_gmt":"2021-10-27T16:14:39","guid":{"rendered":"http:\/\/blogdalucianaoliveira.com.br\/blog\/?p=32950"},"modified":"2021-10-27T16:45:43","modified_gmt":"2021-10-27T20:45:43","slug":"policia-militar-de-rondonia-afronta-decisao-de-ministra-e-mantem-camponeses-em-sofrimento","status":"publish","type":"post","link":"http:\/\/blogdalucianaoliveira.com.br\/blog\/2021\/10\/27\/policia-militar-de-rondonia-afronta-decisao-de-ministra-e-mantem-camponeses-em-sofrimento\/","title":{"rendered":"Pol\u00edcia Militar de Rond\u00f4nia afronta decis\u00e3o de ministra e mant\u00e9m camponeses em sofrimento"},"content":{"rendered":"\n<figure class=\"wp-block-image size-large\"><img loading=\"lazy\" decoding=\"async\" width=\"2048\" height=\"1536\" data-attachment-id=\"32951\" data-permalink=\"http:\/\/blogdalucianaoliveira.com.br\/blog\/2021\/10\/27\/policia-militar-de-rondonia-afronta-decisao-de-ministra-e-mantem-camponeses-em-sofrimento\/campo-4\/\" data-orig-file=\"https:\/\/i0.wp.com\/blogdalucianaoliveira.com.br\/blog\/wp-content\/uploads\/2021\/10\/campo.jpg?fit=2048%2C1536\" data-orig-size=\"2048,1536\" data-comments-opened=\"0\" data-image-meta=\"{&quot;aperture&quot;:&quot;0&quot;,&quot;credit&quot;:&quot;&quot;,&quot;camera&quot;:&quot;&quot;,&quot;caption&quot;:&quot;&quot;,&quot;created_timestamp&quot;:&quot;0&quot;,&quot;copyright&quot;:&quot;&quot;,&quot;focal_length&quot;:&quot;0&quot;,&quot;iso&quot;:&quot;0&quot;,&quot;shutter_speed&quot;:&quot;0&quot;,&quot;title&quot;:&quot;&quot;,&quot;orientation&quot;:&quot;0&quot;}\" data-image-title=\"campo\" data-image-description=\"\" data-image-caption=\"\" data-medium-file=\"https:\/\/i0.wp.com\/blogdalucianaoliveira.com.br\/blog\/wp-content\/uploads\/2021\/10\/campo.jpg?fit=300%2C225\" data-large-file=\"https:\/\/i0.wp.com\/blogdalucianaoliveira.com.br\/blog\/wp-content\/uploads\/2021\/10\/campo.jpg?fit=600%2C450\" src=\"https:\/\/i0.wp.com\/blogdalucianaoliveira.com.br\/blog\/wp-content\/uploads\/2021\/10\/campo.jpg?fit=600%2C450&amp;ssl=1\" alt=\"\" class=\"wp-image-32951\" srcset=\"https:\/\/i0.wp.com\/blogdalucianaoliveira.com.br\/blog\/wp-content\/uploads\/2021\/10\/campo.jpg?w=2048 2048w, https:\/\/i0.wp.com\/blogdalucianaoliveira.com.br\/blog\/wp-content\/uploads\/2021\/10\/campo.jpg?resize=300%2C225 300w, https:\/\/i0.wp.com\/blogdalucianaoliveira.com.br\/blog\/wp-content\/uploads\/2021\/10\/campo.jpg?resize=1024%2C768 1024w, https:\/\/i0.wp.com\/blogdalucianaoliveira.com.br\/blog\/wp-content\/uploads\/2021\/10\/campo.jpg?resize=768%2C576 768w, https:\/\/i0.wp.com\/blogdalucianaoliveira.com.br\/blog\/wp-content\/uploads\/2021\/10\/campo.jpg?resize=1536%2C1152 1536w, https:\/\/i0.wp.com\/blogdalucianaoliveira.com.br\/blog\/wp-content\/uploads\/2021\/10\/campo.jpg?resize=400%2C300 400w, https:\/\/i0.wp.com\/blogdalucianaoliveira.com.br\/blog\/wp-content\/uploads\/2021\/10\/campo.jpg?w=1200 1200w, https:\/\/i0.wp.com\/blogdalucianaoliveira.com.br\/blog\/wp-content\/uploads\/2021\/10\/campo.jpg?w=1800 1800w\" sizes=\"auto, (max-width: 600px) 100vw, 600px\" \/><\/figure>\n\n\n\n<p><strong>Por Luciana Oliveira<\/strong> &#8211; Estava tudo certo para o retorno de mais de 600 fam\u00edlias de camponeses e camponesas ao acampamento Thiago Campim dos Santos em Nova Mutum Paran\u00e1, nesta ter\u00e7a-feira, 27.<\/p>\n\n\n\n<p>Uma reuni\u00e3o foi feita no dia anterior com v\u00e1rios \u00f3rg\u00e3os governamentais e entidades da sociedade civil para acertar os detalhes do cumprimento da decis\u00e3o da Ministra do Supremo Tribunal Federal, C\u00e1rmen L\u00facia, que suspendeu ordem de reintegra\u00e7\u00e3o de posse no \u00faltimo dia 20 numa \u00e1rea de mais de 57 mil hectares ocupada desde mar\u00e7o de 2020. Um pedido de reconsidera\u00e7\u00e3o da decis\u00e3o foi negado pela ministra dois dias depois.<\/p>\n\n\n\n<!--more-->\n\n\n\n<p><em><strong>\u201cEm rela\u00e7\u00e3o ao pedido de ID n. 62870153, mantenho o despacho de ID n. 60145113, pelos fundamentos invocados na decis\u00e3o de ID n. 49420946. A reintegra\u00e7\u00e3o de posse no im\u00f3vel j\u00e1 foi realizada, sendo evidente que os requeridos est\u00e3o descumprindo a ordem judicial, o que resta evidente no pedido de reconsidera\u00e7\u00e3o\u201d.<\/strong><\/em><\/p>\n\n\n\n<p>Uma Miss\u00e3o de Solidariedade composta por representantes de diversas organiza\u00e7\u00f5es de defesa dos direitos humanos, Minist\u00e9rio P\u00fablico Federal, Defensoria P\u00fablica, Comiss\u00e3o Pastoral da Terra e advogados populares foi ao local do conflito para acompanhar a volta dos camponeses a seus lotes.<\/p>\n\n\n\n<figure class=\"wp-block-image size-large\"><img data-recalc-dims=\"1\" loading=\"lazy\" decoding=\"async\" width=\"600\" height=\"450\" data-attachment-id=\"32970\" data-permalink=\"http:\/\/blogdalucianaoliveira.com.br\/blog\/2021\/10\/27\/policia-militar-de-rondonia-afronta-decisao-de-ministra-e-mantem-camponeses-em-sofrimento\/4bd40560-1e41-4d29-aca9-c49e2bb638f3\/\" data-orig-file=\"https:\/\/i0.wp.com\/blogdalucianaoliveira.com.br\/blog\/wp-content\/uploads\/2021\/10\/4BD40560-1E41-4D29-ACA9-C49E2BB638F3.jpeg?fit=640%2C480\" data-orig-size=\"640,480\" data-comments-opened=\"0\" data-image-meta=\"{&quot;aperture&quot;:&quot;0&quot;,&quot;credit&quot;:&quot;&quot;,&quot;camera&quot;:&quot;&quot;,&quot;caption&quot;:&quot;&quot;,&quot;created_timestamp&quot;:&quot;0&quot;,&quot;copyright&quot;:&quot;&quot;,&quot;focal_length&quot;:&quot;0&quot;,&quot;iso&quot;:&quot;0&quot;,&quot;shutter_speed&quot;:&quot;0&quot;,&quot;title&quot;:&quot;&quot;,&quot;orientation&quot;:&quot;1&quot;}\" data-image-title=\"4BD40560-1E41-4D29-ACA9-C49E2BB638F3\" data-image-description=\"\" data-image-caption=\"\" data-medium-file=\"https:\/\/i0.wp.com\/blogdalucianaoliveira.com.br\/blog\/wp-content\/uploads\/2021\/10\/4BD40560-1E41-4D29-ACA9-C49E2BB638F3.jpeg?fit=300%2C225\" data-large-file=\"https:\/\/i0.wp.com\/blogdalucianaoliveira.com.br\/blog\/wp-content\/uploads\/2021\/10\/4BD40560-1E41-4D29-ACA9-C49E2BB638F3.jpeg?fit=600%2C450\" src=\"https:\/\/i0.wp.com\/blogdalucianaoliveira.com.br\/blog\/wp-content\/uploads\/2021\/10\/4BD40560-1E41-4D29-ACA9-C49E2BB638F3.jpeg?resize=600%2C450\" alt=\"\" class=\"wp-image-32970\" srcset=\"https:\/\/i0.wp.com\/blogdalucianaoliveira.com.br\/blog\/wp-content\/uploads\/2021\/10\/4BD40560-1E41-4D29-ACA9-C49E2BB638F3.jpeg?w=640 640w, https:\/\/i0.wp.com\/blogdalucianaoliveira.com.br\/blog\/wp-content\/uploads\/2021\/10\/4BD40560-1E41-4D29-ACA9-C49E2BB638F3.jpeg?resize=300%2C225 300w, https:\/\/i0.wp.com\/blogdalucianaoliveira.com.br\/blog\/wp-content\/uploads\/2021\/10\/4BD40560-1E41-4D29-ACA9-C49E2BB638F3.jpeg?resize=400%2C300 400w\" sizes=\"auto, (max-width: 600px) 100vw, 600px\" \/><\/figure>\n\n\n\n<p>Ap\u00f3s seis dias de despejo com relatos de abusos e humilha\u00e7\u00f5es praticados por policiais a realoca\u00e7\u00e3o dos camponeses abrigados em condi\u00e7\u00f5es inadequadas na Escola Municipal Santa J\u00falia, na Vila da Penha, foi iniciada com dois micro-\u00f4nibus com a assist\u00eancia social da prefeitura da capital e do governo do estado. Muitas fam\u00edlias despejadas j\u00e1 haviam sa\u00eddo da escola e aguardavam autoriza\u00e7\u00e3o para o retorno \u00e0 \u00e1rea.<\/p>\n\n\n\n<figure class=\"wp-block-image size-large\"><img data-recalc-dims=\"1\" loading=\"lazy\" decoding=\"async\" width=\"600\" height=\"450\" data-attachment-id=\"32971\" data-permalink=\"http:\/\/blogdalucianaoliveira.com.br\/blog\/2021\/10\/27\/policia-militar-de-rondonia-afronta-decisao-de-ministra-e-mantem-camponeses-em-sofrimento\/c5468228-46ec-49be-aa6f-bd7f84cf60e0\/\" data-orig-file=\"https:\/\/i0.wp.com\/blogdalucianaoliveira.com.br\/blog\/wp-content\/uploads\/2021\/10\/C5468228-46EC-49BE-AA6F-BD7F84CF60E0.jpeg?fit=640%2C480\" data-orig-size=\"640,480\" data-comments-opened=\"0\" data-image-meta=\"{&quot;aperture&quot;:&quot;0&quot;,&quot;credit&quot;:&quot;&quot;,&quot;camera&quot;:&quot;&quot;,&quot;caption&quot;:&quot;&quot;,&quot;created_timestamp&quot;:&quot;0&quot;,&quot;copyright&quot;:&quot;&quot;,&quot;focal_length&quot;:&quot;0&quot;,&quot;iso&quot;:&quot;0&quot;,&quot;shutter_speed&quot;:&quot;0&quot;,&quot;title&quot;:&quot;&quot;,&quot;orientation&quot;:&quot;1&quot;}\" data-image-title=\"C5468228-46EC-49BE-AA6F-BD7F84CF60E0\" data-image-description=\"\" data-image-caption=\"\" data-medium-file=\"https:\/\/i0.wp.com\/blogdalucianaoliveira.com.br\/blog\/wp-content\/uploads\/2021\/10\/C5468228-46EC-49BE-AA6F-BD7F84CF60E0.jpeg?fit=300%2C225\" data-large-file=\"https:\/\/i0.wp.com\/blogdalucianaoliveira.com.br\/blog\/wp-content\/uploads\/2021\/10\/C5468228-46EC-49BE-AA6F-BD7F84CF60E0.jpeg?fit=600%2C450\" src=\"https:\/\/i0.wp.com\/blogdalucianaoliveira.com.br\/blog\/wp-content\/uploads\/2021\/10\/C5468228-46EC-49BE-AA6F-BD7F84CF60E0.jpeg?resize=600%2C450\" alt=\"\" class=\"wp-image-32971\" srcset=\"https:\/\/i0.wp.com\/blogdalucianaoliveira.com.br\/blog\/wp-content\/uploads\/2021\/10\/C5468228-46EC-49BE-AA6F-BD7F84CF60E0.jpeg?w=640 640w, https:\/\/i0.wp.com\/blogdalucianaoliveira.com.br\/blog\/wp-content\/uploads\/2021\/10\/C5468228-46EC-49BE-AA6F-BD7F84CF60E0.jpeg?resize=300%2C225 300w, https:\/\/i0.wp.com\/blogdalucianaoliveira.com.br\/blog\/wp-content\/uploads\/2021\/10\/C5468228-46EC-49BE-AA6F-BD7F84CF60E0.jpeg?resize=400%2C300 400w\" sizes=\"auto, (max-width: 600px) 100vw, 600px\" \/><\/figure>\n\n\n\n<p>H\u00e1 den\u00fancias de camponeses que adoeceram pelas condi\u00e7\u00f5es insalubres a que foram submetidos e pelas acomoda\u00e7\u00f5es absolutamente inapropriadas, muitos n\u00e3o permaneceram na escola.<\/p>\n\n\n\n<figure class=\"wp-block-image size-large\"><img data-recalc-dims=\"1\" loading=\"lazy\" decoding=\"async\" width=\"600\" height=\"338\" data-attachment-id=\"32957\" data-permalink=\"http:\/\/blogdalucianaoliveira.com.br\/blog\/2021\/10\/27\/policia-militar-de-rondonia-afronta-decisao-de-ministra-e-mantem-camponeses-em-sofrimento\/7846c0bf-4041-4947-991e-f5a25835a894\/\" data-orig-file=\"https:\/\/i0.wp.com\/blogdalucianaoliveira.com.br\/blog\/wp-content\/uploads\/2021\/10\/7846C0BF-4041-4947-991E-F5A25835A894.jpeg?fit=781%2C440\" data-orig-size=\"781,440\" data-comments-opened=\"0\" data-image-meta=\"{&quot;aperture&quot;:&quot;0&quot;,&quot;credit&quot;:&quot;&quot;,&quot;camera&quot;:&quot;&quot;,&quot;caption&quot;:&quot;&quot;,&quot;created_timestamp&quot;:&quot;0&quot;,&quot;copyright&quot;:&quot;&quot;,&quot;focal_length&quot;:&quot;0&quot;,&quot;iso&quot;:&quot;0&quot;,&quot;shutter_speed&quot;:&quot;0&quot;,&quot;title&quot;:&quot;&quot;,&quot;orientation&quot;:&quot;1&quot;}\" data-image-title=\"7846C0BF-4041-4947-991E-F5A25835A894\" data-image-description=\"\" data-image-caption=\"\" data-medium-file=\"https:\/\/i0.wp.com\/blogdalucianaoliveira.com.br\/blog\/wp-content\/uploads\/2021\/10\/7846C0BF-4041-4947-991E-F5A25835A894.jpeg?fit=300%2C169\" data-large-file=\"https:\/\/i0.wp.com\/blogdalucianaoliveira.com.br\/blog\/wp-content\/uploads\/2021\/10\/7846C0BF-4041-4947-991E-F5A25835A894.jpeg?fit=600%2C338\" src=\"https:\/\/i0.wp.com\/blogdalucianaoliveira.com.br\/blog\/wp-content\/uploads\/2021\/10\/7846C0BF-4041-4947-991E-F5A25835A894.jpeg?resize=600%2C338\" alt=\"\" class=\"wp-image-32957\" srcset=\"https:\/\/i0.wp.com\/blogdalucianaoliveira.com.br\/blog\/wp-content\/uploads\/2021\/10\/7846C0BF-4041-4947-991E-F5A25835A894.jpeg?w=781 781w, https:\/\/i0.wp.com\/blogdalucianaoliveira.com.br\/blog\/wp-content\/uploads\/2021\/10\/7846C0BF-4041-4947-991E-F5A25835A894.jpeg?resize=300%2C169 300w, https:\/\/i0.wp.com\/blogdalucianaoliveira.com.br\/blog\/wp-content\/uploads\/2021\/10\/7846C0BF-4041-4947-991E-F5A25835A894.jpeg?resize=768%2C433 768w, https:\/\/i0.wp.com\/blogdalucianaoliveira.com.br\/blog\/wp-content\/uploads\/2021\/10\/7846C0BF-4041-4947-991E-F5A25835A894.jpeg?resize=533%2C300 533w\" sizes=\"auto, (max-width: 600px) 100vw, 600px\" \/><\/figure>\n\n\n\n<figure class=\"wp-block-image size-large\"><img loading=\"lazy\" decoding=\"async\" width=\"1354\" height=\"828\" data-attachment-id=\"32956\" data-permalink=\"http:\/\/blogdalucianaoliveira.com.br\/blog\/2021\/10\/27\/policia-militar-de-rondonia-afronta-decisao-de-ministra-e-mantem-camponeses-em-sofrimento\/02d42c54-5004-4bc5-865d-68c1abc0fc0f\/\" data-orig-file=\"https:\/\/i0.wp.com\/blogdalucianaoliveira.com.br\/blog\/wp-content\/uploads\/2021\/10\/02D42C54-5004-4BC5-865D-68C1ABC0FC0F.jpeg?fit=1354%2C828\" data-orig-size=\"1354,828\" data-comments-opened=\"0\" data-image-meta=\"{&quot;aperture&quot;:&quot;0&quot;,&quot;credit&quot;:&quot;&quot;,&quot;camera&quot;:&quot;&quot;,&quot;caption&quot;:&quot;&quot;,&quot;created_timestamp&quot;:&quot;0&quot;,&quot;copyright&quot;:&quot;&quot;,&quot;focal_length&quot;:&quot;0&quot;,&quot;iso&quot;:&quot;0&quot;,&quot;shutter_speed&quot;:&quot;0&quot;,&quot;title&quot;:&quot;&quot;,&quot;orientation&quot;:&quot;1&quot;}\" data-image-title=\"02D42C54-5004-4BC5-865D-68C1ABC0FC0F\" data-image-description=\"\" data-image-caption=\"\" data-medium-file=\"https:\/\/i0.wp.com\/blogdalucianaoliveira.com.br\/blog\/wp-content\/uploads\/2021\/10\/02D42C54-5004-4BC5-865D-68C1ABC0FC0F.jpeg?fit=300%2C183\" data-large-file=\"https:\/\/i0.wp.com\/blogdalucianaoliveira.com.br\/blog\/wp-content\/uploads\/2021\/10\/02D42C54-5004-4BC5-865D-68C1ABC0FC0F.jpeg?fit=600%2C367\" src=\"https:\/\/i0.wp.com\/blogdalucianaoliveira.com.br\/blog\/wp-content\/uploads\/2021\/10\/02D42C54-5004-4BC5-865D-68C1ABC0FC0F.jpeg?fit=600%2C367\" alt=\"\" class=\"wp-image-32956\" srcset=\"https:\/\/i0.wp.com\/blogdalucianaoliveira.com.br\/blog\/wp-content\/uploads\/2021\/10\/02D42C54-5004-4BC5-865D-68C1ABC0FC0F.jpeg?w=1354 1354w, https:\/\/i0.wp.com\/blogdalucianaoliveira.com.br\/blog\/wp-content\/uploads\/2021\/10\/02D42C54-5004-4BC5-865D-68C1ABC0FC0F.jpeg?resize=300%2C183 300w, https:\/\/i0.wp.com\/blogdalucianaoliveira.com.br\/blog\/wp-content\/uploads\/2021\/10\/02D42C54-5004-4BC5-865D-68C1ABC0FC0F.jpeg?resize=1024%2C626 1024w, https:\/\/i0.wp.com\/blogdalucianaoliveira.com.br\/blog\/wp-content\/uploads\/2021\/10\/02D42C54-5004-4BC5-865D-68C1ABC0FC0F.jpeg?resize=768%2C470 768w, https:\/\/i0.wp.com\/blogdalucianaoliveira.com.br\/blog\/wp-content\/uploads\/2021\/10\/02D42C54-5004-4BC5-865D-68C1ABC0FC0F.jpeg?resize=491%2C300 491w, https:\/\/i0.wp.com\/blogdalucianaoliveira.com.br\/blog\/wp-content\/uploads\/2021\/10\/02D42C54-5004-4BC5-865D-68C1ABC0FC0F.jpeg?w=1200 1200w\" sizes=\"auto, (max-width: 600px) 100vw, 600px\" \/><\/figure>\n\n\n\n<p>Todo o esfor\u00e7o para a transfer\u00eancia das fam\u00edlias com seus m\u00f3veis, colch\u00f5es e utens\u00edlios dom\u00e9sticos foi em v\u00e3o.<\/p>\n\n\n\n<figure class=\"wp-block-image size-large\"><img loading=\"lazy\" decoding=\"async\" width=\"1180\" height=\"640\" data-attachment-id=\"32958\" data-permalink=\"http:\/\/blogdalucianaoliveira.com.br\/blog\/2021\/10\/27\/policia-militar-de-rondonia-afronta-decisao-de-ministra-e-mantem-camponeses-em-sofrimento\/ee1b9556-de28-448d-917d-32aa7287eb99\/\" data-orig-file=\"https:\/\/i0.wp.com\/blogdalucianaoliveira.com.br\/blog\/wp-content\/uploads\/2021\/10\/EE1B9556-DE28-448D-917D-32AA7287EB99.jpeg?fit=1180%2C640\" data-orig-size=\"1180,640\" data-comments-opened=\"0\" data-image-meta=\"{&quot;aperture&quot;:&quot;0&quot;,&quot;credit&quot;:&quot;&quot;,&quot;camera&quot;:&quot;&quot;,&quot;caption&quot;:&quot;&quot;,&quot;created_timestamp&quot;:&quot;0&quot;,&quot;copyright&quot;:&quot;&quot;,&quot;focal_length&quot;:&quot;0&quot;,&quot;iso&quot;:&quot;0&quot;,&quot;shutter_speed&quot;:&quot;0&quot;,&quot;title&quot;:&quot;&quot;,&quot;orientation&quot;:&quot;1&quot;}\" data-image-title=\"EE1B9556-DE28-448D-917D-32AA7287EB99\" data-image-description=\"\" data-image-caption=\"\" data-medium-file=\"https:\/\/i0.wp.com\/blogdalucianaoliveira.com.br\/blog\/wp-content\/uploads\/2021\/10\/EE1B9556-DE28-448D-917D-32AA7287EB99.jpeg?fit=300%2C163\" data-large-file=\"https:\/\/i0.wp.com\/blogdalucianaoliveira.com.br\/blog\/wp-content\/uploads\/2021\/10\/EE1B9556-DE28-448D-917D-32AA7287EB99.jpeg?fit=600%2C325\" src=\"https:\/\/i0.wp.com\/blogdalucianaoliveira.com.br\/blog\/wp-content\/uploads\/2021\/10\/EE1B9556-DE28-448D-917D-32AA7287EB99.jpeg?fit=600%2C325\" alt=\"\" class=\"wp-image-32958\" srcset=\"https:\/\/i0.wp.com\/blogdalucianaoliveira.com.br\/blog\/wp-content\/uploads\/2021\/10\/EE1B9556-DE28-448D-917D-32AA7287EB99.jpeg?w=1180 1180w, https:\/\/i0.wp.com\/blogdalucianaoliveira.com.br\/blog\/wp-content\/uploads\/2021\/10\/EE1B9556-DE28-448D-917D-32AA7287EB99.jpeg?resize=300%2C163 300w, https:\/\/i0.wp.com\/blogdalucianaoliveira.com.br\/blog\/wp-content\/uploads\/2021\/10\/EE1B9556-DE28-448D-917D-32AA7287EB99.jpeg?resize=1024%2C555 1024w, https:\/\/i0.wp.com\/blogdalucianaoliveira.com.br\/blog\/wp-content\/uploads\/2021\/10\/EE1B9556-DE28-448D-917D-32AA7287EB99.jpeg?resize=768%2C417 768w, https:\/\/i0.wp.com\/blogdalucianaoliveira.com.br\/blog\/wp-content\/uploads\/2021\/10\/EE1B9556-DE28-448D-917D-32AA7287EB99.jpeg?resize=553%2C300 553w\" sizes=\"auto, (max-width: 600px) 100vw, 600px\" \/><\/figure>\n\n\n\n<figure class=\"wp-block-image size-large\"><img data-recalc-dims=\"1\" loading=\"lazy\" decoding=\"async\" width=\"600\" height=\"324\" data-attachment-id=\"32961\" data-permalink=\"http:\/\/blogdalucianaoliveira.com.br\/blog\/2021\/10\/27\/policia-militar-de-rondonia-afronta-decisao-de-ministra-e-mantem-camponeses-em-sofrimento\/59b1a8ab-d3d4-4028-815e-cf3e217fab41\/\" data-orig-file=\"https:\/\/i0.wp.com\/blogdalucianaoliveira.com.br\/blog\/wp-content\/uploads\/2021\/10\/59B1A8AB-D3D4-4028-815E-CF3E217FAB41.jpeg?fit=828%2C447\" data-orig-size=\"828,447\" data-comments-opened=\"0\" data-image-meta=\"{&quot;aperture&quot;:&quot;0&quot;,&quot;credit&quot;:&quot;&quot;,&quot;camera&quot;:&quot;&quot;,&quot;caption&quot;:&quot;&quot;,&quot;created_timestamp&quot;:&quot;0&quot;,&quot;copyright&quot;:&quot;&quot;,&quot;focal_length&quot;:&quot;0&quot;,&quot;iso&quot;:&quot;0&quot;,&quot;shutter_speed&quot;:&quot;0&quot;,&quot;title&quot;:&quot;&quot;,&quot;orientation&quot;:&quot;1&quot;}\" data-image-title=\"59B1A8AB-D3D4-4028-815E-CF3E217FAB41\" data-image-description=\"\" data-image-caption=\"\" data-medium-file=\"https:\/\/i0.wp.com\/blogdalucianaoliveira.com.br\/blog\/wp-content\/uploads\/2021\/10\/59B1A8AB-D3D4-4028-815E-CF3E217FAB41.jpeg?fit=300%2C162\" data-large-file=\"https:\/\/i0.wp.com\/blogdalucianaoliveira.com.br\/blog\/wp-content\/uploads\/2021\/10\/59B1A8AB-D3D4-4028-815E-CF3E217FAB41.jpeg?fit=600%2C324\" src=\"https:\/\/i0.wp.com\/blogdalucianaoliveira.com.br\/blog\/wp-content\/uploads\/2021\/10\/59B1A8AB-D3D4-4028-815E-CF3E217FAB41.jpeg?resize=600%2C324\" alt=\"\" class=\"wp-image-32961\" srcset=\"https:\/\/i0.wp.com\/blogdalucianaoliveira.com.br\/blog\/wp-content\/uploads\/2021\/10\/59B1A8AB-D3D4-4028-815E-CF3E217FAB41.jpeg?w=828 828w, https:\/\/i0.wp.com\/blogdalucianaoliveira.com.br\/blog\/wp-content\/uploads\/2021\/10\/59B1A8AB-D3D4-4028-815E-CF3E217FAB41.jpeg?resize=300%2C162 300w, https:\/\/i0.wp.com\/blogdalucianaoliveira.com.br\/blog\/wp-content\/uploads\/2021\/10\/59B1A8AB-D3D4-4028-815E-CF3E217FAB41.jpeg?resize=768%2C415 768w, https:\/\/i0.wp.com\/blogdalucianaoliveira.com.br\/blog\/wp-content\/uploads\/2021\/10\/59B1A8AB-D3D4-4028-815E-CF3E217FAB41.jpeg?resize=556%2C300 556w\" sizes=\"auto, (max-width: 600px) 100vw, 600px\" \/><\/figure>\n\n\n\n<p><br><\/p>\n\n\n\n<figure class=\"wp-block-image size-large\"><img data-recalc-dims=\"1\" loading=\"lazy\" decoding=\"async\" width=\"600\" height=\"324\" data-attachment-id=\"32962\" data-permalink=\"http:\/\/blogdalucianaoliveira.com.br\/blog\/2021\/10\/27\/policia-militar-de-rondonia-afronta-decisao-de-ministra-e-mantem-camponeses-em-sofrimento\/51183e64-16a6-4f78-b03e-7a1446feca35\/\" data-orig-file=\"https:\/\/i0.wp.com\/blogdalucianaoliveira.com.br\/blog\/wp-content\/uploads\/2021\/10\/51183E64-16A6-4F78-B03E-7A1446FECA35.jpeg?fit=828%2C447\" data-orig-size=\"828,447\" data-comments-opened=\"0\" data-image-meta=\"{&quot;aperture&quot;:&quot;0&quot;,&quot;credit&quot;:&quot;&quot;,&quot;camera&quot;:&quot;&quot;,&quot;caption&quot;:&quot;&quot;,&quot;created_timestamp&quot;:&quot;0&quot;,&quot;copyright&quot;:&quot;&quot;,&quot;focal_length&quot;:&quot;0&quot;,&quot;iso&quot;:&quot;0&quot;,&quot;shutter_speed&quot;:&quot;0&quot;,&quot;title&quot;:&quot;&quot;,&quot;orientation&quot;:&quot;1&quot;}\" data-image-title=\"51183E64-16A6-4F78-B03E-7A1446FECA35\" data-image-description=\"\" data-image-caption=\"\" data-medium-file=\"https:\/\/i0.wp.com\/blogdalucianaoliveira.com.br\/blog\/wp-content\/uploads\/2021\/10\/51183E64-16A6-4F78-B03E-7A1446FECA35.jpeg?fit=300%2C162\" data-large-file=\"https:\/\/i0.wp.com\/blogdalucianaoliveira.com.br\/blog\/wp-content\/uploads\/2021\/10\/51183E64-16A6-4F78-B03E-7A1446FECA35.jpeg?fit=600%2C324\" src=\"https:\/\/i0.wp.com\/blogdalucianaoliveira.com.br\/blog\/wp-content\/uploads\/2021\/10\/51183E64-16A6-4F78-B03E-7A1446FECA35.jpeg?resize=600%2C324\" alt=\"\" class=\"wp-image-32962\" srcset=\"https:\/\/i0.wp.com\/blogdalucianaoliveira.com.br\/blog\/wp-content\/uploads\/2021\/10\/51183E64-16A6-4F78-B03E-7A1446FECA35.jpeg?w=828 828w, https:\/\/i0.wp.com\/blogdalucianaoliveira.com.br\/blog\/wp-content\/uploads\/2021\/10\/51183E64-16A6-4F78-B03E-7A1446FECA35.jpeg?resize=300%2C162 300w, https:\/\/i0.wp.com\/blogdalucianaoliveira.com.br\/blog\/wp-content\/uploads\/2021\/10\/51183E64-16A6-4F78-B03E-7A1446FECA35.jpeg?resize=768%2C415 768w, https:\/\/i0.wp.com\/blogdalucianaoliveira.com.br\/blog\/wp-content\/uploads\/2021\/10\/51183E64-16A6-4F78-B03E-7A1446FECA35.jpeg?resize=556%2C300 556w\" sizes=\"auto, (max-width: 600px) 100vw, 600px\" \/><\/figure>\n\n\n\n<p><br>Uma barreira com mais de 20 policiais armados com fuzis impediu o acesso ao acampamento em flagrante descumprimento da decis\u00e3o da ministra e submetendo \u00e0s fam\u00edlias \u00e0 mais humilha\u00e7\u00e3o com extremo cansa\u00e7o em estrada sem ilumina\u00e7\u00e3o, \u00e1gua e comida. <br><\/p>\n\n\n\n<figure class=\"wp-block-image size-large\"><img decoding=\"async\" src=\"blob:http:\/\/blogdalucianaoliveira.com.br\/e0ac09ec-a1f9-4e31-965f-b0fe22bbccd8\" alt=\"\"\/><\/figure>\n\n\n\n<figure class=\"wp-block-image size-large\"><img data-recalc-dims=\"1\" loading=\"lazy\" decoding=\"async\" width=\"600\" height=\"450\" data-attachment-id=\"32972\" data-permalink=\"http:\/\/blogdalucianaoliveira.com.br\/blog\/2021\/10\/27\/policia-militar-de-rondonia-afronta-decisao-de-ministra-e-mantem-camponeses-em-sofrimento\/eb2e318b-5dda-43fd-abed-27d4223e319a\/\" data-orig-file=\"https:\/\/i0.wp.com\/blogdalucianaoliveira.com.br\/blog\/wp-content\/uploads\/2021\/10\/EB2E318B-5DDA-43FD-ABED-27D4223E319A.jpeg?fit=640%2C480\" data-orig-size=\"640,480\" data-comments-opened=\"0\" data-image-meta=\"{&quot;aperture&quot;:&quot;0&quot;,&quot;credit&quot;:&quot;&quot;,&quot;camera&quot;:&quot;&quot;,&quot;caption&quot;:&quot;&quot;,&quot;created_timestamp&quot;:&quot;0&quot;,&quot;copyright&quot;:&quot;&quot;,&quot;focal_length&quot;:&quot;0&quot;,&quot;iso&quot;:&quot;0&quot;,&quot;shutter_speed&quot;:&quot;0&quot;,&quot;title&quot;:&quot;&quot;,&quot;orientation&quot;:&quot;1&quot;}\" data-image-title=\"EB2E318B-5DDA-43FD-ABED-27D4223E319A\" data-image-description=\"\" data-image-caption=\"\" data-medium-file=\"https:\/\/i0.wp.com\/blogdalucianaoliveira.com.br\/blog\/wp-content\/uploads\/2021\/10\/EB2E318B-5DDA-43FD-ABED-27D4223E319A.jpeg?fit=300%2C225\" data-large-file=\"https:\/\/i0.wp.com\/blogdalucianaoliveira.com.br\/blog\/wp-content\/uploads\/2021\/10\/EB2E318B-5DDA-43FD-ABED-27D4223E319A.jpeg?fit=600%2C450\" src=\"https:\/\/i0.wp.com\/blogdalucianaoliveira.com.br\/blog\/wp-content\/uploads\/2021\/10\/EB2E318B-5DDA-43FD-ABED-27D4223E319A.jpeg?resize=600%2C450\" alt=\"\" class=\"wp-image-32972\" srcset=\"https:\/\/i0.wp.com\/blogdalucianaoliveira.com.br\/blog\/wp-content\/uploads\/2021\/10\/EB2E318B-5DDA-43FD-ABED-27D4223E319A.jpeg?w=640 640w, https:\/\/i0.wp.com\/blogdalucianaoliveira.com.br\/blog\/wp-content\/uploads\/2021\/10\/EB2E318B-5DDA-43FD-ABED-27D4223E319A.jpeg?resize=300%2C225 300w, https:\/\/i0.wp.com\/blogdalucianaoliveira.com.br\/blog\/wp-content\/uploads\/2021\/10\/EB2E318B-5DDA-43FD-ABED-27D4223E319A.jpeg?resize=400%2C300 400w\" sizes=\"auto, (max-width: 600px) 100vw, 600px\" \/><\/figure>\n\n\n\n<figure class=\"wp-block-image size-large\"><img data-recalc-dims=\"1\" loading=\"lazy\" decoding=\"async\" width=\"600\" height=\"450\" data-attachment-id=\"32973\" data-permalink=\"http:\/\/blogdalucianaoliveira.com.br\/blog\/2021\/10\/27\/policia-militar-de-rondonia-afronta-decisao-de-ministra-e-mantem-camponeses-em-sofrimento\/2a62260e-be84-42a9-a132-ebe6698535a8\/\" data-orig-file=\"https:\/\/i0.wp.com\/blogdalucianaoliveira.com.br\/blog\/wp-content\/uploads\/2021\/10\/2A62260E-BE84-42A9-A132-EBE6698535A8.jpeg?fit=640%2C480\" data-orig-size=\"640,480\" data-comments-opened=\"0\" data-image-meta=\"{&quot;aperture&quot;:&quot;0&quot;,&quot;credit&quot;:&quot;&quot;,&quot;camera&quot;:&quot;&quot;,&quot;caption&quot;:&quot;&quot;,&quot;created_timestamp&quot;:&quot;0&quot;,&quot;copyright&quot;:&quot;&quot;,&quot;focal_length&quot;:&quot;0&quot;,&quot;iso&quot;:&quot;0&quot;,&quot;shutter_speed&quot;:&quot;0&quot;,&quot;title&quot;:&quot;&quot;,&quot;orientation&quot;:&quot;1&quot;}\" data-image-title=\"2A62260E-BE84-42A9-A132-EBE6698535A8\" data-image-description=\"\" data-image-caption=\"\" data-medium-file=\"https:\/\/i0.wp.com\/blogdalucianaoliveira.com.br\/blog\/wp-content\/uploads\/2021\/10\/2A62260E-BE84-42A9-A132-EBE6698535A8.jpeg?fit=300%2C225\" data-large-file=\"https:\/\/i0.wp.com\/blogdalucianaoliveira.com.br\/blog\/wp-content\/uploads\/2021\/10\/2A62260E-BE84-42A9-A132-EBE6698535A8.jpeg?fit=600%2C450\" src=\"https:\/\/i0.wp.com\/blogdalucianaoliveira.com.br\/blog\/wp-content\/uploads\/2021\/10\/2A62260E-BE84-42A9-A132-EBE6698535A8.jpeg?resize=600%2C450\" alt=\"\" class=\"wp-image-32973\" srcset=\"https:\/\/i0.wp.com\/blogdalucianaoliveira.com.br\/blog\/wp-content\/uploads\/2021\/10\/2A62260E-BE84-42A9-A132-EBE6698535A8.jpeg?w=640 640w, https:\/\/i0.wp.com\/blogdalucianaoliveira.com.br\/blog\/wp-content\/uploads\/2021\/10\/2A62260E-BE84-42A9-A132-EBE6698535A8.jpeg?resize=300%2C225 300w, https:\/\/i0.wp.com\/blogdalucianaoliveira.com.br\/blog\/wp-content\/uploads\/2021\/10\/2A62260E-BE84-42A9-A132-EBE6698535A8.jpeg?resize=400%2C300 400w\" sizes=\"auto, (max-width: 600px) 100vw, 600px\" \/><\/figure>\n\n\n\n<p><br><br>A Pol\u00edcia Militar n\u00e3o informa o efetivo empregado na opera\u00e7\u00e3o, nem identifica nomes no fardamento, mas na base montada no local havia mais de uma centena, al\u00e9m da For\u00e7a Nacional e de todo o aparato tecnol\u00f3gico, viaturas e helic\u00f3ptero.<\/p>\n\n\n\n<figure class=\"wp-block-image size-large\"><img loading=\"lazy\" decoding=\"async\" width=\"1154\" height=\"640\" data-attachment-id=\"32975\" data-permalink=\"http:\/\/blogdalucianaoliveira.com.br\/blog\/2021\/10\/27\/policia-militar-de-rondonia-afronta-decisao-de-ministra-e-mantem-camponeses-em-sofrimento\/541eca93-d7cd-4c3e-bc14-475c54b91d6a\/\" data-orig-file=\"https:\/\/i0.wp.com\/blogdalucianaoliveira.com.br\/blog\/wp-content\/uploads\/2021\/10\/541ECA93-D7CD-4C3E-BC14-475C54B91D6A.jpeg?fit=1154%2C640\" data-orig-size=\"1154,640\" data-comments-opened=\"0\" data-image-meta=\"{&quot;aperture&quot;:&quot;0&quot;,&quot;credit&quot;:&quot;&quot;,&quot;camera&quot;:&quot;&quot;,&quot;caption&quot;:&quot;&quot;,&quot;created_timestamp&quot;:&quot;0&quot;,&quot;copyright&quot;:&quot;&quot;,&quot;focal_length&quot;:&quot;0&quot;,&quot;iso&quot;:&quot;0&quot;,&quot;shutter_speed&quot;:&quot;0&quot;,&quot;title&quot;:&quot;&quot;,&quot;orientation&quot;:&quot;1&quot;}\" data-image-title=\"541ECA93-D7CD-4C3E-BC14-475C54B91D6A\" data-image-description=\"\" data-image-caption=\"\" data-medium-file=\"https:\/\/i0.wp.com\/blogdalucianaoliveira.com.br\/blog\/wp-content\/uploads\/2021\/10\/541ECA93-D7CD-4C3E-BC14-475C54B91D6A.jpeg?fit=300%2C166\" data-large-file=\"https:\/\/i0.wp.com\/blogdalucianaoliveira.com.br\/blog\/wp-content\/uploads\/2021\/10\/541ECA93-D7CD-4C3E-BC14-475C54B91D6A.jpeg?fit=600%2C333\" src=\"https:\/\/i0.wp.com\/blogdalucianaoliveira.com.br\/blog\/wp-content\/uploads\/2021\/10\/541ECA93-D7CD-4C3E-BC14-475C54B91D6A.jpeg?fit=600%2C333\" alt=\"\" class=\"wp-image-32975\" srcset=\"https:\/\/i0.wp.com\/blogdalucianaoliveira.com.br\/blog\/wp-content\/uploads\/2021\/10\/541ECA93-D7CD-4C3E-BC14-475C54B91D6A.jpeg?w=1154 1154w, https:\/\/i0.wp.com\/blogdalucianaoliveira.com.br\/blog\/wp-content\/uploads\/2021\/10\/541ECA93-D7CD-4C3E-BC14-475C54B91D6A.jpeg?resize=300%2C166 300w, https:\/\/i0.wp.com\/blogdalucianaoliveira.com.br\/blog\/wp-content\/uploads\/2021\/10\/541ECA93-D7CD-4C3E-BC14-475C54B91D6A.jpeg?resize=1024%2C568 1024w, https:\/\/i0.wp.com\/blogdalucianaoliveira.com.br\/blog\/wp-content\/uploads\/2021\/10\/541ECA93-D7CD-4C3E-BC14-475C54B91D6A.jpeg?resize=768%2C426 768w, https:\/\/i0.wp.com\/blogdalucianaoliveira.com.br\/blog\/wp-content\/uploads\/2021\/10\/541ECA93-D7CD-4C3E-BC14-475C54B91D6A.jpeg?resize=541%2C300 541w\" sizes=\"auto, (max-width: 600px) 100vw, 600px\" \/><\/figure>\n\n\n\n<figure class=\"wp-block-image size-large\"><img data-recalc-dims=\"1\" loading=\"lazy\" decoding=\"async\" width=\"600\" height=\"328\" data-attachment-id=\"32967\" data-permalink=\"http:\/\/blogdalucianaoliveira.com.br\/blog\/2021\/10\/27\/policia-militar-de-rondonia-afronta-decisao-de-ministra-e-mantem-camponeses-em-sofrimento\/839d0a21-2783-42e4-bc8b-73d74bc655d3\/\" data-orig-file=\"https:\/\/i0.wp.com\/blogdalucianaoliveira.com.br\/blog\/wp-content\/uploads\/2021\/10\/839D0A21-2783-42E4-BC8B-73D74BC655D3.jpeg?fit=828%2C453\" data-orig-size=\"828,453\" data-comments-opened=\"0\" data-image-meta=\"{&quot;aperture&quot;:&quot;0&quot;,&quot;credit&quot;:&quot;&quot;,&quot;camera&quot;:&quot;&quot;,&quot;caption&quot;:&quot;&quot;,&quot;created_timestamp&quot;:&quot;0&quot;,&quot;copyright&quot;:&quot;&quot;,&quot;focal_length&quot;:&quot;0&quot;,&quot;iso&quot;:&quot;0&quot;,&quot;shutter_speed&quot;:&quot;0&quot;,&quot;title&quot;:&quot;&quot;,&quot;orientation&quot;:&quot;1&quot;}\" data-image-title=\"839D0A21-2783-42E4-BC8B-73D74BC655D3\" data-image-description=\"\" data-image-caption=\"\" data-medium-file=\"https:\/\/i0.wp.com\/blogdalucianaoliveira.com.br\/blog\/wp-content\/uploads\/2021\/10\/839D0A21-2783-42E4-BC8B-73D74BC655D3.jpeg?fit=300%2C164\" data-large-file=\"https:\/\/i0.wp.com\/blogdalucianaoliveira.com.br\/blog\/wp-content\/uploads\/2021\/10\/839D0A21-2783-42E4-BC8B-73D74BC655D3.jpeg?fit=600%2C328\" src=\"https:\/\/i0.wp.com\/blogdalucianaoliveira.com.br\/blog\/wp-content\/uploads\/2021\/10\/839D0A21-2783-42E4-BC8B-73D74BC655D3.jpeg?resize=600%2C328\" alt=\"\" class=\"wp-image-32967\" srcset=\"https:\/\/i0.wp.com\/blogdalucianaoliveira.com.br\/blog\/wp-content\/uploads\/2021\/10\/839D0A21-2783-42E4-BC8B-73D74BC655D3.jpeg?w=828 828w, https:\/\/i0.wp.com\/blogdalucianaoliveira.com.br\/blog\/wp-content\/uploads\/2021\/10\/839D0A21-2783-42E4-BC8B-73D74BC655D3.jpeg?resize=300%2C164 300w, https:\/\/i0.wp.com\/blogdalucianaoliveira.com.br\/blog\/wp-content\/uploads\/2021\/10\/839D0A21-2783-42E4-BC8B-73D74BC655D3.jpeg?resize=768%2C420 768w, https:\/\/i0.wp.com\/blogdalucianaoliveira.com.br\/blog\/wp-content\/uploads\/2021\/10\/839D0A21-2783-42E4-BC8B-73D74BC655D3.jpeg?resize=548%2C300 548w\" sizes=\"auto, (max-width: 600px) 100vw, 600px\" \/><\/figure>\n\n\n\n<p>S\u00f3 alguns membros da Miss\u00e3o de\nSolidariedade puderam se reunir com o comandante da Pol\u00edcia Militar, coronel Alexandre\nLu\u00eds de Freitas Almeida, que imp\u00f4s condi\u00e7\u00f5es ao retorno das fam\u00edlias com os pertences\nque conseguiram preservar durante a opera\u00e7\u00e3o.<\/p>\n\n\n\n<p>Os jornalistas foram barrados na reuni\u00e3o e at\u00e9 o fim das negocia\u00e7\u00f5es registraram cenas de desespero das crian\u00e7as que imploravam por \u00e1gua e numa tarde de sol quente.<\/p>\n\n\n\n<p>O comandante afrontou a decis\u00e3o de C\u00e1rmen L\u00facia exigindo identifica\u00e7\u00e3o de todos os camponeses e o acompanhamento individual a seus lotes. Segundo advogados populares, essa ilegal exig\u00eancia \u00e9 uma retalia\u00e7\u00e3o pela decis\u00e3o judicial que sacramentou o fracasso da opera\u00e7\u00e3o que custou muito dinheiro e sofrimento do povo em luta por terra e trabalho.<\/p>\n\n\n\n<p><strong><em>\u201cFoi acima de tudo uma grande vit\u00f3ria contra a m\u00e1fia da grilagem, para a qual o estado de Rond\u00f4nia mobiliza suas for\u00e7as para proteger. \u00c9 a resposta vesga e irrespons\u00e1vel da PM \u00e0 decis\u00e3o da ministra manter os camponeses nessa situa\u00e7\u00e3o ca\u00f3tica e desumana\u201d, disse um advogado que n\u00e3o quer ser identificado.<\/em><\/strong><\/p>\n\n\n\n<p>O clima tenso, escurid\u00e3o e a estrada em p\u00e9ssimo estado de tr\u00e1fego tornaram invi\u00e1vel a exig\u00eancia do comando da opera\u00e7\u00e3o e ap\u00f3s muita interfer\u00eancia da comiss\u00e3o que falou pelos camponeses a realoca\u00e7\u00e3o foi adiada para esta quarta-feira.<\/p>\n\n\n\n<p>A Pol\u00edcia Militar s\u00f3 quer permitir o retorno dos que estavam abrigados na escola. <\/p>\n\n\n\n<figure class=\"wp-block-image size-large\"><img data-recalc-dims=\"1\" loading=\"lazy\" decoding=\"async\" width=\"600\" height=\"450\" data-attachment-id=\"32977\" data-permalink=\"http:\/\/blogdalucianaoliveira.com.br\/blog\/2021\/10\/27\/policia-militar-de-rondonia-afronta-decisao-de-ministra-e-mantem-camponeses-em-sofrimento\/a80bafad-a41e-4bde-833d-0d7152e1b0db\/\" data-orig-file=\"https:\/\/i0.wp.com\/blogdalucianaoliveira.com.br\/blog\/wp-content\/uploads\/2021\/10\/A80BAFAD-A41E-4BDE-833D-0D7152E1B0DB.jpeg?fit=640%2C480\" data-orig-size=\"640,480\" data-comments-opened=\"0\" data-image-meta=\"{&quot;aperture&quot;:&quot;0&quot;,&quot;credit&quot;:&quot;&quot;,&quot;camera&quot;:&quot;&quot;,&quot;caption&quot;:&quot;&quot;,&quot;created_timestamp&quot;:&quot;0&quot;,&quot;copyright&quot;:&quot;&quot;,&quot;focal_length&quot;:&quot;0&quot;,&quot;iso&quot;:&quot;0&quot;,&quot;shutter_speed&quot;:&quot;0&quot;,&quot;title&quot;:&quot;&quot;,&quot;orientation&quot;:&quot;1&quot;}\" data-image-title=\"A80BAFAD-A41E-4BDE-833D-0D7152E1B0DB\" data-image-description=\"\" data-image-caption=\"\" data-medium-file=\"https:\/\/i0.wp.com\/blogdalucianaoliveira.com.br\/blog\/wp-content\/uploads\/2021\/10\/A80BAFAD-A41E-4BDE-833D-0D7152E1B0DB.jpeg?fit=300%2C225\" data-large-file=\"https:\/\/i0.wp.com\/blogdalucianaoliveira.com.br\/blog\/wp-content\/uploads\/2021\/10\/A80BAFAD-A41E-4BDE-833D-0D7152E1B0DB.jpeg?fit=600%2C450\" src=\"https:\/\/i0.wp.com\/blogdalucianaoliveira.com.br\/blog\/wp-content\/uploads\/2021\/10\/A80BAFAD-A41E-4BDE-833D-0D7152E1B0DB.jpeg?resize=600%2C450\" alt=\"\" class=\"wp-image-32977\" srcset=\"https:\/\/i0.wp.com\/blogdalucianaoliveira.com.br\/blog\/wp-content\/uploads\/2021\/10\/A80BAFAD-A41E-4BDE-833D-0D7152E1B0DB.jpeg?w=640 640w, https:\/\/i0.wp.com\/blogdalucianaoliveira.com.br\/blog\/wp-content\/uploads\/2021\/10\/A80BAFAD-A41E-4BDE-833D-0D7152E1B0DB.jpeg?resize=300%2C225 300w, https:\/\/i0.wp.com\/blogdalucianaoliveira.com.br\/blog\/wp-content\/uploads\/2021\/10\/A80BAFAD-A41E-4BDE-833D-0D7152E1B0DB.jpeg?resize=400%2C300 400w\" sizes=\"auto, (max-width: 600px) 100vw, 600px\" \/><\/figure>\n\n\n\n<p><strong>SOBRE A \u00c1REA<\/strong><\/p>\n\n\n\n<p>A terra em disputa \u00e9\nreivindicada pela empresa Leme Empreendimentos de propriedade de Ant\u00f4nio\nMartins, conhecido como o \u2018Galo Velho\u2019 citado no \u2018Livro Branco da Grilagem de\nTerras\u2019 como um dos maiores grileiros do estado.<\/p>\n\n\n\n<p>Ele tamb\u00e9m apareceu na CPI da\nGrilagem por possuir mais de 80 mil hectares de forma suspeita (fls. 361 do\nRelat\u00f3rio da CPI destinada a investigar a ocupa\u00e7\u00e3o de Terras P\u00fablicas na Regi\u00e3o\nAmaz\u00f4nica \u2013 2001) e em julho de 2020 foi alvo da Opera\u00e7\u00e3o da \u2018Opera\u00e7\u00e3o Amicus\nRegem\u2019 que cumpriu mandados de busca e apreens\u00e3o em Porto Velho (RO), Bras\u00edlia\n(DF), Cuiab\u00e1 (MT), S\u00e3o Paulo e Itaituba (PA) que investiga organiza\u00e7\u00e3o criminosa\nque fatura milh\u00f5es com fraudes em compra de terras.<\/p>\n\n\n\n<p>Segundo relat\u00f3rio da Associa\u00e7\u00e3o\nBrasileira de Advogados do Povo, \u201cA ocupa\u00e7\u00e3o do im\u00f3vel pelas fam\u00edlias\ncamponesas do Acampamento Tiago dos Santos foi realizada em 22 de junho de\n2020, num processo de pressionar o INCRA a resolver a situa\u00e7\u00e3o do im\u00f3vel e dar\nao mesmo a destina\u00e7\u00e3o correta.&nbsp; O im\u00f3vel\npossui uma \u00e1rea de mais de 57 mil hectares, tinha mais de 600 fam\u00edlias no\nim\u00f3vel&nbsp; e toda uma vida social e coletiva\nestruturada, que compreendia espa\u00e7o de estudo para as crian\u00e7as, inclusive com\nacesso \u00e0 internet para as crian\u00e7as que precisavam realizar aula online;\nfarm\u00e1cia com atendimento b\u00e1sico, cozinha coletiva, espa\u00e7o da igreja e\norganicidade interna\u201d.<\/p>\n\n\n\n<p>Na \u00e1rea vivem mais de 600 fam\u00edlias camponesas que produzem em terra destinada apenas \u00e0 especula\u00e7\u00e3o fundi\u00e1ria, segundo a Liga dos Camponeses Pobres. Para o movimento, s\u00e3o sem-terra e desempregados que durante a pandemia foram ainda mais atingidos pela vulnerabilidade social.<\/p>\n\n\n\n<p>O comando da Pol\u00edcia Militar nega\nos relatos e v\u00eddeos de abusos no despejo amplamente divulgados nos meios de\ncomunica\u00e7\u00e3o e redes sociais, mas permanece na \u00e1rea impedindo o retorno dos\ncamponeses e o cumprimento da decis\u00e3o de suspens\u00e3o reiterada pela ministra\nCarm\u00e9n L\u00facia, inclusive com exig\u00eancias que n\u00e3o lhe competem.<\/p>\n\n\n\n<p>A Abrapo identificou mais de uma dezena de ilegalidades do cumprimento do despejo \u00e0 suspens\u00e3o e realoca\u00e7\u00e3o, entre elas, a inobserv\u00e2ncia da Resolu\u00e7\u00e3o N\u00ba 10, de 17 de outubro de 2018 do Conselho Nacional de Direitos Humanos sobre conflitos fundi\u00e1rios e a Recomenda\u00e7\u00e3o  N\u00ba 90, de 2 de mar\u00e7o de 2021, que disp\u00f5e sobre desocupa\u00e7\u00f5es coletivas durante a pandemia. &nbsp;<\/p>\n\n\n\n<p>O procurador da rep\u00fablica,\nRaphael Benvil\u00e1qua esteve no local e confirmou a legitimidade da decis\u00e3o e da\nluta do movimento por ocupa\u00e7\u00e3o para fins de reforma agr\u00e1ria.<\/p>\n\n\n\n<p>Para ele, o movimento n\u00e3o pode\nser criminalizado.<\/p>\n\n\n\n<p><em><strong>\u201cA gente recebeu muitas den\u00fancias de que estaria havendo criminaliza\u00e7\u00e3o dos movimentos sociais de luta pela terra, isso n\u00e3o s\u00f3 de hoje e n\u00e3o s\u00f3 desse acampamento e tamb\u00e9m n\u00e3o s\u00f3 da Liga dos Camponeses. Pessoas sendo intimidadas, perseguidas, intimidadas na sua atua\u00e7\u00e3o e n\u00f3s, como interlocutores entre a sociedade civil e o estado estamos aqui para garantir que as entidades possam atuar na forma livre, ampla e necess\u00e1ria que elas t\u00eam, para colher os depoimentos, entender o que est\u00e1 acontecendo e fazer com que isso chegue \u00e0s autoridades e fazer com que as viola\u00e7\u00f5es cessem e os direitos sejam minimamente atendidos\u201d, disse o procurador. <\/strong><\/em><\/p>\n","protected":false},"excerpt":{"rendered":"<p>Por Luciana Oliveira &#8211; Estava tudo certo para o retorno de mais de 600 fam\u00edlias de camponeses e camponesas ao acampamento Thiago Campim dos Santos em Nova Mutum Paran\u00e1, nesta ter\u00e7a-feira, 27. Uma reuni\u00e3o foi feita no dia anterior com v\u00e1rios \u00f3rg\u00e3os governamentais e entidades da sociedade civil para acertar os detalhes do cumprimento da&#8230;<a class=\"more-link\" href=\"http:\/\/blogdalucianaoliveira.com.br\/blog\/2021\/10\/27\/policia-militar-de-rondonia-afronta-decisao-de-ministra-e-mantem-camponeses-em-sofrimento\/\">Continue a leitura <span class=\"meta-nav\">&raquo;<\/span><\/a><\/p>\n","protected":false},"author":1,"featured_media":0,"comment_status":"closed","ping_status":"open","sticky":false,"template":"","format":"standard","meta":{"_exactmetrics_skip_tracking":false,"_exactmetrics_sitenote_active":false,"_exactmetrics_sitenote_note":"","_exactmetrics_sitenote_category":0,"jetpack_post_was_ever_published":false,"_jetpack_newsletter_access":"","_jetpack_dont_email_post_to_subs":false,"_jetpack_newsletter_tier_id":0,"_jetpack_memberships_contains_paywalled_content":false,"_jetpack_memberships_contains_paid_content":false,"footnotes":"","jetpack_publicize_message":"","jetpack_publicize_feature_enabled":true,"jetpack_social_post_already_shared":true,"jetpack_social_options":{"image_generator_settings":{"template":"highway","enabled":false},"version":2}},"categories":[1],"tags":[484,517,614,385,7,613],"class_list":["post-32950","post","type-post","status-publish","format-standard","hentry","category-notas","tag-despejo","tag-grilagem","tag-nova-mutum","tag-pm","tag-rondonia","tag-thiago-campim"],"jetpack_publicize_connections":[],"jetpack_sharing_enabled":true,"jetpack_featured_media_url":"","jetpack_shortlink":"https:\/\/wp.me\/p7wKYW-8zs","jetpack-related-posts":[],"_links":{"self":[{"href":"http:\/\/blogdalucianaoliveira.com.br\/blog\/wp-json\/wp\/v2\/posts\/32950","targetHints":{"allow":["GET"]}}],"collection":[{"href":"http:\/\/blogdalucianaoliveira.com.br\/blog\/wp-json\/wp\/v2\/posts"}],"about":[{"href":"http:\/\/blogdalucianaoliveira.com.br\/blog\/wp-json\/wp\/v2\/types\/post"}],"author":[{"embeddable":true,"href":"http:\/\/blogdalucianaoliveira.com.br\/blog\/wp-json\/wp\/v2\/users\/1"}],"replies":[{"embeddable":true,"href":"http:\/\/blogdalucianaoliveira.com.br\/blog\/wp-json\/wp\/v2\/comments?post=32950"}],"version-history":[{"count":7,"href":"http:\/\/blogdalucianaoliveira.com.br\/blog\/wp-json\/wp\/v2\/posts\/32950\/revisions"}],"predecessor-version":[{"id":32983,"href":"http:\/\/blogdalucianaoliveira.com.br\/blog\/wp-json\/wp\/v2\/posts\/32950\/revisions\/32983"}],"wp:attachment":[{"href":"http:\/\/blogdalucianaoliveira.com.br\/blog\/wp-json\/wp\/v2\/media?parent=32950"}],"wp:term":[{"taxonomy":"category","embeddable":true,"href":"http:\/\/blogdalucianaoliveira.com.br\/blog\/wp-json\/wp\/v2\/categories?post=32950"},{"taxonomy":"post_tag","embeddable":true,"href":"http:\/\/blogdalucianaoliveira.com.br\/blog\/wp-json\/wp\/v2\/tags?post=32950"}],"curies":[{"name":"wp","href":"https:\/\/api.w.org\/{rel}","templated":true}]}}