{"id":32984,"date":"2021-10-28T11:18:36","date_gmt":"2021-10-28T15:18:36","guid":{"rendered":"http:\/\/blogdalucianaoliveira.com.br\/blog\/?p=32984"},"modified":"2021-10-28T11:18:40","modified_gmt":"2021-10-28T15:18:40","slug":"32984","status":"publish","type":"post","link":"http:\/\/blogdalucianaoliveira.com.br\/blog\/2021\/10\/28\/32984\/","title":{"rendered":""},"content":{"rendered":"\n<figure class=\"wp-block-image size-large\"><img data-recalc-dims=\"1\" loading=\"lazy\" decoding=\"async\" width=\"600\" height=\"396\" data-attachment-id=\"32985\" data-permalink=\"http:\/\/blogdalucianaoliveira.com.br\/blog\/2021\/10\/28\/32984\/kari\/\" data-orig-file=\"https:\/\/i0.wp.com\/blogdalucianaoliveira.com.br\/blog\/wp-content\/uploads\/2021\/10\/kari.jpg?fit=828%2C546\" data-orig-size=\"828,546\" data-comments-opened=\"0\" data-image-meta=\"{&quot;aperture&quot;:&quot;0&quot;,&quot;credit&quot;:&quot;&quot;,&quot;camera&quot;:&quot;&quot;,&quot;caption&quot;:&quot;&quot;,&quot;created_timestamp&quot;:&quot;0&quot;,&quot;copyright&quot;:&quot;&quot;,&quot;focal_length&quot;:&quot;0&quot;,&quot;iso&quot;:&quot;0&quot;,&quot;shutter_speed&quot;:&quot;0&quot;,&quot;title&quot;:&quot;&quot;,&quot;orientation&quot;:&quot;0&quot;}\" data-image-title=\"kari\" data-image-description=\"\" data-image-caption=\"\" data-medium-file=\"https:\/\/i0.wp.com\/blogdalucianaoliveira.com.br\/blog\/wp-content\/uploads\/2021\/10\/kari.jpg?fit=300%2C198\" data-large-file=\"https:\/\/i0.wp.com\/blogdalucianaoliveira.com.br\/blog\/wp-content\/uploads\/2021\/10\/kari.jpg?fit=600%2C396\" src=\"https:\/\/i0.wp.com\/blogdalucianaoliveira.com.br\/blog\/wp-content\/uploads\/2021\/10\/kari.jpg?resize=600%2C396\" alt=\"\" class=\"wp-image-32985\" srcset=\"https:\/\/i0.wp.com\/blogdalucianaoliveira.com.br\/blog\/wp-content\/uploads\/2021\/10\/kari.jpg?w=828 828w, https:\/\/i0.wp.com\/blogdalucianaoliveira.com.br\/blog\/wp-content\/uploads\/2021\/10\/kari.jpg?resize=300%2C198 300w, https:\/\/i0.wp.com\/blogdalucianaoliveira.com.br\/blog\/wp-content\/uploads\/2021\/10\/kari.jpg?resize=768%2C506 768w, https:\/\/i0.wp.com\/blogdalucianaoliveira.com.br\/blog\/wp-content\/uploads\/2021\/10\/kari.jpg?resize=455%2C300 455w\" sizes=\"auto, (max-width: 600px) 100vw, 600px\" \/><\/figure>\n\n\n\n<p>Aumento de 44% no desmatamento amea\u00e7a&nbsp;<strong>povo Karipuna<\/strong>&nbsp;e dificulta combate \u00e0s&nbsp;<a href=\"http:\/\/www.ihu.unisinos.br\/78-noticias\/573448-as-mudancas-climaticas-sob-o-olhar-indigena\" target=\"_blank\" rel=\"noreferrer noopener\">mudan\u00e7as clim\u00e1ticas<\/a>.<\/p>\n\n\n\n<p>A reportagem \u00e9 de&nbsp;<strong>Greenpeace<\/strong>&nbsp;e&nbsp;<strong>CIMI<\/strong>, publicada por&nbsp;<strong>Conselho Indigenista Mission\u00e1rio<\/strong>&nbsp;&#8211;&nbsp;<strong>CIMI<\/strong>, 26-10-2021.<\/p>\n\n\n\n<!--more-->\n\n\n\n<p>Monitoramento recente feito pelo&nbsp;<a href=\"http:\/\/www.ihu.unisinos.br\/609023-povo-karipuna-processa-uniao-funai-e-estado-de-rondonia-por-invasoes-e-devastacao-da-terra-indigena\" target=\"_blank\" rel=\"noreferrer noopener\">povo Karipuna<\/a>, o&nbsp;<strong>Greenpeace Brasil<\/strong>&nbsp;e pelo&nbsp;<strong>Conselho Indigenista Mission\u00e1rio<\/strong>&nbsp;(<strong>CIMI<\/strong>) na&nbsp;<strong>Terra Ind\u00edgena Karipuna<\/strong>, em&nbsp;<strong>Rond\u00f4nia<\/strong>, identificou uma&nbsp;<strong>nova frente de desmatamento<\/strong>&nbsp;naquela regi\u00e3o.<\/p>\n\n\n\n<p>Uma incurs\u00e3o a campo encontrou 850 hectares de&nbsp;<strong>desmatamento ilegal<\/strong>&nbsp;nos \u00faltimos doze meses dentro da&nbsp;<strong>Terra Ind\u00edgena<\/strong>&nbsp;\u2013 um aumento de 44% em rela\u00e7\u00e3o ao per\u00edodo anterior. Por ali, foram encontradas \u00e1reas com mais de 100 hectares de corte raso. A&nbsp;<a href=\"http:\/\/www.ihu.unisinos.br\/610412-como-sinal-verde-de-brasilia-fez-avancar-a-grilagem-na-amazonia\" target=\"_blank\" rel=\"noreferrer noopener\">grilagem de terras<\/a>&nbsp;e a destrui\u00e7\u00e3o em larga escala da floresta colocam em risco a&nbsp;<a href=\"http:\/\/www.ihu.unisinos.br\/608500-abracem-e-respeitem-a-nossa-luta-ela-nao-e-so-para-a-gente-estamos-pensando-no-futuro-de-todos-pede-o-indigena-eric-karipuna\" target=\"_blank\" rel=\"noreferrer noopener\">sobreviv\u00eancia do povo Karipuna<\/a>&nbsp;\u2013 e dos povos que vivem em&nbsp;<strong>isolamento volunt\u00e1rio<\/strong>&nbsp;naquela regi\u00e3o.<\/p>\n\n\n\n<p>A produ\u00e7\u00e3o de&nbsp;<a href=\"http:\/\/www.ihu.unisinos.br\/611869-mudancas-climaticas-podem-inviabilizar-soja-e-gado-no-brasil-entrevista-com-paulo-artaxo\" target=\"_blank\" rel=\"noreferrer noopener\">carne e soja<\/a>&nbsp;pressiona as florestas daquela \u00e1rea: a&nbsp;<strong>pecu\u00e1ria<\/strong>&nbsp;cresceu 87% no munic\u00edpio de&nbsp;<strong>Porto Velho<\/strong>&nbsp;nos \u00faltimos nove anos e o territ\u00f3rio voltado \u00e0&nbsp;<a href=\"http:\/\/www.ihu.unisinos.br\/78-noticias\/608812-cicatrizes-da-soja-trabalhadores-de-porto-em-rondonia-relatam-lesoes-e-abusos-em-empresa-contratada-pela-cargill\" target=\"_blank\" rel=\"noreferrer noopener\">produ\u00e7\u00e3o de soja em Rond\u00f4nia<\/a>&nbsp;triplicou na \u00faltima d\u00e9cada, passando de 111 mil hectares para 400 mil hectares em 2020.<\/p>\n\n\n\n<h3 class=\"wp-block-heading\">Nova frente<\/h3>\n\n\n\n<p>O&nbsp;<a href=\"http:\/\/www.ihu.unisinos.br\/78-noticias\/602837-fazendeiros-ameacam-bacia-do-rio-formoso-em-tocantins-com-plantacoes-de-soja\" target=\"_blank\" rel=\"noreferrer noopener\">rio Formoso<\/a>&nbsp;\u2013 uma \u00e1rea que n\u00e3o concentrava atividades de&nbsp;<strong>grilagem<\/strong>, situada no sudeste do&nbsp;<strong>territ\u00f3rio ind\u00edgena<\/strong>&nbsp;e mais distante dos grandes centros de&nbsp;<strong>explora\u00e7\u00e3o ilegal e predat\u00f3ria<\/strong>&nbsp;de&nbsp;<strong>Rond\u00f4nia<\/strong>&nbsp;\u2013 come\u00e7ou a apresentar n\u00fameros cada vez maiores de&nbsp;<a href=\"http:\/\/www.ihu.unisinos.br\/78-noticias\/563261-se-ritmo-de-desmatamento-em-rondonia-fosse-aplicado-a-amazonia-perda-seria-de-40-mil-km-ao-ano\" target=\"_blank\" rel=\"noreferrer noopener\">desmatamento<\/a>. Anteriormente, o desmatamento aparecia mais no noroeste da&nbsp;<strong>Terra Ind\u00edgena<\/strong>.<\/p>\n\n\n\n<figure class=\"wp-block-image\"><img data-recalc-dims=\"1\" decoding=\"async\" src=\"https:\/\/i0.wp.com\/www.ihu.unisinos.br\/images\/ihu\/2021\/10\/28_10_monitoramento_floresta_ti_karipuna_foto_andre_karipuna_cimi.jpg?w=600\" alt=\"\"\/><\/figure>\n\n\n\n<p>Monitoramento realizado pelo Cimi na TI Karipuna, em agosto de 2021. (Foto: Andr\u00e9 Karipuna)<\/p>\n\n\n\n<p>Entre agosto de 2020 e julho de 2021 a regi\u00e3o do&nbsp;<strong>rio Formoso<\/strong>&nbsp;registrou 510,3 hectares desmatados \u2013 65% do total de novos&nbsp;<strong>desmatamentos<\/strong>&nbsp;verificados no interior da&nbsp;<a href=\"http:\/\/www.ihu.unisinos.br\/581178-mais-de-10-mil-hectares-de-floresta-ja-foram-destruidos-na-terra-indigena-karipuna-denunciam-cimi-e-greenpeace\" target=\"_blank\" rel=\"noreferrer noopener\">Terra Ind\u00edgena Karipuna<\/a>&nbsp;no ano inteiro. Desse total, 94,7% \u2013 ou seja, 483,77 hectares \u2013 foram desmatados em 2021, entre janeiro e junho deste ano.<\/p>\n\n\n\n<h3 class=\"wp-block-heading\">Ataque legislativo<\/h3>\n\n\n\n<p>A&nbsp;<strong>Terra Ind\u00edgena Karipuna<\/strong>&nbsp;\u00e9 um dos territ\u00f3rios gravemente prejudicados pela&nbsp;<strong>Lei Complementar 1089\/2021<\/strong>, que&nbsp;<a href=\"http:\/\/www.ihu.unisinos.br\/609009-rondonia-promove-um-liberou-geral-na-grilagem\" target=\"_blank\" rel=\"noreferrer noopener\">aprovou a redu\u00e7\u00e3o<\/a>, em abril de 2021, da&nbsp;<a href=\"http:\/\/www.ihu.unisinos.br\/608722-parlamento-de-rondonia-reduz-em-90-reserva-jaci-parana-em-prol-da-pecuaria-ilegal\" target=\"_blank\" rel=\"noreferrer noopener\">Reserva Extrativista Jaci-Paran\u00e1<\/a>&nbsp;e do&nbsp;<strong>Parque Estadual Guajar\u00e1-Mirim<\/strong>.<\/p>\n\n\n\n<p>Essas duas \u00e1reas protegidas funcionavam como \u201cescudos\u201d que dificultavam a entrada de&nbsp;<strong>desmatadores<\/strong>&nbsp;dentro da<strong>&nbsp;TI Karipuna<\/strong>. Com a redu\u00e7\u00e3o dessas&nbsp;<strong>\u00e1reas protegidas<\/strong>, por decis\u00e3o do&nbsp;<a href=\"http:\/\/www.ihu.unisinos.br\/599673-fumaca-causada-por-queimadas-em-ro-vai-matar-mais-pessoas-por-problemas-respiratorios-e-covid-19-diz-governador\" target=\"_blank\" rel=\"noreferrer noopener\">governador do Rond\u00f4nia<\/a>,&nbsp;<strong>Marcos Rocha<\/strong>&nbsp;(<strong>PSL<\/strong>) \u2013 que sancionou a lei em maio \u2013 o territ\u00f3rio do&nbsp;<strong>povo Karipuna<\/strong>&nbsp;<a href=\"http:\/\/www.ihu.unisinos.br\/78-noticias\/611482-apos-aprovacao-de-lei-que-reduziu-areas-protegidas-em-rondonia-ameacas-e-invasoes-aos-territorios-indigenas-se-intensificaram\" target=\"_blank\" rel=\"noreferrer noopener\">ficou aberto para a entrada de grileiros e madeireiros<\/a>&nbsp;que, impulsionados pela pol\u00edtica&nbsp;<a href=\"http:\/\/www.ihu.unisinos.br\/598239-organizacoes-acusam-governo-federal-de-ser-anti-indigena-cimi-afirma-que-a-terra-karipuna-esta-em-situacao-de-iminente-genocidio\" target=\"_blank\" rel=\"noreferrer noopener\">anti-ind\u00edgena<\/a>&nbsp;e antiambientalista do&nbsp;<strong>Governo Bolsonaro<\/strong>, amea\u00e7am a integridade f\u00edsica, cultural e territorial dos&nbsp;<strong>Karipuna<\/strong>&nbsp;e dos&nbsp;<strong>povos isolados<\/strong>&nbsp;que circulam naquela \u00e1rea.<\/p>\n\n\n\n<p>Na ocasi\u00e3o, a&nbsp;<a href=\"http:\/\/www.ihu.unisinos.br\/78-noticias\/605294-projeto-de-lei-quer-reduzir-reserva-extrativista-de-rondonia-em-quase-80\" target=\"_blank\" rel=\"noreferrer noopener\">Reserva Extrativista Jaci-Paran\u00e1<\/a>&nbsp;perdeu 168 mil hectares (quase 90% de seu territ\u00f3rio) e o&nbsp;<strong>Parque Estadual Guajar\u00e1-Mirim<\/strong>&nbsp;perdeu 55 mil hectares. O ataque legislativo contra as \u00e1reas protegidas de&nbsp;<strong>Rond\u00f4nia<\/strong>&nbsp;continua: em setembro, uma nova lei de&nbsp;<strong>zoneamento ecol\u00f3gico<\/strong>&nbsp;foi aprovada pelos deputados, abrindo diversas terras para a&nbsp;<strong>cria\u00e7\u00e3o de gado<\/strong>&nbsp;e a&nbsp;<strong>planta\u00e7\u00e3o de soja<\/strong>.<\/p>\n\n\n\n<h3 class=\"wp-block-heading\">Crise clim\u00e1tica<\/h3>\n\n\n\n<p>L\u00edder do&nbsp;<strong>povo Karipuna<\/strong>,&nbsp;<a href=\"http:\/\/www.ihu.unisinos.br\/78-noticias\/578122-eu-vim-a-onu-pedir-ajuda-para-que-nao-ocorra-um-massacre-contra-o-meu-povo\" target=\"_blank\" rel=\"noreferrer noopener\"><strong>Adriano Karipuna<\/strong><\/a>&nbsp;disse que as autoridades precisam viabilizar meios de proteger o territ\u00f3rio: \u201cO&nbsp;<strong>monitoramento da floresta<\/strong>, feito por n\u00f3s junto aos parceiros, nos ajuda a entender o que acontece dentro de nossa terra e \u00e9 fundamental para denunciar&nbsp;<strong>atividades ilegais<\/strong>. O&nbsp;<strong>Estado<\/strong>&nbsp;deve implementar um&nbsp;<strong>plano de prote\u00e7\u00e3o permanente<\/strong>&nbsp;para nosso territ\u00f3rio, com o objetivo de acabar com as&nbsp;<a href=\"http:\/\/www.ihu.unisinos.br\/577027-em-brasilia-indigenas-karipuna-denunciam-loteamento-e-roubo-de-madeira-em-terra-demarcada-ha-28-anos\" target=\"_blank\" rel=\"noreferrer noopener\">invas\u00f5es e o roubo de madeira<\/a>&nbsp;de nossa floresta\u201d.<\/p>\n\n\n\n<figure class=\"wp-block-image\"><img data-recalc-dims=\"1\" decoding=\"async\" src=\"https:\/\/i0.wp.com\/www.ihu.unisinos.br\/images\/ihu\/2021\/10\/28_10_desmatamento_ti_karipuna_foto_christian_braga_greenpeace_brasil.jpg?w=600\" alt=\"\"\/><\/figure>\n\n\n\n<p>Aumento de 44% de desmatamento mostra a vulnerabilidade da TI Karipuna, que permanece sendo bastante amea\u00e7ada. (Foto: Christian Braga\/Greenpeace)<\/p>\n\n\n\n<p>A mission\u00e1ria do&nbsp;<strong>CIMI Rond\u00f4nia<\/strong>,&nbsp;<a href=\"http:\/\/www.ihu.unisinos.br\/609001-ir-laura-vicuna-o-povo-karipuna-busca-que-a-justica-atenda-seu-apelo-e-proteja-seu-territorio\" target=\"_blank\" rel=\"noreferrer noopener\">Laura Vicu\u00f1a<\/a>, contou que a destrui\u00e7\u00e3o verificada no ch\u00e3o da floresta guarda rela\u00e7\u00e3o muito pr\u00f3xima com as grandes&nbsp;<strong>discuss\u00f5es globais<\/strong>, como o enfrentamento das&nbsp;<strong>mudan\u00e7as clim\u00e1ticas<\/strong>.<\/p>\n\n\n\n<p>\u201cA&nbsp;<strong>crise clim\u00e1tica<\/strong>&nbsp;come\u00e7a aqui, com&nbsp;<strong>territ\u00f3rios ind\u00edgenas<\/strong>&nbsp;sendo saqueados,&nbsp;<strong>povos ind\u00edgenas<\/strong>&nbsp;sendo atacados enquanto um governo negligente e conivente n\u00e3o cumpre seu papel para proteger nosso povo e recursos naturais. Para mitigar os impactos da&nbsp;<a href=\"http:\/\/www.ihu.unisinos.br\/612699-a-emergencia-climatica-as-novas-geracoes-e-a-greve-climatica-global-artigo-de-jose-eustaquio-diniz-alves\" target=\"_blank\" rel=\"noreferrer noopener\">emerg\u00eancia clim\u00e1tica<\/a>, os governos deveriam aumentar as&nbsp;<a href=\"http:\/\/www.ihu.unisinos.br\/612468-mapbiomas-comprova-que-terras-indigenas-sao-as-areas-mais-preservadas-do-brasil\" target=\"_blank\" rel=\"noreferrer noopener\">terras protegidas<\/a>&nbsp;em vez de reduzi-las\u201d, disse&nbsp;<strong>Laura<\/strong>, que acumula mais de 20 anos de trabalho junto aos&nbsp;<strong>povos ind\u00edgenas<\/strong>.<\/p>\n\n\n\n<h3 class=\"wp-block-heading\">Invas\u00e3o e destrui\u00e7\u00e3o<\/h3>\n\n\n\n<p>Coordenador do&nbsp;<strong>Projeto Todos os Olhos na Amaz\u00f4nia<\/strong>, do&nbsp;<strong>Greenpeace Brasil<\/strong>,&nbsp;<strong>Oliver Salge<\/strong>&nbsp;disse que o&nbsp;<strong>Brasil<\/strong>&nbsp;\u2018fecha os olhos\u2019 para os criminosos ambientais: \u201cEnquanto o mundo busca desesperadamente solu\u00e7\u00f5es para a&nbsp;<strong>crise clim\u00e1tica<\/strong>&nbsp;na&nbsp;<a href=\"http:\/\/www.ihu.unisinos.br\/614001-esvaziamento-da-cop26-e-ruim-para-o-brasil-mas-bom-para-bolsonaro-artigo-de-marcio-santilli\" target=\"_blank\" rel=\"noreferrer noopener\"><strong>COP26<\/strong><\/a>, o&nbsp;<strong>Brasil<\/strong>&nbsp;faz exatamente o contr\u00e1rio e permite que criminosos invadam \u00e1reas protegidas e destruam a casa dos povos ind\u00edgenas\u201d.<\/p>\n\n\n\n<p>A&nbsp;<strong>Terra Ind\u00edgena Karipuna<\/strong>&nbsp;possui 152 mil hectares e est\u00e1 situada a 100 quil\u00f4metros de&nbsp;<strong>Porto Velho<\/strong>, capital de&nbsp;<strong>Rond\u00f4nia<\/strong>. Ela \u00e9 cercada por fazendas e vem sendo&nbsp;<a href=\"http:\/\/www.ihu.unisinos.br\/590160-forca-tarefa-amazonia-realiza-megaoperacao-contra-grilagem-e-roubo-de-madeira-na-terra-indigena-karipuna\" target=\"_blank\" rel=\"noreferrer noopener\">invadida e desmatada<\/a>&nbsp;desde 2015 \u2013 mais de 5 mil hectares de florestas j\u00e1 foram destru\u00eddos nos \u00faltimos seis anos.<br><\/p>\n","protected":false},"excerpt":{"rendered":"<p>Aumento de 44% no desmatamento amea\u00e7a&nbsp;povo Karipuna&nbsp;e dificulta combate \u00e0s&nbsp;mudan\u00e7as clim\u00e1ticas. A reportagem \u00e9 de&nbsp;Greenpeace&nbsp;e&nbsp;CIMI, publicada por&nbsp;Conselho Indigenista Mission\u00e1rio&nbsp;&#8211;&nbsp;CIMI, 26-10-2021.<\/p>\n","protected":false},"author":1,"featured_media":0,"comment_status":"closed","ping_status":"open","sticky":false,"template":"","format":"standard","meta":{"_exactmetrics_skip_tracking":false,"_exactmetrics_sitenote_active":false,"_exactmetrics_sitenote_note":"","_exactmetrics_sitenote_category":0,"jetpack_post_was_ever_published":false,"_jetpack_newsletter_access":"","_jetpack_dont_email_post_to_subs":false,"_jetpack_newsletter_tier_id":0,"_jetpack_memberships_contains_paywalled_content":false,"_jetpack_memberships_contains_paid_content":false,"footnotes":"","jetpack_publicize_message":"","jetpack_publicize_feature_enabled":true,"jetpack_social_post_already_shared":true,"jetpack_social_options":{"image_generator_settings":{"template":"highway","enabled":false},"version":2}},"categories":[1],"tags":[555,604,583,386,615],"class_list":["post-32984","post","type-post","status-publish","format-standard","hentry","category-notas","tag-assembleia-legislativa-de-rondonia","tag-gado","tag-karipuna","tag-meio-ambiente","tag-soja"],"jetpack_publicize_connections":[],"jetpack_sharing_enabled":true,"jetpack_featured_media_url":"","jetpack_shortlink":"https:\/\/wp.me\/s7wKYW-32984","jetpack-related-posts":[],"_links":{"self":[{"href":"http:\/\/blogdalucianaoliveira.com.br\/blog\/wp-json\/wp\/v2\/posts\/32984","targetHints":{"allow":["GET"]}}],"collection":[{"href":"http:\/\/blogdalucianaoliveira.com.br\/blog\/wp-json\/wp\/v2\/posts"}],"about":[{"href":"http:\/\/blogdalucianaoliveira.com.br\/blog\/wp-json\/wp\/v2\/types\/post"}],"author":[{"embeddable":true,"href":"http:\/\/blogdalucianaoliveira.com.br\/blog\/wp-json\/wp\/v2\/users\/1"}],"replies":[{"embeddable":true,"href":"http:\/\/blogdalucianaoliveira.com.br\/blog\/wp-json\/wp\/v2\/comments?post=32984"}],"version-history":[{"count":1,"href":"http:\/\/blogdalucianaoliveira.com.br\/blog\/wp-json\/wp\/v2\/posts\/32984\/revisions"}],"predecessor-version":[{"id":32986,"href":"http:\/\/blogdalucianaoliveira.com.br\/blog\/wp-json\/wp\/v2\/posts\/32984\/revisions\/32986"}],"wp:attachment":[{"href":"http:\/\/blogdalucianaoliveira.com.br\/blog\/wp-json\/wp\/v2\/media?parent=32984"}],"wp:term":[{"taxonomy":"category","embeddable":true,"href":"http:\/\/blogdalucianaoliveira.com.br\/blog\/wp-json\/wp\/v2\/categories?post=32984"},{"taxonomy":"post_tag","embeddable":true,"href":"http:\/\/blogdalucianaoliveira.com.br\/blog\/wp-json\/wp\/v2\/tags?post=32984"}],"curies":[{"name":"wp","href":"https:\/\/api.w.org\/{rel}","templated":true}]}}