{"id":32990,"date":"2021-10-28T17:52:56","date_gmt":"2021-10-28T21:52:56","guid":{"rendered":"http:\/\/blogdalucianaoliveira.com.br\/blog\/?p=32990"},"modified":"2021-10-28T17:52:58","modified_gmt":"2021-10-28T21:52:58","slug":"conflito-revela-forca-da-grilagem-e-da-resistencia-camponesa","status":"publish","type":"post","link":"http:\/\/blogdalucianaoliveira.com.br\/blog\/2021\/10\/28\/conflito-revela-forca-da-grilagem-e-da-resistencia-camponesa\/","title":{"rendered":"CONFLITO REVELA FOR\u00c7A DA GRILAGEM E DA RESIST\u00caNCIA CAMPONESA"},"content":{"rendered":"\n<figure class=\"wp-block-image size-large\"><img loading=\"lazy\" decoding=\"async\" width=\"1280\" height=\"720\" data-attachment-id=\"32991\" data-permalink=\"http:\/\/blogdalucianaoliveira.com.br\/blog\/2021\/10\/28\/conflito-revela-forca-da-grilagem-e-da-resistencia-camponesa\/whatsapp-image-2021-10-28-at-15-33-54\/\" data-orig-file=\"https:\/\/i0.wp.com\/blogdalucianaoliveira.com.br\/blog\/wp-content\/uploads\/2021\/10\/WhatsApp-Image-2021-10-28-at-15.33.54.jpeg?fit=1280%2C720\" data-orig-size=\"1280,720\" data-comments-opened=\"0\" data-image-meta=\"{&quot;aperture&quot;:&quot;0&quot;,&quot;credit&quot;:&quot;&quot;,&quot;camera&quot;:&quot;&quot;,&quot;caption&quot;:&quot;&quot;,&quot;created_timestamp&quot;:&quot;0&quot;,&quot;copyright&quot;:&quot;&quot;,&quot;focal_length&quot;:&quot;0&quot;,&quot;iso&quot;:&quot;0&quot;,&quot;shutter_speed&quot;:&quot;0&quot;,&quot;title&quot;:&quot;&quot;,&quot;orientation&quot;:&quot;0&quot;}\" data-image-title=\"WhatsApp-Image-2021-10-28-at-15.33.54\" data-image-description=\"\" data-image-caption=\"\" data-medium-file=\"https:\/\/i0.wp.com\/blogdalucianaoliveira.com.br\/blog\/wp-content\/uploads\/2021\/10\/WhatsApp-Image-2021-10-28-at-15.33.54.jpeg?fit=300%2C169\" data-large-file=\"https:\/\/i0.wp.com\/blogdalucianaoliveira.com.br\/blog\/wp-content\/uploads\/2021\/10\/WhatsApp-Image-2021-10-28-at-15.33.54.jpeg?fit=600%2C338\" src=\"https:\/\/i0.wp.com\/blogdalucianaoliveira.com.br\/blog\/wp-content\/uploads\/2021\/10\/WhatsApp-Image-2021-10-28-at-15.33.54.jpeg?fit=600%2C338\" alt=\"\" class=\"wp-image-32991\" srcset=\"https:\/\/i0.wp.com\/blogdalucianaoliveira.com.br\/blog\/wp-content\/uploads\/2021\/10\/WhatsApp-Image-2021-10-28-at-15.33.54.jpeg?w=1280 1280w, https:\/\/i0.wp.com\/blogdalucianaoliveira.com.br\/blog\/wp-content\/uploads\/2021\/10\/WhatsApp-Image-2021-10-28-at-15.33.54.jpeg?resize=300%2C169 300w, https:\/\/i0.wp.com\/blogdalucianaoliveira.com.br\/blog\/wp-content\/uploads\/2021\/10\/WhatsApp-Image-2021-10-28-at-15.33.54.jpeg?resize=1024%2C576 1024w, https:\/\/i0.wp.com\/blogdalucianaoliveira.com.br\/blog\/wp-content\/uploads\/2021\/10\/WhatsApp-Image-2021-10-28-at-15.33.54.jpeg?resize=768%2C432 768w, https:\/\/i0.wp.com\/blogdalucianaoliveira.com.br\/blog\/wp-content\/uploads\/2021\/10\/WhatsApp-Image-2021-10-28-at-15.33.54.jpeg?resize=533%2C300 533w, https:\/\/i0.wp.com\/blogdalucianaoliveira.com.br\/blog\/wp-content\/uploads\/2021\/10\/WhatsApp-Image-2021-10-28-at-15.33.54.jpeg?w=1200 1200w\" sizes=\"auto, (max-width: 600px) 100vw, 600px\" \/><\/figure>\n\n\n\n<p>\n\nDe Rond\u00f4nia para o <a href=\"https:\/\/www.facebook.com\/Brasil247\/?__cft__[0]=AZUNP_7lFQ4K0m7XK-5Hs_l0qhJb8HOCqKdD1DZ6fd5JnPp4P2t2AaM4rEup2K-DutOQ3sLRKhfPdLyC8yFTHrJv-_5qZV3YWizqRrt1DnXUvd5S2t1LQsLlgJF__VuWRqs&amp;__tn__=kK-R\">Brasil 247<\/a>, o registro do conflito que exp\u00f4s a prote\u00e7\u00e3o \u00e0 grilagem e a resist\u00eancia camponesa. Assista, curta e compartilhe.Apoie o jornalismo independente e ativista. <a href=\"https:\/\/l.facebook.com\/l.php?u=https%3A%2F%2Fyoutu.be%2FodYb9AayL8A%3Ffbclid%3DIwAR23ahpM_oQhK9x0ene6UchhlNpbQi9fnYG6mjc6LumhfQUQNA55JNGQNxk&amp;h=AT0xZvQSLfE41C_2RaTM0m__76oXJjRLTkNyDtnVUIBYRwmzABl-KFfHfiYmxeJZ7JTughp8jWSm812oMzmBEdzHAImzFlLwRZ7F3773gz2TUzjWUNmn6Aj9qT1vJuQRI4P4l5s9VQXRBmuqMwHo&amp;__tn__=H-R&amp;c[0]=AT3yKTJsdJZHfqFAW2uGuEji8frPWPWsYbjFOjXiw0Xrzdo_srL_cQYkxxRIJMxjp9uirrW69IqOqxMwJZLk_5Ti1QJmMLRh0kbummrSCH92eQJexD6QuHPwZGhETX5j2nP-3P4Tgo5cITDVQmJTMx-H8g\" rel=\"noreferrer noopener\" target=\"_blank\"><br>\n\n<\/a><\/p>\n\n\n\n<!--more-->\n\n\n\n<figure class=\"wp-block-embed-youtube wp-block-embed is-type-video is-provider-youtube wp-embed-aspect-16-9 wp-has-aspect-ratio\"><div class=\"wp-block-embed__wrapper\">\n<div class=\"jetpack-video-wrapper\"><iframe loading=\"lazy\" title=\"Conflito revela for\u00e7a da grilagem e da resist\u00eancia camponesa em Rond\u00f4nia\" width=\"600\" height=\"338\" src=\"https:\/\/www.youtube.com\/embed\/hTGqVlbpCIY?feature=oembed\" frameborder=\"0\" allow=\"accelerometer; autoplay; clipboard-write; encrypted-media; gyroscope; picture-in-picture; web-share\" referrerpolicy=\"strict-origin-when-cross-origin\" allowfullscreen><\/iframe><\/div>\n<\/div><\/figure>\n","protected":false},"excerpt":{"rendered":"<p>De Rond\u00f4nia para o Brasil 247, o registro do conflito que exp\u00f4s a prote\u00e7\u00e3o \u00e0 grilagem e a resist\u00eancia camponesa. Assista, curta e compartilhe.Apoie o jornalismo independente e ativista.<\/p>\n","protected":false},"author":1,"featured_media":0,"comment_status":"closed","ping_status":"open","sticky":false,"template":"","format":"standard","meta":{"_exactmetrics_skip_tracking":false,"_exactmetrics_sitenote_active":false,"_exactmetrics_sitenote_note":"","_exactmetrics_sitenote_category":0,"jetpack_post_was_ever_published":false,"_jetpack_newsletter_access":"","_jetpack_dont_email_post_to_subs":false,"_jetpack_newsletter_tier_id":0,"_jetpack_memberships_contains_paywalled_content":false,"_jetpack_memberships_contains_paid_content":false,"footnotes":"","jetpack_publicize_message":"","jetpack_publicize_feature_enabled":true,"jetpack_social_post_already_shared":true,"jetpack_social_options":{"image_generator_settings":{"template":"highway","enabled":false},"version":2}},"categories":[1],"tags":[618,617,462,619,484,614],"class_list":["post-32990","post","type-post","status-publish","format-standard","hentry","category-notas","tag-abrapo","tag-carmen-lucia","tag-conflito","tag-cpt","tag-despejo","tag-nova-mutum"],"jetpack_publicize_connections":[],"jetpack_sharing_enabled":true,"jetpack_featured_media_url":"","jetpack_shortlink":"https:\/\/wp.me\/p7wKYW-8A6","jetpack-related-posts":[],"_links":{"self":[{"href":"http:\/\/blogdalucianaoliveira.com.br\/blog\/wp-json\/wp\/v2\/posts\/32990","targetHints":{"allow":["GET"]}}],"collection":[{"href":"http:\/\/blogdalucianaoliveira.com.br\/blog\/wp-json\/wp\/v2\/posts"}],"about":[{"href":"http:\/\/blogdalucianaoliveira.com.br\/blog\/wp-json\/wp\/v2\/types\/post"}],"author":[{"embeddable":true,"href":"http:\/\/blogdalucianaoliveira.com.br\/blog\/wp-json\/wp\/v2\/users\/1"}],"replies":[{"embeddable":true,"href":"http:\/\/blogdalucianaoliveira.com.br\/blog\/wp-json\/wp\/v2\/comments?post=32990"}],"version-history":[{"count":1,"href":"http:\/\/blogdalucianaoliveira.com.br\/blog\/wp-json\/wp\/v2\/posts\/32990\/revisions"}],"predecessor-version":[{"id":32992,"href":"http:\/\/blogdalucianaoliveira.com.br\/blog\/wp-json\/wp\/v2\/posts\/32990\/revisions\/32992"}],"wp:attachment":[{"href":"http:\/\/blogdalucianaoliveira.com.br\/blog\/wp-json\/wp\/v2\/media?parent=32990"}],"wp:term":[{"taxonomy":"category","embeddable":true,"href":"http:\/\/blogdalucianaoliveira.com.br\/blog\/wp-json\/wp\/v2\/categories?post=32990"},{"taxonomy":"post_tag","embeddable":true,"href":"http:\/\/blogdalucianaoliveira.com.br\/blog\/wp-json\/wp\/v2\/tags?post=32990"}],"curies":[{"name":"wp","href":"https:\/\/api.w.org\/{rel}","templated":true}]}}