{"id":32996,"date":"2021-10-30T10:10:47","date_gmt":"2021-10-30T14:10:47","guid":{"rendered":"http:\/\/blogdalucianaoliveira.com.br\/blog\/?p=32996"},"modified":"2021-10-30T10:11:49","modified_gmt":"2021-10-30T14:11:49","slug":"estacao-saudade","status":"publish","type":"post","link":"http:\/\/blogdalucianaoliveira.com.br\/blog\/2021\/10\/30\/estacao-saudade\/","title":{"rendered":"Esta\u00e7\u00e3o saudade"},"content":{"rendered":"\n<figure class=\"wp-block-image size-large\"><img data-recalc-dims=\"1\" loading=\"lazy\" decoding=\"async\" width=\"600\" height=\"750\" data-attachment-id=\"32997\" data-permalink=\"http:\/\/blogdalucianaoliveira.com.br\/blog\/2021\/10\/30\/estacao-saudade\/03bdeb59-cc1e-4a82-a61f-205f6fa8a29c\/\" data-orig-file=\"https:\/\/i0.wp.com\/blogdalucianaoliveira.com.br\/blog\/wp-content\/uploads\/2021\/10\/03BDEB59-CC1E-4A82-A61F-205F6FA8A29C.jpeg?fit=768%2C960\" data-orig-size=\"768,960\" data-comments-opened=\"0\" data-image-meta=\"{&quot;aperture&quot;:&quot;0&quot;,&quot;credit&quot;:&quot;&quot;,&quot;camera&quot;:&quot;&quot;,&quot;caption&quot;:&quot;&quot;,&quot;created_timestamp&quot;:&quot;0&quot;,&quot;copyright&quot;:&quot;&quot;,&quot;focal_length&quot;:&quot;0&quot;,&quot;iso&quot;:&quot;0&quot;,&quot;shutter_speed&quot;:&quot;0&quot;,&quot;title&quot;:&quot;&quot;,&quot;orientation&quot;:&quot;1&quot;}\" data-image-title=\"03BDEB59-CC1E-4A82-A61F-205F6FA8A29C\" data-image-description=\"\" data-image-caption=\"\" data-medium-file=\"https:\/\/i0.wp.com\/blogdalucianaoliveira.com.br\/blog\/wp-content\/uploads\/2021\/10\/03BDEB59-CC1E-4A82-A61F-205F6FA8A29C.jpeg?fit=240%2C300\" data-large-file=\"https:\/\/i0.wp.com\/blogdalucianaoliveira.com.br\/blog\/wp-content\/uploads\/2021\/10\/03BDEB59-CC1E-4A82-A61F-205F6FA8A29C.jpeg?fit=600%2C750\" src=\"https:\/\/i0.wp.com\/blogdalucianaoliveira.com.br\/blog\/wp-content\/uploads\/2021\/10\/03BDEB59-CC1E-4A82-A61F-205F6FA8A29C.jpeg?resize=600%2C750\" alt=\"\" class=\"wp-image-32997\" srcset=\"https:\/\/i0.wp.com\/blogdalucianaoliveira.com.br\/blog\/wp-content\/uploads\/2021\/10\/03BDEB59-CC1E-4A82-A61F-205F6FA8A29C.jpeg?w=768 768w, https:\/\/i0.wp.com\/blogdalucianaoliveira.com.br\/blog\/wp-content\/uploads\/2021\/10\/03BDEB59-CC1E-4A82-A61F-205F6FA8A29C.jpeg?resize=240%2C300 240w\" sizes=\"auto, (max-width: 600px) 100vw, 600px\" \/><\/figure>\n\n\n\n<p>Silvio Santos embarcou no trem da viagem sem volta. <br> A desola\u00e7\u00e3o esparramou-se pela esta\u00e7\u00e3o saudade. <br> Silvio se fez dormente da ferrovia da nossa cultura popular. <br> Nele se fixaram os trilhos onde passaram o samba, a quadrilha junina e o boi-bumb\u00e1, o carnaval de rua, o teatro, a poesia, o cinema e tudo mais da nossa mem\u00f3ria cultural ribeirinha, urbana e rural. <\/p>\n\n\n\n<!--more-->\n\n\n\n<p><br><br> \u00c9 muita a gratid\u00e3o a Silvio Santos pelo tanto que contribuiu com nossa heran\u00e7a cultural. <br> Dom Moacir Grechi dizia \u201cque pessoas comuns, em<br> lugares simples, conseguem fazer coisas extraordin\u00e1rias. <br> A frase resume bem a vida do amigo que me deu a honra de prefaciar o livro \u2018As perip\u00e9cias do General\u2019. <br><\/p>\n\n\n\n<figure class=\"wp-block-image size-large\"><img data-recalc-dims=\"1\" loading=\"lazy\" decoding=\"async\" width=\"600\" height=\"499\" data-attachment-id=\"32999\" data-permalink=\"http:\/\/blogdalucianaoliveira.com.br\/blog\/2021\/10\/30\/estacao-saudade\/652eefee-5dd5-494c-b2be-2f67b521d5bb\/\" data-orig-file=\"https:\/\/i0.wp.com\/blogdalucianaoliveira.com.br\/blog\/wp-content\/uploads\/2021\/10\/652EEFEE-5DD5-494C-B2BE-2F67B521D5BB.jpeg?fit=923%2C767\" data-orig-size=\"923,767\" data-comments-opened=\"0\" data-image-meta=\"{&quot;aperture&quot;:&quot;0&quot;,&quot;credit&quot;:&quot;&quot;,&quot;camera&quot;:&quot;&quot;,&quot;caption&quot;:&quot;&quot;,&quot;created_timestamp&quot;:&quot;0&quot;,&quot;copyright&quot;:&quot;&quot;,&quot;focal_length&quot;:&quot;0&quot;,&quot;iso&quot;:&quot;0&quot;,&quot;shutter_speed&quot;:&quot;0&quot;,&quot;title&quot;:&quot;&quot;,&quot;orientation&quot;:&quot;0&quot;}\" data-image-title=\"652EEFEE-5DD5-494C-B2BE-2F67B521D5BB\" data-image-description=\"\" data-image-caption=\"\" data-medium-file=\"https:\/\/i0.wp.com\/blogdalucianaoliveira.com.br\/blog\/wp-content\/uploads\/2021\/10\/652EEFEE-5DD5-494C-B2BE-2F67B521D5BB.jpeg?fit=300%2C249\" data-large-file=\"https:\/\/i0.wp.com\/blogdalucianaoliveira.com.br\/blog\/wp-content\/uploads\/2021\/10\/652EEFEE-5DD5-494C-B2BE-2F67B521D5BB.jpeg?fit=600%2C499\" src=\"https:\/\/i0.wp.com\/blogdalucianaoliveira.com.br\/blog\/wp-content\/uploads\/2021\/10\/652EEFEE-5DD5-494C-B2BE-2F67B521D5BB.jpeg?resize=600%2C499\" alt=\"\" class=\"wp-image-32999\" srcset=\"https:\/\/i0.wp.com\/blogdalucianaoliveira.com.br\/blog\/wp-content\/uploads\/2021\/10\/652EEFEE-5DD5-494C-B2BE-2F67B521D5BB.jpeg?w=923 923w, https:\/\/i0.wp.com\/blogdalucianaoliveira.com.br\/blog\/wp-content\/uploads\/2021\/10\/652EEFEE-5DD5-494C-B2BE-2F67B521D5BB.jpeg?resize=300%2C249 300w, https:\/\/i0.wp.com\/blogdalucianaoliveira.com.br\/blog\/wp-content\/uploads\/2021\/10\/652EEFEE-5DD5-494C-B2BE-2F67B521D5BB.jpeg?resize=768%2C638 768w, https:\/\/i0.wp.com\/blogdalucianaoliveira.com.br\/blog\/wp-content\/uploads\/2021\/10\/652EEFEE-5DD5-494C-B2BE-2F67B521D5BB.jpeg?resize=361%2C300 361w\" sizes=\"auto, (max-width: 600px) 100vw, 600px\" \/><\/figure>\n\n\n\n<p><br> Ele foi \u00fanico no que fez e na forma como fez.<br> Silvio revolucionou a cobertura dos eventos culturais colocando o saber popular em destaque.<br> Deu eco \u00e0s vozes de comunidades da beira, da cidade e do interior sem eira nem beira.<br> Silvio serviu como jornalista e fazedor de cultura popular.<br> Transitou como estandarte de todas as manifesta\u00e7\u00f5es tradicionais, mas saudou o novo com o mesmo amor e coragem. <br> Ele me inspirou a fazer mais como jornalista pela cultura popular.<br> Com ele aprendi que para transformar a cidade e as pessoas \u00e9 preciso colocar \u2018Lenha na Fogueira\u2019.<br> Aprendi com ele que ostentar nossa identidade cultural \u00e9 adquirir for\u00e7a para lutar contra o seu apagamento.<br> Com ele compreendi que a pol\u00eamica lan\u00e7ada como navalha ao senso comum transforma a realidade. <br> Silvio se foi, mas n\u00e3o sair\u00e1 da cidade, das pessoas e das manifesta\u00e7\u00f5es culturais que exaltou e protegeu. <\/p>\n\n\n\n<p>N\u00e3o demorem a colocar sua est\u00e1tua ao lado do Manel\u00e3o no Mercado Cultural.<br>\nL\u00e1 estar\u00e1 sempre presente na cena cultural observando o seu sonho teimoso se realizar. <\/p>\n\n\n\n<p>\u2764\ufe0f<\/p>\n","protected":false},"excerpt":{"rendered":"<p>Silvio Santos embarcou no trem da viagem sem volta. A desola\u00e7\u00e3o esparramou-se pela esta\u00e7\u00e3o saudade. Silvio se fez dormente da ferrovia da nossa cultura popular. Nele se fixaram os trilhos onde passaram o samba, a quadrilha junina e o boi-bumb\u00e1, o carnaval de rua, o teatro, a poesia, o cinema e tudo mais da nossa&#8230;<a class=\"more-link\" href=\"http:\/\/blogdalucianaoliveira.com.br\/blog\/2021\/10\/30\/estacao-saudade\/\">Continue a leitura <span class=\"meta-nav\">&raquo;<\/span><\/a><\/p>\n","protected":false},"author":1,"featured_media":0,"comment_status":"closed","ping_status":"open","sticky":false,"template":"","format":"standard","meta":{"_exactmetrics_skip_tracking":false,"_exactmetrics_sitenote_active":false,"_exactmetrics_sitenote_note":"","_exactmetrics_sitenote_category":0,"jetpack_post_was_ever_published":false,"_jetpack_newsletter_access":"","_jetpack_dont_email_post_to_subs":false,"_jetpack_newsletter_tier_id":0,"_jetpack_memberships_contains_paywalled_content":false,"_jetpack_memberships_contains_paid_content":false,"footnotes":"","jetpack_publicize_message":"","jetpack_publicize_feature_enabled":true,"jetpack_social_post_already_shared":true,"jetpack_social_options":{"image_generator_settings":{"template":"highway","enabled":false},"version":2}},"categories":[1],"tags":[],"class_list":["post-32996","post","type-post","status-publish","format-standard","hentry","category-notas"],"jetpack_publicize_connections":[],"jetpack_sharing_enabled":true,"jetpack_featured_media_url":"","jetpack_shortlink":"https:\/\/wp.me\/p7wKYW-8Ac","jetpack-related-posts":[],"_links":{"self":[{"href":"http:\/\/blogdalucianaoliveira.com.br\/blog\/wp-json\/wp\/v2\/posts\/32996","targetHints":{"allow":["GET"]}}],"collection":[{"href":"http:\/\/blogdalucianaoliveira.com.br\/blog\/wp-json\/wp\/v2\/posts"}],"about":[{"href":"http:\/\/blogdalucianaoliveira.com.br\/blog\/wp-json\/wp\/v2\/types\/post"}],"author":[{"embeddable":true,"href":"http:\/\/blogdalucianaoliveira.com.br\/blog\/wp-json\/wp\/v2\/users\/1"}],"replies":[{"embeddable":true,"href":"http:\/\/blogdalucianaoliveira.com.br\/blog\/wp-json\/wp\/v2\/comments?post=32996"}],"version-history":[{"count":2,"href":"http:\/\/blogdalucianaoliveira.com.br\/blog\/wp-json\/wp\/v2\/posts\/32996\/revisions"}],"predecessor-version":[{"id":33000,"href":"http:\/\/blogdalucianaoliveira.com.br\/blog\/wp-json\/wp\/v2\/posts\/32996\/revisions\/33000"}],"wp:attachment":[{"href":"http:\/\/blogdalucianaoliveira.com.br\/blog\/wp-json\/wp\/v2\/media?parent=32996"}],"wp:term":[{"taxonomy":"category","embeddable":true,"href":"http:\/\/blogdalucianaoliveira.com.br\/blog\/wp-json\/wp\/v2\/categories?post=32996"},{"taxonomy":"post_tag","embeddable":true,"href":"http:\/\/blogdalucianaoliveira.com.br\/blog\/wp-json\/wp\/v2\/tags?post=32996"}],"curies":[{"name":"wp","href":"https:\/\/api.w.org\/{rel}","templated":true}]}}