{"id":33001,"date":"2021-11-01T20:30:20","date_gmt":"2021-11-02T00:30:20","guid":{"rendered":"http:\/\/blogdalucianaoliveira.com.br\/blog\/?p=33001"},"modified":"2021-11-01T20:30:26","modified_gmt":"2021-11-02T00:30:26","slug":"txai-surui-ativista-indigena-comenta-como-foi-discursar-na-cop26","status":"publish","type":"post","link":"http:\/\/blogdalucianaoliveira.com.br\/blog\/2021\/11\/01\/txai-surui-ativista-indigena-comenta-como-foi-discursar-na-cop26\/","title":{"rendered":"Txai Suru\u00ed: ativista ind\u00edgena comenta como foi discursar na COP26"},"content":{"rendered":"\n<figure class=\"wp-block-image size-large\"><img data-recalc-dims=\"1\" loading=\"lazy\" decoding=\"async\" width=\"600\" height=\"436\" data-attachment-id=\"33003\" data-permalink=\"http:\/\/blogdalucianaoliveira.com.br\/blog\/2021\/11\/01\/txai-surui-ativista-indigena-comenta-como-foi-discursar-na-cop26\/1cecbc6e-87b4-4288-b5be-6ff89a6d1005\/\" data-orig-file=\"https:\/\/i0.wp.com\/blogdalucianaoliveira.com.br\/blog\/wp-content\/uploads\/2021\/11\/1CECBC6E-87B4-4288-B5BE-6FF89A6D1005.jpeg?fit=828%2C602\" data-orig-size=\"828,602\" data-comments-opened=\"0\" data-image-meta=\"{&quot;aperture&quot;:&quot;0&quot;,&quot;credit&quot;:&quot;&quot;,&quot;camera&quot;:&quot;&quot;,&quot;caption&quot;:&quot;&quot;,&quot;created_timestamp&quot;:&quot;0&quot;,&quot;copyright&quot;:&quot;&quot;,&quot;focal_length&quot;:&quot;0&quot;,&quot;iso&quot;:&quot;0&quot;,&quot;shutter_speed&quot;:&quot;0&quot;,&quot;title&quot;:&quot;&quot;,&quot;orientation&quot;:&quot;1&quot;}\" data-image-title=\"1CECBC6E-87B4-4288-B5BE-6FF89A6D1005\" data-image-description=\"\" data-image-caption=\"\" data-medium-file=\"https:\/\/i0.wp.com\/blogdalucianaoliveira.com.br\/blog\/wp-content\/uploads\/2021\/11\/1CECBC6E-87B4-4288-B5BE-6FF89A6D1005.jpeg?fit=300%2C218\" data-large-file=\"https:\/\/i0.wp.com\/blogdalucianaoliveira.com.br\/blog\/wp-content\/uploads\/2021\/11\/1CECBC6E-87B4-4288-B5BE-6FF89A6D1005.jpeg?fit=600%2C436\" src=\"https:\/\/i0.wp.com\/blogdalucianaoliveira.com.br\/blog\/wp-content\/uploads\/2021\/11\/1CECBC6E-87B4-4288-B5BE-6FF89A6D1005.jpeg?resize=600%2C436\" alt=\"\" class=\"wp-image-33003\" srcset=\"https:\/\/i0.wp.com\/blogdalucianaoliveira.com.br\/blog\/wp-content\/uploads\/2021\/11\/1CECBC6E-87B4-4288-B5BE-6FF89A6D1005.jpeg?w=828 828w, https:\/\/i0.wp.com\/blogdalucianaoliveira.com.br\/blog\/wp-content\/uploads\/2021\/11\/1CECBC6E-87B4-4288-B5BE-6FF89A6D1005.jpeg?resize=300%2C218 300w, https:\/\/i0.wp.com\/blogdalucianaoliveira.com.br\/blog\/wp-content\/uploads\/2021\/11\/1CECBC6E-87B4-4288-B5BE-6FF89A6D1005.jpeg?resize=768%2C558 768w, https:\/\/i0.wp.com\/blogdalucianaoliveira.com.br\/blog\/wp-content\/uploads\/2021\/11\/1CECBC6E-87B4-4288-B5BE-6FF89A6D1005.jpeg?resize=413%2C300 413w\" sizes=\"auto, (max-width: 600px) 100vw, 600px\" \/><\/figure>\n\n\n\n<p>Nesta segunda (1\u00ba), a cerim\u00f4nia de abertura da Confer\u00eancia da C\u00fapula do Clima (COP-26), em Glasgow, na Esc\u00f3cia, contou com a participa\u00e7\u00e3o da brasileira Txai Suru\u00ed, ativista ind\u00edgena do povo Paiter Suru\u00ed e fundadora e coordenadora do movimento da Juventude Ind\u00edgena de Rond\u00f4nia.<\/p>\n\n\n\n<!--more-->\n\n\n\n<p>&#8220;Estou aqui para trazer a mensagem de que n\u00e3o existe justi\u00e7a clim\u00e1tica sem justi\u00e7a social para os povos ind\u00edgenas. E que continuaremos resistindo independentemente dos resultados que sa\u00edrem daqui&#8221;, disse ela a\u00a0<strong>Ecoa<\/strong>.<\/p>\n\n\n\n<p>Txai contou que estava bastante ansiosa para o discurso, mas que estava feliz em poder representar os povos ind\u00edgenas no evento. &#8220;Meu sentimento abrindo a COP \u00e9 de muita responsabilidade, por estar representando n\u00e3o s\u00f3 meu povo, mas todos os povos ind\u00edgenas e o Brasil. \u00c9 um sentimento tamb\u00e9m de estar levando um pouco da realidade e das vozes ind\u00edgenas para esse espa\u00e7o t\u00e3o importante que \u00e9 a COP&#8221;.<\/p>\n\n\n\n<p>Em seu discurso, a ativista pede por a\u00e7\u00f5es imediatas de prote\u00e7\u00e3o \u00e0s florestas e aos povos ind\u00edgenas, que &#8220;est\u00e3o na linha de frente da emerg\u00eancia clim\u00e1tica&#8221;. Ela tamb\u00e9m relembra a morte de Ari Uru-eu-wau-wau, que aconteceu em abril de 2020, quando ele tinha 34 anos. Ari Uru-eu-wau-wau atuava em um grupo de vigil\u00e2ncia dos povos ind\u00edgenas em Rond\u00f4nia, registrando e denunciando extra\u00e7\u00f5es ilegais de madeira.<\/p>\n\n\n\n<p>Veja a seguir a \u00edntegra da sua fala:<\/p>\n\n\n\n<p>&#8220;Meu nome \u00e9 Txai Suru\u00ed. Tenho apenas 24 anos, mas meu povo tem vivido na Amaz\u00f4nia por pelo menos 6 mil anos. Meu pai, o grande chefe Almir Suru\u00ed, me ensinou que devemos escutar as estrelas, a lua, o vento, os animais e as \u00e1rvores.<\/p>\n\n\n\n<p>Hoje o clima est\u00e1 aquecendo, os animais est\u00e3o desaparecendo, os rios est\u00e3o morrendo, e nossas plantas n\u00e3o florescem como antes. A terra est\u00e1 falando. Ela nos diz que n\u00e3o temos mais tempo.<\/p>\n\n\n\n<p>Uma amiga me perguntou: continuaremos pensando que os ferimentos de hoje podem ser resolvidos com pomadas e analg\u00e9sicos, embora saibamos que amanh\u00e3 nossas feridas s\u00f3 ser\u00e3o mais profundas?<\/p>\n\n\n\n<p>Precisamos de um caminho diferente com mudan\u00e7as ousadas e globais.<\/p>\n\n\n\n<p>N\u00e3o \u00e9 em 2030 ou 2050, \u00e9 agora!<\/p>\n\n\n\n<p>Enquanto voc\u00ea fecha os olhos para a realidade, o defensor da terra Ari Uru-eu-wau-wau, meu amigo desde crian\u00e7a, foi assassinado por proteger a floresta.<\/p>\n\n\n\n<p>Os povos ind\u00edgenas est\u00e3o na linha de frente da emerg\u00eancia clim\u00e1tica e n\u00f3s devemos estar no centro das decis\u00f5es que acontecem aqui. Temos ideias para adiar o fim do mundo.<\/p>\n\n\n\n<p>Deixemos de emitir mentiras e promessas falsas; acabemos com a polui\u00e7\u00e3o das palavras ocas e lutemos por um futuro e um presente que possam ser vividos.<\/p>\n\n\n\n<p>\u00c9 sempre necess\u00e1rio acreditar que o sonho \u00e9 poss\u00edvel.<\/p>\n\n\n\n<p>Que a nossa utopia seja um futuro na Terra.<\/p>\n\n\n\n<p>Obrigada&#8221;.<\/p>\n\n\n\n<p>Txai compartilhou o v\u00eddeo do discurso em sua conta no Instagram; assista&nbsp;<a href=\"https:\/\/www.instagram.com\/p\/CVvDniglYCW\/\">aqui<\/a>. Acompanhe a cobertura da COP26 no&nbsp;<a href=\"https:\/\/www.instagram.com\/ecoa_uol\/\">Instagram de Ecoa<\/a>.<\/p>\n","protected":false},"excerpt":{"rendered":"<p>Nesta segunda (1\u00ba), a cerim\u00f4nia de abertura da Confer\u00eancia da C\u00fapula do Clima (COP-26), em Glasgow, na Esc\u00f3cia, contou com a participa\u00e7\u00e3o da brasileira Txai Suru\u00ed, ativista ind\u00edgena do povo Paiter Suru\u00ed e fundadora e coordenadora do movimento da Juventude Ind\u00edgena de Rond\u00f4nia.<\/p>\n","protected":false},"author":1,"featured_media":0,"comment_status":"closed","ping_status":"open","sticky":false,"template":"","format":"standard","meta":{"_exactmetrics_skip_tracking":false,"_exactmetrics_sitenote_active":false,"_exactmetrics_sitenote_note":"","_exactmetrics_sitenote_category":0,"jetpack_post_was_ever_published":false,"_jetpack_newsletter_access":"","_jetpack_dont_email_post_to_subs":false,"_jetpack_newsletter_tier_id":0,"_jetpack_memberships_contains_paywalled_content":false,"_jetpack_memberships_contains_paid_content":false,"footnotes":"","jetpack_publicize_message":"","jetpack_publicize_feature_enabled":true,"jetpack_social_post_already_shared":true,"jetpack_social_options":{"image_generator_settings":{"template":"highway","enabled":false},"version":2}},"categories":[1],"tags":[622,623,624,7],"class_list":["post-33001","post","type-post","status-publish","format-standard","hentry","category-notas","tag-aurui","tag-cop26","tag-indigena","tag-rondonia"],"jetpack_publicize_connections":[],"jetpack_sharing_enabled":true,"jetpack_featured_media_url":"","jetpack_shortlink":"https:\/\/wp.me\/p7wKYW-8Ah","jetpack-related-posts":[],"_links":{"self":[{"href":"http:\/\/blogdalucianaoliveira.com.br\/blog\/wp-json\/wp\/v2\/posts\/33001","targetHints":{"allow":["GET"]}}],"collection":[{"href":"http:\/\/blogdalucianaoliveira.com.br\/blog\/wp-json\/wp\/v2\/posts"}],"about":[{"href":"http:\/\/blogdalucianaoliveira.com.br\/blog\/wp-json\/wp\/v2\/types\/post"}],"author":[{"embeddable":true,"href":"http:\/\/blogdalucianaoliveira.com.br\/blog\/wp-json\/wp\/v2\/users\/1"}],"replies":[{"embeddable":true,"href":"http:\/\/blogdalucianaoliveira.com.br\/blog\/wp-json\/wp\/v2\/comments?post=33001"}],"version-history":[{"count":1,"href":"http:\/\/blogdalucianaoliveira.com.br\/blog\/wp-json\/wp\/v2\/posts\/33001\/revisions"}],"predecessor-version":[{"id":33004,"href":"http:\/\/blogdalucianaoliveira.com.br\/blog\/wp-json\/wp\/v2\/posts\/33001\/revisions\/33004"}],"wp:attachment":[{"href":"http:\/\/blogdalucianaoliveira.com.br\/blog\/wp-json\/wp\/v2\/media?parent=33001"}],"wp:term":[{"taxonomy":"category","embeddable":true,"href":"http:\/\/blogdalucianaoliveira.com.br\/blog\/wp-json\/wp\/v2\/categories?post=33001"},{"taxonomy":"post_tag","embeddable":true,"href":"http:\/\/blogdalucianaoliveira.com.br\/blog\/wp-json\/wp\/v2\/tags?post=33001"}],"curies":[{"name":"wp","href":"https:\/\/api.w.org\/{rel}","templated":true}]}}