{"id":33017,"date":"2021-11-03T12:02:41","date_gmt":"2021-11-03T16:02:41","guid":{"rendered":"http:\/\/blogdalucianaoliveira.com.br\/blog\/?p=33017"},"modified":"2021-11-03T13:24:54","modified_gmt":"2021-11-03T17:24:54","slug":"guajara-mirim-malhadinho-e-flor-do-campo-retomam-duelo-na-fronteira","status":"publish","type":"post","link":"http:\/\/blogdalucianaoliveira.com.br\/blog\/2021\/11\/03\/guajara-mirim-malhadinho-e-flor-do-campo-retomam-duelo-na-fronteira\/","title":{"rendered":"GUAJAR\u00c1-MIRIM: Malhadinho e Flor do Campo retomam Duelo na Fronteira"},"content":{"rendered":"\n<figure class=\"wp-block-image size-large\"><img loading=\"lazy\" decoding=\"async\" width=\"1440\" height=\"810\" data-attachment-id=\"33018\" data-permalink=\"http:\/\/blogdalucianaoliveira.com.br\/blog\/2021\/11\/03\/guajara-mirim-malhadinho-e-flor-do-campo-retomam-duelo-na-fronteira\/duelo\/\" data-orig-file=\"https:\/\/i0.wp.com\/blogdalucianaoliveira.com.br\/blog\/wp-content\/uploads\/2021\/11\/duelo.jpg?fit=1440%2C810\" data-orig-size=\"1440,810\" data-comments-opened=\"0\" data-image-meta=\"{&quot;aperture&quot;:&quot;0&quot;,&quot;credit&quot;:&quot;&quot;,&quot;camera&quot;:&quot;&quot;,&quot;caption&quot;:&quot;&quot;,&quot;created_timestamp&quot;:&quot;0&quot;,&quot;copyright&quot;:&quot;&quot;,&quot;focal_length&quot;:&quot;0&quot;,&quot;iso&quot;:&quot;0&quot;,&quot;shutter_speed&quot;:&quot;0&quot;,&quot;title&quot;:&quot;&quot;,&quot;orientation&quot;:&quot;0&quot;}\" data-image-title=\"duelo\" data-image-description=\"\" data-image-caption=\"\" data-medium-file=\"https:\/\/i0.wp.com\/blogdalucianaoliveira.com.br\/blog\/wp-content\/uploads\/2021\/11\/duelo.jpg?fit=300%2C169\" data-large-file=\"https:\/\/i0.wp.com\/blogdalucianaoliveira.com.br\/blog\/wp-content\/uploads\/2021\/11\/duelo.jpg?fit=600%2C338\" src=\"https:\/\/i1.wp.com\/blogdalucianaoliveira.com.br\/blog\/wp-content\/uploads\/2021\/11\/duelo.jpg?fit=600%2C338&amp;ssl=1\" alt=\"\" class=\"wp-image-33018\" srcset=\"https:\/\/i0.wp.com\/blogdalucianaoliveira.com.br\/blog\/wp-content\/uploads\/2021\/11\/duelo.jpg?w=1440 1440w, https:\/\/i0.wp.com\/blogdalucianaoliveira.com.br\/blog\/wp-content\/uploads\/2021\/11\/duelo.jpg?resize=300%2C169 300w, https:\/\/i0.wp.com\/blogdalucianaoliveira.com.br\/blog\/wp-content\/uploads\/2021\/11\/duelo.jpg?resize=1024%2C576 1024w, https:\/\/i0.wp.com\/blogdalucianaoliveira.com.br\/blog\/wp-content\/uploads\/2021\/11\/duelo.jpg?resize=768%2C432 768w, https:\/\/i0.wp.com\/blogdalucianaoliveira.com.br\/blog\/wp-content\/uploads\/2021\/11\/duelo.jpg?resize=533%2C300 533w, https:\/\/i0.wp.com\/blogdalucianaoliveira.com.br\/blog\/wp-content\/uploads\/2021\/11\/duelo.jpg?w=1200 1200w\" sizes=\"auto, (max-width: 600px) 100vw, 600px\" \/><\/figure>\n\n\n\n<p>Os bois-bumb\u00e1s que realizam o Festival Folcl\u00f3rico da P\u00e9rola do Mamor\u00e9, conhecido como &#8220;Duelo da Fronteira&#8221;, far\u00e3o apresenta\u00e7\u00e3o simb\u00f3lica nos dias 5 e 6 de novembro.<\/p>\n\n\n\n<p>O\nduelo come\u00e7ou h\u00e1 26 anos e se firmou como um dos maiores eventos culturais do\nestado, mas a \u00faltima edi\u00e7\u00e3o foi em 2016 e sem disputa em raz\u00e3o da morte do\ncantor e musicista M\u00e1rcio Paz Penacho na v\u00e9spera do Festival.<\/p>\n\n\n\n<!--more-->\n\n\n\n<p>O abandono do bumb\u00f3dromo e a pandemia impediram os duelos nos anos seguintes e \u00e9 grande a expectativa com o evento que se transformou em atra\u00e7\u00e3o tur\u00edstica do munic\u00edpio de Guajar\u00e1-Mirim que faz fronteira com a Bol\u00edvia.<\/p>\n\n\n\n<p>Desta vez o festival ser\u00e1 no Rotary Club e quem quiser acompanhar de perto tem que adquirir ingressos pelo <strong>WhatsApp (69) 99238-3147<\/strong>, mas haver\u00e1 transmiss\u00e3o pelo canal Duelo Na Fronteira no Youtube. <\/p>\n\n\n\n<p>Acesse aqui: <a href=\"https:\/\/www.youtube.com\/channel\/UCn-9esRWPZgztR8IFJlEAbQ\">https:\/\/www.youtube.com\/channel\/UCn-9esRWPZgztR8IFJlEAbQ<\/a><\/p>\n\n\n\n<p>O evento ser\u00e1 realizado com o investimento de v\u00e1rios apoiadores da cultura popular, articula\u00e7\u00e3o que uniu as duas agremia\u00e7\u00f5es.<\/p>\n\n\n\n<figure class=\"wp-block-image size-large\"><img loading=\"lazy\" decoding=\"async\" width=\"1440\" height=\"1440\" data-attachment-id=\"33019\" data-permalink=\"http:\/\/blogdalucianaoliveira.com.br\/blog\/2021\/11\/03\/guajara-mirim-malhadinho-e-flor-do-campo-retomam-duelo-na-fronteira\/246364175_140340721651110_5149253481040106863_n\/\" data-orig-file=\"https:\/\/i0.wp.com\/blogdalucianaoliveira.com.br\/blog\/wp-content\/uploads\/2021\/11\/246364175_140340721651110_5149253481040106863_n.jpg?fit=1440%2C1440\" data-orig-size=\"1440,1440\" data-comments-opened=\"0\" data-image-meta=\"{&quot;aperture&quot;:&quot;0&quot;,&quot;credit&quot;:&quot;&quot;,&quot;camera&quot;:&quot;&quot;,&quot;caption&quot;:&quot;&quot;,&quot;created_timestamp&quot;:&quot;0&quot;,&quot;copyright&quot;:&quot;&quot;,&quot;focal_length&quot;:&quot;0&quot;,&quot;iso&quot;:&quot;0&quot;,&quot;shutter_speed&quot;:&quot;0&quot;,&quot;title&quot;:&quot;&quot;,&quot;orientation&quot;:&quot;0&quot;}\" data-image-title=\"246364175_140340721651110_5149253481040106863_n\" data-image-description=\"\" data-image-caption=\"\" data-medium-file=\"https:\/\/i0.wp.com\/blogdalucianaoliveira.com.br\/blog\/wp-content\/uploads\/2021\/11\/246364175_140340721651110_5149253481040106863_n.jpg?fit=300%2C300\" data-large-file=\"https:\/\/i0.wp.com\/blogdalucianaoliveira.com.br\/blog\/wp-content\/uploads\/2021\/11\/246364175_140340721651110_5149253481040106863_n.jpg?fit=600%2C600\" src=\"https:\/\/i2.wp.com\/blogdalucianaoliveira.com.br\/blog\/wp-content\/uploads\/2021\/11\/246364175_140340721651110_5149253481040106863_n.jpg?fit=600%2C600&amp;ssl=1\" alt=\"\" class=\"wp-image-33019\" srcset=\"https:\/\/i0.wp.com\/blogdalucianaoliveira.com.br\/blog\/wp-content\/uploads\/2021\/11\/246364175_140340721651110_5149253481040106863_n.jpg?w=1440 1440w, https:\/\/i0.wp.com\/blogdalucianaoliveira.com.br\/blog\/wp-content\/uploads\/2021\/11\/246364175_140340721651110_5149253481040106863_n.jpg?resize=300%2C300 300w, https:\/\/i0.wp.com\/blogdalucianaoliveira.com.br\/blog\/wp-content\/uploads\/2021\/11\/246364175_140340721651110_5149253481040106863_n.jpg?resize=1024%2C1024 1024w, https:\/\/i0.wp.com\/blogdalucianaoliveira.com.br\/blog\/wp-content\/uploads\/2021\/11\/246364175_140340721651110_5149253481040106863_n.jpg?resize=150%2C150 150w, https:\/\/i0.wp.com\/blogdalucianaoliveira.com.br\/blog\/wp-content\/uploads\/2021\/11\/246364175_140340721651110_5149253481040106863_n.jpg?resize=768%2C768 768w, https:\/\/i0.wp.com\/blogdalucianaoliveira.com.br\/blog\/wp-content\/uploads\/2021\/11\/246364175_140340721651110_5149253481040106863_n.jpg?w=1200 1200w\" sizes=\"auto, (max-width: 600px) 100vw, 600px\" \/><\/figure>\n\n\n\n<figure class=\"wp-block-image size-large\"><img loading=\"lazy\" decoding=\"async\" width=\"1440\" height=\"1440\" data-attachment-id=\"33020\" data-permalink=\"http:\/\/blogdalucianaoliveira.com.br\/blog\/2021\/11\/03\/guajara-mirim-malhadinho-e-flor-do-campo-retomam-duelo-na-fronteira\/250836545_143568274661688_4355250819084873333_n\/\" data-orig-file=\"https:\/\/i0.wp.com\/blogdalucianaoliveira.com.br\/blog\/wp-content\/uploads\/2021\/11\/250836545_143568274661688_4355250819084873333_n.jpg?fit=1440%2C1440\" data-orig-size=\"1440,1440\" data-comments-opened=\"0\" data-image-meta=\"{&quot;aperture&quot;:&quot;0&quot;,&quot;credit&quot;:&quot;&quot;,&quot;camera&quot;:&quot;&quot;,&quot;caption&quot;:&quot;&quot;,&quot;created_timestamp&quot;:&quot;0&quot;,&quot;copyright&quot;:&quot;&quot;,&quot;focal_length&quot;:&quot;0&quot;,&quot;iso&quot;:&quot;0&quot;,&quot;shutter_speed&quot;:&quot;0&quot;,&quot;title&quot;:&quot;&quot;,&quot;orientation&quot;:&quot;0&quot;}\" data-image-title=\"250836545_143568274661688_4355250819084873333_n\" data-image-description=\"\" data-image-caption=\"\" data-medium-file=\"https:\/\/i0.wp.com\/blogdalucianaoliveira.com.br\/blog\/wp-content\/uploads\/2021\/11\/250836545_143568274661688_4355250819084873333_n.jpg?fit=300%2C300\" data-large-file=\"https:\/\/i0.wp.com\/blogdalucianaoliveira.com.br\/blog\/wp-content\/uploads\/2021\/11\/250836545_143568274661688_4355250819084873333_n.jpg?fit=600%2C600\" src=\"https:\/\/i1.wp.com\/blogdalucianaoliveira.com.br\/blog\/wp-content\/uploads\/2021\/11\/250836545_143568274661688_4355250819084873333_n.jpg?fit=600%2C600&amp;ssl=1\" alt=\"\" class=\"wp-image-33020\" srcset=\"https:\/\/i0.wp.com\/blogdalucianaoliveira.com.br\/blog\/wp-content\/uploads\/2021\/11\/250836545_143568274661688_4355250819084873333_n.jpg?w=1440 1440w, https:\/\/i0.wp.com\/blogdalucianaoliveira.com.br\/blog\/wp-content\/uploads\/2021\/11\/250836545_143568274661688_4355250819084873333_n.jpg?resize=300%2C300 300w, https:\/\/i0.wp.com\/blogdalucianaoliveira.com.br\/blog\/wp-content\/uploads\/2021\/11\/250836545_143568274661688_4355250819084873333_n.jpg?resize=1024%2C1024 1024w, https:\/\/i0.wp.com\/blogdalucianaoliveira.com.br\/blog\/wp-content\/uploads\/2021\/11\/250836545_143568274661688_4355250819084873333_n.jpg?resize=150%2C150 150w, https:\/\/i0.wp.com\/blogdalucianaoliveira.com.br\/blog\/wp-content\/uploads\/2021\/11\/250836545_143568274661688_4355250819084873333_n.jpg?resize=768%2C768 768w, https:\/\/i0.wp.com\/blogdalucianaoliveira.com.br\/blog\/wp-content\/uploads\/2021\/11\/250836545_143568274661688_4355250819084873333_n.jpg?w=1200 1200w\" sizes=\"auto, (max-width: 600px) 100vw, 600px\" \/><\/figure>\n","protected":false},"excerpt":{"rendered":"<p>Os bois-bumb\u00e1s que realizam o Festival Folcl\u00f3rico da P\u00e9rola do Mamor\u00e9, conhecido como &#8220;Duelo da Fronteira&#8221;, far\u00e3o apresenta\u00e7\u00e3o simb\u00f3lica nos dias 5 e 6 de novembro. O duelo come\u00e7ou h\u00e1 26 anos e se firmou como um dos maiores eventos culturais do estado, mas a \u00faltima edi\u00e7\u00e3o foi em 2016 e sem disputa em raz\u00e3o&#8230;<a class=\"more-link\" href=\"http:\/\/blogdalucianaoliveira.com.br\/blog\/2021\/11\/03\/guajara-mirim-malhadinho-e-flor-do-campo-retomam-duelo-na-fronteira\/\">Continue a leitura <span class=\"meta-nav\">&raquo;<\/span><\/a><\/p>\n","protected":false},"author":1,"featured_media":0,"comment_status":"closed","ping_status":"open","sticky":false,"template":"","format":"standard","meta":{"_exactmetrics_skip_tracking":false,"_exactmetrics_sitenote_active":false,"_exactmetrics_sitenote_note":"","_exactmetrics_sitenote_category":0,"jetpack_post_was_ever_published":false,"_jetpack_newsletter_access":"","_jetpack_dont_email_post_to_subs":false,"_jetpack_newsletter_tier_id":0,"_jetpack_memberships_contains_paywalled_content":false,"_jetpack_memberships_contains_paid_content":false,"footnotes":"","jetpack_publicize_message":"","jetpack_publicize_feature_enabled":true,"jetpack_social_post_already_shared":true,"jetpack_social_options":{"image_generator_settings":{"template":"highway","enabled":false},"version":2}},"categories":[1],"tags":[587,595,378,585],"class_list":["post-33017","post","type-post","status-publish","format-standard","hentry","category-notas","tag-duelo-na-fronteira","tag-flor-do-campo","tag-guajara-mirim","tag-malhadinho"],"jetpack_publicize_connections":[],"jetpack_sharing_enabled":true,"jetpack_featured_media_url":"","jetpack_shortlink":"https:\/\/wp.me\/p7wKYW-8Ax","jetpack-related-posts":[],"_links":{"self":[{"href":"http:\/\/blogdalucianaoliveira.com.br\/blog\/wp-json\/wp\/v2\/posts\/33017","targetHints":{"allow":["GET"]}}],"collection":[{"href":"http:\/\/blogdalucianaoliveira.com.br\/blog\/wp-json\/wp\/v2\/posts"}],"about":[{"href":"http:\/\/blogdalucianaoliveira.com.br\/blog\/wp-json\/wp\/v2\/types\/post"}],"author":[{"embeddable":true,"href":"http:\/\/blogdalucianaoliveira.com.br\/blog\/wp-json\/wp\/v2\/users\/1"}],"replies":[{"embeddable":true,"href":"http:\/\/blogdalucianaoliveira.com.br\/blog\/wp-json\/wp\/v2\/comments?post=33017"}],"version-history":[{"count":2,"href":"http:\/\/blogdalucianaoliveira.com.br\/blog\/wp-json\/wp\/v2\/posts\/33017\/revisions"}],"predecessor-version":[{"id":33022,"href":"http:\/\/blogdalucianaoliveira.com.br\/blog\/wp-json\/wp\/v2\/posts\/33017\/revisions\/33022"}],"wp:attachment":[{"href":"http:\/\/blogdalucianaoliveira.com.br\/blog\/wp-json\/wp\/v2\/media?parent=33017"}],"wp:term":[{"taxonomy":"category","embeddable":true,"href":"http:\/\/blogdalucianaoliveira.com.br\/blog\/wp-json\/wp\/v2\/categories?post=33017"},{"taxonomy":"post_tag","embeddable":true,"href":"http:\/\/blogdalucianaoliveira.com.br\/blog\/wp-json\/wp\/v2\/tags?post=33017"}],"curies":[{"name":"wp","href":"https:\/\/api.w.org\/{rel}","templated":true}]}}