{"id":33028,"date":"2021-11-03T18:24:29","date_gmt":"2021-11-03T22:24:29","guid":{"rendered":"http:\/\/blogdalucianaoliveira.com.br\/blog\/?p=33028"},"modified":"2021-11-03T18:24:34","modified_gmt":"2021-11-03T22:24:34","slug":"bolsonaro-diz-que-cop26-levou-txai-para-atacar-o-brasil-ativista-e-ameacada-na-redes","status":"publish","type":"post","link":"http:\/\/blogdalucianaoliveira.com.br\/blog\/2021\/11\/03\/bolsonaro-diz-que-cop26-levou-txai-para-atacar-o-brasil-ativista-e-ameacada-na-redes\/","title":{"rendered":"Bolsonaro diz que COP26 levou Txai &#8220;para atacar o Brasil\u201d; ativista \u00e9 amea\u00e7ada na redes"},"content":{"rendered":"\n<figure class=\"wp-block-image\"><img data-recalc-dims=\"1\" decoding=\"async\" src=\"https:\/\/i0.wp.com\/publisher-publish.s3.eu-central-1.amazonaws.com\/pb-brasil247\/swp\/jtjeq9\/media\/20211103161156_1ce190bc608dbec085e4d7dc4d5c6402f2026fa9c751510968a7b2950a1e5ff5.jpg?w=600&#038;ssl=1\" alt=\"\"\/><\/figure>\n\n\n\n<p><strong>247 &#8211;\u00a0<\/strong>Jair Bolsonaro disse nesta quarta-feira (3) que a ativista Txai Suru\u00ed, que discursou na Confer\u00eancia Sobre Mudan\u00e7as Clim\u00e1ticas em nome dos povos origin\u00e1rios, foi convidada para atacar o Brasil e reclamou por ter sido criticado por n\u00e3o ir \u00e0 confer\u00eancia em Glasgow, na Esc\u00f3cia.<br><\/p>\n\n\n\n<!--more-->\n\n\n\n<p>\u201cT\u00e3o reclamando que eu n\u00e3o fui pra Glasgow. Levaram uma \u00edndia pra l\u00e1 pra substituir o Raoni [Metuktire, l\u00edder ind\u00edgena], n\u00e9? Para atacar o Brasil\u201d, disse Bolsonaro a apoiadores no Pal\u00e1cio da Alvorada.<\/p>\n\n\n\n<p>Txai Suru\u00ed, de 24 anos, \u00e9 ativista em Rond\u00f4nia e defende o povo Paiter Suru\u00ed no Estado. O l\u00edder ind\u00edgena Raoni Metuktire, da etnia caiap\u00f3, \u00e9 conhecido internacionalmente por sua luta pela preserva\u00e7\u00e3o da Amaz\u00f4nia.<br><\/p>\n\n\n\n<p>Bolsonaro prosseguiu com os ataques: \u201cAlgu\u00e9m viu algum alem\u00e3o atacando a energia f\u00f3ssil da Alemanha? Algu\u00e9m j\u00e1 viu atacando a Fran\u00e7a porque l\u00e1 a legisla\u00e7\u00e3o ambiental n\u00e3o \u00e9 nada perto da nossa? Ningu\u00e9m critica o pr\u00f3prio pa\u00eds. Algu\u00e9m j\u00e1 viu americano criticando as queimadas l\u00e1 no estado da Calif\u00f3rnia? \u00c9 s\u00f3 aqui, s\u00f3 aqui.\u201d<\/p>\n\n\n\n<p>No discurso, Txai Suru\u00ed denunciou a situa\u00e7\u00e3o dos povos ind\u00edgenas no Brasil e criticou os l\u00edderes mundiais por fecharem os olhos para a realidade. A jovem militante revelou que foi amea\u00e7ada por brasileiros por conta do seu discurso.<\/p>\n\n\n\n<p>\u201cDepois do meu discurso, fui dar algumas entrevistas, muitas pessoas queriam falar comigo, e uma parte brasileira ficou me intimidando. Ele chegou depois em um momento e falou \u2018n\u00e3o fala mal do Brasil\u2019, porque a gente est\u00e1 aqui para ajudar\u2019. Me senti muito intimidada e n\u00e3o foi muito leal\u201d, disse Suru\u00ed.<\/p>\n\n\n\n<p>\u201cFoi bem desconfort\u00e1vel. O Brasil, que \u00e9 um dos pa\u00edses que sempre tiveram no centro dessa discuss\u00e3o, sempre foi um dos pa\u00edses mais importantes, n\u00e3o tem os seus representantes aqui, do governo\u201d, criticou.<br><\/p>\n\n\n\n<p>Joe Biden, dos EUA, Angela Merkel, da Alemanha, e Boris Johnson, do Reino Unido, estavam em Glasgow, enquanto Bolsonaro estava no norte da It\u00e1lia, visitando Anguillara Veneta e P\u00e1dua, cidade onde seu bisav\u00f4 paterno nasceu.<br><br><\/p>\n","protected":false},"excerpt":{"rendered":"<p>247 &#8211;\u00a0Jair Bolsonaro disse nesta quarta-feira (3) que a ativista Txai Suru\u00ed, que discursou na Confer\u00eancia Sobre Mudan\u00e7as Clim\u00e1ticas em nome dos povos origin\u00e1rios, foi convidada para atacar o Brasil e reclamou por ter sido criticado por n\u00e3o ir \u00e0 confer\u00eancia em Glasgow, na Esc\u00f3cia.<\/p>\n","protected":false},"author":1,"featured_media":0,"comment_status":"closed","ping_status":"open","sticky":false,"template":"","format":"standard","meta":{"_exactmetrics_skip_tracking":false,"_exactmetrics_sitenote_active":false,"_exactmetrics_sitenote_note":"","_exactmetrics_sitenote_category":0,"jetpack_post_was_ever_published":false,"_jetpack_newsletter_access":"","_jetpack_dont_email_post_to_subs":false,"_jetpack_newsletter_tier_id":0,"_jetpack_memberships_contains_paywalled_content":false,"_jetpack_memberships_contains_paid_content":false,"footnotes":"","jetpack_publicize_message":"","jetpack_publicize_feature_enabled":true,"jetpack_social_post_already_shared":true,"jetpack_social_options":{"image_generator_settings":{"template":"highway","enabled":false},"version":2}},"categories":[1],"tags":[],"class_list":["post-33028","post","type-post","status-publish","format-standard","hentry","category-notas"],"jetpack_publicize_connections":[],"jetpack_sharing_enabled":true,"jetpack_featured_media_url":"","jetpack_shortlink":"https:\/\/wp.me\/p7wKYW-8AI","jetpack-related-posts":[],"_links":{"self":[{"href":"http:\/\/blogdalucianaoliveira.com.br\/blog\/wp-json\/wp\/v2\/posts\/33028","targetHints":{"allow":["GET"]}}],"collection":[{"href":"http:\/\/blogdalucianaoliveira.com.br\/blog\/wp-json\/wp\/v2\/posts"}],"about":[{"href":"http:\/\/blogdalucianaoliveira.com.br\/blog\/wp-json\/wp\/v2\/types\/post"}],"author":[{"embeddable":true,"href":"http:\/\/blogdalucianaoliveira.com.br\/blog\/wp-json\/wp\/v2\/users\/1"}],"replies":[{"embeddable":true,"href":"http:\/\/blogdalucianaoliveira.com.br\/blog\/wp-json\/wp\/v2\/comments?post=33028"}],"version-history":[{"count":1,"href":"http:\/\/blogdalucianaoliveira.com.br\/blog\/wp-json\/wp\/v2\/posts\/33028\/revisions"}],"predecessor-version":[{"id":33029,"href":"http:\/\/blogdalucianaoliveira.com.br\/blog\/wp-json\/wp\/v2\/posts\/33028\/revisions\/33029"}],"wp:attachment":[{"href":"http:\/\/blogdalucianaoliveira.com.br\/blog\/wp-json\/wp\/v2\/media?parent=33028"}],"wp:term":[{"taxonomy":"category","embeddable":true,"href":"http:\/\/blogdalucianaoliveira.com.br\/blog\/wp-json\/wp\/v2\/categories?post=33028"},{"taxonomy":"post_tag","embeddable":true,"href":"http:\/\/blogdalucianaoliveira.com.br\/blog\/wp-json\/wp\/v2\/tags?post=33028"}],"curies":[{"name":"wp","href":"https:\/\/api.w.org\/{rel}","templated":true}]}}