{"id":33030,"date":"2021-11-05T16:42:34","date_gmt":"2021-11-05T20:42:34","guid":{"rendered":"http:\/\/blogdalucianaoliveira.com.br\/blog\/?p=33030"},"modified":"2021-11-05T16:43:36","modified_gmt":"2021-11-05T20:43:36","slug":"fome-agua-impropria-criancas-coagidas-e-assassinatos-as-armas-da-pm-contra-camponeses-em-ro","status":"publish","type":"post","link":"http:\/\/blogdalucianaoliveira.com.br\/blog\/2021\/11\/05\/fome-agua-impropria-criancas-coagidas-e-assassinatos-as-armas-da-pm-contra-camponeses-em-ro\/","title":{"rendered":"Fome, \u00e1gua impr\u00f3pria, crian\u00e7as coagidas e assassinatos: as armas da PM contra camponeses em RO"},"content":{"rendered":"\n<figure class=\"wp-block-image size-large\"><img data-recalc-dims=\"1\" loading=\"lazy\" decoding=\"async\" width=\"600\" height=\"348\" data-attachment-id=\"33031\" data-permalink=\"http:\/\/blogdalucianaoliveira.com.br\/blog\/2021\/11\/05\/fome-agua-impropria-criancas-coagidas-e-assassinatos-as-armas-da-pm-contra-camponeses-em-ro\/e6ae0f8b-94ec-4cf9-bda4-268383612ca9\/\" data-orig-file=\"https:\/\/i0.wp.com\/blogdalucianaoliveira.com.br\/blog\/wp-content\/uploads\/2021\/11\/E6AE0F8B-94EC-4CF9-BDA4-268383612CA9.jpeg?fit=948%2C550\" data-orig-size=\"948,550\" data-comments-opened=\"0\" data-image-meta=\"{&quot;aperture&quot;:&quot;0&quot;,&quot;credit&quot;:&quot;&quot;,&quot;camera&quot;:&quot;&quot;,&quot;caption&quot;:&quot;&quot;,&quot;created_timestamp&quot;:&quot;0&quot;,&quot;copyright&quot;:&quot;&quot;,&quot;focal_length&quot;:&quot;0&quot;,&quot;iso&quot;:&quot;0&quot;,&quot;shutter_speed&quot;:&quot;0&quot;,&quot;title&quot;:&quot;&quot;,&quot;orientation&quot;:&quot;0&quot;}\" data-image-title=\"E6AE0F8B-94EC-4CF9-BDA4-268383612CA9\" data-image-description=\"\" data-image-caption=\"\" data-medium-file=\"https:\/\/i0.wp.com\/blogdalucianaoliveira.com.br\/blog\/wp-content\/uploads\/2021\/11\/E6AE0F8B-94EC-4CF9-BDA4-268383612CA9.jpeg?fit=300%2C174\" data-large-file=\"https:\/\/i0.wp.com\/blogdalucianaoliveira.com.br\/blog\/wp-content\/uploads\/2021\/11\/E6AE0F8B-94EC-4CF9-BDA4-268383612CA9.jpeg?fit=600%2C348\" src=\"https:\/\/i0.wp.com\/blogdalucianaoliveira.com.br\/blog\/wp-content\/uploads\/2021\/11\/E6AE0F8B-94EC-4CF9-BDA4-268383612CA9.jpeg?resize=600%2C348\" alt=\"\" class=\"wp-image-33031\" srcset=\"https:\/\/i0.wp.com\/blogdalucianaoliveira.com.br\/blog\/wp-content\/uploads\/2021\/11\/E6AE0F8B-94EC-4CF9-BDA4-268383612CA9.jpeg?w=948 948w, https:\/\/i0.wp.com\/blogdalucianaoliveira.com.br\/blog\/wp-content\/uploads\/2021\/11\/E6AE0F8B-94EC-4CF9-BDA4-268383612CA9.jpeg?resize=300%2C174 300w, https:\/\/i0.wp.com\/blogdalucianaoliveira.com.br\/blog\/wp-content\/uploads\/2021\/11\/E6AE0F8B-94EC-4CF9-BDA4-268383612CA9.jpeg?resize=768%2C446 768w, https:\/\/i0.wp.com\/blogdalucianaoliveira.com.br\/blog\/wp-content\/uploads\/2021\/11\/E6AE0F8B-94EC-4CF9-BDA4-268383612CA9.jpeg?resize=517%2C300 517w\" sizes=\"auto, (max-width: 600px) 100vw, 600px\" \/><\/figure>\n\n\n\n<p><em><strong>Moradores dos Acampamentos Tiago dos Santos e Ademar Ferreira, ligados \u00e0 Liga dos Camponeses Pobres, relatam viol\u00eancias durante reintegra\u00e7\u00e3o de posse e ap\u00f3s retorno deles \u00e0s terras; meninos e meninas dizem ter medo de ir \u00e0 escola<\/strong><\/em><\/p>\n\n\n\n<p>Por&nbsp;<strong>Leonardo Fuhrmann<\/strong>, em Porto Velho<\/p>\n\n\n\n<!--more-->\n\n\n\n<figure class=\"wp-block-image\"><a href=\"https:\/\/deolhonosruralistas.com.br\/de-olho-nos-mil-parceiros\/\"><img decoding=\"async\" src=\"https:\/\/i1.wp.com\/deolhonosruralistas.com.br\/wp-content\/uploads\/2017\/03\/DEOLHO2017-chamada-meio-texto.png?resize=635%2C40\" alt=\"\" class=\"wp-image-3364\"\/><\/a><\/figure>\n\n\n\n<p>As palavras devem alcan\u00e7ar o maior n\u00famero poss\u00edvel de pessoas, mas devem estar desacompanhadas de rostos e de vozes. Este \u00e9 um dos cuidados que os trabalhadores despejados dos acampamentos Tiago dos Santos e Ademar Ferreira \u2014 em Nova Mutum Paran\u00e1, um distrito do extenso munic\u00edpio de Porto Velho \u2014 tomam para denunciar e conter a situa\u00e7\u00e3o que viveram nas m\u00e3os de policiais militares e agentes da For\u00e7a Nacional de Seguran\u00e7a P\u00fablica. As fam\u00edlias integrantes da Liga dos Camponeses Pobres (LCP) foram expulsas de suas terras no dia 19 de outubro e levadas para a Escola Municipal de Educa\u00e7\u00e3o Fundamental (EMEF) Santa J\u00falia, onde estavam no \u00faltimo dia 26, quando a maioria dos depoimentos desta reportagem foi colhida.<\/p>\n\n\n\n<p>A pequena escola, de cinco salas, n\u00e3o tem nenhuma outra estrutura al\u00e9m das salas. O grupo, com mais de trinta crian\u00e7as, ficou acampado no p\u00e1tio e teve de improvisar sua cozinha coletiva l\u00e1 mesmo. Fossas foram cavadas no terreno ao lado da escola, porque os banheiros n\u00e3o eram suficientes para o n\u00famero de pessoas, que passava de cem. Outros despejados foram para casas de parentes e amigos, segundo a LCP.<\/p>\n\n\n\n<p>Durante a semana que permaneceram l\u00e1, um surto de diarreia atingiu mais de uma dezena de pessoas. Algumas crian\u00e7as precisaram de atendimento m\u00e9dico. A Associa\u00e7\u00e3o Brasileira de Advogados do Povo (Abrapo), que d\u00e1 apoio jur\u00eddico aos camponeses, colheu uma amostra da \u00e1gua da escola. O exame feito em um laborat\u00f3rio do munic\u00edpio apontou \u201cdesconformidade\u201d para o consumo humano.<\/p>\n\n\n\n<p>Para saber mais sobra a volta dos camponeses para o acampamento ap\u00f3s decis\u00e3o judicial, assista o \u00faltimo epis\u00f3dio da s\u00e9rie audiovisual&nbsp;<a href=\"https:\/\/youtu.be\/XXux7r_v8L8\">De Olho na Resist\u00eancia<\/a>.<\/p>\n\n\n\n<figure><iframe loading=\"lazy\" width=\"1010\" height=\"569\" src=\"https:\/\/www.youtube.com\/embed\/XXux7r_v8L8?version=3&amp;rel=1&amp;showsearch=0&amp;showinfo=1&amp;iv_load_policy=1&amp;fs=1&amp;hl=pt-BR&amp;autohide=2&amp;wmode=transparent\" allowfullscreen=\"true\"><\/iframe><\/figure>\n\n\n\n<p>O anonimato \u00e9 uma maneira de ficarem menos visados e n\u00e3o serem alvo de mais viol\u00eancia policial. Tr\u00eas dias ap\u00f3s a visita da reportagem, dois assentados do Acampamento Dois Amigos, tamb\u00e9m ligado \u00e0 LCP e no mesmo distrito, foram assassinados pela Pol\u00edcia Militar. Gedeon Jos\u00e9 Duque e Rafael Gasparini Tedesco foram&nbsp;<a href=\"https:\/\/anovademocracia.com.br\/noticias\/16729-lcp-pm-assassina-mais-dois-camponeses-em-operacao-ilegal-na-area-tiago-dos-santos\">mortos a tiros<\/a>. Duque tinha antecedentes criminais e chegou a cumprir pena por homic\u00eddio. Tedesco, n\u00e3o. A vers\u00e3o policial \u00e9 a de que houve confronto, ao contr\u00e1rio do que contam os camponeses.<\/p>\n\n\n\n<p>Segundo os advogados da Abrapo, os disparos foram efetuados a partir de um helic\u00f3ptero. J\u00e1 em terra, dizem eles, os policiais invadiram as casas dos parentes dos mortos e, em um interrogat\u00f3rio informal, cometeram uma s\u00e9rie de agress\u00f5es por mais de duas horas seguidas.<\/p>\n\n\n\n<h3 class=\"wp-block-heading\">POLICIAIS FIZERAM DISPAROS DE HELIC\u00d3PTEROS, CONTAM OS CAMPONESES<\/h3>\n\n\n\n<p>O uso de helic\u00f3pteros em ataques policiais contra os moradores n\u00e3o \u00e9 novidade. Em agosto, Amarildo Aparecido Rodrigues, 49 anos, seu filho Amaral Jos\u00e9 Stoco Rodrigues, 17 anos, e Kevin Fernando Holanda de Souza, de 21 anos,&nbsp;<a href=\"https:\/\/anovademocracia.com.br\/noticias\/16322-ro-forcas-policiais-de-bolsonaro-e-de-marcos-rocha-assassinam-covardemente-camponeses\">foram assassinados<\/a>&nbsp;pela PM dentro do acampamento Tiago dos Santos. Segundo sete testemunhas que n\u00e3o foram atingidas pelos disparos, ouvidas pelos advogados, dois helic\u00f3pteros foram usados no ataque.<\/p>\n\n\n\n<p>Eles contaram que Amarildo e Amaral ro\u00e7avam a terra quando foram mortos e Kevin dirigia sua moto em dire\u00e7\u00e3o ao lote em que morava. As testemunhas atribu\u00edram a PMs \u00e0 paisana o assassinato de dois sitiantes da regi\u00e3o no dia 23 de setembro. Segundo eles, os policiais trabalhavam como guaxebas, termo que designa pistoleiros que atuam para grileiros.<\/p>\n\n\n\n<figure class=\"wp-block-image\"><img decoding=\"async\" src=\"https:\/\/i0.wp.com\/deolhonosruralistas.com.br\/wp-content\/uploads\/2021\/11\/WhatsApp-Image-2021-11-01-at-15.02.33.jpeg?resize=391%2C220&amp;ssl=1\" alt=\"\" class=\"wp-image-23419\"\/><figcaption>Pol\u00edcias revistam carro pr\u00f3ximo ao acampamento Tiago dos Santos, durante a volta dos camponeses. (Foto: LCP)<\/figcaption><\/figure>\n\n\n\n<p>A viol\u00eancia cotidiana n\u00e3o se resume aos grandes epis\u00f3dios, como os assassinatos. S\u00e3o agress\u00f5es, humilha\u00e7\u00f5es, amea\u00e7as e constrangimentos contra homens, mulheres, idosos e crian\u00e7as. Hist\u00f3rias que foram contadas em uma roda de conversa, na presen\u00e7a da ouvidora da Defensoria P\u00fablica estadual, um procurador da Rep\u00fablica e integrantes da Comiss\u00e3o Pastoral da Terra (CPT).<\/p>\n\n\n\n<p>Uma m\u00e3e relata que seus filhos n\u00e3o querem mais ir para a escola. Motivo: eles s\u00e3o alvo de ofensas e chacotas dos colegas depois de terem sido expostos nas redes sociais por policiais como \u201cladr\u00f5es de terra\u201d. \u201cO governo do estado fala tanta coisa a nosso respeito que as pessoas fora passam a nos tratar como criminosos\u201d, diz. \u201cQueria que eles viessem aqui agora em apontassem na nossa cara quem de n\u00f3s que \u00e9 bandido\u201d. Outros pais descrevem crian\u00e7as sendo revistadas dentro dos acampamentos e submetidas a interrogat\u00f3rios informais. \u201cEles colocaram um monte de armas na frente do meu filho e pediram para ele apontar quais delas o pai dele tinha em casa\u201d, conta um deles.<\/p>\n\n\n\n<h3 class=\"wp-block-heading\">ACUSADO DE GRILAGEM FOI QUEM PEDIU REINTEGRA\u00c7\u00c3O DE POSSE<\/h3>\n\n\n\n<p>Os abusos s\u00e3o um problema antigo. Mas a situa\u00e7\u00e3o ficou mais grave em outubro, quando a Justi\u00e7a estadual de Rond\u00f4nia concedeu uma liminar de reintegra\u00e7\u00e3o de posse da fazenda, uma \u00e1rea total de 57 mil hectares, \u00e0 Leme Empreendimentos. A empresa pertence ao fazendeiro Ant\u00f4nio Martins dos Santos, conhecido como Galo Velho e considerado o maior grileiro da Amaz\u00f4nia Ocidental; e a seu irm\u00e3o, o advogado Sebasti\u00e3o Martins dos Santos.<\/p>\n\n\n\n<p>Os dois s\u00e3o alvo, desde o ano passado, de uma opera\u00e7\u00e3o do Minist\u00e9rio P\u00fablico Federal que investiga a grilagem de terras. Entre os investigados no caso est\u00e3o um juiz e um servidor federal. A quadrilha teria faturado pelo menos R$ 330 milh\u00f5es com crimes agr\u00e1rios entre 2011 e 2015, em Rond\u00f4nia. Em raz\u00e3o desta investiga\u00e7\u00e3o, o registro da fazenda alvo da reintegra\u00e7\u00e3o de posse est\u00e1 bloqueado.<\/p>\n\n\n\n<p>Antes de come\u00e7arem o despejo, os policiais passaram uma semana na \u00e1rea para planejar a a\u00e7\u00e3o, que come\u00e7ou a ser feita no \u00faltimo dia 19. Tr\u00eas dias depois, a a\u00e7\u00e3o foi suspensa por decis\u00e3o da ministra Carmen L\u00facia, do Supremo Tribunal Federal. Ela fez valer a decis\u00e3o do tribunal que suspendeu todas as desocupa\u00e7\u00f5es de \u00e1reas coletivas habitadas durante a pandemia de Covid-19. Ela determinou que a situa\u00e7\u00e3o anterior \u00e0 atua\u00e7\u00e3o da PM fosse restaurada.<\/p>\n\n\n\n<blockquote class=\"wp-block-quote is-layout-flow wp-block-quote-is-layout-flow\"><p>\u201cPol\u00edcia est\u00e1 articulada com a pistolagem\u201d<\/p><\/blockquote>\n\n\n\n<p>Em di\u00e1logo com a Prefeitura de Porto Velho, a Ouvidoria Externa da Defensoria P\u00fablica estadual, o Minist\u00e9rio P\u00fablico Federal e a Comiss\u00e3o Pastoral da Terra, a LCP levou os camponeses da escola para os acampamentos no dia 26. Al\u00e9m deles, a Associa\u00e7\u00e3o de Ju\u00edzes para a Democracia (AJD) enviou uma nota contra a criminaliza\u00e7\u00e3o do movimento pelo governo estadual. \u201cO Estado de Rond\u00f4nia, por sua seguran\u00e7a p\u00fablica, n\u00e3o pode seguir o caminho da criminaliza\u00e7\u00e3o do movimento campon\u00eas e da luta pela terra, em atua\u00e7\u00e3o pr\u00f3xima e articulada com a pistolagem e latifundi\u00e1rios da regi\u00e3o, fato este j\u00e1 denunciado pelo Minist\u00e9rio P\u00fablico\u201d, afirma a organiza\u00e7\u00e3o.<\/p>\n\n\n\n<p>O grupo, no entanto, foi barrado por um bloqueio da PM antes de chegar ao local. Depois de duas horas de negocia\u00e7\u00e3o com o comandante da opera\u00e7\u00e3o, a pol\u00edcia passou a exigir a identifica\u00e7\u00e3o de todos que entrariam nas terras. O comandante disse que cada um seria levado ao seu lote. Os camponeses aceitaram as condi\u00e7\u00f5es, mas, como j\u00e1 havia anoitecido, eles n\u00e3o quiseram ser levados pela PM no escuro e preferiram come\u00e7ar o retorno na manh\u00e3 seguinte.<\/p>\n\n\n\n<h3 class=\"wp-block-heading\">POLICIAIS FICAM NAS CASAS DOS CAMPONESES E COMEM SEUS ANIMAIS<\/h3>\n\n\n\n<p>Enquanto durou o cerco, al\u00e9m da proibi\u00e7\u00e3o da circula\u00e7\u00e3o de pessoas, os camponeses denunciaram a restri\u00e7\u00e3o \u00e0 entrada de alimentos. Muitas casas foram destru\u00eddas, assim como ro\u00e7as. Eles citam tamb\u00e9m a contamina\u00e7\u00e3o de po\u00e7os com combust\u00edvel. Alguns foram expulsos de suas casas, que passaram a ser usadas como base e moradia dos policiais. Eles tamb\u00e9m teriam matado animais de cria\u00e7\u00e3o dos moradores para se alimentar.<\/p>\n\n\n\n<figure class=\"wp-block-image\"><img decoding=\"async\" src=\"https:\/\/i0.wp.com\/deolhonosruralistas.com.br\/wp-content\/uploads\/2021\/11\/Assembleia-Popular-nas-Areas-Tiago-Campin-dos-Santos-e-Ademar-Ferreira-outubro-de-2021.-Banco-de-dados-AND.png?resize=372%2C203&amp;ssl=1\" alt=\"\" class=\"wp-image-23420\"\/><figcaption>Assembleia dos acampamentos Tiago dos Santos e Ademar Ferreira, em outubro. (Foto: Ag\u00eancia Nova Democracia)<\/figcaption><\/figure>\n\n\n\n<p>\u201cA gente ficou desabrigado e tinha de ver eles morando em nossas casas e fazendo churrasco com nossos animais\u201d, citou um agricultor. \u201cN\u00e3o pude tirar nem mantimentos antes de eles destru\u00edrem a minha casa\u201d, afirmou outro. Os mesmos policiais que faziam churrascos limitavam a entrada de comida para os acampados. \u201cA gente s\u00f3 podia entrar com um quilo de arroz\u201d, conta um morador. \u201cNem o leite para as crian\u00e7as era permitido passar\u201d.<\/p>\n\n\n\n<p>Os moradores relatam que s\u00e3o abordados por encapuzados, em caminhonetes com vidro escuro e sem placa, que se identificam como policiais. Al\u00e9m dos camponeses, est\u00e3o na ocupa\u00e7\u00e3o tamb\u00e9m pelo menos dez fam\u00edlias ind\u00edgenas, que tamb\u00e9m sofrem os mesmos constrangimentos. O posto de sa\u00fade dentro do acampamento tamb\u00e9m foi fechado e os medicamentos foram apreendidos.<\/p>\n\n\n\n<p>Uma moradora foi revistada quando havia acabado de ir retirar no correio os perfumes e maquiagens que vende para ajudar a manter a casa. \u201cEles foram abrindo tudo, jogaram os perfumes no ch\u00e3o\u201d, conta. \u201cDo jeito que est\u00e1, a gente j\u00e1 n\u00e3o tem ganhos e eles nos tiram o pouco que temos\u201d. Outros relataram a destrui\u00e7\u00e3o de carros e motos. E motos apreendidas, sem nenhum auto de infra\u00e7\u00e3o.<\/p>\n\n\n\n<blockquote class=\"wp-block-quote is-layout-flow wp-block-quote-is-layout-flow\"><p>\u201cNem o leite para as crian\u00e7as era permitido passar\u201d<\/p><\/blockquote>\n\n\n\n<p>Na manh\u00e3 do dia 27, a entrada das fam\u00edlias foi autorizada pela PM. Primeiro, apenas as setenta que estavam na escola. Ap\u00f3s nova negocia\u00e7\u00e3o, foi permitida a entrada de outras fam\u00edlias que moravam no acampamento. O bloqueio permaneceu l\u00e1 at\u00e9 a \u00faltima sexta-feira (05). Mesmo ap\u00f3s a retirada, a pol\u00edcia permanece fazendo o policiamento na regi\u00e3o. Segundo os camponeses, as viol\u00eancias e arbitrariedades continuam.<\/p>\n\n\n\n<p>Segundo um dos advogados da liga, um dos principais motivos de revolta dos policiais \u00e9 a capacidade de resist\u00eancia dos trabalhadores. \u201cEm uma das reuni\u00f5es, um dos comandantes respons\u00e1veis pela a\u00e7\u00e3o nos disse que a pol\u00edcia n\u00e3o conseguiu alcan\u00e7ar todas as linhas, porque os camponeses destru\u00edram pontes e usaram grandes \u00e1rvores para fechar as estradas\u201d.<\/p>\n\n\n\n<p>|&nbsp;<a href=\"https:\/\/twitter.com\/lfuhrmann\">Leonardo Fuhrman<\/a>&nbsp;\u00e9 rep\u00f3rter do De Olho nos Ruralistas |<\/p>\n\n\n\n<p><em>Imagem principal (Ag\u00eancia Nova Democracia): Liga dos Camponeses Pobres resiste \u00e0s viol\u00eancias dos militares em Rond\u00f4nia<\/em><\/p>\n","protected":false},"excerpt":{"rendered":"<p>Moradores dos Acampamentos Tiago dos Santos e Ademar Ferreira, ligados \u00e0 Liga dos Camponeses Pobres, relatam viol\u00eancias durante reintegra\u00e7\u00e3o de posse e ap\u00f3s retorno deles \u00e0s terras; meninos e meninas dizem ter medo de ir \u00e0 escola Por&nbsp;Leonardo Fuhrmann, em Porto Velho<\/p>\n","protected":false},"author":1,"featured_media":0,"comment_status":"closed","ping_status":"open","sticky":false,"template":"","format":"standard","meta":{"_exactmetrics_skip_tracking":false,"_exactmetrics_sitenote_active":false,"_exactmetrics_sitenote_note":"","_exactmetrics_sitenote_category":0,"jetpack_post_was_ever_published":false,"_jetpack_newsletter_access":"","_jetpack_dont_email_post_to_subs":false,"_jetpack_newsletter_tier_id":0,"_jetpack_memberships_contains_paywalled_content":false,"_jetpack_memberships_contains_paid_content":false,"footnotes":"","jetpack_publicize_message":"","jetpack_publicize_feature_enabled":true,"jetpack_social_post_already_shared":true,"jetpack_social_options":{"image_generator_settings":{"template":"highway","enabled":false},"version":2}},"categories":[1],"tags":[],"class_list":["post-33030","post","type-post","status-publish","format-standard","hentry","category-notas"],"jetpack_publicize_connections":[],"jetpack_sharing_enabled":true,"jetpack_featured_media_url":"","jetpack_shortlink":"https:\/\/wp.me\/p7wKYW-8AK","jetpack-related-posts":[],"_links":{"self":[{"href":"http:\/\/blogdalucianaoliveira.com.br\/blog\/wp-json\/wp\/v2\/posts\/33030","targetHints":{"allow":["GET"]}}],"collection":[{"href":"http:\/\/blogdalucianaoliveira.com.br\/blog\/wp-json\/wp\/v2\/posts"}],"about":[{"href":"http:\/\/blogdalucianaoliveira.com.br\/blog\/wp-json\/wp\/v2\/types\/post"}],"author":[{"embeddable":true,"href":"http:\/\/blogdalucianaoliveira.com.br\/blog\/wp-json\/wp\/v2\/users\/1"}],"replies":[{"embeddable":true,"href":"http:\/\/blogdalucianaoliveira.com.br\/blog\/wp-json\/wp\/v2\/comments?post=33030"}],"version-history":[{"count":1,"href":"http:\/\/blogdalucianaoliveira.com.br\/blog\/wp-json\/wp\/v2\/posts\/33030\/revisions"}],"predecessor-version":[{"id":33032,"href":"http:\/\/blogdalucianaoliveira.com.br\/blog\/wp-json\/wp\/v2\/posts\/33030\/revisions\/33032"}],"wp:attachment":[{"href":"http:\/\/blogdalucianaoliveira.com.br\/blog\/wp-json\/wp\/v2\/media?parent=33030"}],"wp:term":[{"taxonomy":"category","embeddable":true,"href":"http:\/\/blogdalucianaoliveira.com.br\/blog\/wp-json\/wp\/v2\/categories?post=33030"},{"taxonomy":"post_tag","embeddable":true,"href":"http:\/\/blogdalucianaoliveira.com.br\/blog\/wp-json\/wp\/v2\/tags?post=33030"}],"curies":[{"name":"wp","href":"https:\/\/api.w.org\/{rel}","templated":true}]}}