{"id":33042,"date":"2021-11-09T13:38:54","date_gmt":"2021-11-09T17:38:54","guid":{"rendered":"http:\/\/blogdalucianaoliveira.com.br\/blog\/?p=33042"},"modified":"2021-11-09T13:38:59","modified_gmt":"2021-11-09T17:38:59","slug":"o-que-e-o-orcamento-secreto-entenda-o-esquema-usado-por-bolsonaro-e-lira-no-congresso","status":"publish","type":"post","link":"http:\/\/blogdalucianaoliveira.com.br\/blog\/2021\/11\/09\/o-que-e-o-orcamento-secreto-entenda-o-esquema-usado-por-bolsonaro-e-lira-no-congresso\/","title":{"rendered":"O que \u00e9 o or\u00e7amento secreto? Entenda o esquema usado por Bolsonaro e Lira no Congresso"},"content":{"rendered":"\n<figure class=\"wp-block-image size-large\"><img data-recalc-dims=\"1\" loading=\"lazy\" decoding=\"async\" width=\"600\" height=\"360\" data-attachment-id=\"33043\" data-permalink=\"http:\/\/blogdalucianaoliveira.com.br\/blog\/2021\/11\/09\/o-que-e-o-orcamento-secreto-entenda-o-esquema-usado-por-bolsonaro-e-lira-no-congresso\/7aea7ad4-b024-42d0-8325-8f4d860c453e\/\" data-orig-file=\"https:\/\/i0.wp.com\/blogdalucianaoliveira.com.br\/blog\/wp-content\/uploads\/2021\/11\/7AEA7AD4-B024-42D0-8325-8F4D860C453E.jpeg?fit=800%2C480\" data-orig-size=\"800,480\" data-comments-opened=\"0\" data-image-meta=\"{&quot;aperture&quot;:&quot;0&quot;,&quot;credit&quot;:&quot;&quot;,&quot;camera&quot;:&quot;&quot;,&quot;caption&quot;:&quot;&quot;,&quot;created_timestamp&quot;:&quot;0&quot;,&quot;copyright&quot;:&quot;&quot;,&quot;focal_length&quot;:&quot;0&quot;,&quot;iso&quot;:&quot;0&quot;,&quot;shutter_speed&quot;:&quot;0&quot;,&quot;title&quot;:&quot;&quot;,&quot;orientation&quot;:&quot;0&quot;}\" data-image-title=\"7AEA7AD4-B024-42D0-8325-8F4D860C453E\" data-image-description=\"\" data-image-caption=\"\" data-medium-file=\"https:\/\/i0.wp.com\/blogdalucianaoliveira.com.br\/blog\/wp-content\/uploads\/2021\/11\/7AEA7AD4-B024-42D0-8325-8F4D860C453E.jpeg?fit=300%2C180\" data-large-file=\"https:\/\/i0.wp.com\/blogdalucianaoliveira.com.br\/blog\/wp-content\/uploads\/2021\/11\/7AEA7AD4-B024-42D0-8325-8F4D860C453E.jpeg?fit=600%2C360\" src=\"https:\/\/i0.wp.com\/blogdalucianaoliveira.com.br\/blog\/wp-content\/uploads\/2021\/11\/7AEA7AD4-B024-42D0-8325-8F4D860C453E.jpeg?resize=600%2C360\" alt=\"\" class=\"wp-image-33043\" srcset=\"https:\/\/i0.wp.com\/blogdalucianaoliveira.com.br\/blog\/wp-content\/uploads\/2021\/11\/7AEA7AD4-B024-42D0-8325-8F4D860C453E.jpeg?w=800 800w, https:\/\/i0.wp.com\/blogdalucianaoliveira.com.br\/blog\/wp-content\/uploads\/2021\/11\/7AEA7AD4-B024-42D0-8325-8F4D860C453E.jpeg?resize=300%2C180 300w, https:\/\/i0.wp.com\/blogdalucianaoliveira.com.br\/blog\/wp-content\/uploads\/2021\/11\/7AEA7AD4-B024-42D0-8325-8F4D860C453E.jpeg?resize=768%2C461 768w, https:\/\/i0.wp.com\/blogdalucianaoliveira.com.br\/blog\/wp-content\/uploads\/2021\/11\/7AEA7AD4-B024-42D0-8325-8F4D860C453E.jpeg?resize=500%2C300 500w\" sizes=\"auto, (max-width: 600px) 100vw, 600px\" \/><\/figure>\n\n\n\n<h4 class=\"wp-block-heading\">Leia perguntas e respostas sobre o esquema bilion\u00e1rio operado pelo governo para garantir apoio entre congressistas<\/h4>\n\n\n\n<!--more-->\n\n\n\n<p>Reda\u00e7\u00e3o &#8211; Brasil de Fato | Bras\u00edlia (DF)\u00a0<\/p>\n\n\n\n<p>O governo de&nbsp;Jair Bolsonaro (sem partido) criou um&nbsp;<a href=\"https:\/\/www.brasildefato.com.br\/pesquisar?utf8=%E2%9C%93&amp;q=or%C3%A7amento+secreto\" target=\"_blank\" rel=\"noreferrer noopener\">or\u00e7amento paralelo bilion\u00e1rio<\/a>&nbsp;em emendas, no final de 2020, para conseguir apoio do \u201cCentr\u00e3o\u201d no Congresso Nacional. Uma s\u00e9rie de reportagens&nbsp;publicada pelo jornal&nbsp;<em>O&nbsp;Estado de S.Paulo<\/em>&nbsp;revelou&nbsp;o esc\u00e2ndalo a partir de centenas de of\u00edcios enviados por deputados e senadores a minist\u00e9rios do Executivo federal.<\/p>\n\n\n\n<p>Os documentos, obtidos pelo jornal ao longo dos \u00faltimos meses, mostram que esse esquema atropela leis or\u00e7ament\u00e1rias, j\u00e1 que s\u00e3o os ministros e n\u00e3o os congressistas&nbsp;que deveriam definir onde aplicar os recursos. Al\u00e9m disso, os acordos e o direcionamento do dinheiro n\u00e3o foram p\u00fablicos, assim como a distribui\u00e7\u00e3o n\u00e3o foi igualit\u00e1ria entre os congressistas, evidenciando um interesse eleitoral do governo.<\/p>\n\n\n\n<p><strong><a href=\"https:\/\/www.brasildefato.com.br\/2021\/11\/08\/lira-desafia-stf-critica-oab-e-mantem-nova-votacao-da-pec-dos-precatorios-nesta-terca-feira\" target=\"_blank\" rel=\"noreferrer noopener\">::: Lira desafia STF, critica OAB e mant\u00e9m nova vota\u00e7\u00e3o da PEC dos Precat\u00f3rios nesta ter\u00e7a-feira :::<\/a><\/strong><\/p>\n\n\n\n<p>Na madrugada desta ter\u00e7a-feira (9), em&nbsp;sess\u00e3o virtual no Supremo Tribunal Federal, a ministra C\u00e1rmen L\u00facia e o ministro Lu\u00eds Roberto Barroso seguiram a posi\u00e7\u00e3o da relatora, a ministra Rosa Weber, e&nbsp;<a href=\"https:\/\/www.brasildefato.com.br\/2021\/11\/09\/orcamento-secreto-rosa-weber-carmen-lucia-e-barroso-votam-por-suspensao\" target=\"_blank\" rel=\"noreferrer noopener\">votaram pela suspens\u00e3o do \u201cor\u00e7amento secreto\u201c<\/a>. Durante a manh\u00e3, o ministro Edson Fachin concordou com os colegas e proferiu voto no mesmo sentido. O placar estava 4 a 0 pela suspens\u00e3o do esquema&nbsp;at\u00e9 a publica\u00e7\u00e3o desta reportagem.<\/p>\n\n\n\n<p>Nessa segunda (8), o&nbsp;presidente da C\u00e2mara dos Deputados, Arthur Lira (PP-AL), enviou uma manifesta\u00e7\u00e3o ao STF e defendeu a derrubada da decis\u00e3o liminar de&nbsp;Rosa Weber. Lira pediu, ainda, que os pagamentos de emendas de relator continuem em vigor at\u00e9 o julgamento das a\u00e7\u00f5es.<\/p>\n\n\n\n<p><strong><a href=\"https:\/\/www.brasildefato.com.br\/2021\/08\/02\/bolsonaro-nomeou-14-filiados-a-partidos-do-centrao-para-comandar-ministerios-em-2-anos-e-meio\" target=\"_blank\" rel=\"noreferrer noopener\">::Bolsonaro nomeou 14 filiados a partidos do centr\u00e3o para comandar minist\u00e9rios em 2 anos e meio::<\/a><\/strong><\/p>\n\n\n\n<p>O chefe da C\u00e2mara alega que as emendas de relator s\u00e3o assunto do Congresso. No documento, Lira argumenta que \u201cas a\u00e7\u00f5es tratam eminentemente de mat\u00e9ria interna corporis, tendo em vista que a previs\u00e3o de emendas do relator n\u00e3o \u00e9 mat\u00e9ria de ordem constitucional e est\u00e1 prevista apenas na Resolu\u00e7\u00e3o n\u00b0 01\/2006-CN\u201d.<\/p>\n\n\n\n<p>O&nbsp;<strong>Brasil de Fato<\/strong>&nbsp;preparou perguntas e respostas sobre o tema. Leia:<\/p>\n\n\n\n<p>Quando e como o tema surgiu no notici\u00e1rio?<\/p>\n\n\n\n<p>No in\u00edcio de maio o jornal&nbsp;<em>Estado de S. Paulo<\/em>&nbsp;teve acesso a documentos que revelam que o governo federal, atrav\u00e9s do Minist\u00e9rio do Desenvolvimento Regional (MDR), disponibilizou R$ 3 bilh\u00f5es num \u201cor\u00e7amento paralelo\u201d para deputados e senadores destinarem a a\u00e7\u00f5es em suas bases, apesar de isso n\u00e3o ser especificado na Lei Or\u00e7ament\u00e1ria.<\/p>\n\n\n\n<p><strong><a href=\"https:\/\/www.brasildefato.com.br\/2021\/06\/01\/o-que-o-orcamento-secreto-de-bolsonaro-tem-a-ver-com-pernambuco\" target=\"_blank\" rel=\"noreferrer noopener\">:::&nbsp;O que o \u201cor\u00e7amento paralelo\u201d de Bolsonaro tem a ver com Pernambuco? :::<\/a><\/strong><\/p>\n\n\n\n<p>O que s\u00e3o as emendas do or\u00e7amento secreto?<\/p>\n\n\n\n<p>As emendas de relator s\u00e3o um dos quatro tipos de emendas existente. S\u00e3o elas: a individual, a de bancada, a de comiss\u00e3o e a da relatoria. A diferen\u00e7a da de relator para as outras \u00e9 que ela \u00e9 definida pelo deputado federal ou senador escolhido como relator-geral do Or\u00e7amento a cada ano, em negocia\u00e7\u00f5es geralmente informais com os demais colegas.<\/p>\n\n\n\n<p>Qual a origem do dinheiro?<\/p>\n\n\n\n<p>O dinheiro do or\u00e7amento paralelo \u00e9 fruto de um acordo entre governo e Congresso no come\u00e7o de 2020. O valor total \u00e9 de R$ 20,1 bilh\u00f5es, e deste total, R$ 3 bilh\u00f5es foram para o Minist\u00e9rio do Desenvolvimento Regional (MDR).<\/p>\n\n\n\n<p>Por que \u00e9 chamado de &#8220;secreto&#8221;?<\/p>\n\n\n\n<p>Embora o dinheiro do esquema esteja no Or\u00e7amento Geral da Uni\u00e3o de 2020, a destina\u00e7\u00e3o das verbas \u00e9 feita de forma sigilosa \u2013 a partir de acordos pol\u00edticos. Ao contr\u00e1rio das emendas individuais, n\u00e3o \u00e9 poss\u00edvel saber quem indicou o qu\u00ea.<\/p>\n\n\n\n<p><strong><a href=\"https:\/\/www.brasildefato.com.br\/2021\/05\/09\/bolsonaro-criou-orcamento-secreto-de-r-3-bilhoes-em-troca-de-apoio-do-congresso\" target=\"_blank\" rel=\"noreferrer noopener\">::: &#8220;Bolsol\u00e3o&#8221; e a CPI da Covid est\u00e3o encurralando Bolsonaro, diz analista :::<\/a><\/strong><\/p>\n\n\n\n<p>Qual o benef\u00edcio disso para o governo Bolsonaro?<\/p>\n\n\n\n<p>A medida \u00e9 uma forma de beneficiar alguns congressistas com \u201cemendas extras\u201d para aplicarem em suas bases. Eles escolhem a\u00e7\u00f5es em munic\u00edpios com prefeitos aliados e, assim, podem garantir a reelei\u00e7\u00e3o desses deputados e senadores em 2022. Dessa forma, o governo negocia&nbsp;apoio em vota\u00e7\u00f5es importantes no Congresso Nacional.<\/p>\n\n\n\n<p>O que dizem os pol\u00edticos bolsonaristas?<\/p>\n\n\n\n<p>Na vers\u00e3o de congressistas que apoiam o presidente, o dinheiro envolvido no esquema seria de emendas parlamentares regulares, como as que s\u00e3o distribu\u00eddas todos os anos. N\u00e3o \u00e9 verdade: embora tenha origem na Lei Or\u00e7ament\u00e1ria, o dinheiro do or\u00e7amento secreto foi distribu\u00eddo de forma desigual entre os congressistas, conforme a vontade pol\u00edtica do governo. N\u00e3o h\u00e1 transpar\u00eancia, como ocorre com as emendas parlamentares, sobre os acordos para divis\u00e3o das verbas.<\/p>\n\n\n\n<p>O que isso tem a ver com PEC dos Precat\u00f3rios?<\/p>\n\n\n\n<p>\u00c0s v\u00e9speras da vota\u00e7\u00e3o do primeiro turno da PEC (Proposta de Emenda \u00e0 Constitui\u00e7\u00e3o) dos Precat\u00f3rios, o governo Jair Bolsonaro liberou R$ 909,7 milh\u00f5es em emendas de interesse dos deputados federais em apenas dois dias, a partir das emendas de relator. Os recursos foram empenhados pelo governo nos dias 28 e 29 de outubro, segundo&nbsp;levantamento da&nbsp;<em>ONG Contas Abertas<\/em>.<\/p>\n\n\n\n<p>Edi\u00e7\u00e3o: Vivian Virissimo<\/p>\n","protected":false},"excerpt":{"rendered":"<p>Leia perguntas e respostas sobre o esquema bilion\u00e1rio operado pelo governo para garantir apoio entre congressistas<\/p>\n","protected":false},"author":1,"featured_media":0,"comment_status":"closed","ping_status":"open","sticky":false,"template":"","format":"standard","meta":{"_exactmetrics_skip_tracking":false,"_exactmetrics_sitenote_active":false,"_exactmetrics_sitenote_note":"","_exactmetrics_sitenote_category":0,"jetpack_post_was_ever_published":false,"_jetpack_newsletter_access":"","_jetpack_dont_email_post_to_subs":false,"_jetpack_newsletter_tier_id":0,"_jetpack_memberships_contains_paywalled_content":false,"_jetpack_memberships_contains_paid_content":false,"footnotes":"","jetpack_publicize_message":"","jetpack_publicize_feature_enabled":true,"jetpack_social_post_already_shared":true,"jetpack_social_options":{"image_generator_settings":{"template":"highway","enabled":false},"version":2}},"categories":[1],"tags":[],"class_list":["post-33042","post","type-post","status-publish","format-standard","hentry","category-notas"],"jetpack_publicize_connections":[],"jetpack_sharing_enabled":true,"jetpack_featured_media_url":"","jetpack_shortlink":"https:\/\/wp.me\/p7wKYW-8AW","jetpack-related-posts":[],"_links":{"self":[{"href":"http:\/\/blogdalucianaoliveira.com.br\/blog\/wp-json\/wp\/v2\/posts\/33042","targetHints":{"allow":["GET"]}}],"collection":[{"href":"http:\/\/blogdalucianaoliveira.com.br\/blog\/wp-json\/wp\/v2\/posts"}],"about":[{"href":"http:\/\/blogdalucianaoliveira.com.br\/blog\/wp-json\/wp\/v2\/types\/post"}],"author":[{"embeddable":true,"href":"http:\/\/blogdalucianaoliveira.com.br\/blog\/wp-json\/wp\/v2\/users\/1"}],"replies":[{"embeddable":true,"href":"http:\/\/blogdalucianaoliveira.com.br\/blog\/wp-json\/wp\/v2\/comments?post=33042"}],"version-history":[{"count":1,"href":"http:\/\/blogdalucianaoliveira.com.br\/blog\/wp-json\/wp\/v2\/posts\/33042\/revisions"}],"predecessor-version":[{"id":33044,"href":"http:\/\/blogdalucianaoliveira.com.br\/blog\/wp-json\/wp\/v2\/posts\/33042\/revisions\/33044"}],"wp:attachment":[{"href":"http:\/\/blogdalucianaoliveira.com.br\/blog\/wp-json\/wp\/v2\/media?parent=33042"}],"wp:term":[{"taxonomy":"category","embeddable":true,"href":"http:\/\/blogdalucianaoliveira.com.br\/blog\/wp-json\/wp\/v2\/categories?post=33042"},{"taxonomy":"post_tag","embeddable":true,"href":"http:\/\/blogdalucianaoliveira.com.br\/blog\/wp-json\/wp\/v2\/tags?post=33042"}],"curies":[{"name":"wp","href":"https:\/\/api.w.org\/{rel}","templated":true}]}}