{"id":33051,"date":"2021-11-11T10:14:57","date_gmt":"2021-11-11T14:14:57","guid":{"rendered":"http:\/\/blogdalucianaoliveira.com.br\/blog\/?p=33051"},"modified":"2021-11-11T10:15:00","modified_gmt":"2021-11-11T14:15:00","slug":"bolsonaro-inventou-guerrilha-terrorista-em-ro-para-justificar-acao-da-forca-nacional-diz-procurador","status":"publish","type":"post","link":"http:\/\/blogdalucianaoliveira.com.br\/blog\/2021\/11\/11\/bolsonaro-inventou-guerrilha-terrorista-em-ro-para-justificar-acao-da-forca-nacional-diz-procurador\/","title":{"rendered":"Bolsonaro inventou \u201cguerrilha terrorista\u201d em RO para justificar a\u00e7\u00e3o da For\u00e7a Nacional, diz procurador"},"content":{"rendered":"\n<figure class=\"wp-block-image size-large\"><img data-recalc-dims=\"1\" loading=\"lazy\" decoding=\"async\" width=\"600\" height=\"415\" data-attachment-id=\"33052\" data-permalink=\"http:\/\/blogdalucianaoliveira.com.br\/blog\/2021\/11\/11\/bolsonaro-inventou-guerrilha-terrorista-em-ro-para-justificar-acao-da-forca-nacional-diz-procurador\/6da4f6be-6ae0-4e69-9430-80b7712390f7\/\" data-orig-file=\"https:\/\/i0.wp.com\/blogdalucianaoliveira.com.br\/blog\/wp-content\/uploads\/2021\/11\/6DA4F6BE-6AE0-4E69-9430-80B7712390F7.jpeg?fit=926%2C640\" data-orig-size=\"926,640\" data-comments-opened=\"0\" data-image-meta=\"{&quot;aperture&quot;:&quot;0&quot;,&quot;credit&quot;:&quot;&quot;,&quot;camera&quot;:&quot;&quot;,&quot;caption&quot;:&quot;&quot;,&quot;created_timestamp&quot;:&quot;0&quot;,&quot;copyright&quot;:&quot;&quot;,&quot;focal_length&quot;:&quot;0&quot;,&quot;iso&quot;:&quot;0&quot;,&quot;shutter_speed&quot;:&quot;0&quot;,&quot;title&quot;:&quot;&quot;,&quot;orientation&quot;:&quot;0&quot;}\" data-image-title=\"6DA4F6BE-6AE0-4E69-9430-80B7712390F7\" data-image-description=\"\" data-image-caption=\"\" data-medium-file=\"https:\/\/i0.wp.com\/blogdalucianaoliveira.com.br\/blog\/wp-content\/uploads\/2021\/11\/6DA4F6BE-6AE0-4E69-9430-80B7712390F7.jpeg?fit=300%2C207\" data-large-file=\"https:\/\/i0.wp.com\/blogdalucianaoliveira.com.br\/blog\/wp-content\/uploads\/2021\/11\/6DA4F6BE-6AE0-4E69-9430-80B7712390F7.jpeg?fit=600%2C415\" src=\"https:\/\/i0.wp.com\/blogdalucianaoliveira.com.br\/blog\/wp-content\/uploads\/2021\/11\/6DA4F6BE-6AE0-4E69-9430-80B7712390F7.jpeg?resize=600%2C415\" alt=\"\" class=\"wp-image-33052\" srcset=\"https:\/\/i0.wp.com\/blogdalucianaoliveira.com.br\/blog\/wp-content\/uploads\/2021\/11\/6DA4F6BE-6AE0-4E69-9430-80B7712390F7.jpeg?w=926 926w, https:\/\/i0.wp.com\/blogdalucianaoliveira.com.br\/blog\/wp-content\/uploads\/2021\/11\/6DA4F6BE-6AE0-4E69-9430-80B7712390F7.jpeg?resize=300%2C207 300w, https:\/\/i0.wp.com\/blogdalucianaoliveira.com.br\/blog\/wp-content\/uploads\/2021\/11\/6DA4F6BE-6AE0-4E69-9430-80B7712390F7.jpeg?resize=768%2C531 768w, https:\/\/i0.wp.com\/blogdalucianaoliveira.com.br\/blog\/wp-content\/uploads\/2021\/11\/6DA4F6BE-6AE0-4E69-9430-80B7712390F7.jpeg?resize=434%2C300 434w\" sizes=\"auto, (max-width: 600px) 100vw, 600px\" \/><\/figure>\n\n\n\n<p><em><strong>Raphael Bevilaqua, do MPF de Rond\u00f4nia, aponta que acusa\u00e7\u00f5es de terrorismo e atividades de guerrilha s\u00e3o usadas pelos governos federal e estadual para encobrir viola\u00e7\u00f5es de direitos contra integrantes da Liga dos Camponeses Pobres<br><\/strong><\/em><\/p>\n\n\n\n<!--more-->\n\n\n\n<p>Por&nbsp;<strong>Leonardo Fuhrmann<\/strong>, em Porto Velho<\/p>\n\n\n\n<figure class=\"wp-block-image\"><a href=\"https:\/\/deolhonosruralistas.com.br\/de-olho-nos-mil-parceiros\/\"><img decoding=\"async\" src=\"https:\/\/i1.wp.com\/deolhonosruralistas.com.br\/wp-content\/uploads\/2017\/03\/DEOLHO2017-chamada-meio-texto.png?resize=635%2C40\" alt=\"\" class=\"wp-image-3364\"\/><\/a><\/figure>\n\n\n\n<p>Desde a chegada de Jair Bolsonaro ao poder, em 2019, os integrantes da Liga dos Camponeses Pobres (LCP), em Rond\u00f4nia, t\u00eam vivido sob um estado permanente de s\u00edtio. Na regi\u00e3o de Nova Mutum Paran\u00e1, em Porto Velho, al\u00e9m das investidas constantes de jagun\u00e7os e policiais militares, os sem-terra enfrentam a interven\u00e7\u00e3o direta do presidente Jair Bolsonaro e de seus aliados no conflito. Em 07 de maio, durante a inaugura\u00e7\u00e3o da Ponte do Abun\u00e3, que liga a capital do estado ao Acre, o mandat\u00e1rio fez uma amea\u00e7a direta ao grupo:<\/p>\n\n\n\n<figure class=\"wp-block-image\"><img decoding=\"async\" src=\"https:\/\/i0.wp.com\/deolhonosruralistas.com.br\/wp-content\/uploads\/2021\/11\/51163508772_849fbab35e_o.jpg?resize=335%2C200&amp;ssl=1\" alt=\"\" class=\"wp-image-23580\"\/><figcaption>Bolsonaro aproveitou inaugura\u00e7\u00e3o de ponte em RO para defender tese de \u201cterrorismo\u201d.<br>(Foto: Anderson Riedel\/PR)<\/figcaption><\/figure>\n\n\n\n<p><em>\u2014 LCP, se prepare! N\u00e3o vai ficar de gra\u00e7a o que voc\u00eas est\u00e3o fazendo. N\u00e3o tem espa\u00e7o aqui para grupo terrorista. N\u00f3s temos meios de faz\u00ea-los entrar no eixo e respeitar a lei.<\/em><\/p>\n\n\n\n<p>N\u00e3o era a primeira vez que o presidente citava nominalmente o grupo. Dias antes, na abertura da Expozebu, em Uberaba (MG), Bolsonaro qualificou as a\u00e7\u00f5es da Liga como \u201c<a href=\"https:\/\/www1.folha.uol.com.br\/mercado\/2021\/05\/bolsonaro-critica-terrorismo-no-campo-e-diz-que-nao-ira-regulamentar-desapropriacao-por-trabalho-escravo.shtml\">terror no campo<\/a>\u201c. Em outubro do ano passado, ele j\u00e1 havia postado um v\u00eddeo criticando o grupo no&nbsp;<a href=\"https:\/\/twitter.com\/jairbolsonaro\/status\/1313129111053840386\">Twitter<\/a>.<\/p>\n\n\n\n<p>Para o procurador da Rep\u00fablica Raphael Bevilaqua, do Minist\u00e9rio P\u00fablico Federal (MPF) em Rond\u00f4nia, foram essas acusa\u00e7\u00f5es fantasiosas de Bolsonaro que serviram de base para justificar o envio da For\u00e7a Nacional de Seguran\u00e7a P\u00fablica (FNSP) ao estado. \u201cA FNSP foi criada para ser acionada em situa\u00e7\u00f5es espec\u00edficas e de maneira pontual, n\u00e3o \u00e9 o caso do que est\u00e1 acontecendo aqui\u201d, afirma.<\/p>\n\n\n\n<p>Bevilaqua \u00e9 autor do pedido encaminhado \u00e0 Procuradoria-Geral da Rep\u00fablica (<a href=\"https:\/\/g1.globo.com\/ro\/rondonia\/noticia\/2021\/06\/23\/pela-2a-vez-mpf-pede-informacoes-ao-ministerio-da-justica-sobre-uso-da-forca-nacional-em-rondonia.ghtml\">PGR<\/a>) para que o Minist\u00e9rio da Justi\u00e7a entregasse um plano de a\u00e7\u00e3o detalhado ao MPF. \u201cEles n\u00e3o entregaram quando o pedido foi feito\u201d, diz. \u201cDepois de muita insist\u00eancia, entregaram um documento gen\u00e9rico, que n\u00e3o justifica a necessidade de uso da for\u00e7a nos conflitos agr\u00e1rios\u201d. Mesmo diante da oposi\u00e7\u00e3o do MPF e do pedido de apura\u00e7\u00e3o sobre a repress\u00e3o a trabalhadores sem-terra, a FNSP \u2014 enviada pelo governo federal em maio pelo prazo inicial de 90 dias \u2014 teve sua perman\u00eancia renovada tr\u00eas vezes, todas pelo prazo de 30 dias.<\/p>\n\n\n\n<p>A FNSP participou de opera\u00e7\u00f5es ao lado da PM em que s\u00e3o apontadas diversas viola\u00e7\u00f5es aos direitos humanos. Um exemplo recente \u00e9 a reintegra\u00e7\u00e3o de posse nos acampamentos Tiago dos Santos e Ademar Ferreira, que foi tema de reportagem e v\u00eddeo do observat\u00f3rio: \u201c<a href=\"https:\/\/deolhonosruralistas.com.br\/2021\/11\/05\/fome-agua-impropria-criancas-coagidas-e-assassinatos-as-armas-da-pm-contra-camponeses-em-ro\/\">Fome, \u00e1gua impr\u00f3pria, crian\u00e7as coagidas e assassinatos: as armas da PM contra camponeses em RO<\/a>\u201c.<\/p>\n\n\n\n<h3 class=\"wp-block-heading\">LIGA DOS CAMPONESES \u00c9 ALVO DE LEI PROPOSTA POR SENADOR<\/h3>\n\n\n\n<p>A movimenta\u00e7\u00e3o do governo federal antes do envio das tropas n\u00e3o se limitou ao presidente. Seu filho mais velho, o senador Fl\u00e1vio Bolsonaro (Patriota-RJ), esteve no estado em maio, tr\u00eas semanas ap\u00f3s a ida do pai a Porto Velho. Ele \u00e9 autor da Proposta de Emenda \u00e0 Constitui\u00e7\u00e3o (PEC)&nbsp;<a href=\"https:\/\/deolhonosruralistas.com.br\/2019\/06\/06\/flavio-bolsonaro-propoe-emenda-contra-a-funcao-social-da-terra\/\">n\u00ba 80\/2019<\/a>, que flexibiliza o princ\u00edpio da fun\u00e7\u00e3o social da terra, um dos marcos constitucionais que rege a reforma agr\u00e1ria. No in\u00edcio de outubro, pouco antes da \u00faltima reintegra\u00e7\u00e3o de posse, realizada em 19 de outubro, o senador voltou a Rond\u00f4nia, desta vez visitando a&nbsp;<a href=\"https:\/\/rondoniaovivo.com\/noticia\/geral\/2020\/10\/07\/exclusivo-flavio-bolsonaro-se-reune-na-unir-e-vai-ate-area-de-conflito-agrario-na-capital.html\">\u00e1rea de conflito<\/a>.<\/p>\n\n\n\n<figure class=\"wp-block-image\"><img decoding=\"async\" src=\"https:\/\/i1.wp.com\/deolhonosruralistas.com.br\/wp-content\/uploads\/2021\/11\/flavio-bolsonaro-ro.jpg?resize=341%2C193&amp;ssl=1\" alt=\"\" class=\"wp-image-23581\"\/><figcaption>Passagem de Fl\u00e1vio Bolsonaro por Porto Velho foi marcada por provoca\u00e7\u00f5es a opositores. (Foto: Reprodu\u00e7\u00e3o)<\/figcaption><\/figure>\n\n\n\n<p>A visita de Fl\u00e1vio pavimentou a ida do governador&nbsp;<a href=\"https:\/\/pm.ro.gov.br\/index.php\/70-noticia-slide\/9776-governo-de-rondonia-apresenta-atuacao-frente-a-conflitos-agrarios-no-estado-em-brasilia.html\">Marcos Rocha<\/a>&nbsp;(PSL) a Bras\u00edlia, onde se encontrou com o secret\u00e1rio especial de Assuntos Fundi\u00e1rios, Luiz Ant\u00f4nio Nabhan Garcia, e com o ministro da Justi\u00e7a Anderson Torres para tratar da LCP. Em setembro de 2020, De Olho nos Ruralistas&nbsp;<a href=\"https:\/\/deolhonosruralistas.com.br\/2020\/09\/04\/pedido-para-usar-forca-nacional-contra-mst-na-bahia-partiu-de-nabhan-garcia\/\">revelou<\/a>que o ex-presidente da Uni\u00e3o Democr\u00e1tica Ruralista (UDR) foi o respons\u00e1vel pelo emprego de tropas da FNSP contra acampamentos do Movimento dos Trabalhadores Rurais Sem Terra (MST) nos munic\u00edpios de Prado e Mucuri, no sul da Bahia. \u00c0 \u00e9poca, o governador Ruy Costa (PT) recorreu ao Supremo Tribunal Federal (STF) para exigir sua retirada dos agentes, que seria autorizada pelo ministro Edson Fachin.<\/p>\n\n\n\n<p>O fato, no entanto, estabeleceu o precedente para a utiliza\u00e7\u00e3o da For\u00e7a Nacional em Rond\u00f4nia \u2014 desta vez, com apoio expl\u00edcito de um governador bolsonarista.<\/p>\n\n\n\n<p>O movimento de criminaliza\u00e7\u00e3o da LCP conta com a participa\u00e7\u00e3o ativa de outro senador. Conhecido por ter comandado a base governista na CPI da Pandemia, Marcos Rog\u00e9rio (DEM-RO) apresentou em junho um projeto de lei para enquadrar a ocupa\u00e7\u00e3o de terras por movimentos sociais como \u201cterrorismo\u201d. O parlamentar \u2014 que esteve ao lado de Bolsonaro na inaugura\u00e7\u00e3o da Ponte do Abun\u00e3 \u2014 chegou a afirmar que a proposta tinha como alvo a LCP. \u201cN\u00e3o podemos confundir, de maneira nenhuma, essas organiza\u00e7\u00f5es criminosas com movimentos sociais\u201d, afirmou na \u00e9poca. Rog\u00e9rio \u00e9 dono de 98,65 hectares em uma \u00e1rea de conflitos de terras de Rond\u00f4nia, o&nbsp;<a href=\"https:\/\/deolhonosruralistas.com.br\/2019\/07\/01\/autor-de-projeto-que-expande-a-posse-de-armas-no-campo-tem-terras-em-areas-de-conflito-na-amazonia\/\">Vale do Jamari<\/a>.<\/p>\n\n\n\n<p>Segundo o procurador Raphael Bevilaqua, as acusa\u00e7\u00f5es de \u201cterrorismo\u201d e forma\u00e7\u00e3o de \u201cguerrilha\u201d tiveram in\u00edcio em 2003, quando autoridades ligadas a fazendeiros locais pressionavam o governo federal para que empregasse o Ex\u00e9rcito no combate \u00e0 LCP. Frente \u00e0 impossibilidade de usar tropas regulares, a FNSP entrou no radar dos ruralistas.<\/p>\n\n\n\n<h3 class=\"wp-block-heading\">CASOS MOSTRAM RELA\u00c7\u00c3O DE PM COM GRILEIROS<\/h3>\n\n\n\n<p>A equipe do De Olho nos Ruralistas esteve durante uma semana nos acampamentos Tiago dos Santos e Ademar Ferreira, onde conversou com dezenas de integrantes da LCP para entender o conflito de terras que assola a regi\u00e3o. Para os camponeses, a pol\u00edcia atua em Rond\u00f4nia na defesa de interesses de grileiros, como \u00e9 exemplificado pela pr\u00f3pria fazenda alvo da \u00faltima reintegra\u00e7\u00e3o de posse, realizada em 19 de outubro.<\/p>\n\n\n\n<p>Uma das \u00faltimas edi\u00e7\u00f5es do De Olho na Resist\u00eancia, programa semanal do observat\u00f3rio, tratou do tema:<\/p>\n\n\n\n<figure><iframe loading=\"lazy\" width=\"1010\" height=\"569\" src=\"https:\/\/www.youtube.com\/embed\/XXux7r_v8L8?version=3&amp;rel=1&amp;showsearch=0&amp;showinfo=1&amp;iv_load_policy=1&amp;fs=1&amp;hl=pt-BR&amp;autohide=2&amp;wmode=transparent\" allowfullscreen=\"true\"><\/iframe><\/figure>\n\n\n\n<p>A propriedade, uma \u00e1rea total de 57 mil hectares, pertence \u00e0 Leme Empreendimentos, uma sociedade entre o fazendeiro Ant\u00f4nio Martins dos Santos, conhecido como Galo Velho e considerado o maior grileiro da Amaz\u00f4nia Ocidental, e seu irm\u00e3o, o advogado Sebasti\u00e3o Martins dos Santos. Os dois s\u00e3o alvo, desde o ano passado, de uma opera\u00e7\u00e3o do&nbsp;<a href=\"https:\/\/www.google.com\/search?q=opera%C3%A7%C3%A3o+galo+velho+rond%C3%B4nia\">MPF<\/a>&nbsp;que investiga a grilagem de terras. Al\u00e9m deles, s\u00e3o investigados um juiz e um servidor federal que, juntos, teriam faturado pelo menos R$ 330 milh\u00f5es com crimes agr\u00e1rios cometidos entre 2011 e 2015, em Rond\u00f4nia. Em raz\u00e3o desta investiga\u00e7\u00e3o, o registro da fazenda alvo da reintegra\u00e7\u00e3o de posse est\u00e1 bloqueado.<\/p>\n\n\n\n<p>Esta cumplicidade tamb\u00e9m \u00e9 marcante em outro caso recente. Preso pela Pol\u00edcia Federal em 2019, durante a Opera\u00e7\u00e3o Deforest, Chaules Volban Pozzebon \u00e9 considerado um dos maiores desmatadores da Amaz\u00f4nia. Ele foi condenado em 2021 a 99 anos de pris\u00e3o por crimes de organiza\u00e7\u00e3o criminosa e extors\u00e3o. O empres\u00e1rio seria dono de, pelo menos, cem madeireiras clandestinas. Junto com ele, foram presos oito policiais militares, quatro deles ainda na ativa. Um deles conseguiu escapar e era considerado foragido. Segundo as investiga\u00e7\u00f5es, os PMs eram usados para a cobran\u00e7a de \u201cped\u00e1gio\u201d, para o despejo for\u00e7ado de trabalhadores e a\u00e7\u00f5es de pistolagem.<\/p>\n\n\n\n<h3 class=\"wp-block-heading\">SECRET\u00c1RIO PARTICIPOU DO MASSACRE DE CORUMBIARA<\/h3>\n\n\n\n<p>A promiscuidade de agentes p\u00fablicos e pol\u00edticos com os grileiros foi um dos motivos para que a LCP rompesse com o MST e buscasse um caminho mais radical. A dissid\u00eancia teve in\u00edcio logo ap\u00f3s o Massacre de Corumbiara, em 1995. Durante a opera\u00e7\u00e3o na Fazenda Santa Elina morreram 9 camponeses, incluindo uma crian\u00e7a, dois policiais militares e um homem n\u00e3o-identificado. Participaram da a\u00e7\u00e3o quase 200 policiais e um bando de&nbsp;<a href=\"http:\/\/g1.globo.com\/ro\/vilhena-e-cone-sul\/noticia\/2015\/08\/testemunhas-relembram-massacre-de-corumbiara-cenas-de-guerra.html\">pistoleiros<\/a>&nbsp;contratados por ruralistas. Dados oficiais citavam outros 53 sem-terras feridos e 355 presos por resist\u00eancia.<\/p>\n\n\n\n<p>O atual secret\u00e1rio de Seguran\u00e7a P\u00fablica de Rond\u00f4nia tamb\u00e9m teve participa\u00e7\u00e3o no epis\u00f3dio. Hoje coronel da PM, Jos\u00e9 H\u00e9lio Cysneiro Pach\u00e1 era tenente na \u00e9poca e participou da opera\u00e7\u00e3o como comandante da Companhia de Opera\u00e7\u00f5es Especiais (COE). Ele acabou absolvido, como a maioria dos policiais envolvidos na a\u00e7\u00e3o. Foram condenados apenas dois soldados e um capit\u00e3o, al\u00e9m de dois sem-terra.<\/p>\n\n\n\n<p>Al\u00e9m da viol\u00eancia contra camponeses, o governador Marcos Rocha tem avan\u00e7ado sobre \u00e1reas de prote\u00e7\u00e3o ambiental. Em maio deste ano, ele sancionou uma lei de autoria do governo, aprovada na Assembleia Legislativa, que retirou&nbsp;<a href=\"https:\/\/g1.globo.com\/ro\/rondonia\/noticia\/2021\/05\/21\/governador-aprova-lei-que-reduz-limites-de-reservas-florestais-e-cria-novos-parques-em-rondonia.ghtml\">220 mil hectares<\/a>&nbsp;da Reserva Jaci-Paran\u00e1 e do Parque Guajar\u00e1-Mirim, ambos listados entre as dez reservas ecol\u00f3gicas mais desmatadas do pa\u00eds.<\/p>\n\n\n\n<p>|&nbsp;<a href=\"https:\/\/twitter.com\/lfuhrmann\">Leonardo Fuhrman<\/a>&nbsp;\u00e9 rep\u00f3rter do De Olho nos Ruralistas |<\/p>\n","protected":false},"excerpt":{"rendered":"<p>Raphael Bevilaqua, do MPF de Rond\u00f4nia, aponta que acusa\u00e7\u00f5es de terrorismo e atividades de guerrilha s\u00e3o usadas pelos governos federal e estadual para encobrir viola\u00e7\u00f5es de direitos contra integrantes da Liga dos Camponeses Pobres<\/p>\n","protected":false},"author":1,"featured_media":0,"comment_status":"closed","ping_status":"open","sticky":false,"template":"","format":"standard","meta":{"_exactmetrics_skip_tracking":false,"_exactmetrics_sitenote_active":false,"_exactmetrics_sitenote_note":"","_exactmetrics_sitenote_category":0,"jetpack_post_was_ever_published":false,"_jetpack_newsletter_access":"","_jetpack_dont_email_post_to_subs":false,"_jetpack_newsletter_tier_id":0,"_jetpack_memberships_contains_paywalled_content":false,"_jetpack_memberships_contains_paid_content":false,"footnotes":"","jetpack_publicize_message":"","jetpack_publicize_feature_enabled":true,"jetpack_social_post_already_shared":true,"jetpack_social_options":{"image_generator_settings":{"template":"highway","enabled":false},"version":2}},"categories":[1],"tags":[517,463,627,7],"class_list":["post-33051","post","type-post","status-publish","format-standard","hentry","category-notas","tag-grilagem","tag-lcp","tag-resistencia","tag-rondonia"],"jetpack_publicize_connections":[],"jetpack_sharing_enabled":true,"jetpack_featured_media_url":"","jetpack_shortlink":"https:\/\/wp.me\/p7wKYW-8B5","jetpack-related-posts":[],"_links":{"self":[{"href":"http:\/\/blogdalucianaoliveira.com.br\/blog\/wp-json\/wp\/v2\/posts\/33051","targetHints":{"allow":["GET"]}}],"collection":[{"href":"http:\/\/blogdalucianaoliveira.com.br\/blog\/wp-json\/wp\/v2\/posts"}],"about":[{"href":"http:\/\/blogdalucianaoliveira.com.br\/blog\/wp-json\/wp\/v2\/types\/post"}],"author":[{"embeddable":true,"href":"http:\/\/blogdalucianaoliveira.com.br\/blog\/wp-json\/wp\/v2\/users\/1"}],"replies":[{"embeddable":true,"href":"http:\/\/blogdalucianaoliveira.com.br\/blog\/wp-json\/wp\/v2\/comments?post=33051"}],"version-history":[{"count":1,"href":"http:\/\/blogdalucianaoliveira.com.br\/blog\/wp-json\/wp\/v2\/posts\/33051\/revisions"}],"predecessor-version":[{"id":33053,"href":"http:\/\/blogdalucianaoliveira.com.br\/blog\/wp-json\/wp\/v2\/posts\/33051\/revisions\/33053"}],"wp:attachment":[{"href":"http:\/\/blogdalucianaoliveira.com.br\/blog\/wp-json\/wp\/v2\/media?parent=33051"}],"wp:term":[{"taxonomy":"category","embeddable":true,"href":"http:\/\/blogdalucianaoliveira.com.br\/blog\/wp-json\/wp\/v2\/categories?post=33051"},{"taxonomy":"post_tag","embeddable":true,"href":"http:\/\/blogdalucianaoliveira.com.br\/blog\/wp-json\/wp\/v2\/tags?post=33051"}],"curies":[{"name":"wp","href":"https:\/\/api.w.org\/{rel}","templated":true}]}}